{"id":346568,"date":"2014-09-01T00:00:00","date_gmt":"2014-08-31T22:00:00","guid":{"rendered":"https:\/\/www.fiarebancaetica.coop\/justicia-i-pau\/"},"modified":"2024-02-21T16:15:43","modified_gmt":"2024-02-21T15:15:43","slug":"justicia-i-pau","status":"publish","type":"post","link":"https:\/\/www.fiarebancaetica.coop\/ca\/justicia-i-pau\/","title":{"rendered":"Justicia i Pau"},"content":{"rendered":"\n\n<div class=\"wp-block-bancaetica-blocks-blocks-block-49\">\n    <div class=\"container-block-49\">\n\n        <div class=\"header-section \">\n                            <h1 class=\"section-title\"> Etica e cooperativa <\/h1>\n                                            <\/div>\n\n        \n        <div class=\"block-background\" style=\"background-image: url('https:\/\/www.fiarebancaetica.coop\/app\/uploads\/sites\/2\/2023\/12\/justicia-pau.jpg')\">\n                            <div class=\"tile\">\n                    <h1 class=\"image-title\"> Justicia i Pau <\/h1>\n                <\/div>             <!-- end .tile -->\n            <div class=\"bottom-content\">\n                            <\/div> <!-- end .button-content -->\n        <\/div> <!-- end .block-background -->\n    <\/div> <!-- end .container -->\n<\/div> <!-- end wp-block-bancaetica-blocks-blocks-block-06 -->\n\n\n<div class=\"wrapper-crispybacon-class wrapper-crispybacon-class-boxed \">\n    <p>Just\u00edcia i Pau (Justicia y Paz) es una entidad cristiana que act\u00faa en Catalunya desde el a\u00f1o 1968 y que tiene por finalidad la promoci\u00f3n y defensa de los derechos humanos, la justicia social, la paz y el desarme, la solidaridad y el respeto al medio ambiente.<\/p>\n<p>Con estas finalidades, Just\u00edcia i Pau se dedica a la sensibilizaci\u00f3n e informaci\u00f3n de la ciudadan\u00eda y a la presi\u00f3n pol\u00edtica sobre instituciones gubernamentales y partidos pol\u00edticos, mediante actividades diversas, como campa\u00f1as p\u00fablicas, informes, edici\u00f3n de publicaciones, organizaci\u00f3n de congresos, conferencias, seminarios, jornadas, intervenciones a los medios de comunicaci\u00f3n, etc.<br \/>\n\tEntre otras actividades, Just\u00edcia i Pau denuncia casos de tortura y otras violaciones de derechos humanos, desarrolla acciones para promover el incremento de la ayuda oficial al desarrollo, la abolici\u00f3n de la deuda externa de los pa\u00edses pobres, la justicia en las relaciones comerciales internacionales, para denunciar los efectos perversos del militarismo, el gasto militar y el comercio de armas y presionar en favor del desarme, para promover la banca \u00e9tica, el comercio justo y el consumo responsable, para exigir medidas de lucha contra la pobreza y la marginaci\u00f3n social, para defender los derechos de las personas encarceladas y su reinserci\u00f3n social, etc.<\/p>\n<p>Just\u00edcia i Pau obtiene la financiaci\u00f3n por varios canales y procura de ser independiente; entre sus miembros hay pluralidad de opiniones dentro de una voluntad transformadora de la sociedad y del mundo actuales.<\/p>\n<p>&nbsp;<\/p>\n<h2>\n\tFicha del proyecto<\/h2>\n<table border=\"1\" cellpadding=\"1\" cellspacing=\"1\" width=\"464\">\n\t<tbody>\n\t\t<tr>\n\t\t\t<td>\n\t\t\t\tObjetivo<\/td>\n\t\t\t<td>\n\t\t\t\tAdelanto de subvenciones<\/td>\n\t\t<\/tr>\n\t\t<tr>\n\t\t\t<td>\n\t\t\t\tTipo de financiaci\u00f3n<\/td>\n\t\t\t<td>\n\t\t\t\tAnticipo en cuenta corriente<\/td>\n\t\t<\/tr>\n\t\t<tr>\n\t\t\t<td>\n\t\t\t\tImporte<\/td>\n\t\t\t<td>\n\t\t\t\t35.000 euros<\/td>\n\t\t<\/tr>\n\t\t<tr>\n\t\t\t<td>\n\t\t\t\tSector<\/td>\n\t\t\t<td>\n\t\t\t\tValores sociales<\/td>\n\t\t<\/tr>\n\t\t<tr>\n\t\t\t<td>\n\t\t\t\tForma jur\u00eddica<\/td>\n\t\t\t<td>\n\t\t\t\tAsociaci\u00f3n<\/td>\n\t\t<\/tr>\n\t\t<tr>\n\t\t\t<td>\n\t\t\t\t\u00c1mbito<\/td>\n\t\t\t<td>\n\t\t\t\tEstatal<\/td>\n\t\t<\/tr>\n\t\t<tr>\n\t\t\t<td>\n\t\t\t\tWeb<\/td>\n\t\t\t<td>\n\t\t\t\t&nbsp;<\/td>\n\t\t<\/tr>\n\t\t<tr>\n\t\t\t<td>\n\t\t\t\tTerritorial<\/td>\n\t\t\t<td>\n\t\t\t\tCatalu\u00f1a<\/td>\n\t\t<\/tr>\n\t\t<tr>\n\t\t\t<td>\n\t\t\t\tOficina<\/td>\n\t\t\t<td>\n\t\t\t\tBarcelona<\/td>\n\t\t<\/tr>\n\t<\/tbody>\n<\/table>\n<p>&nbsp;&nbsp;<br \/>\n\t<br \/>\n\t&nbsp;<\/p>\n<\/div>","protected":false},"excerpt":{"rendered":"<p>Just\u00edcia i Pau (Justicia y Paz) es una entidad cristiana que act\u00faa en Catalunya desde el a\u00f1o 1968 y que tiene por finalidad la promoci\u00f3n y defensa de los derechos humanos, la justicia social, la paz y el desarme, la solidaridad y el respeto al medio ambiente<\/p>\n","protected":false},"author":2,"featured_media":323287,"comment_status":"open","ping_status":"closed","sticky":false,"template":"","format":"standard","meta":{"_acf_changed":false,"footnotes":""},"categories":[11662],"tags":[],"coauthors":[],"class_list":["post-346568","post","type-post","status-publish","format-standard","has-post-thumbnail","hentry","category-histories-dimpacte-positiu"],"acf":[],"yoast_head":"<!-- This site is optimized with the Yoast SEO plugin v26.9 - https:\/\/yoast.com\/product\/yoast-seo-wordpress\/ -->\n<title>Justicia i Pau - Fiare Banca Etica<\/title>\n<meta name=\"robots\" content=\"index, follow, max-snippet:-1, max-image-preview:large, max-video-preview:-1\" \/>\n<link rel=\"canonical\" href=\"https:\/\/www.fiarebancaetica.coop\/ca\/justicia-i-pau\/\" \/>\n<meta property=\"og:locale\" content=\"ca_ES\" \/>\n<meta property=\"og:type\" content=\"article\" \/>\n<meta property=\"og:title\" content=\"Justicia i Pau - Fiare Banca Etica\" \/>\n<meta property=\"og:description\" content=\"Just\u00edcia i Pau (Justicia y Paz) es una entidad cristiana que act\u00faa en Catalunya desde el a\u00f1o 1968 y que tiene por finalidad la promoci\u00f3n y defensa de los derechos humanos, la justicia social, la paz y el desarme, la solidaridad y el respeto al medio ambiente\" \/>\n<meta property=\"og:url\" content=\"https:\/\/www.fiarebancaetica.coop\/ca\/justicia-i-pau\/\" \/>\n<meta property=\"og:site_name\" content=\"Fiare Banca Etica\" \/>\n<meta property=\"article:published_time\" content=\"2014-08-31T22:00:00+00:00\" \/>\n<meta property=\"article:modified_time\" content=\"2024-02-21T15:15:43+00:00\" \/>\n<meta property=\"og:image\" content=\"https:\/\/www.fiarebancaetica.coop\/app\/uploads\/sites\/2\/2023\/12\/justicia-pau.jpg\" \/>\n\t<meta property=\"og:image:width\" content=\"540\" \/>\n\t<meta property=\"og:image:height\" content=\"189\" \/>\n\t<meta property=\"og:image:type\" content=\"image\/jpeg\" \/>\n<meta name=\"author\" content=\"crispyadmin0\" \/>\n<meta name=\"twitter:card\" content=\"summary_large_image\" \/>\n<script type=\"application\/ld+json\" class=\"yoast-schema-graph\">{\"@context\":\"https:\/\/schema.org\",\"@graph\":[{\"@type\":\"Article\",\"@id\":\"https:\/\/www.fiarebancaetica.coop\/ca\/justicia-i-pau\/#article\",\"isPartOf\":{\"@id\":\"https:\/\/www.fiarebancaetica.coop\/ca\/justicia-i-pau\/\"},\"author\":{\"name\":\"crispyadmin0\",\"@id\":\"https:\/\/www.fiarebancaetica.coop\/ca\/#\/schema\/person\/579841e89c804b5db05d9141bd9b8272\"},\"headline\":\"Justicia i Pau\",\"datePublished\":\"2014-08-31T22:00:00+00:00\",\"dateModified\":\"2024-02-21T15:15:43+00:00\",\"mainEntityOfPage\":{\"@id\":\"https:\/\/www.fiarebancaetica.coop\/ca\/justicia-i-pau\/\"},\"wordCount\":296,\"commentCount\":0,\"image\":{\"@id\":\"https:\/\/www.fiarebancaetica.coop\/ca\/justicia-i-pau\/#primaryimage\"},\"thumbnailUrl\":\"https:\/\/www.fiarebancaetica.coop\/app\/uploads\/sites\/2\/2023\/12\/justicia-pau.jpg\",\"articleSection\":[\"Hist\u00f2ries d'impacte positiu\"],\"inLanguage\":\"ca\",\"potentialAction\":[{\"@type\":\"CommentAction\",\"name\":\"Comment\",\"target\":[\"https:\/\/www.fiarebancaetica.coop\/ca\/justicia-i-pau\/#respond\"]}]},{\"@type\":\"WebPage\",\"@id\":\"https:\/\/www.fiarebancaetica.coop\/ca\/justicia-i-pau\/\",\"url\":\"https:\/\/www.fiarebancaetica.coop\/ca\/justicia-i-pau\/\",\"name\":\"Justicia i Pau - Fiare Banca Etica\",\"isPartOf\":{\"@id\":\"https:\/\/www.fiarebancaetica.coop\/ca\/#website\"},\"primaryImageOfPage\":{\"@id\":\"https:\/\/www.fiarebancaetica.coop\/ca\/justicia-i-pau\/#primaryimage\"},\"image\":{\"@id\":\"https:\/\/www.fiarebancaetica.coop\/ca\/justicia-i-pau\/#primaryimage\"},\"thumbnailUrl\":\"https:\/\/www.fiarebancaetica.coop\/app\/uploads\/sites\/2\/2023\/12\/justicia-pau.jpg\",\"datePublished\":\"2014-08-31T22:00:00+00:00\",\"dateModified\":\"2024-02-21T15:15:43+00:00\",\"author\":{\"@id\":\"https:\/\/www.fiarebancaetica.coop\/ca\/#\/schema\/person\/579841e89c804b5db05d9141bd9b8272\"},\"breadcrumb\":{\"@id\":\"https:\/\/www.fiarebancaetica.coop\/ca\/justicia-i-pau\/#breadcrumb\"},\"inLanguage\":\"ca\",\"potentialAction\":[{\"@type\":\"ReadAction\",\"target\":[\"https:\/\/www.fiarebancaetica.coop\/ca\/justicia-i-pau\/\"]}]},{\"@type\":\"ImageObject\",\"inLanguage\":\"ca\",\"@id\":\"https:\/\/www.fiarebancaetica.coop\/ca\/justicia-i-pau\/#primaryimage\",\"url\":\"https:\/\/www.fiarebancaetica.coop\/app\/uploads\/sites\/2\/2023\/12\/justicia-pau.jpg\",\"contentUrl\":\"https:\/\/www.fiarebancaetica.coop\/app\/uploads\/sites\/2\/2023\/12\/justicia-pau.jpg\",\"width\":540,\"height\":189},{\"@type\":\"BreadcrumbList\",\"@id\":\"https:\/\/www.fiarebancaetica.coop\/ca\/justicia-i-pau\/#breadcrumb\",\"itemListElement\":[{\"@type\":\"ListItem\",\"position\":1,\"name\":\"Home\",\"item\":\"https:\/\/www.fiarebancaetica.coop\/ca\/\"},{\"@type\":\"ListItem\",\"position\":2,\"name\":\"Justicia i Pau\"}]},{\"@type\":\"WebSite\",\"@id\":\"https:\/\/www.fiarebancaetica.coop\/ca\/#website\",\"url\":\"https:\/\/www.fiarebancaetica.coop\/ca\/\",\"name\":\"Fiare Banca Etica\",\"description\":\"\",\"potentialAction\":[{\"@type\":\"SearchAction\",\"target\":{\"@type\":\"EntryPoint\",\"urlTemplate\":\"https:\/\/www.fiarebancaetica.coop\/ca\/?s={search_term_string}\"},\"query-input\":{\"@type\":\"PropertyValueSpecification\",\"valueRequired\":true,\"valueName\":\"search_term_string\"}}],\"inLanguage\":\"ca\"},{\"@type\":\"Person\",\"@id\":\"https:\/\/www.fiarebancaetica.coop\/ca\/#\/schema\/person\/579841e89c804b5db05d9141bd9b8272\",\"name\":\"crispyadmin0\",\"image\":{\"@type\":\"ImageObject\",\"inLanguage\":\"ca\",\"@id\":\"https:\/\/www.fiarebancaetica.coop\/ca\/#\/schema\/person\/image\/5f3a6b7786f32f4c35bd2b1a5a4698ea\",\"url\":\"https:\/\/secure.gravatar.com\/avatar\/4d2cfb499d497b6d49da659fab7404b243a87fe8e40d2cf97a1cae48f677f5b2?s=96&d=mm&r=g\",\"contentUrl\":\"https:\/\/secure.gravatar.com\/avatar\/4d2cfb499d497b6d49da659fab7404b243a87fe8e40d2cf97a1cae48f677f5b2?s=96&d=mm&r=g\",\"caption\":\"crispyadmin0\"},\"sameAs\":[\"crispyadmin0\"]}]}<\/script>\n<!-- \/ Yoast SEO plugin. -->","yoast_head_json":{"title":"Justicia i Pau - Fiare Banca Etica","robots":{"index":"index","follow":"follow","max-snippet":"max-snippet:-1","max-image-preview":"max-image-preview:large","max-video-preview":"max-video-preview:-1"},"canonical":"https:\/\/www.fiarebancaetica.coop\/ca\/justicia-i-pau\/","og_locale":"ca_ES","og_type":"article","og_title":"Justicia i Pau - Fiare Banca Etica","og_description":"Just\u00edcia i Pau (Justicia y Paz) es una entidad cristiana que act\u00faa en Catalunya desde el a\u00f1o 1968 y que tiene por finalidad la promoci\u00f3n y defensa de los derechos humanos, la justicia social, la paz y el desarme, la solidaridad y el respeto al medio ambiente","og_url":"https:\/\/www.fiarebancaetica.coop\/ca\/justicia-i-pau\/","og_site_name":"Fiare Banca Etica","article_published_time":"2014-08-31T22:00:00+00:00","article_modified_time":"2024-02-21T15:15:43+00:00","og_image":[{"width":540,"height":189,"url":"https:\/\/www.fiarebancaetica.coop\/app\/uploads\/sites\/2\/2023\/12\/justicia-pau.jpg","type":"image\/jpeg"}],"author":"crispyadmin0","twitter_card":"summary_large_image","schema":{"@context":"https:\/\/schema.org","@graph":[{"@type":"Article","@id":"https:\/\/www.fiarebancaetica.coop\/ca\/justicia-i-pau\/#article","isPartOf":{"@id":"https:\/\/www.fiarebancaetica.coop\/ca\/justicia-i-pau\/"},"author":{"name":"crispyadmin0","@id":"https:\/\/www.fiarebancaetica.coop\/ca\/#\/schema\/person\/579841e89c804b5db05d9141bd9b8272"},"headline":"Justicia i Pau","datePublished":"2014-08-31T22:00:00+00:00","dateModified":"2024-02-21T15:15:43+00:00","mainEntityOfPage":{"@id":"https:\/\/www.fiarebancaetica.coop\/ca\/justicia-i-pau\/"},"wordCount":296,"commentCount":0,"image":{"@id":"https:\/\/www.fiarebancaetica.coop\/ca\/justicia-i-pau\/#primaryimage"},"thumbnailUrl":"https:\/\/www.fiarebancaetica.coop\/app\/uploads\/sites\/2\/2023\/12\/justicia-pau.jpg","articleSection":["Hist\u00f2ries d'impacte positiu"],"inLanguage":"ca","potentialAction":[{"@type":"CommentAction","name":"Comment","target":["https:\/\/www.fiarebancaetica.coop\/ca\/justicia-i-pau\/#respond"]}]},{"@type":"WebPage","@id":"https:\/\/www.fiarebancaetica.coop\/ca\/justicia-i-pau\/","url":"https:\/\/www.fiarebancaetica.coop\/ca\/justicia-i-pau\/","name":"Justicia i Pau - Fiare Banca Etica","isPartOf":{"@id":"https:\/\/www.fiarebancaetica.coop\/ca\/#website"},"primaryImageOfPage":{"@id":"https:\/\/www.fiarebancaetica.coop\/ca\/justicia-i-pau\/#primaryimage"},"image":{"@id":"https:\/\/www.fiarebancaetica.coop\/ca\/justicia-i-pau\/#primaryimage"},"thumbnailUrl":"https:\/\/www.fiarebancaetica.coop\/app\/uploads\/sites\/2\/2023\/12\/justicia-pau.jpg","datePublished":"2014-08-31T22:00:00+00:00","dateModified":"2024-02-21T15:15:43+00:00","author":{"@id":"https:\/\/www.fiarebancaetica.coop\/ca\/#\/schema\/person\/579841e89c804b5db05d9141bd9b8272"},"breadcrumb":{"@id":"https:\/\/www.fiarebancaetica.coop\/ca\/justicia-i-pau\/#breadcrumb"},"inLanguage":"ca","potentialAction":[{"@type":"ReadAction","target":["https:\/\/www.fiarebancaetica.coop\/ca\/justicia-i-pau\/"]}]},{"@type":"ImageObject","inLanguage":"ca","@id":"https:\/\/www.fiarebancaetica.coop\/ca\/justicia-i-pau\/#primaryimage","url":"https:\/\/www.fiarebancaetica.coop\/app\/uploads\/sites\/2\/2023\/12\/justicia-pau.jpg","contentUrl":"https:\/\/www.fiarebancaetica.coop\/app\/uploads\/sites\/2\/2023\/12\/justicia-pau.jpg","width":540,"height":189},{"@type":"BreadcrumbList","@id":"https:\/\/www.fiarebancaetica.coop\/ca\/justicia-i-pau\/#breadcrumb","itemListElement":[{"@type":"ListItem","position":1,"name":"Home","item":"https:\/\/www.fiarebancaetica.coop\/ca\/"},{"@type":"ListItem","position":2,"name":"Justicia i Pau"}]},{"@type":"WebSite","@id":"https:\/\/www.fiarebancaetica.coop\/ca\/#website","url":"https:\/\/www.fiarebancaetica.coop\/ca\/","name":"Fiare Banca Etica","description":"","potentialAction":[{"@type":"SearchAction","target":{"@type":"EntryPoint","urlTemplate":"https:\/\/www.fiarebancaetica.coop\/ca\/?s={search_term_string}"},"query-input":{"@type":"PropertyValueSpecification","valueRequired":true,"valueName":"search_term_string"}}],"inLanguage":"ca"},{"@type":"Person","@id":"https:\/\/www.fiarebancaetica.coop\/ca\/#\/schema\/person\/579841e89c804b5db05d9141bd9b8272","name":"crispyadmin0","image":{"@type":"ImageObject","inLanguage":"ca","@id":"https:\/\/www.fiarebancaetica.coop\/ca\/#\/schema\/person\/image\/5f3a6b7786f32f4c35bd2b1a5a4698ea","url":"https:\/\/secure.gravatar.com\/avatar\/4d2cfb499d497b6d49da659fab7404b243a87fe8e40d2cf97a1cae48f677f5b2?s=96&d=mm&r=g","contentUrl":"https:\/\/secure.gravatar.com\/avatar\/4d2cfb499d497b6d49da659fab7404b243a87fe8e40d2cf97a1cae48f677f5b2?s=96&d=mm&r=g","caption":"crispyadmin0"},"sameAs":["crispyadmin0"]}]}},"_links":{"self":[{"href":"https:\/\/www.fiarebancaetica.coop\/ca\/wp-json\/wp\/v2\/posts\/346568","targetHints":{"allow":["GET"]}}],"collection":[{"href":"https:\/\/www.fiarebancaetica.coop\/ca\/wp-json\/wp\/v2\/posts"}],"about":[{"href":"https:\/\/www.fiarebancaetica.coop\/ca\/wp-json\/wp\/v2\/types\/post"}],"author":[{"embeddable":true,"href":"https:\/\/www.fiarebancaetica.coop\/ca\/wp-json\/wp\/v2\/users\/2"}],"replies":[{"embeddable":true,"href":"https:\/\/www.fiarebancaetica.coop\/ca\/wp-json\/wp\/v2\/comments?post=346568"}],"version-history":[{"count":2,"href":"https:\/\/www.fiarebancaetica.coop\/ca\/wp-json\/wp\/v2\/posts\/346568\/revisions"}],"predecessor-version":[{"id":352896,"href":"https:\/\/www.fiarebancaetica.coop\/ca\/wp-json\/wp\/v2\/posts\/346568\/revisions\/352896"}],"wp:featuredmedia":[{"embeddable":true,"href":"https:\/\/www.fiarebancaetica.coop\/ca\/wp-json\/wp\/v2\/media\/323287"}],"wp:attachment":[{"href":"https:\/\/www.fiarebancaetica.coop\/ca\/wp-json\/wp\/v2\/media?parent=346568"}],"wp:term":[{"taxonomy":"category","embeddable":true,"href":"https:\/\/www.fiarebancaetica.coop\/ca\/wp-json\/wp\/v2\/categories?post=346568"},{"taxonomy":"post_tag","embeddable":true,"href":"https:\/\/www.fiarebancaetica.coop\/ca\/wp-json\/wp\/v2\/tags?post=346568"},{"taxonomy":"author","embeddable":true,"href":"https:\/\/www.fiarebancaetica.coop\/ca\/wp-json\/wp\/v2\/coauthors?post=346568"}],"curies":[{"name":"wp","href":"https:\/\/api.w.org\/{rel}","templated":true}]}}