{"id":364723,"date":"2024-01-29T10:35:49","date_gmt":"2024-01-29T09:35:49","guid":{"rendered":"https:\/\/www.fiarebancaetica.coop\/?p=364723"},"modified":"2024-02-21T14:40:53","modified_gmt":"2024-02-21T13:40:53","slug":"top-manta-moda-solidaria-per-la-lluita-antiracista","status":"publish","type":"post","link":"https:\/\/www.fiarebancaetica.coop\/ca\/top-manta-moda-solidaria-per-la-lluita-antiracista\/","title":{"rendered":"Top Manta, moda solid\u00e0ria per la lluita antiracista"},"content":{"rendered":"\n\n<div class=\"wp-block-bancaetica-blocks-blocks-block-49\">\n    <div class=\"container-block-49\">\n\n        <div class=\"header-section \">\n                            <h1 class=\"section-title\"> Etica e cooperativa <\/h1>\n                                            <\/div>\n\n        \n        <div class=\"block-background\" style=\"background-image: url('https:\/\/www.fiarebancaetica.coop\/app\/uploads\/sites\/2\/2024\/01\/topmanta-7.jpg')\">\n                            <div class=\"tile\">\n                    <h1 class=\"image-title\"> Top Manta, moda solid\u00e0ria per la lluita antiracista <\/h1>\n                <\/div>             <!-- end .tile -->\n            <div class=\"bottom-content\">\n                            <\/div> <!-- end .button-content -->\n        <\/div> <!-- end .block-background -->\n    <\/div> <!-- end .container -->\n<\/div> <!-- end wp-block-bancaetica-blocks-blocks-block-06 -->\n\n<p>Enfront de les barreres burocr\u00e0tiques, de racisme i desprotecci\u00f3 al qual s&#8217;enfronten les persones migrants i, en concret, el col\u00b7lectiu de venedors ambulants, neix en 2015 el Sindicat Popular de Venedors Ambulants de Barcelona. Amb ell, es desenvolupa el projecte de&nbsp;<a href=\"https:\/\/topmanta.store\/\">Top Manta<\/a>: una marca de roba social i solid\u00e0ria concebuda per a millorar la qualitat de vida d&#8217;aquest col\u00b7lectiu. A trav\u00e9s d&#8217;aquest projecte es visibilitza una lluita per aconseguir viure i treballar en condicions dignes i iniciar processos de regularitzaci\u00f3 de persones migrants que ja estan vivint i treballant aqu\u00ed.<\/p>\n<p>Hem pogut visitar el taller on les persones treballadores de Top manta cusen i serigrafien els seus productes. Lamine Sarr, un dels fundadors del sindicat i de Top manta, ens compta m\u00e9s sobre el projecte.<\/p>\n<p><img loading=\"lazy\" decoding=\"async\" src=\"https:\/\/www.fiarebancaetica.coop\/sites\/fiarebancaetica.com\/files\/resize\/web\/topmanta3-500x324.jpg\" alt=\"\" width=\"500\" height=\"324\"><\/p>\n<h2>Com neix el col\u00b7lectiu de Top Manta?<\/h2>\n<p>Neix amb el sindicat en 2015, quan comencem a lluitar per visibilitzar i denunciar la situaci\u00f3 que estem vivint al carrer amb la venda ambulant, canviar un ofici que molts tenen en el nostre col\u00b7lectiu. Aix\u00ed \u00e9s com va comen\u00e7ar el projecte. Durant dos anys vam fer una gran feina pol\u00edtica i sindical: donant xerrades, participant en taules rodones i esdeveniments pol\u00edtics. Despr\u00e9s d&#8217;aix\u00f2, decidim crear la marca de Top Manta.<\/p>\n<h2>En quin punt es troba Top Manta entre l&#8217;activisme i la marca de roba?<\/h2>\n<p>Fem de tot. Ara mateix som una cooperativa, i no \u00e9s nom\u00e9s una cooperativa que ven productes; el sindicat est\u00e0 lluitant pels drets humans. Tamb\u00e9 estem creant projectes per a fer costat a molt\u00edssimes persones que estan en situacions dif\u00edcils o al carrer.<\/p>\n<h2>Per quins objectius treballeu en l&#8217;organitzaci\u00f3?<\/h2>\n<p>Els nostres objectius no s&#8217;acaben mai, perqu\u00e8 estem lluitant contra el racisme, contra la desigualtat, per a regularitzar a moltes persones que porten aqu\u00ed molts anys i que no poden tornar amb les seves fam\u00edlies. \u00c9s un treball que requereix ser present les 24 hores, perqu\u00e8 no s&#8217;acaba mai.<\/p>\n<p><img loading=\"lazy\" decoding=\"async\" src=\"https:\/\/www.fiarebancaetica.coop\/sites\/fiarebancaetica.com\/files\/resize\/web\/topmanta2-500x324.jpg\" alt=\"\" width=\"500\" height=\"324\"><\/p>\n<h2>En comen\u00e7ar aquest projecte, us vau trobar amb obstacles o dificultats de finan\u00e7ament?<\/h2>\n<p>No vam esperar a tenir finan\u00e7ament per a comen\u00e7ar: quan vam comen\u00e7ar no ten\u00edem ni una pe\u00e7a, nom\u00e9s un cartell amb el logo. Despr\u00e9s comencem a fer c\u00e0tering, i amb aquests diners vam poder comen\u00e7ar a finan\u00e7ar a poc a poc les primeres peces de roba, fer micromecenatge, fins que hem pogut anar comprant m\u00e9s productes per a fer la serigrafia i obrir la botiga.<\/p>\n<h2>Com ha crescut aquest projecte des del seu comen\u00e7ament?<\/h2>\n<p>Ha crescut molt\u00edssim, \u00e9s un projecte que va n\u00e9ixer de zero. Quan vam comen\u00e7ar no ten\u00edem cap dret; no ten\u00edem papers per a crear un compte bancari o per a treballar. Un projecte que va comen\u00e7ar amb persones que no tenien papers, fins a poder contractar 25 persones i ajudar a m\u00e9s de 140 persones\u2026 creiem que hem crescut bastant.<\/p>\n<h2>En l\u2019\u00e0mbit personal, com valores el treball fet fins ara?<\/h2>\n<p>Nosaltres podr\u00edem tancar ja les portes i anar-nos-en, perqu\u00e8 hem treballat molt per a arribar fins aqu\u00ed. Hi ha coses que, si expliqu\u00e9s, no es creurien. Vam estar un any sense poder cobrar res, de qu\u00e8 viur\u00e0 alg\u00fa que est\u00e0 treballant 24 hores i que no cobra? Hem sacrificat el nostre temps, relacions, fam\u00edlia, per a poder arribar fins aqu\u00ed.<\/p>\n<p><a href=\"https:\/\/topmanta.store\/\">https:\/\/topmanta.store\/<\/a><\/p>\n<p><img loading=\"lazy\" decoding=\"async\" src=\"https:\/\/www.fiarebancaetica.coop\/sites\/fiarebancaetica.com\/files\/resize\/web\/top%20manta%2023-37-500x334.jpg\" alt=\"\" width=\"500\" height=\"334\"><\/p>","protected":false},"excerpt":{"rendered":"<p>Enfront de les barreres burocr\u00e0tiques, de racisme i desprotecci\u00f3 al qual s&#8217;enfronten les persones migrants i, en concret, el col\u00b7lectiu de venedors ambulants, neix en 2015 el Sindicat Popular de Venedors Ambulants de Barcelona. Amb ell, es desenvolupa el projecte de&nbsp;Top Manta: una marca de roba social i solid\u00e0ria concebuda per a millorar la qualitat [&hellip;]<\/p>\n","protected":false},"author":6692,"featured_media":364733,"comment_status":"open","ping_status":"closed","sticky":false,"template":"","format":"standard","meta":{"_acf_changed":false,"footnotes":""},"categories":[11662,1],"tags":[11854],"coauthors":[10744],"class_list":["post-364723","post","type-post","status-publish","format-standard","has-post-thumbnail","hentry","category-histories-dimpacte-positiu","category-proyectos-colectivos","tag-noticies"],"acf":[],"yoast_head":"<!-- This site is optimized with the Yoast SEO plugin v26.9 - https:\/\/yoast.com\/product\/yoast-seo-wordpress\/ -->\n<title>Top Manta, moda solid\u00e0ria per la lluita antiracista - Fiare Banca Etica<\/title>\n<meta name=\"robots\" content=\"index, follow, max-snippet:-1, max-image-preview:large, max-video-preview:-1\" \/>\n<link rel=\"canonical\" href=\"https:\/\/www.fiarebancaetica.coop\/ca\/top-manta-moda-solidaria-per-la-lluita-antiracista\/\" \/>\n<meta property=\"og:locale\" content=\"ca_ES\" \/>\n<meta property=\"og:type\" content=\"article\" \/>\n<meta property=\"og:title\" content=\"Top Manta, moda solid\u00e0ria per la lluita antiracista - Fiare Banca Etica\" \/>\n<meta property=\"og:description\" content=\"Enfront de les barreres burocr\u00e0tiques, de racisme i desprotecci\u00f3 al qual s&#8217;enfronten les persones migrants i, en concret, el col\u00b7lectiu de venedors ambulants, neix en 2015 el Sindicat Popular de Venedors Ambulants de Barcelona. Amb ell, es desenvolupa el projecte de&nbsp;Top Manta: una marca de roba social i solid\u00e0ria concebuda per a millorar la qualitat [&hellip;]\" \/>\n<meta property=\"og:url\" content=\"https:\/\/www.fiarebancaetica.coop\/ca\/top-manta-moda-solidaria-per-la-lluita-antiracista\/\" \/>\n<meta property=\"og:site_name\" content=\"Fiare Banca Etica\" \/>\n<meta property=\"article:published_time\" content=\"2024-01-29T09:35:49+00:00\" \/>\n<meta property=\"article:modified_time\" content=\"2024-02-21T13:40:53+00:00\" \/>\n<meta property=\"og:image\" content=\"https:\/\/www.fiarebancaetica.coop\/app\/uploads\/sites\/2\/2024\/01\/topmanta-7.jpg\" \/>\n\t<meta property=\"og:image:width\" content=\"1080\" \/>\n\t<meta property=\"og:image:height\" content=\"590\" \/>\n\t<meta property=\"og:image:type\" content=\"image\/jpeg\" \/>\n<meta name=\"author\" content=\"m.ruizbancaetica\" \/>\n<meta name=\"twitter:card\" content=\"summary_large_image\" \/>\n<script type=\"application\/ld+json\" class=\"yoast-schema-graph\">{\"@context\":\"https:\/\/schema.org\",\"@graph\":[{\"@type\":\"Article\",\"@id\":\"https:\/\/www.fiarebancaetica.coop\/ca\/top-manta-moda-solidaria-per-la-lluita-antiracista\/#article\",\"isPartOf\":{\"@id\":\"https:\/\/www.fiarebancaetica.coop\/ca\/top-manta-moda-solidaria-per-la-lluita-antiracista\/\"},\"author\":{\"name\":\"m.ruizbancaetica\",\"@id\":\"https:\/\/www.fiarebancaetica.coop\/ca\/#\/schema\/person\/7bc488ed648e53298d64264a9f400193\"},\"headline\":\"Top Manta, moda solid\u00e0ria per la lluita antiracista\",\"datePublished\":\"2024-01-29T09:35:49+00:00\",\"dateModified\":\"2024-02-21T13:40:53+00:00\",\"mainEntityOfPage\":{\"@id\":\"https:\/\/www.fiarebancaetica.coop\/ca\/top-manta-moda-solidaria-per-la-lluita-antiracista\/\"},\"wordCount\":589,\"commentCount\":0,\"image\":{\"@id\":\"https:\/\/www.fiarebancaetica.coop\/ca\/top-manta-moda-solidaria-per-la-lluita-antiracista\/#primaryimage\"},\"thumbnailUrl\":\"https:\/\/www.fiarebancaetica.coop\/app\/uploads\/sites\/2\/2024\/01\/topmanta-7.jpg\",\"keywords\":[\"Not\u00edcies\"],\"articleSection\":[\"Hist\u00f2ries d'impacte positiu\",\"Proyectos colectivos\"],\"inLanguage\":\"ca\",\"potentialAction\":[{\"@type\":\"CommentAction\",\"name\":\"Comment\",\"target\":[\"https:\/\/www.fiarebancaetica.coop\/ca\/top-manta-moda-solidaria-per-la-lluita-antiracista\/#respond\"]}]},{\"@type\":\"WebPage\",\"@id\":\"https:\/\/www.fiarebancaetica.coop\/ca\/top-manta-moda-solidaria-per-la-lluita-antiracista\/\",\"url\":\"https:\/\/www.fiarebancaetica.coop\/ca\/top-manta-moda-solidaria-per-la-lluita-antiracista\/\",\"name\":\"Top Manta, moda solid\u00e0ria per la lluita antiracista - Fiare Banca Etica\",\"isPartOf\":{\"@id\":\"https:\/\/www.fiarebancaetica.coop\/ca\/#website\"},\"primaryImageOfPage\":{\"@id\":\"https:\/\/www.fiarebancaetica.coop\/ca\/top-manta-moda-solidaria-per-la-lluita-antiracista\/#primaryimage\"},\"image\":{\"@id\":\"https:\/\/www.fiarebancaetica.coop\/ca\/top-manta-moda-solidaria-per-la-lluita-antiracista\/#primaryimage\"},\"thumbnailUrl\":\"https:\/\/www.fiarebancaetica.coop\/app\/uploads\/sites\/2\/2024\/01\/topmanta-7.jpg\",\"datePublished\":\"2024-01-29T09:35:49+00:00\",\"dateModified\":\"2024-02-21T13:40:53+00:00\",\"author\":{\"@id\":\"https:\/\/www.fiarebancaetica.coop\/ca\/#\/schema\/person\/7bc488ed648e53298d64264a9f400193\"},\"breadcrumb\":{\"@id\":\"https:\/\/www.fiarebancaetica.coop\/ca\/top-manta-moda-solidaria-per-la-lluita-antiracista\/#breadcrumb\"},\"inLanguage\":\"ca\",\"potentialAction\":[{\"@type\":\"ReadAction\",\"target\":[\"https:\/\/www.fiarebancaetica.coop\/ca\/top-manta-moda-solidaria-per-la-lluita-antiracista\/\"]}]},{\"@type\":\"ImageObject\",\"inLanguage\":\"ca\",\"@id\":\"https:\/\/www.fiarebancaetica.coop\/ca\/top-manta-moda-solidaria-per-la-lluita-antiracista\/#primaryimage\",\"url\":\"https:\/\/www.fiarebancaetica.coop\/app\/uploads\/sites\/2\/2024\/01\/topmanta-7.jpg\",\"contentUrl\":\"https:\/\/www.fiarebancaetica.coop\/app\/uploads\/sites\/2\/2024\/01\/topmanta-7.jpg\",\"width\":1080,\"height\":590},{\"@type\":\"BreadcrumbList\",\"@id\":\"https:\/\/www.fiarebancaetica.coop\/ca\/top-manta-moda-solidaria-per-la-lluita-antiracista\/#breadcrumb\",\"itemListElement\":[{\"@type\":\"ListItem\",\"position\":1,\"name\":\"Home\",\"item\":\"https:\/\/www.fiarebancaetica.coop\/ca\/\"},{\"@type\":\"ListItem\",\"position\":2,\"name\":\"Top Manta, moda solid\u00e0ria per la lluita antiracista\"}]},{\"@type\":\"WebSite\",\"@id\":\"https:\/\/www.fiarebancaetica.coop\/ca\/#website\",\"url\":\"https:\/\/www.fiarebancaetica.coop\/ca\/\",\"name\":\"Fiare Banca Etica\",\"description\":\"\",\"potentialAction\":[{\"@type\":\"SearchAction\",\"target\":{\"@type\":\"EntryPoint\",\"urlTemplate\":\"https:\/\/www.fiarebancaetica.coop\/ca\/?s={search_term_string}\"},\"query-input\":{\"@type\":\"PropertyValueSpecification\",\"valueRequired\":true,\"valueName\":\"search_term_string\"}}],\"inLanguage\":\"ca\"},{\"@type\":\"Person\",\"@id\":\"https:\/\/www.fiarebancaetica.coop\/ca\/#\/schema\/person\/7bc488ed648e53298d64264a9f400193\",\"name\":\"m.ruizbancaetica\",\"image\":{\"@type\":\"ImageObject\",\"inLanguage\":\"ca\",\"@id\":\"https:\/\/www.fiarebancaetica.coop\/ca\/#\/schema\/person\/image\/f0a8cae14c0568b9da9b3f086657446b\",\"url\":\"https:\/\/secure.gravatar.com\/avatar\/686577dcf7ccc609780c726ff0a601a4d6a610c277bc054b6c51d510651a71af?s=96&d=mm&r=g\",\"contentUrl\":\"https:\/\/secure.gravatar.com\/avatar\/686577dcf7ccc609780c726ff0a601a4d6a610c277bc054b6c51d510651a71af?s=96&d=mm&r=g\",\"caption\":\"m.ruizbancaetica\"}}]}<\/script>\n<!-- \/ Yoast SEO plugin. -->","yoast_head_json":{"title":"Top Manta, moda solid\u00e0ria per la lluita antiracista - Fiare Banca Etica","robots":{"index":"index","follow":"follow","max-snippet":"max-snippet:-1","max-image-preview":"max-image-preview:large","max-video-preview":"max-video-preview:-1"},"canonical":"https:\/\/www.fiarebancaetica.coop\/ca\/top-manta-moda-solidaria-per-la-lluita-antiracista\/","og_locale":"ca_ES","og_type":"article","og_title":"Top Manta, moda solid\u00e0ria per la lluita antiracista - Fiare Banca Etica","og_description":"Enfront de les barreres burocr\u00e0tiques, de racisme i desprotecci\u00f3 al qual s&#8217;enfronten les persones migrants i, en concret, el col\u00b7lectiu de venedors ambulants, neix en 2015 el Sindicat Popular de Venedors Ambulants de Barcelona. Amb ell, es desenvolupa el projecte de&nbsp;Top Manta: una marca de roba social i solid\u00e0ria concebuda per a millorar la qualitat [&hellip;]","og_url":"https:\/\/www.fiarebancaetica.coop\/ca\/top-manta-moda-solidaria-per-la-lluita-antiracista\/","og_site_name":"Fiare Banca Etica","article_published_time":"2024-01-29T09:35:49+00:00","article_modified_time":"2024-02-21T13:40:53+00:00","og_image":[{"width":1080,"height":590,"url":"https:\/\/www.fiarebancaetica.coop\/app\/uploads\/sites\/2\/2024\/01\/topmanta-7.jpg","type":"image\/jpeg"}],"author":"m.ruizbancaetica","twitter_card":"summary_large_image","schema":{"@context":"https:\/\/schema.org","@graph":[{"@type":"Article","@id":"https:\/\/www.fiarebancaetica.coop\/ca\/top-manta-moda-solidaria-per-la-lluita-antiracista\/#article","isPartOf":{"@id":"https:\/\/www.fiarebancaetica.coop\/ca\/top-manta-moda-solidaria-per-la-lluita-antiracista\/"},"author":{"name":"m.ruizbancaetica","@id":"https:\/\/www.fiarebancaetica.coop\/ca\/#\/schema\/person\/7bc488ed648e53298d64264a9f400193"},"headline":"Top Manta, moda solid\u00e0ria per la lluita antiracista","datePublished":"2024-01-29T09:35:49+00:00","dateModified":"2024-02-21T13:40:53+00:00","mainEntityOfPage":{"@id":"https:\/\/www.fiarebancaetica.coop\/ca\/top-manta-moda-solidaria-per-la-lluita-antiracista\/"},"wordCount":589,"commentCount":0,"image":{"@id":"https:\/\/www.fiarebancaetica.coop\/ca\/top-manta-moda-solidaria-per-la-lluita-antiracista\/#primaryimage"},"thumbnailUrl":"https:\/\/www.fiarebancaetica.coop\/app\/uploads\/sites\/2\/2024\/01\/topmanta-7.jpg","keywords":["Not\u00edcies"],"articleSection":["Hist\u00f2ries d'impacte positiu","Proyectos colectivos"],"inLanguage":"ca","potentialAction":[{"@type":"CommentAction","name":"Comment","target":["https:\/\/www.fiarebancaetica.coop\/ca\/top-manta-moda-solidaria-per-la-lluita-antiracista\/#respond"]}]},{"@type":"WebPage","@id":"https:\/\/www.fiarebancaetica.coop\/ca\/top-manta-moda-solidaria-per-la-lluita-antiracista\/","url":"https:\/\/www.fiarebancaetica.coop\/ca\/top-manta-moda-solidaria-per-la-lluita-antiracista\/","name":"Top Manta, moda solid\u00e0ria per la lluita antiracista - Fiare Banca Etica","isPartOf":{"@id":"https:\/\/www.fiarebancaetica.coop\/ca\/#website"},"primaryImageOfPage":{"@id":"https:\/\/www.fiarebancaetica.coop\/ca\/top-manta-moda-solidaria-per-la-lluita-antiracista\/#primaryimage"},"image":{"@id":"https:\/\/www.fiarebancaetica.coop\/ca\/top-manta-moda-solidaria-per-la-lluita-antiracista\/#primaryimage"},"thumbnailUrl":"https:\/\/www.fiarebancaetica.coop\/app\/uploads\/sites\/2\/2024\/01\/topmanta-7.jpg","datePublished":"2024-01-29T09:35:49+00:00","dateModified":"2024-02-21T13:40:53+00:00","author":{"@id":"https:\/\/www.fiarebancaetica.coop\/ca\/#\/schema\/person\/7bc488ed648e53298d64264a9f400193"},"breadcrumb":{"@id":"https:\/\/www.fiarebancaetica.coop\/ca\/top-manta-moda-solidaria-per-la-lluita-antiracista\/#breadcrumb"},"inLanguage":"ca","potentialAction":[{"@type":"ReadAction","target":["https:\/\/www.fiarebancaetica.coop\/ca\/top-manta-moda-solidaria-per-la-lluita-antiracista\/"]}]},{"@type":"ImageObject","inLanguage":"ca","@id":"https:\/\/www.fiarebancaetica.coop\/ca\/top-manta-moda-solidaria-per-la-lluita-antiracista\/#primaryimage","url":"https:\/\/www.fiarebancaetica.coop\/app\/uploads\/sites\/2\/2024\/01\/topmanta-7.jpg","contentUrl":"https:\/\/www.fiarebancaetica.coop\/app\/uploads\/sites\/2\/2024\/01\/topmanta-7.jpg","width":1080,"height":590},{"@type":"BreadcrumbList","@id":"https:\/\/www.fiarebancaetica.coop\/ca\/top-manta-moda-solidaria-per-la-lluita-antiracista\/#breadcrumb","itemListElement":[{"@type":"ListItem","position":1,"name":"Home","item":"https:\/\/www.fiarebancaetica.coop\/ca\/"},{"@type":"ListItem","position":2,"name":"Top Manta, moda solid\u00e0ria per la lluita antiracista"}]},{"@type":"WebSite","@id":"https:\/\/www.fiarebancaetica.coop\/ca\/#website","url":"https:\/\/www.fiarebancaetica.coop\/ca\/","name":"Fiare Banca Etica","description":"","potentialAction":[{"@type":"SearchAction","target":{"@type":"EntryPoint","urlTemplate":"https:\/\/www.fiarebancaetica.coop\/ca\/?s={search_term_string}"},"query-input":{"@type":"PropertyValueSpecification","valueRequired":true,"valueName":"search_term_string"}}],"inLanguage":"ca"},{"@type":"Person","@id":"https:\/\/www.fiarebancaetica.coop\/ca\/#\/schema\/person\/7bc488ed648e53298d64264a9f400193","name":"m.ruizbancaetica","image":{"@type":"ImageObject","inLanguage":"ca","@id":"https:\/\/www.fiarebancaetica.coop\/ca\/#\/schema\/person\/image\/f0a8cae14c0568b9da9b3f086657446b","url":"https:\/\/secure.gravatar.com\/avatar\/686577dcf7ccc609780c726ff0a601a4d6a610c277bc054b6c51d510651a71af?s=96&d=mm&r=g","contentUrl":"https:\/\/secure.gravatar.com\/avatar\/686577dcf7ccc609780c726ff0a601a4d6a610c277bc054b6c51d510651a71af?s=96&d=mm&r=g","caption":"m.ruizbancaetica"}}]}},"_links":{"self":[{"href":"https:\/\/www.fiarebancaetica.coop\/ca\/wp-json\/wp\/v2\/posts\/364723","targetHints":{"allow":["GET"]}}],"collection":[{"href":"https:\/\/www.fiarebancaetica.coop\/ca\/wp-json\/wp\/v2\/posts"}],"about":[{"href":"https:\/\/www.fiarebancaetica.coop\/ca\/wp-json\/wp\/v2\/types\/post"}],"author":[{"embeddable":true,"href":"https:\/\/www.fiarebancaetica.coop\/ca\/wp-json\/wp\/v2\/users\/6692"}],"replies":[{"embeddable":true,"href":"https:\/\/www.fiarebancaetica.coop\/ca\/wp-json\/wp\/v2\/comments?post=364723"}],"version-history":[{"count":7,"href":"https:\/\/www.fiarebancaetica.coop\/ca\/wp-json\/wp\/v2\/posts\/364723\/revisions"}],"predecessor-version":[{"id":370626,"href":"https:\/\/www.fiarebancaetica.coop\/ca\/wp-json\/wp\/v2\/posts\/364723\/revisions\/370626"}],"wp:featuredmedia":[{"embeddable":true,"href":"https:\/\/www.fiarebancaetica.coop\/ca\/wp-json\/wp\/v2\/media\/364733"}],"wp:attachment":[{"href":"https:\/\/www.fiarebancaetica.coop\/ca\/wp-json\/wp\/v2\/media?parent=364723"}],"wp:term":[{"taxonomy":"category","embeddable":true,"href":"https:\/\/www.fiarebancaetica.coop\/ca\/wp-json\/wp\/v2\/categories?post=364723"},{"taxonomy":"post_tag","embeddable":true,"href":"https:\/\/www.fiarebancaetica.coop\/ca\/wp-json\/wp\/v2\/tags?post=364723"},{"taxonomy":"author","embeddable":true,"href":"https:\/\/www.fiarebancaetica.coop\/ca\/wp-json\/wp\/v2\/coauthors?post=364723"}],"curies":[{"name":"wp","href":"https:\/\/api.w.org\/{rel}","templated":true}]}}