{"id":371045,"date":"2024-02-29T09:30:00","date_gmt":"2024-02-29T08:30:00","guid":{"rendered":"https:\/\/www.fiarebancaetica.coop\/?p=371045"},"modified":"2024-02-29T09:43:12","modified_gmt":"2024-02-29T08:43:12","slug":"quatre-administracions-publiques-se-sumen-a-fiare-banca-etica-el-2023","status":"publish","type":"post","link":"https:\/\/www.fiarebancaetica.coop\/ca\/quatre-administracions-publiques-se-sumen-a-fiare-banca-etica-el-2023\/","title":{"rendered":"Quatre administracions p\u00fabliques se sumen a Fiare Banca Etica el 2023"},"content":{"rendered":"\n\n<div class=\"wp-block-bancaetica-blocks-blocks-block-49\">\n    <div class=\"container-block-49\">\n\n        <div class=\"header-section \">\n                            <h1 class=\"section-title\"> Finances \u00c8tiques <\/h1>\n                                            <\/div>\n\n        \n        <div class=\"block-background\" style=\"background-image: url('https:\/\/www.fiarebancaetica.coop\/app\/uploads\/sites\/2\/2024\/02\/administraciones-pub.jpg')\">\n                            <div class=\"tile\">\n                    <h1 class=\"image-title\"> Quatre administracions p\u00fabliques se sumen a Fiare Banca Etica el 2023 <\/h1>\n                <\/div>             <!-- end .tile -->\n            <div class=\"bottom-content\">\n                            <\/div> <!-- end .button-content -->\n        <\/div> <!-- end .block-background -->\n    <\/div> <!-- end .container -->\n<\/div> <!-- end wp-block-bancaetica-blocks-blocks-block-06 -->\n\n<p><span class=\"hiddenSpellError\">Fiare<\/span>\u00a0Banca\u00a0<span class=\"hiddenSpellError\">Etica<\/span>\u00a0neix amb la finalitat d&#8217;invertir l&#8217;excedent d&#8217;estalvi en iniciatives i organitzacions que treballen pel benestar social i la inclusi\u00f3, per aix\u00f2 treballar amb administracions p\u00fabliques encaixa en el nostre prop\u00f2sit amb la finalitat de facilitar el desenvolupament de pol\u00edtiques socials i mediambientals que benefici\u00efn al conjunt de la ciutadania.<\/p>\n<p>\u00a0<\/p>\n<p>El passat 2023 es van establir noves relacions entre la banca \u00e8tica i administracions p\u00fabliques: quatre ajuntaments de l&#8217;estat espanyol van tancar acords amb la nostra cooperativa, apostant aix\u00ed pel finan\u00e7ament \u00e8tic i sostenible. Els ajuntaments de\u00a0<span class=\"hiddenSpellError\">Donosti<\/span>,\u00a0<span class=\"hiddenGrammarError\">Sant Boi del Llobregat<\/span>, Siero i Osca van obrir un concurs p\u00fablic, sent\u00a0<span class=\"hiddenSpellError\">Fiare<\/span>\u00a0Banca\u00a0<span class=\"hiddenSpellError\">Etica<\/span>\u00a0un dels bancs seleccionats per a finan\u00e7ar les seves respectives administracions.<\/p>\n<p>\u00a0<\/p>\n<p><span class=\"hiddenSpellError\">Donosti<\/span>, d&#8217;una banda, no s&#8217;estrena en l&#8217;aposta per la banca \u00e8tica; ja va confiar en\u00a0<span class=\"hiddenSpellError\">Fiare<\/span>\u00a0per al seu finan\u00e7ament en 2016, tamb\u00e9 a partir d&#8217;un concurs p\u00fablic. La relaci\u00f3 amb la ciutat es remunta a 2010, amb l&#8217;obertura d&#8217;un compte corrent en\u00a0<span class=\"hiddenSpellError\">Fiare<\/span>\u00a0Banca\u00a0<span class=\"hiddenSpellError\">Etica<\/span>\u00a0i la gesti\u00f3 del fons per a cooperaci\u00f3 al desenvolupament. El finan\u00e7ament atorgat aquest 2023 est\u00e0 ocupada en la segona &#8220;Talent\u00a0<span class=\"hiddenSpellError\">House<\/span>&#8220;, una resid\u00e8ncia temporal per a allotjar a investigadors i investigadores, aix\u00ed com joves emprenedors\/es locals.<\/p>\n<p>\u00a0<\/p>\n<p>La relaci\u00f3 amb Sant Boi, d&#8217;altra banda, va comen\u00e7ar el seu recorregut a finals de 2023; l&#8217;inici del qual esperem que sigui un llarg cam\u00ed treballant conjuntament pel benestar social, aix\u00ed com generant un impacte social i mediambiental positiu en la comunitat. D&#8217;aquesta manera, la localitat catalana es va unir a Siero i\u00a0<span class=\"hiddenSpellError\">Osca<\/span>, les dues administracions incorporades anteriorment en el mateix any.<\/p>\n<p>\u00a0<\/p>\n<p><span class=\"hiddenSpellError\">Fiare<\/span>\u00a0Banca\u00a0<span class=\"hiddenSpellError\">Etica<\/span> \u00e9s una banca cooperativa que opera a It\u00e0lia i en estat espanyol. \u00c9s fruit del comprom\u00eds de moltes persones i organitzacions que es van posar en marxa, a mitjan anys 19<span class=\"hiddenGreenError\">90<\/span>, per a constituir una entitat de cr\u00e8dit totalment inspirada en els principis de les finances \u00e8tiques: transpar\u00e8ncia, participaci\u00f3, sobrietat, efici\u00e8ncia i atenci\u00f3 a les repercussions no econ\u00f2miques de les accions econ\u00f2miques. Actualment, s\u00f3n membres <span style=\"font-weight: 400;\">47.425 <\/span><span class=\"hiddenGrammarError\">persones s\u00f2cies<\/span>.<\/p>\n<p>\u00a0<\/p>","protected":false},"excerpt":{"rendered":"<p>Fiare\u00a0Banca\u00a0Etica\u00a0neix amb la finalitat d&#8217;invertir l&#8217;excedent d&#8217;estalvi en iniciatives i organitzacions que treballen pel benestar social i la inclusi\u00f3, per aix\u00f2 treballar amb administracions p\u00fabliques encaixa en el nostre prop\u00f2sit amb la finalitat de facilitar el desenvolupament de pol\u00edtiques socials i mediambientals que benefici\u00efn al conjunt de la ciutadania. \u00a0 El passat 2023 es van [&hellip;]<\/p>\n","protected":false},"author":6693,"featured_media":371043,"comment_status":"closed","ping_status":"closed","sticky":false,"template":"","format":"standard","meta":{"_acf_changed":false,"footnotes":""},"categories":[11643],"tags":[11854],"coauthors":[10743],"class_list":["post-371045","post","type-post","status-publish","format-standard","has-post-thumbnail","hentry","category-finances-etiques","tag-noticies"],"acf":[],"yoast_head":"<!-- This site is optimized with the Yoast SEO plugin v26.9 - https:\/\/yoast.com\/product\/yoast-seo-wordpress\/ -->\n<title>Quatre administracions p\u00fabliques se sumen a Fiare Banca Etica el 2023 - Fiare Banca Etica<\/title>\n<meta name=\"robots\" content=\"index, follow, max-snippet:-1, max-image-preview:large, max-video-preview:-1\" \/>\n<link rel=\"canonical\" href=\"https:\/\/www.fiarebancaetica.coop\/ca\/quatre-administracions-publiques-se-sumen-a-fiare-banca-etica-el-2023\/\" \/>\n<meta property=\"og:locale\" content=\"ca_ES\" \/>\n<meta property=\"og:type\" content=\"article\" \/>\n<meta property=\"og:title\" content=\"Quatre administracions p\u00fabliques se sumen a Fiare Banca Etica el 2023 - Fiare Banca Etica\" \/>\n<meta property=\"og:description\" content=\"Fiare\u00a0Banca\u00a0Etica\u00a0neix amb la finalitat d&#8217;invertir l&#8217;excedent d&#8217;estalvi en iniciatives i organitzacions que treballen pel benestar social i la inclusi\u00f3, per aix\u00f2 treballar amb administracions p\u00fabliques encaixa en el nostre prop\u00f2sit amb la finalitat de facilitar el desenvolupament de pol\u00edtiques socials i mediambientals que benefici\u00efn al conjunt de la ciutadania. \u00a0 El passat 2023 es van [&hellip;]\" \/>\n<meta property=\"og:url\" content=\"https:\/\/www.fiarebancaetica.coop\/ca\/quatre-administracions-publiques-se-sumen-a-fiare-banca-etica-el-2023\/\" \/>\n<meta property=\"og:site_name\" content=\"Fiare Banca Etica\" \/>\n<meta property=\"article:published_time\" content=\"2024-02-29T08:30:00+00:00\" \/>\n<meta property=\"article:modified_time\" content=\"2024-02-29T08:43:12+00:00\" \/>\n<meta property=\"og:image\" content=\"https:\/\/www.fiarebancaetica.coop\/app\/uploads\/sites\/2\/2024\/02\/administraciones-pub.jpg\" \/>\n\t<meta property=\"og:image:width\" content=\"1024\" \/>\n\t<meta property=\"og:image:height\" content=\"683\" \/>\n\t<meta property=\"og:image:type\" content=\"image\/jpeg\" \/>\n<meta name=\"author\" content=\"c.castrobancaetica\" \/>\n<meta name=\"twitter:card\" content=\"summary_large_image\" \/>\n<script type=\"application\/ld+json\" class=\"yoast-schema-graph\">{\"@context\":\"https:\/\/schema.org\",\"@graph\":[{\"@type\":\"Article\",\"@id\":\"https:\/\/www.fiarebancaetica.coop\/ca\/quatre-administracions-publiques-se-sumen-a-fiare-banca-etica-el-2023\/#article\",\"isPartOf\":{\"@id\":\"https:\/\/www.fiarebancaetica.coop\/ca\/quatre-administracions-publiques-se-sumen-a-fiare-banca-etica-el-2023\/\"},\"author\":{\"name\":\"c.castrobancaetica\",\"@id\":\"https:\/\/www.fiarebancaetica.coop\/ca\/#\/schema\/person\/1c4efa4aa7be2f4c12d1ec8c8bc7ec9d\"},\"headline\":\"Quatre administracions p\u00fabliques se sumen a Fiare Banca Etica el 2023\",\"datePublished\":\"2024-02-29T08:30:00+00:00\",\"dateModified\":\"2024-02-29T08:43:12+00:00\",\"mainEntityOfPage\":{\"@id\":\"https:\/\/www.fiarebancaetica.coop\/ca\/quatre-administracions-publiques-se-sumen-a-fiare-banca-etica-el-2023\/\"},\"wordCount\":374,\"image\":{\"@id\":\"https:\/\/www.fiarebancaetica.coop\/ca\/quatre-administracions-publiques-se-sumen-a-fiare-banca-etica-el-2023\/#primaryimage\"},\"thumbnailUrl\":\"https:\/\/www.fiarebancaetica.coop\/app\/uploads\/sites\/2\/2024\/02\/administraciones-pub.jpg\",\"keywords\":[\"Not\u00edcies\"],\"articleSection\":[\"Finances \u00e8tiques\"],\"inLanguage\":\"ca\"},{\"@type\":\"WebPage\",\"@id\":\"https:\/\/www.fiarebancaetica.coop\/ca\/quatre-administracions-publiques-se-sumen-a-fiare-banca-etica-el-2023\/\",\"url\":\"https:\/\/www.fiarebancaetica.coop\/ca\/quatre-administracions-publiques-se-sumen-a-fiare-banca-etica-el-2023\/\",\"name\":\"Quatre administracions p\u00fabliques se sumen a Fiare Banca Etica el 2023 - Fiare Banca Etica\",\"isPartOf\":{\"@id\":\"https:\/\/www.fiarebancaetica.coop\/ca\/#website\"},\"primaryImageOfPage\":{\"@id\":\"https:\/\/www.fiarebancaetica.coop\/ca\/quatre-administracions-publiques-se-sumen-a-fiare-banca-etica-el-2023\/#primaryimage\"},\"image\":{\"@id\":\"https:\/\/www.fiarebancaetica.coop\/ca\/quatre-administracions-publiques-se-sumen-a-fiare-banca-etica-el-2023\/#primaryimage\"},\"thumbnailUrl\":\"https:\/\/www.fiarebancaetica.coop\/app\/uploads\/sites\/2\/2024\/02\/administraciones-pub.jpg\",\"datePublished\":\"2024-02-29T08:30:00+00:00\",\"dateModified\":\"2024-02-29T08:43:12+00:00\",\"author\":{\"@id\":\"https:\/\/www.fiarebancaetica.coop\/ca\/#\/schema\/person\/1c4efa4aa7be2f4c12d1ec8c8bc7ec9d\"},\"breadcrumb\":{\"@id\":\"https:\/\/www.fiarebancaetica.coop\/ca\/quatre-administracions-publiques-se-sumen-a-fiare-banca-etica-el-2023\/#breadcrumb\"},\"inLanguage\":\"ca\",\"potentialAction\":[{\"@type\":\"ReadAction\",\"target\":[\"https:\/\/www.fiarebancaetica.coop\/ca\/quatre-administracions-publiques-se-sumen-a-fiare-banca-etica-el-2023\/\"]}]},{\"@type\":\"ImageObject\",\"inLanguage\":\"ca\",\"@id\":\"https:\/\/www.fiarebancaetica.coop\/ca\/quatre-administracions-publiques-se-sumen-a-fiare-banca-etica-el-2023\/#primaryimage\",\"url\":\"https:\/\/www.fiarebancaetica.coop\/app\/uploads\/sites\/2\/2024\/02\/administraciones-pub.jpg\",\"contentUrl\":\"https:\/\/www.fiarebancaetica.coop\/app\/uploads\/sites\/2\/2024\/02\/administraciones-pub.jpg\",\"width\":1024,\"height\":683},{\"@type\":\"BreadcrumbList\",\"@id\":\"https:\/\/www.fiarebancaetica.coop\/ca\/quatre-administracions-publiques-se-sumen-a-fiare-banca-etica-el-2023\/#breadcrumb\",\"itemListElement\":[{\"@type\":\"ListItem\",\"position\":1,\"name\":\"Home\",\"item\":\"https:\/\/www.fiarebancaetica.coop\/ca\/\"},{\"@type\":\"ListItem\",\"position\":2,\"name\":\"Quatre administracions p\u00fabliques se sumen a Fiare Banca Etica el 2023\"}]},{\"@type\":\"WebSite\",\"@id\":\"https:\/\/www.fiarebancaetica.coop\/ca\/#website\",\"url\":\"https:\/\/www.fiarebancaetica.coop\/ca\/\",\"name\":\"Fiare Banca Etica\",\"description\":\"\",\"potentialAction\":[{\"@type\":\"SearchAction\",\"target\":{\"@type\":\"EntryPoint\",\"urlTemplate\":\"https:\/\/www.fiarebancaetica.coop\/ca\/?s={search_term_string}\"},\"query-input\":{\"@type\":\"PropertyValueSpecification\",\"valueRequired\":true,\"valueName\":\"search_term_string\"}}],\"inLanguage\":\"ca\"},{\"@type\":\"Person\",\"@id\":\"https:\/\/www.fiarebancaetica.coop\/ca\/#\/schema\/person\/1c4efa4aa7be2f4c12d1ec8c8bc7ec9d\",\"name\":\"c.castrobancaetica\",\"image\":{\"@type\":\"ImageObject\",\"inLanguage\":\"ca\",\"@id\":\"https:\/\/www.fiarebancaetica.coop\/ca\/#\/schema\/person\/image\/f5a235634314aa27313fcd9c99409abd\",\"url\":\"https:\/\/secure.gravatar.com\/avatar\/7e842368c46d63aaa398f0d90120d2b7d7af72148ee6aa4436c6149c13fa4bb2?s=96&d=mm&r=g\",\"contentUrl\":\"https:\/\/secure.gravatar.com\/avatar\/7e842368c46d63aaa398f0d90120d2b7d7af72148ee6aa4436c6149c13fa4bb2?s=96&d=mm&r=g\",\"caption\":\"c.castrobancaetica\"}}]}<\/script>\n<!-- \/ Yoast SEO plugin. -->","yoast_head_json":{"title":"Quatre administracions p\u00fabliques se sumen a Fiare Banca Etica el 2023 - Fiare Banca Etica","robots":{"index":"index","follow":"follow","max-snippet":"max-snippet:-1","max-image-preview":"max-image-preview:large","max-video-preview":"max-video-preview:-1"},"canonical":"https:\/\/www.fiarebancaetica.coop\/ca\/quatre-administracions-publiques-se-sumen-a-fiare-banca-etica-el-2023\/","og_locale":"ca_ES","og_type":"article","og_title":"Quatre administracions p\u00fabliques se sumen a Fiare Banca Etica el 2023 - Fiare Banca Etica","og_description":"Fiare\u00a0Banca\u00a0Etica\u00a0neix amb la finalitat d&#8217;invertir l&#8217;excedent d&#8217;estalvi en iniciatives i organitzacions que treballen pel benestar social i la inclusi\u00f3, per aix\u00f2 treballar amb administracions p\u00fabliques encaixa en el nostre prop\u00f2sit amb la finalitat de facilitar el desenvolupament de pol\u00edtiques socials i mediambientals que benefici\u00efn al conjunt de la ciutadania. \u00a0 El passat 2023 es van [&hellip;]","og_url":"https:\/\/www.fiarebancaetica.coop\/ca\/quatre-administracions-publiques-se-sumen-a-fiare-banca-etica-el-2023\/","og_site_name":"Fiare Banca Etica","article_published_time":"2024-02-29T08:30:00+00:00","article_modified_time":"2024-02-29T08:43:12+00:00","og_image":[{"width":1024,"height":683,"url":"https:\/\/www.fiarebancaetica.coop\/app\/uploads\/sites\/2\/2024\/02\/administraciones-pub.jpg","type":"image\/jpeg"}],"author":"c.castrobancaetica","twitter_card":"summary_large_image","schema":{"@context":"https:\/\/schema.org","@graph":[{"@type":"Article","@id":"https:\/\/www.fiarebancaetica.coop\/ca\/quatre-administracions-publiques-se-sumen-a-fiare-banca-etica-el-2023\/#article","isPartOf":{"@id":"https:\/\/www.fiarebancaetica.coop\/ca\/quatre-administracions-publiques-se-sumen-a-fiare-banca-etica-el-2023\/"},"author":{"name":"c.castrobancaetica","@id":"https:\/\/www.fiarebancaetica.coop\/ca\/#\/schema\/person\/1c4efa4aa7be2f4c12d1ec8c8bc7ec9d"},"headline":"Quatre administracions p\u00fabliques se sumen a Fiare Banca Etica el 2023","datePublished":"2024-02-29T08:30:00+00:00","dateModified":"2024-02-29T08:43:12+00:00","mainEntityOfPage":{"@id":"https:\/\/www.fiarebancaetica.coop\/ca\/quatre-administracions-publiques-se-sumen-a-fiare-banca-etica-el-2023\/"},"wordCount":374,"image":{"@id":"https:\/\/www.fiarebancaetica.coop\/ca\/quatre-administracions-publiques-se-sumen-a-fiare-banca-etica-el-2023\/#primaryimage"},"thumbnailUrl":"https:\/\/www.fiarebancaetica.coop\/app\/uploads\/sites\/2\/2024\/02\/administraciones-pub.jpg","keywords":["Not\u00edcies"],"articleSection":["Finances \u00e8tiques"],"inLanguage":"ca"},{"@type":"WebPage","@id":"https:\/\/www.fiarebancaetica.coop\/ca\/quatre-administracions-publiques-se-sumen-a-fiare-banca-etica-el-2023\/","url":"https:\/\/www.fiarebancaetica.coop\/ca\/quatre-administracions-publiques-se-sumen-a-fiare-banca-etica-el-2023\/","name":"Quatre administracions p\u00fabliques se sumen a Fiare Banca Etica el 2023 - Fiare Banca Etica","isPartOf":{"@id":"https:\/\/www.fiarebancaetica.coop\/ca\/#website"},"primaryImageOfPage":{"@id":"https:\/\/www.fiarebancaetica.coop\/ca\/quatre-administracions-publiques-se-sumen-a-fiare-banca-etica-el-2023\/#primaryimage"},"image":{"@id":"https:\/\/www.fiarebancaetica.coop\/ca\/quatre-administracions-publiques-se-sumen-a-fiare-banca-etica-el-2023\/#primaryimage"},"thumbnailUrl":"https:\/\/www.fiarebancaetica.coop\/app\/uploads\/sites\/2\/2024\/02\/administraciones-pub.jpg","datePublished":"2024-02-29T08:30:00+00:00","dateModified":"2024-02-29T08:43:12+00:00","author":{"@id":"https:\/\/www.fiarebancaetica.coop\/ca\/#\/schema\/person\/1c4efa4aa7be2f4c12d1ec8c8bc7ec9d"},"breadcrumb":{"@id":"https:\/\/www.fiarebancaetica.coop\/ca\/quatre-administracions-publiques-se-sumen-a-fiare-banca-etica-el-2023\/#breadcrumb"},"inLanguage":"ca","potentialAction":[{"@type":"ReadAction","target":["https:\/\/www.fiarebancaetica.coop\/ca\/quatre-administracions-publiques-se-sumen-a-fiare-banca-etica-el-2023\/"]}]},{"@type":"ImageObject","inLanguage":"ca","@id":"https:\/\/www.fiarebancaetica.coop\/ca\/quatre-administracions-publiques-se-sumen-a-fiare-banca-etica-el-2023\/#primaryimage","url":"https:\/\/www.fiarebancaetica.coop\/app\/uploads\/sites\/2\/2024\/02\/administraciones-pub.jpg","contentUrl":"https:\/\/www.fiarebancaetica.coop\/app\/uploads\/sites\/2\/2024\/02\/administraciones-pub.jpg","width":1024,"height":683},{"@type":"BreadcrumbList","@id":"https:\/\/www.fiarebancaetica.coop\/ca\/quatre-administracions-publiques-se-sumen-a-fiare-banca-etica-el-2023\/#breadcrumb","itemListElement":[{"@type":"ListItem","position":1,"name":"Home","item":"https:\/\/www.fiarebancaetica.coop\/ca\/"},{"@type":"ListItem","position":2,"name":"Quatre administracions p\u00fabliques se sumen a Fiare Banca Etica el 2023"}]},{"@type":"WebSite","@id":"https:\/\/www.fiarebancaetica.coop\/ca\/#website","url":"https:\/\/www.fiarebancaetica.coop\/ca\/","name":"Fiare Banca Etica","description":"","potentialAction":[{"@type":"SearchAction","target":{"@type":"EntryPoint","urlTemplate":"https:\/\/www.fiarebancaetica.coop\/ca\/?s={search_term_string}"},"query-input":{"@type":"PropertyValueSpecification","valueRequired":true,"valueName":"search_term_string"}}],"inLanguage":"ca"},{"@type":"Person","@id":"https:\/\/www.fiarebancaetica.coop\/ca\/#\/schema\/person\/1c4efa4aa7be2f4c12d1ec8c8bc7ec9d","name":"c.castrobancaetica","image":{"@type":"ImageObject","inLanguage":"ca","@id":"https:\/\/www.fiarebancaetica.coop\/ca\/#\/schema\/person\/image\/f5a235634314aa27313fcd9c99409abd","url":"https:\/\/secure.gravatar.com\/avatar\/7e842368c46d63aaa398f0d90120d2b7d7af72148ee6aa4436c6149c13fa4bb2?s=96&d=mm&r=g","contentUrl":"https:\/\/secure.gravatar.com\/avatar\/7e842368c46d63aaa398f0d90120d2b7d7af72148ee6aa4436c6149c13fa4bb2?s=96&d=mm&r=g","caption":"c.castrobancaetica"}}]}},"_links":{"self":[{"href":"https:\/\/www.fiarebancaetica.coop\/ca\/wp-json\/wp\/v2\/posts\/371045","targetHints":{"allow":["GET"]}}],"collection":[{"href":"https:\/\/www.fiarebancaetica.coop\/ca\/wp-json\/wp\/v2\/posts"}],"about":[{"href":"https:\/\/www.fiarebancaetica.coop\/ca\/wp-json\/wp\/v2\/types\/post"}],"author":[{"embeddable":true,"href":"https:\/\/www.fiarebancaetica.coop\/ca\/wp-json\/wp\/v2\/users\/6693"}],"replies":[{"embeddable":true,"href":"https:\/\/www.fiarebancaetica.coop\/ca\/wp-json\/wp\/v2\/comments?post=371045"}],"version-history":[{"count":9,"href":"https:\/\/www.fiarebancaetica.coop\/ca\/wp-json\/wp\/v2\/posts\/371045\/revisions"}],"predecessor-version":[{"id":371144,"href":"https:\/\/www.fiarebancaetica.coop\/ca\/wp-json\/wp\/v2\/posts\/371045\/revisions\/371144"}],"wp:featuredmedia":[{"embeddable":true,"href":"https:\/\/www.fiarebancaetica.coop\/ca\/wp-json\/wp\/v2\/media\/371043"}],"wp:attachment":[{"href":"https:\/\/www.fiarebancaetica.coop\/ca\/wp-json\/wp\/v2\/media?parent=371045"}],"wp:term":[{"taxonomy":"category","embeddable":true,"href":"https:\/\/www.fiarebancaetica.coop\/ca\/wp-json\/wp\/v2\/categories?post=371045"},{"taxonomy":"post_tag","embeddable":true,"href":"https:\/\/www.fiarebancaetica.coop\/ca\/wp-json\/wp\/v2\/tags?post=371045"},{"taxonomy":"author","embeddable":true,"href":"https:\/\/www.fiarebancaetica.coop\/ca\/wp-json\/wp\/v2\/coauthors?post=371045"}],"curies":[{"name":"wp","href":"https:\/\/api.w.org\/{rel}","templated":true}]}}