{"id":373866,"date":"2024-04-29T09:20:46","date_gmt":"2024-04-29T07:20:46","guid":{"rendered":"https:\/\/www.fiarebancaetica.coop\/?p=373866"},"modified":"2024-05-22T16:45:28","modified_gmt":"2024-05-22T14:45:28","slug":"mes-de-59-milions-en-prestecs-a-leconomia-social","status":"publish","type":"post","link":"https:\/\/www.fiarebancaetica.coop\/ca\/mes-de-59-milions-en-prestecs-a-leconomia-social\/","title":{"rendered":"M\u00e9s de 59 milions en pr\u00e9stecs a l\u2019economia social"},"content":{"rendered":"\n\n<div class=\"wp-block-bancaetica-blocks-blocks-block-49\">\n    <div class=\"container-block-49\">\n\n        <div class=\"header-section \">\n                            <h1 class=\"section-title\"> Finances \u00c8tiques <\/h1>\n                                            <\/div>\n\n        \n        <div class=\"block-background\" style=\"background-image: url('https:\/\/www.fiarebancaetica.coop\/app\/uploads\/sites\/2\/2023\/12\/Oficina-Fiare-Barcelona-01.jpg')\">\n                            <div class=\"tile\">\n                    <h1 class=\"image-title\"> M\u00e9s de 59 milions en pr\u00e9stecs a l\u2019economia social <\/h1>\n                <\/div>             <!-- end .tile -->\n            <div class=\"bottom-content\">\n                            <\/div> <!-- end .button-content -->\n        <\/div> <!-- end .block-background -->\n    <\/div> <!-- end .container -->\n<\/div> <!-- end wp-block-bancaetica-blocks-blocks-block-06 -->\n\n<p><span style=\"font-weight: 400;\">En 2023 la nostra entitat va concedir m\u00e9s de 59 milions d&#8217;euros al finan\u00e7ament de projectes d&#8217;economia social, la qual cosa suposa un <\/span><b>24% m\u00e9s que l&#8217;anterior exercici<\/b><span style=\"font-weight: 400;\">, quan es van prestar prop de 48 milions.<\/span><\/p>\n<p><span style=\"font-weight: 400;\">El <\/span><b>60,5% <\/b><span style=\"font-weight: 400;\">dels recursos crediticis es van destinar a l&#8217;<\/span><b>\u00e0mbit social<\/b><span style=\"font-weight: 400;\">, amb el que projectes socioeducatius, d&#8217;integraci\u00f3 sociolaboral, agricultura i habitatge social i salut van rebre prop de <\/span><b>36 milions<\/b><span style=\"font-weight: 400;\"> d&#8217;euros en pr\u00e9stecs.<\/span><\/p>\n<p><span style=\"font-weight: 400;\">L&#8217;<\/span><b>\u00e0mbit cultural, educatiu i tur\u00edstic<\/b><span style=\"font-weight: 400;\">, la qual cosa inclou organitzaci\u00f3 d&#8217;exposicions, espectacles i altres representacions, restauraci\u00f3 d&#8217;obres d&#8217;art, gesti\u00f3 d&#8217;editorials i teatres, entre altres, va atreure gaireb\u00e9 <\/span><b>vuit milions d&#8217;euros<\/b><span style=\"font-weight: 400;\">, aconseguint el <\/span><b>13,4%<\/b><span style=\"font-weight: 400;\"> del total.<\/span><\/p>\n<p><span style=\"font-weight: 400;\">L&#8217;<\/span><b>\u00e0rea mediambiental<\/b><span style=\"font-weight: 400;\"> va rebre m\u00e9s de cinc milions, representant un <\/span><b>8,8%<\/b><span style=\"font-weight: 400;\">; i el <\/span><b>legal i de protecci\u00f3 dels drets humans<\/b><span style=\"font-weight: 400;\">, que compr\u00e8n des d&#8217;accions de lluita contra l&#8217;assetjament a defensa de v\u00edctimes de l&#8217;explotaci\u00f3, 282 mil euros, la qual cosa suposa un 0,4%. El banc va atorgar pr\u00e9stecs a l&#8217;<\/span><b>\u00e0rea internacional<\/b><span style=\"font-weight: 400;\"> per valor de 210 mil euros, un 0,3% de l&#8217;import total concedit.<\/span><\/p>\n<p><span style=\"font-weight: 400;\">Segons c\u00e0lculs realitzats a partir de les dades dels tres \u00faltims anys, Fiare Banca Etica <\/span><b>presta quinze vegades el seu capital social<\/b><span style=\"font-weight: 400;\">, la qual cosa suposa que per cada mil euros de nou capital, l&#8217;entitat concedeix cr\u00e8dit per valor de 15000 euros per a projectes d&#8217;impacte positiu.<\/span><\/p>\n<p><b>Projectes d\u2019impacte positiu<\/b><\/p>\n<p><span style=\"font-weight: 400;\">Dins de l&#8217;\u00e0mbit social, al llarg de 2023 Fiare Banca Etica va finan\u00e7ar projectes d&#8217;habitatge social com el de <\/span><b>Provivienda <\/b><span style=\"font-weight: 400;\">per a promoure el parc d&#8217;allotjament assequible. Tamb\u00e9 van rebre cr\u00e8dit els plans d&#8217;inserci\u00f3 laboral per a persones amb discapacitat intel\u00b7lectual del <\/span><b>Grup TEB<\/b><span style=\"font-weight: 400;\">; <\/span><b>Zehar<\/b><span style=\"font-weight: 400;\">, una organitzaci\u00f3 que ofereix atenci\u00f3 i acompanyament a persones refugiades i despla\u00e7ades; i la marca de roba social impulsada pel Sindicat Popular de Venedors Ambulants de Barcelona <\/span><b>Top Manta<\/b><span style=\"font-weight: 400;\">.<\/span><\/p>\n<p><span style=\"font-weight: 400;\">La productora sevillana <\/span><b>La claqueta<\/b><span style=\"font-weight: 400;\">, que l&#8217;any passat va rodar <\/span><i><span style=\"font-weight: 400;\">Los tortuga<\/span><\/i><span style=\"font-weight: 400;\">, la companyia barcelonina de teatre <\/span><b>La Virguer\u00eda<\/b><span style=\"font-weight: 400;\"> i la productora audiovisual <\/span><b>F\u00e0brica Naranja<\/b><span style=\"font-weight: 400;\">, responsable del documental <\/span><i><span style=\"font-weight: 400;\">La Singla<\/span><\/i><span style=\"font-weight: 400;\"> sobre la balladora del mateix nom, s\u00f3n algunes de les iniciatives culturals que van comptar amb el suport financer de Fiare Banca Etica en 2023.<\/span><\/p>\n<p><span style=\"font-weight: 400;\">En l&#8217;\u00e0rea mediambiental la cooperativa d&#8217;energia renovable <\/span><b>Goiener<\/b><span style=\"font-weight: 400;\">, la missatgeria sostenible amb seu a Saragossa <\/span><b>Grupo La Veloz<\/b><span style=\"font-weight: 400;\"> i la cooperativa de lloguer de vehicles el\u00e8ctrics compartits <\/span><b>Som Mobilitat<\/b><span style=\"font-weight: 400;\">, entre altres, van obtenir pr\u00e9stecs per al finan\u00e7ament de les seves accions.<\/span><\/p>\n<p><b>Microfides<\/b><span style=\"font-weight: 400;\">, una organitzaci\u00f3 present a \u00c0frica i Am\u00e8rica Llatina que concedeix microcr\u00e8dits per a l&#8217;apoderament de dones en localitats del Senegal, Ben\u00edn, Hondures, el Per\u00fa i l&#8217;Equador, \u00e9s una de les iniciatives d&#8217;\u00e0mbit internacional finan\u00e7ades.<\/span><\/p>\n<p><span style=\"font-weight: 400;\">Tots aquests projectes tenen un <\/span><b>impacte positiu<\/b><span style=\"font-weight: 400;\">, la qual cosa implica que contribueixen a generar una societat m\u00e9s justa i inclusiva que respecta a les persones i els ecosistemes, construint nous models de desenvolupament que conjuminen la sostenibilitat econ\u00f2mica, social i ambiental.<\/span><\/p>\n\n\n<div style=\"height:100px\" aria-hidden=\"true\" class=\"wp-block-spacer\"><\/div>\n","protected":false},"excerpt":{"rendered":"<p>En 2023 la nostra entitat va concedir m\u00e9s de 59 milions d&#8217;euros al finan\u00e7ament de projectes d&#8217;economia social, la qual cosa suposa un 24% m\u00e9s que l&#8217;anterior exercici, quan es van prestar prop de 48 milions. El 60,5% dels recursos crediticis es van destinar a l&#8217;\u00e0mbit social, amb el que projectes socioeducatius, d&#8217;integraci\u00f3 sociolaboral, agricultura [&hellip;]<\/p>\n","protected":false},"author":6693,"featured_media":334746,"comment_status":"closed","ping_status":"closed","sticky":false,"template":"","format":"standard","meta":{"_acf_changed":false,"footnotes":""},"categories":[11643],"tags":[11854],"coauthors":[10743],"class_list":["post-373866","post","type-post","status-publish","format-standard","has-post-thumbnail","hentry","category-finances-etiques","tag-noticies"],"acf":[],"yoast_head":"<!-- This site is optimized with the Yoast SEO plugin v26.9 - https:\/\/yoast.com\/product\/yoast-seo-wordpress\/ -->\n<title>M\u00e9s de 59 milions en pr\u00e9stecs a l\u2019economia social - Fiare Banca Etica<\/title>\n<meta name=\"robots\" content=\"index, follow, max-snippet:-1, max-image-preview:large, max-video-preview:-1\" \/>\n<link rel=\"canonical\" href=\"https:\/\/www.fiarebancaetica.coop\/ca\/mes-de-59-milions-en-prestecs-a-leconomia-social\/\" \/>\n<meta property=\"og:locale\" content=\"ca_ES\" \/>\n<meta property=\"og:type\" content=\"article\" \/>\n<meta property=\"og:title\" content=\"M\u00e9s de 59 milions en pr\u00e9stecs a l\u2019economia social - Fiare Banca Etica\" \/>\n<meta property=\"og:description\" content=\"En 2023 la nostra entitat va concedir m\u00e9s de 59 milions d&#8217;euros al finan\u00e7ament de projectes d&#8217;economia social, la qual cosa suposa un 24% m\u00e9s que l&#8217;anterior exercici, quan es van prestar prop de 48 milions. El 60,5% dels recursos crediticis es van destinar a l&#8217;\u00e0mbit social, amb el que projectes socioeducatius, d&#8217;integraci\u00f3 sociolaboral, agricultura [&hellip;]\" \/>\n<meta property=\"og:url\" content=\"https:\/\/www.fiarebancaetica.coop\/ca\/mes-de-59-milions-en-prestecs-a-leconomia-social\/\" \/>\n<meta property=\"og:site_name\" content=\"Fiare Banca Etica\" \/>\n<meta property=\"article:published_time\" content=\"2024-04-29T07:20:46+00:00\" \/>\n<meta property=\"article:modified_time\" content=\"2024-05-22T14:45:28+00:00\" \/>\n<meta property=\"og:image\" content=\"https:\/\/www.fiarebancaetica.coop\/app\/uploads\/sites\/2\/2023\/12\/Oficina-Fiare-Barcelona-01.jpg\" \/>\n\t<meta property=\"og:image:width\" content=\"1024\" \/>\n\t<meta property=\"og:image:height\" content=\"576\" \/>\n\t<meta property=\"og:image:type\" content=\"image\/jpeg\" \/>\n<meta name=\"author\" content=\"c.castrobancaetica\" \/>\n<meta name=\"twitter:card\" content=\"summary_large_image\" \/>\n<script type=\"application\/ld+json\" class=\"yoast-schema-graph\">{\"@context\":\"https:\/\/schema.org\",\"@graph\":[{\"@type\":\"Article\",\"@id\":\"https:\/\/www.fiarebancaetica.coop\/ca\/mes-de-59-milions-en-prestecs-a-leconomia-social\/#article\",\"isPartOf\":{\"@id\":\"https:\/\/www.fiarebancaetica.coop\/ca\/mes-de-59-milions-en-prestecs-a-leconomia-social\/\"},\"author\":{\"name\":\"c.castrobancaetica\",\"@id\":\"https:\/\/www.fiarebancaetica.coop\/ca\/#\/schema\/person\/1c4efa4aa7be2f4c12d1ec8c8bc7ec9d\"},\"headline\":\"M\u00e9s de 59 milions en pr\u00e9stecs a l\u2019economia social\",\"datePublished\":\"2024-04-29T07:20:46+00:00\",\"dateModified\":\"2024-05-22T14:45:28+00:00\",\"mainEntityOfPage\":{\"@id\":\"https:\/\/www.fiarebancaetica.coop\/ca\/mes-de-59-milions-en-prestecs-a-leconomia-social\/\"},\"wordCount\":518,\"image\":{\"@id\":\"https:\/\/www.fiarebancaetica.coop\/ca\/mes-de-59-milions-en-prestecs-a-leconomia-social\/#primaryimage\"},\"thumbnailUrl\":\"https:\/\/www.fiarebancaetica.coop\/app\/uploads\/sites\/2\/2023\/12\/Oficina-Fiare-Barcelona-01.jpg\",\"keywords\":[\"Not\u00edcies\"],\"articleSection\":[\"Finances \u00e8tiques\"],\"inLanguage\":\"ca\"},{\"@type\":\"WebPage\",\"@id\":\"https:\/\/www.fiarebancaetica.coop\/ca\/mes-de-59-milions-en-prestecs-a-leconomia-social\/\",\"url\":\"https:\/\/www.fiarebancaetica.coop\/ca\/mes-de-59-milions-en-prestecs-a-leconomia-social\/\",\"name\":\"M\u00e9s de 59 milions en pr\u00e9stecs a l\u2019economia social - Fiare Banca Etica\",\"isPartOf\":{\"@id\":\"https:\/\/www.fiarebancaetica.coop\/ca\/#website\"},\"primaryImageOfPage\":{\"@id\":\"https:\/\/www.fiarebancaetica.coop\/ca\/mes-de-59-milions-en-prestecs-a-leconomia-social\/#primaryimage\"},\"image\":{\"@id\":\"https:\/\/www.fiarebancaetica.coop\/ca\/mes-de-59-milions-en-prestecs-a-leconomia-social\/#primaryimage\"},\"thumbnailUrl\":\"https:\/\/www.fiarebancaetica.coop\/app\/uploads\/sites\/2\/2023\/12\/Oficina-Fiare-Barcelona-01.jpg\",\"datePublished\":\"2024-04-29T07:20:46+00:00\",\"dateModified\":\"2024-05-22T14:45:28+00:00\",\"author\":{\"@id\":\"https:\/\/www.fiarebancaetica.coop\/ca\/#\/schema\/person\/1c4efa4aa7be2f4c12d1ec8c8bc7ec9d\"},\"breadcrumb\":{\"@id\":\"https:\/\/www.fiarebancaetica.coop\/ca\/mes-de-59-milions-en-prestecs-a-leconomia-social\/#breadcrumb\"},\"inLanguage\":\"ca\",\"potentialAction\":[{\"@type\":\"ReadAction\",\"target\":[\"https:\/\/www.fiarebancaetica.coop\/ca\/mes-de-59-milions-en-prestecs-a-leconomia-social\/\"]}]},{\"@type\":\"ImageObject\",\"inLanguage\":\"ca\",\"@id\":\"https:\/\/www.fiarebancaetica.coop\/ca\/mes-de-59-milions-en-prestecs-a-leconomia-social\/#primaryimage\",\"url\":\"https:\/\/www.fiarebancaetica.coop\/app\/uploads\/sites\/2\/2023\/12\/Oficina-Fiare-Barcelona-01.jpg\",\"contentUrl\":\"https:\/\/www.fiarebancaetica.coop\/app\/uploads\/sites\/2\/2023\/12\/Oficina-Fiare-Barcelona-01.jpg\",\"width\":1024,\"height\":576},{\"@type\":\"BreadcrumbList\",\"@id\":\"https:\/\/www.fiarebancaetica.coop\/ca\/mes-de-59-milions-en-prestecs-a-leconomia-social\/#breadcrumb\",\"itemListElement\":[{\"@type\":\"ListItem\",\"position\":1,\"name\":\"Home\",\"item\":\"https:\/\/www.fiarebancaetica.coop\/ca\/\"},{\"@type\":\"ListItem\",\"position\":2,\"name\":\"M\u00e9s de 59 milions en pr\u00e9stecs a l\u2019economia social\"}]},{\"@type\":\"WebSite\",\"@id\":\"https:\/\/www.fiarebancaetica.coop\/ca\/#website\",\"url\":\"https:\/\/www.fiarebancaetica.coop\/ca\/\",\"name\":\"Fiare Banca Etica\",\"description\":\"\",\"potentialAction\":[{\"@type\":\"SearchAction\",\"target\":{\"@type\":\"EntryPoint\",\"urlTemplate\":\"https:\/\/www.fiarebancaetica.coop\/ca\/?s={search_term_string}\"},\"query-input\":{\"@type\":\"PropertyValueSpecification\",\"valueRequired\":true,\"valueName\":\"search_term_string\"}}],\"inLanguage\":\"ca\"},{\"@type\":\"Person\",\"@id\":\"https:\/\/www.fiarebancaetica.coop\/ca\/#\/schema\/person\/1c4efa4aa7be2f4c12d1ec8c8bc7ec9d\",\"name\":\"c.castrobancaetica\",\"image\":{\"@type\":\"ImageObject\",\"inLanguage\":\"ca\",\"@id\":\"https:\/\/www.fiarebancaetica.coop\/ca\/#\/schema\/person\/image\/f5a235634314aa27313fcd9c99409abd\",\"url\":\"https:\/\/secure.gravatar.com\/avatar\/7e842368c46d63aaa398f0d90120d2b7d7af72148ee6aa4436c6149c13fa4bb2?s=96&d=mm&r=g\",\"contentUrl\":\"https:\/\/secure.gravatar.com\/avatar\/7e842368c46d63aaa398f0d90120d2b7d7af72148ee6aa4436c6149c13fa4bb2?s=96&d=mm&r=g\",\"caption\":\"c.castrobancaetica\"}}]}<\/script>\n<!-- \/ Yoast SEO plugin. -->","yoast_head_json":{"title":"M\u00e9s de 59 milions en pr\u00e9stecs a l\u2019economia social - Fiare Banca Etica","robots":{"index":"index","follow":"follow","max-snippet":"max-snippet:-1","max-image-preview":"max-image-preview:large","max-video-preview":"max-video-preview:-1"},"canonical":"https:\/\/www.fiarebancaetica.coop\/ca\/mes-de-59-milions-en-prestecs-a-leconomia-social\/","og_locale":"ca_ES","og_type":"article","og_title":"M\u00e9s de 59 milions en pr\u00e9stecs a l\u2019economia social - Fiare Banca Etica","og_description":"En 2023 la nostra entitat va concedir m\u00e9s de 59 milions d&#8217;euros al finan\u00e7ament de projectes d&#8217;economia social, la qual cosa suposa un 24% m\u00e9s que l&#8217;anterior exercici, quan es van prestar prop de 48 milions. El 60,5% dels recursos crediticis es van destinar a l&#8217;\u00e0mbit social, amb el que projectes socioeducatius, d&#8217;integraci\u00f3 sociolaboral, agricultura [&hellip;]","og_url":"https:\/\/www.fiarebancaetica.coop\/ca\/mes-de-59-milions-en-prestecs-a-leconomia-social\/","og_site_name":"Fiare Banca Etica","article_published_time":"2024-04-29T07:20:46+00:00","article_modified_time":"2024-05-22T14:45:28+00:00","og_image":[{"width":1024,"height":576,"url":"https:\/\/www.fiarebancaetica.coop\/app\/uploads\/sites\/2\/2023\/12\/Oficina-Fiare-Barcelona-01.jpg","type":"image\/jpeg"}],"author":"c.castrobancaetica","twitter_card":"summary_large_image","schema":{"@context":"https:\/\/schema.org","@graph":[{"@type":"Article","@id":"https:\/\/www.fiarebancaetica.coop\/ca\/mes-de-59-milions-en-prestecs-a-leconomia-social\/#article","isPartOf":{"@id":"https:\/\/www.fiarebancaetica.coop\/ca\/mes-de-59-milions-en-prestecs-a-leconomia-social\/"},"author":{"name":"c.castrobancaetica","@id":"https:\/\/www.fiarebancaetica.coop\/ca\/#\/schema\/person\/1c4efa4aa7be2f4c12d1ec8c8bc7ec9d"},"headline":"M\u00e9s de 59 milions en pr\u00e9stecs a l\u2019economia social","datePublished":"2024-04-29T07:20:46+00:00","dateModified":"2024-05-22T14:45:28+00:00","mainEntityOfPage":{"@id":"https:\/\/www.fiarebancaetica.coop\/ca\/mes-de-59-milions-en-prestecs-a-leconomia-social\/"},"wordCount":518,"image":{"@id":"https:\/\/www.fiarebancaetica.coop\/ca\/mes-de-59-milions-en-prestecs-a-leconomia-social\/#primaryimage"},"thumbnailUrl":"https:\/\/www.fiarebancaetica.coop\/app\/uploads\/sites\/2\/2023\/12\/Oficina-Fiare-Barcelona-01.jpg","keywords":["Not\u00edcies"],"articleSection":["Finances \u00e8tiques"],"inLanguage":"ca"},{"@type":"WebPage","@id":"https:\/\/www.fiarebancaetica.coop\/ca\/mes-de-59-milions-en-prestecs-a-leconomia-social\/","url":"https:\/\/www.fiarebancaetica.coop\/ca\/mes-de-59-milions-en-prestecs-a-leconomia-social\/","name":"M\u00e9s de 59 milions en pr\u00e9stecs a l\u2019economia social - Fiare Banca Etica","isPartOf":{"@id":"https:\/\/www.fiarebancaetica.coop\/ca\/#website"},"primaryImageOfPage":{"@id":"https:\/\/www.fiarebancaetica.coop\/ca\/mes-de-59-milions-en-prestecs-a-leconomia-social\/#primaryimage"},"image":{"@id":"https:\/\/www.fiarebancaetica.coop\/ca\/mes-de-59-milions-en-prestecs-a-leconomia-social\/#primaryimage"},"thumbnailUrl":"https:\/\/www.fiarebancaetica.coop\/app\/uploads\/sites\/2\/2023\/12\/Oficina-Fiare-Barcelona-01.jpg","datePublished":"2024-04-29T07:20:46+00:00","dateModified":"2024-05-22T14:45:28+00:00","author":{"@id":"https:\/\/www.fiarebancaetica.coop\/ca\/#\/schema\/person\/1c4efa4aa7be2f4c12d1ec8c8bc7ec9d"},"breadcrumb":{"@id":"https:\/\/www.fiarebancaetica.coop\/ca\/mes-de-59-milions-en-prestecs-a-leconomia-social\/#breadcrumb"},"inLanguage":"ca","potentialAction":[{"@type":"ReadAction","target":["https:\/\/www.fiarebancaetica.coop\/ca\/mes-de-59-milions-en-prestecs-a-leconomia-social\/"]}]},{"@type":"ImageObject","inLanguage":"ca","@id":"https:\/\/www.fiarebancaetica.coop\/ca\/mes-de-59-milions-en-prestecs-a-leconomia-social\/#primaryimage","url":"https:\/\/www.fiarebancaetica.coop\/app\/uploads\/sites\/2\/2023\/12\/Oficina-Fiare-Barcelona-01.jpg","contentUrl":"https:\/\/www.fiarebancaetica.coop\/app\/uploads\/sites\/2\/2023\/12\/Oficina-Fiare-Barcelona-01.jpg","width":1024,"height":576},{"@type":"BreadcrumbList","@id":"https:\/\/www.fiarebancaetica.coop\/ca\/mes-de-59-milions-en-prestecs-a-leconomia-social\/#breadcrumb","itemListElement":[{"@type":"ListItem","position":1,"name":"Home","item":"https:\/\/www.fiarebancaetica.coop\/ca\/"},{"@type":"ListItem","position":2,"name":"M\u00e9s de 59 milions en pr\u00e9stecs a l\u2019economia social"}]},{"@type":"WebSite","@id":"https:\/\/www.fiarebancaetica.coop\/ca\/#website","url":"https:\/\/www.fiarebancaetica.coop\/ca\/","name":"Fiare Banca Etica","description":"","potentialAction":[{"@type":"SearchAction","target":{"@type":"EntryPoint","urlTemplate":"https:\/\/www.fiarebancaetica.coop\/ca\/?s={search_term_string}"},"query-input":{"@type":"PropertyValueSpecification","valueRequired":true,"valueName":"search_term_string"}}],"inLanguage":"ca"},{"@type":"Person","@id":"https:\/\/www.fiarebancaetica.coop\/ca\/#\/schema\/person\/1c4efa4aa7be2f4c12d1ec8c8bc7ec9d","name":"c.castrobancaetica","image":{"@type":"ImageObject","inLanguage":"ca","@id":"https:\/\/www.fiarebancaetica.coop\/ca\/#\/schema\/person\/image\/f5a235634314aa27313fcd9c99409abd","url":"https:\/\/secure.gravatar.com\/avatar\/7e842368c46d63aaa398f0d90120d2b7d7af72148ee6aa4436c6149c13fa4bb2?s=96&d=mm&r=g","contentUrl":"https:\/\/secure.gravatar.com\/avatar\/7e842368c46d63aaa398f0d90120d2b7d7af72148ee6aa4436c6149c13fa4bb2?s=96&d=mm&r=g","caption":"c.castrobancaetica"}}]}},"_links":{"self":[{"href":"https:\/\/www.fiarebancaetica.coop\/ca\/wp-json\/wp\/v2\/posts\/373866","targetHints":{"allow":["GET"]}}],"collection":[{"href":"https:\/\/www.fiarebancaetica.coop\/ca\/wp-json\/wp\/v2\/posts"}],"about":[{"href":"https:\/\/www.fiarebancaetica.coop\/ca\/wp-json\/wp\/v2\/types\/post"}],"author":[{"embeddable":true,"href":"https:\/\/www.fiarebancaetica.coop\/ca\/wp-json\/wp\/v2\/users\/6693"}],"replies":[{"embeddable":true,"href":"https:\/\/www.fiarebancaetica.coop\/ca\/wp-json\/wp\/v2\/comments?post=373866"}],"version-history":[{"count":4,"href":"https:\/\/www.fiarebancaetica.coop\/ca\/wp-json\/wp\/v2\/posts\/373866\/revisions"}],"predecessor-version":[{"id":375375,"href":"https:\/\/www.fiarebancaetica.coop\/ca\/wp-json\/wp\/v2\/posts\/373866\/revisions\/375375"}],"wp:featuredmedia":[{"embeddable":true,"href":"https:\/\/www.fiarebancaetica.coop\/ca\/wp-json\/wp\/v2\/media\/334746"}],"wp:attachment":[{"href":"https:\/\/www.fiarebancaetica.coop\/ca\/wp-json\/wp\/v2\/media?parent=373866"}],"wp:term":[{"taxonomy":"category","embeddable":true,"href":"https:\/\/www.fiarebancaetica.coop\/ca\/wp-json\/wp\/v2\/categories?post=373866"},{"taxonomy":"post_tag","embeddable":true,"href":"https:\/\/www.fiarebancaetica.coop\/ca\/wp-json\/wp\/v2\/tags?post=373866"},{"taxonomy":"author","embeddable":true,"href":"https:\/\/www.fiarebancaetica.coop\/ca\/wp-json\/wp\/v2\/coauthors?post=373866"}],"curies":[{"name":"wp","href":"https:\/\/api.w.org\/{rel}","templated":true}]}}