{"id":375254,"date":"2024-05-15T10:01:45","date_gmt":"2024-05-15T08:01:45","guid":{"rendered":"https:\/\/www.fiarebancaetica.coop\/?p=375254"},"modified":"2024-05-15T10:01:47","modified_gmt":"2024-05-15T08:01:47","slug":"finances-per-la-pau-el-medi-ambient-i-leconomia-social-les-propostes-de-banca-etica-per-a-les-eleccions-europees","status":"publish","type":"post","link":"https:\/\/www.fiarebancaetica.coop\/ca\/finances-per-la-pau-el-medi-ambient-i-leconomia-social-les-propostes-de-banca-etica-per-a-les-eleccions-europees\/","title":{"rendered":"Finances per la pau, el medi ambient i l&#8217;economia social: les propostes de Banca Etica per a les eleccions europees"},"content":{"rendered":"\n\n<div class=\"wp-block-bancaetica-blocks-blocks-block-49\">\n    <div class=\"container-block-49\">\n\n        <div class=\"header-section \">\n                            <h1 class=\"section-title\"> Finances \u00c8tiques <\/h1>\n                                            <\/div>\n\n        \n        <div class=\"block-background\" style=\"background-image: url('https:\/\/www.fiarebancaetica.coop\/app\/uploads\/sites\/2\/2024\/05\/parlamento-europeo-scaled.jpg')\">\n                            <div class=\"tile\">\n                    <h1 class=\"image-title\">  Finances per la pau, el medi ambient i l&#8217;economia social: les propostes de Banca Etica per a les eleccions europees <\/h1>\n                <\/div>             <!-- end .tile -->\n            <div class=\"bottom-content\">\n                            <\/div> <!-- end .button-content -->\n        <\/div> <!-- end .block-background -->\n    <\/div> <!-- end .container -->\n<\/div> <!-- end wp-block-bancaetica-blocks-blocks-block-06 -->\n\n<p>Promoure la pau, lluitar contra el canvi clim\u00e0tic, combatre les desigualtats mitjan\u00e7ant el suport a l&#8217;economia social: aquests s\u00f3n els grans reptes als quals s&#8217;enfronta Europa en aquest moment hist\u00f2ric que pot representar una fita fonamental per al futur del planeta.<\/p>\n<p>\u00a0<\/p>\n<p>Les finances \u00e8tiques neixen com a motor de canvi amb l&#8217;objectiu de contribuir a la construcci\u00f3 d&#8217;una societat m\u00e9s justa i a la protecci\u00f3 del medi ambient.<\/p>\n<p>\u00a0<\/p>\n<p>Per aquest motiu, el Grup Banca\u00a0Etica, membre fundador de la Federaci\u00f3 Europea de Bancs \u00c8tics i Alternatius\u00a0FEBEA, amb vista a les eleccions europees dels dies 8 i 9 de juny, proposa a tots els candidats al Parlament Europeu un debat sobre mesures legislatives que -afectant el sistema financer- puguin afavorir la pau, la protecci\u00f3 del medi ambient i el creixement de l&#8217;economia social.<\/p>\n<p>\u00a0<\/p>\n<p>A continuaci\u00f3 els punts de la nostra proposta:<\/p>\n<h4>Finan\u00e7ar la pau<\/h4>\n<p>En els \u00faltims anys, la despesa en armament ha aconseguit un r\u00e8cord hist\u00f2ric: s&#8217;han gastat m\u00e9s de dos bilions de d\u00f2lars en defensa a tot el m\u00f3n. Es tracta d&#8217;una carrera armament\u00edstica que no sols compromet la despesa p\u00fablica, sin\u00f3 que proporciona beneficis estratosf\u00e8rics als fabricants d&#8217;armes, els bancs i les societats d&#8217;inversi\u00f3 que els secunden.<\/p>\n<p>\u00a0<\/p>\n<p><strong>No a les armes en el marc de les finances sostenibles:<\/strong> exigim que les inversions armament\u00edstiques quedin excloses de qualsevol definici\u00f3 de finances sostenibles, en contra de les recents declaracions dels ministres de Defensa de la UE.<\/p>\n<p>\u00a0<\/p>\n<p><strong>Transpar\u00e8ncia en el comer\u00e7 d&#8217;armes<\/strong>: mentre It\u00e0lia desmantella la llei 185\/90 que regula les exportacions italianes d&#8217;armes a tothom i la transpar\u00e8ncia banc\u00e0ria en el sector, demanem que s&#8217;obligui a tots els bancs europeus a fer p\u00fabliques les seves transaccions amb la ind\u00fastria armament\u00edstica, permetent als ciutadans i a les institucions controlar l&#8217;\u00fas dels seus estalvis.<\/p>\n<p>\u00a0<\/p>\n<p><strong>Lluita contra els paradisos fiscals<\/strong>: aplicaci\u00f3 de mesures concretes per a limitar les transaccions financeres vinculades al comer\u00e7 d&#8217;armes que s&#8217;amaguen despr\u00e9s de l&#8217;anonimat dels paradisos fiscals. Cada euro llevat de les arques p\u00fabliques per a finan\u00e7ar la guerra \u00e9s un recurs negat al benestar, l&#8217;educaci\u00f3 i la sanitat.<\/p>\n<h4>Finan\u00e7ament per al medi ambient<\/h4>\n<div class=\"traductor-textarea form-group\">\n<div class=\"textarea-desti col-xs-12 col-sm-6\">\n<div class=\"form-control second-textarea\">Lamentablement, els esfor\u00e7os de la Uni\u00f3 Europea en mat\u00e8ria de transici\u00f3 ecol\u00f2gica i lluita contra el canvi clim\u00e0tic s&#8217;han dilu\u00eft. Nombrosos estudis tamb\u00e9 han posat de manifest el desenfrenat\u00a0greenwashing\u00a0de les institucions financeres que parlen de sostenibilitat, per\u00f2 continuen finan\u00e7ant massivament els combustibles f\u00f2ssils: els 60 majors grups bancaris -sovint els mateixos que estan en primera fila glorificant la seva pr\u00f2pia \u00absostenibilitat\u00bb- han proporcionat cinc bilions de d\u00f2lars a la ind\u00fastria dels combustibles f\u00f2ssils en els \u00faltims set anys.<\/div>\n<\/div>\n<\/div>\n<div class=\"traductor-checkbox form-group\">\n<div class=\"row\">\n<div class=\"col-sm-offset-2 col-sm-5\">\u00a0<\/div>\n<\/div>\n<\/div>\n<p>\u00a0<\/p>\n<div class=\"traductor-textarea form-group\">\n<div class=\"textarea-desti col-xs-12 col-sm-6\">\n<div class=\"form-control second-textarea\">Les nostres propostes per a invertir el rumb<\/div>\n<\/div>\n<\/div>\n<p>\u00a0<\/p>\n<p><strong>Obligatorietat d&#8217;informar sobre els impactes negatius<\/strong>: tots els productes financers, no sols els etiquetatges com a \u00absostenibles\u00bb, han de destacar clarament els seus danys potencials sobre el medi ambient i la societat. La transpar\u00e8ncia \u00e9s el primer pas cap a un canvi conscient.<\/p>\n<p>\u00a0<\/p>\n<p><strong>Criteris vinculants per al \u00abzero net\u00bb<\/strong>: creiem que \u00e9s necessari acabar amb les declaracions d&#8217;intencions vagues i enganyoses. Necessitem un marc regulador europeu estricte que defineixi normes clares i verificables per als qui aspiren a zero emissions netes, contrarestant el fenomen rampant del\u00a0greenwashing.<\/p>\n<h4>Finan\u00e7ament per a l&#8217;economia social i la lluita contra la desigualtat<\/h4>\n<p>Les institucions europees diuen voler donar suport a l&#8217;economia social en el continent i l&#8217;acc\u00e9s al cr\u00e8dit seria una palanca clau per al creixement i la consolidaci\u00f3 de les empreses que operen en aquest sector. Per\u00f2 les normes actuals afavoreixen en realitat a les grans empreses i multinacionals.<\/p>\n<p>\u00a0<\/p>\n<p>Avui seria necessari deixar de penalitzar als bancs que busquen donar suport a realitats que promouen la inclusi\u00f3 social.<\/p>\n<p>\u00a0<\/p>\n<p>Per aix\u00f2, el Grup Banca\u00a0Etica\u00a0proposa modificar els requisits d&#8217;absorci\u00f3 de capital: moltes empreses socials es consideren d&#8217;alt risc i, per tant, estan subjectes a una absorci\u00f3 de capital del 100%. No obstant aix\u00f2, l&#8217;economia social ha demostrat ser m\u00e9s s\u00f2lida i resistent que altres sectors. No hi ha cap ra\u00f3 t\u00e8cnica v\u00e0lida per a penalitzar-la amb tals normes. La introducci\u00f3 d&#8217;un \u00abfactor de suport social\u00bb que redueixi l&#8217;absorci\u00f3 de capital per a les realitats de l&#8217;economia social seria un factor clau per a secundar-les.<\/p>\n<p>\u00a0<\/p>\n<p>A m\u00e9s, en els \u00faltims anys les institucions europees han pressionat als bancs perqu\u00e8 redueixin els pr\u00e9stecs morosos (els famosos\u00a0NPL). \u00c9s un objectiu just, per\u00f2 les mesures adoptades corren el risc de colpejar durament als qui ja tenen dificultats per a obtenir cr\u00e8dits i serveis financers. \u00c9s necessari legislar per a protegir, demanant claredat i prud\u00e8ncia, per\u00f2 tamb\u00e9 donant un respir als qui es troben temporalment en dificultats financers. \u00c9s essencial garantir que els bancs donin suport a l&#8217;economia social i les seves realitats.<\/p>\n<p>\u00a0<\/p>\n<p>Esperem que la nostra invitaci\u00f3 a la confrontaci\u00f3 sigui acceptada i que les nostres propostes puguin contribuir a construir una Europa m\u00e9s justa, sostenible i pac\u00edfica.<\/p>\n<p>\u00a0<\/p>\n<p>Imatge de <a href=\"https:\/\/unsplash.com\/es\/@christianlue\">Christian Lue<\/a> a\u00a0<a href=\"https:\/\/unsplash.com\/es\/fotos\/bandera-azul-en-un-mastil-cerca-de-un-edificio-C241mbgtgys\">Unsplash<\/a>.<\/p>\n<p>\u00a0<\/p>","protected":false},"excerpt":{"rendered":"<p>Promoure la pau, lluitar contra el canvi clim\u00e0tic, combatre les desigualtats mitjan\u00e7ant el suport a l&#8217;economia social: aquests s\u00f3n els grans reptes als quals s&#8217;enfronta Europa en aquest moment hist\u00f2ric que pot representar una fita fonamental per al futur del planeta. \u00a0 Les finances \u00e8tiques neixen com a motor de canvi amb l&#8217;objectiu de contribuir [&hellip;]<\/p>\n","protected":false},"author":6693,"featured_media":374001,"comment_status":"closed","ping_status":"closed","sticky":false,"template":"","format":"standard","meta":{"_acf_changed":false,"footnotes":""},"categories":[11643],"tags":[],"coauthors":[10743],"class_list":["post-375254","post","type-post","status-publish","format-standard","has-post-thumbnail","hentry","category-finances-etiques"],"acf":[],"yoast_head":"<!-- This site is optimized with the Yoast SEO plugin v26.9 - https:\/\/yoast.com\/product\/yoast-seo-wordpress\/ -->\n<title>Finances per la pau, el medi ambient i l&#039;economia social: les propostes de Banca Etica per a les eleccions europees - Fiare Banca Etica<\/title>\n<meta name=\"robots\" content=\"index, follow, max-snippet:-1, max-image-preview:large, max-video-preview:-1\" \/>\n<link rel=\"canonical\" href=\"https:\/\/www.fiarebancaetica.coop\/ca\/finances-per-la-pau-el-medi-ambient-i-leconomia-social-les-propostes-de-banca-etica-per-a-les-eleccions-europees\/\" \/>\n<meta property=\"og:locale\" content=\"ca_ES\" \/>\n<meta property=\"og:type\" content=\"article\" \/>\n<meta property=\"og:title\" content=\"Finances per la pau, el medi ambient i l&#039;economia social: les propostes de Banca Etica per a les eleccions europees - Fiare Banca Etica\" \/>\n<meta property=\"og:description\" content=\"Promoure la pau, lluitar contra el canvi clim\u00e0tic, combatre les desigualtats mitjan\u00e7ant el suport a l&#8217;economia social: aquests s\u00f3n els grans reptes als quals s&#8217;enfronta Europa en aquest moment hist\u00f2ric que pot representar una fita fonamental per al futur del planeta. \u00a0 Les finances \u00e8tiques neixen com a motor de canvi amb l&#8217;objectiu de contribuir [&hellip;]\" \/>\n<meta property=\"og:url\" content=\"https:\/\/www.fiarebancaetica.coop\/ca\/finances-per-la-pau-el-medi-ambient-i-leconomia-social-les-propostes-de-banca-etica-per-a-les-eleccions-europees\/\" \/>\n<meta property=\"og:site_name\" content=\"Fiare Banca Etica\" \/>\n<meta property=\"article:published_time\" content=\"2024-05-15T08:01:45+00:00\" \/>\n<meta property=\"article:modified_time\" content=\"2024-05-15T08:01:47+00:00\" \/>\n<meta property=\"og:image\" content=\"https:\/\/www.fiarebancaetica.coop\/app\/uploads\/sites\/2\/2024\/05\/parlamento-europeo-scaled.jpg\" \/>\n\t<meta property=\"og:image:width\" content=\"2560\" \/>\n\t<meta property=\"og:image:height\" content=\"1614\" \/>\n\t<meta property=\"og:image:type\" content=\"image\/jpeg\" \/>\n<meta name=\"author\" content=\"c.castrobancaetica\" \/>\n<meta name=\"twitter:card\" content=\"summary_large_image\" \/>\n<script type=\"application\/ld+json\" class=\"yoast-schema-graph\">{\"@context\":\"https:\/\/schema.org\",\"@graph\":[{\"@type\":\"Article\",\"@id\":\"https:\/\/www.fiarebancaetica.coop\/ca\/finances-per-la-pau-el-medi-ambient-i-leconomia-social-les-propostes-de-banca-etica-per-a-les-eleccions-europees\/#article\",\"isPartOf\":{\"@id\":\"https:\/\/www.fiarebancaetica.coop\/ca\/finances-per-la-pau-el-medi-ambient-i-leconomia-social-les-propostes-de-banca-etica-per-a-les-eleccions-europees\/\"},\"author\":{\"name\":\"c.castrobancaetica\",\"@id\":\"https:\/\/www.fiarebancaetica.coop\/ca\/#\/schema\/person\/1c4efa4aa7be2f4c12d1ec8c8bc7ec9d\"},\"headline\":\"Finances per la pau, el medi ambient i l&#8217;economia social: les propostes de Banca Etica per a les eleccions europees\",\"datePublished\":\"2024-05-15T08:01:45+00:00\",\"dateModified\":\"2024-05-15T08:01:47+00:00\",\"mainEntityOfPage\":{\"@id\":\"https:\/\/www.fiarebancaetica.coop\/ca\/finances-per-la-pau-el-medi-ambient-i-leconomia-social-les-propostes-de-banca-etica-per-a-les-eleccions-europees\/\"},\"wordCount\":901,\"image\":{\"@id\":\"https:\/\/www.fiarebancaetica.coop\/ca\/finances-per-la-pau-el-medi-ambient-i-leconomia-social-les-propostes-de-banca-etica-per-a-les-eleccions-europees\/#primaryimage\"},\"thumbnailUrl\":\"https:\/\/www.fiarebancaetica.coop\/app\/uploads\/sites\/2\/2024\/05\/parlamento-europeo-scaled.jpg\",\"articleSection\":[\"Finances \u00e8tiques\"],\"inLanguage\":\"ca\"},{\"@type\":\"WebPage\",\"@id\":\"https:\/\/www.fiarebancaetica.coop\/ca\/finances-per-la-pau-el-medi-ambient-i-leconomia-social-les-propostes-de-banca-etica-per-a-les-eleccions-europees\/\",\"url\":\"https:\/\/www.fiarebancaetica.coop\/ca\/finances-per-la-pau-el-medi-ambient-i-leconomia-social-les-propostes-de-banca-etica-per-a-les-eleccions-europees\/\",\"name\":\"Finances per la pau, el medi ambient i l'economia social: les propostes de Banca Etica per a les eleccions europees - Fiare Banca Etica\",\"isPartOf\":{\"@id\":\"https:\/\/www.fiarebancaetica.coop\/ca\/#website\"},\"primaryImageOfPage\":{\"@id\":\"https:\/\/www.fiarebancaetica.coop\/ca\/finances-per-la-pau-el-medi-ambient-i-leconomia-social-les-propostes-de-banca-etica-per-a-les-eleccions-europees\/#primaryimage\"},\"image\":{\"@id\":\"https:\/\/www.fiarebancaetica.coop\/ca\/finances-per-la-pau-el-medi-ambient-i-leconomia-social-les-propostes-de-banca-etica-per-a-les-eleccions-europees\/#primaryimage\"},\"thumbnailUrl\":\"https:\/\/www.fiarebancaetica.coop\/app\/uploads\/sites\/2\/2024\/05\/parlamento-europeo-scaled.jpg\",\"datePublished\":\"2024-05-15T08:01:45+00:00\",\"dateModified\":\"2024-05-15T08:01:47+00:00\",\"author\":{\"@id\":\"https:\/\/www.fiarebancaetica.coop\/ca\/#\/schema\/person\/1c4efa4aa7be2f4c12d1ec8c8bc7ec9d\"},\"breadcrumb\":{\"@id\":\"https:\/\/www.fiarebancaetica.coop\/ca\/finances-per-la-pau-el-medi-ambient-i-leconomia-social-les-propostes-de-banca-etica-per-a-les-eleccions-europees\/#breadcrumb\"},\"inLanguage\":\"ca\",\"potentialAction\":[{\"@type\":\"ReadAction\",\"target\":[\"https:\/\/www.fiarebancaetica.coop\/ca\/finances-per-la-pau-el-medi-ambient-i-leconomia-social-les-propostes-de-banca-etica-per-a-les-eleccions-europees\/\"]}]},{\"@type\":\"ImageObject\",\"inLanguage\":\"ca\",\"@id\":\"https:\/\/www.fiarebancaetica.coop\/ca\/finances-per-la-pau-el-medi-ambient-i-leconomia-social-les-propostes-de-banca-etica-per-a-les-eleccions-europees\/#primaryimage\",\"url\":\"https:\/\/www.fiarebancaetica.coop\/app\/uploads\/sites\/2\/2024\/05\/parlamento-europeo-scaled.jpg\",\"contentUrl\":\"https:\/\/www.fiarebancaetica.coop\/app\/uploads\/sites\/2\/2024\/05\/parlamento-europeo-scaled.jpg\",\"width\":2560,\"height\":1614},{\"@type\":\"BreadcrumbList\",\"@id\":\"https:\/\/www.fiarebancaetica.coop\/ca\/finances-per-la-pau-el-medi-ambient-i-leconomia-social-les-propostes-de-banca-etica-per-a-les-eleccions-europees\/#breadcrumb\",\"itemListElement\":[{\"@type\":\"ListItem\",\"position\":1,\"name\":\"Home\",\"item\":\"https:\/\/www.fiarebancaetica.coop\/ca\/\"},{\"@type\":\"ListItem\",\"position\":2,\"name\":\"Finances per la pau, el medi ambient i l&#8217;economia social: les propostes de Banca Etica per a les eleccions europees\"}]},{\"@type\":\"WebSite\",\"@id\":\"https:\/\/www.fiarebancaetica.coop\/ca\/#website\",\"url\":\"https:\/\/www.fiarebancaetica.coop\/ca\/\",\"name\":\"Fiare Banca Etica\",\"description\":\"\",\"potentialAction\":[{\"@type\":\"SearchAction\",\"target\":{\"@type\":\"EntryPoint\",\"urlTemplate\":\"https:\/\/www.fiarebancaetica.coop\/ca\/?s={search_term_string}\"},\"query-input\":{\"@type\":\"PropertyValueSpecification\",\"valueRequired\":true,\"valueName\":\"search_term_string\"}}],\"inLanguage\":\"ca\"},{\"@type\":\"Person\",\"@id\":\"https:\/\/www.fiarebancaetica.coop\/ca\/#\/schema\/person\/1c4efa4aa7be2f4c12d1ec8c8bc7ec9d\",\"name\":\"c.castrobancaetica\",\"image\":{\"@type\":\"ImageObject\",\"inLanguage\":\"ca\",\"@id\":\"https:\/\/www.fiarebancaetica.coop\/ca\/#\/schema\/person\/image\/f5a235634314aa27313fcd9c99409abd\",\"url\":\"https:\/\/secure.gravatar.com\/avatar\/7e842368c46d63aaa398f0d90120d2b7d7af72148ee6aa4436c6149c13fa4bb2?s=96&d=mm&r=g\",\"contentUrl\":\"https:\/\/secure.gravatar.com\/avatar\/7e842368c46d63aaa398f0d90120d2b7d7af72148ee6aa4436c6149c13fa4bb2?s=96&d=mm&r=g\",\"caption\":\"c.castrobancaetica\"}}]}<\/script>\n<!-- \/ Yoast SEO plugin. -->","yoast_head_json":{"title":"Finances per la pau, el medi ambient i l'economia social: les propostes de Banca Etica per a les eleccions europees - Fiare Banca Etica","robots":{"index":"index","follow":"follow","max-snippet":"max-snippet:-1","max-image-preview":"max-image-preview:large","max-video-preview":"max-video-preview:-1"},"canonical":"https:\/\/www.fiarebancaetica.coop\/ca\/finances-per-la-pau-el-medi-ambient-i-leconomia-social-les-propostes-de-banca-etica-per-a-les-eleccions-europees\/","og_locale":"ca_ES","og_type":"article","og_title":"Finances per la pau, el medi ambient i l'economia social: les propostes de Banca Etica per a les eleccions europees - Fiare Banca Etica","og_description":"Promoure la pau, lluitar contra el canvi clim\u00e0tic, combatre les desigualtats mitjan\u00e7ant el suport a l&#8217;economia social: aquests s\u00f3n els grans reptes als quals s&#8217;enfronta Europa en aquest moment hist\u00f2ric que pot representar una fita fonamental per al futur del planeta. \u00a0 Les finances \u00e8tiques neixen com a motor de canvi amb l&#8217;objectiu de contribuir [&hellip;]","og_url":"https:\/\/www.fiarebancaetica.coop\/ca\/finances-per-la-pau-el-medi-ambient-i-leconomia-social-les-propostes-de-banca-etica-per-a-les-eleccions-europees\/","og_site_name":"Fiare Banca Etica","article_published_time":"2024-05-15T08:01:45+00:00","article_modified_time":"2024-05-15T08:01:47+00:00","og_image":[{"width":2560,"height":1614,"url":"https:\/\/www.fiarebancaetica.coop\/app\/uploads\/sites\/2\/2024\/05\/parlamento-europeo-scaled.jpg","type":"image\/jpeg"}],"author":"c.castrobancaetica","twitter_card":"summary_large_image","schema":{"@context":"https:\/\/schema.org","@graph":[{"@type":"Article","@id":"https:\/\/www.fiarebancaetica.coop\/ca\/finances-per-la-pau-el-medi-ambient-i-leconomia-social-les-propostes-de-banca-etica-per-a-les-eleccions-europees\/#article","isPartOf":{"@id":"https:\/\/www.fiarebancaetica.coop\/ca\/finances-per-la-pau-el-medi-ambient-i-leconomia-social-les-propostes-de-banca-etica-per-a-les-eleccions-europees\/"},"author":{"name":"c.castrobancaetica","@id":"https:\/\/www.fiarebancaetica.coop\/ca\/#\/schema\/person\/1c4efa4aa7be2f4c12d1ec8c8bc7ec9d"},"headline":"Finances per la pau, el medi ambient i l&#8217;economia social: les propostes de Banca Etica per a les eleccions europees","datePublished":"2024-05-15T08:01:45+00:00","dateModified":"2024-05-15T08:01:47+00:00","mainEntityOfPage":{"@id":"https:\/\/www.fiarebancaetica.coop\/ca\/finances-per-la-pau-el-medi-ambient-i-leconomia-social-les-propostes-de-banca-etica-per-a-les-eleccions-europees\/"},"wordCount":901,"image":{"@id":"https:\/\/www.fiarebancaetica.coop\/ca\/finances-per-la-pau-el-medi-ambient-i-leconomia-social-les-propostes-de-banca-etica-per-a-les-eleccions-europees\/#primaryimage"},"thumbnailUrl":"https:\/\/www.fiarebancaetica.coop\/app\/uploads\/sites\/2\/2024\/05\/parlamento-europeo-scaled.jpg","articleSection":["Finances \u00e8tiques"],"inLanguage":"ca"},{"@type":"WebPage","@id":"https:\/\/www.fiarebancaetica.coop\/ca\/finances-per-la-pau-el-medi-ambient-i-leconomia-social-les-propostes-de-banca-etica-per-a-les-eleccions-europees\/","url":"https:\/\/www.fiarebancaetica.coop\/ca\/finances-per-la-pau-el-medi-ambient-i-leconomia-social-les-propostes-de-banca-etica-per-a-les-eleccions-europees\/","name":"Finances per la pau, el medi ambient i l'economia social: les propostes de Banca Etica per a les eleccions europees - Fiare Banca Etica","isPartOf":{"@id":"https:\/\/www.fiarebancaetica.coop\/ca\/#website"},"primaryImageOfPage":{"@id":"https:\/\/www.fiarebancaetica.coop\/ca\/finances-per-la-pau-el-medi-ambient-i-leconomia-social-les-propostes-de-banca-etica-per-a-les-eleccions-europees\/#primaryimage"},"image":{"@id":"https:\/\/www.fiarebancaetica.coop\/ca\/finances-per-la-pau-el-medi-ambient-i-leconomia-social-les-propostes-de-banca-etica-per-a-les-eleccions-europees\/#primaryimage"},"thumbnailUrl":"https:\/\/www.fiarebancaetica.coop\/app\/uploads\/sites\/2\/2024\/05\/parlamento-europeo-scaled.jpg","datePublished":"2024-05-15T08:01:45+00:00","dateModified":"2024-05-15T08:01:47+00:00","author":{"@id":"https:\/\/www.fiarebancaetica.coop\/ca\/#\/schema\/person\/1c4efa4aa7be2f4c12d1ec8c8bc7ec9d"},"breadcrumb":{"@id":"https:\/\/www.fiarebancaetica.coop\/ca\/finances-per-la-pau-el-medi-ambient-i-leconomia-social-les-propostes-de-banca-etica-per-a-les-eleccions-europees\/#breadcrumb"},"inLanguage":"ca","potentialAction":[{"@type":"ReadAction","target":["https:\/\/www.fiarebancaetica.coop\/ca\/finances-per-la-pau-el-medi-ambient-i-leconomia-social-les-propostes-de-banca-etica-per-a-les-eleccions-europees\/"]}]},{"@type":"ImageObject","inLanguage":"ca","@id":"https:\/\/www.fiarebancaetica.coop\/ca\/finances-per-la-pau-el-medi-ambient-i-leconomia-social-les-propostes-de-banca-etica-per-a-les-eleccions-europees\/#primaryimage","url":"https:\/\/www.fiarebancaetica.coop\/app\/uploads\/sites\/2\/2024\/05\/parlamento-europeo-scaled.jpg","contentUrl":"https:\/\/www.fiarebancaetica.coop\/app\/uploads\/sites\/2\/2024\/05\/parlamento-europeo-scaled.jpg","width":2560,"height":1614},{"@type":"BreadcrumbList","@id":"https:\/\/www.fiarebancaetica.coop\/ca\/finances-per-la-pau-el-medi-ambient-i-leconomia-social-les-propostes-de-banca-etica-per-a-les-eleccions-europees\/#breadcrumb","itemListElement":[{"@type":"ListItem","position":1,"name":"Home","item":"https:\/\/www.fiarebancaetica.coop\/ca\/"},{"@type":"ListItem","position":2,"name":"Finances per la pau, el medi ambient i l&#8217;economia social: les propostes de Banca Etica per a les eleccions europees"}]},{"@type":"WebSite","@id":"https:\/\/www.fiarebancaetica.coop\/ca\/#website","url":"https:\/\/www.fiarebancaetica.coop\/ca\/","name":"Fiare Banca Etica","description":"","potentialAction":[{"@type":"SearchAction","target":{"@type":"EntryPoint","urlTemplate":"https:\/\/www.fiarebancaetica.coop\/ca\/?s={search_term_string}"},"query-input":{"@type":"PropertyValueSpecification","valueRequired":true,"valueName":"search_term_string"}}],"inLanguage":"ca"},{"@type":"Person","@id":"https:\/\/www.fiarebancaetica.coop\/ca\/#\/schema\/person\/1c4efa4aa7be2f4c12d1ec8c8bc7ec9d","name":"c.castrobancaetica","image":{"@type":"ImageObject","inLanguage":"ca","@id":"https:\/\/www.fiarebancaetica.coop\/ca\/#\/schema\/person\/image\/f5a235634314aa27313fcd9c99409abd","url":"https:\/\/secure.gravatar.com\/avatar\/7e842368c46d63aaa398f0d90120d2b7d7af72148ee6aa4436c6149c13fa4bb2?s=96&d=mm&r=g","contentUrl":"https:\/\/secure.gravatar.com\/avatar\/7e842368c46d63aaa398f0d90120d2b7d7af72148ee6aa4436c6149c13fa4bb2?s=96&d=mm&r=g","caption":"c.castrobancaetica"}}]}},"_links":{"self":[{"href":"https:\/\/www.fiarebancaetica.coop\/ca\/wp-json\/wp\/v2\/posts\/375254","targetHints":{"allow":["GET"]}}],"collection":[{"href":"https:\/\/www.fiarebancaetica.coop\/ca\/wp-json\/wp\/v2\/posts"}],"about":[{"href":"https:\/\/www.fiarebancaetica.coop\/ca\/wp-json\/wp\/v2\/types\/post"}],"author":[{"embeddable":true,"href":"https:\/\/www.fiarebancaetica.coop\/ca\/wp-json\/wp\/v2\/users\/6693"}],"replies":[{"embeddable":true,"href":"https:\/\/www.fiarebancaetica.coop\/ca\/wp-json\/wp\/v2\/comments?post=375254"}],"version-history":[{"count":2,"href":"https:\/\/www.fiarebancaetica.coop\/ca\/wp-json\/wp\/v2\/posts\/375254\/revisions"}],"predecessor-version":[{"id":375256,"href":"https:\/\/www.fiarebancaetica.coop\/ca\/wp-json\/wp\/v2\/posts\/375254\/revisions\/375256"}],"wp:featuredmedia":[{"embeddable":true,"href":"https:\/\/www.fiarebancaetica.coop\/ca\/wp-json\/wp\/v2\/media\/374001"}],"wp:attachment":[{"href":"https:\/\/www.fiarebancaetica.coop\/ca\/wp-json\/wp\/v2\/media?parent=375254"}],"wp:term":[{"taxonomy":"category","embeddable":true,"href":"https:\/\/www.fiarebancaetica.coop\/ca\/wp-json\/wp\/v2\/categories?post=375254"},{"taxonomy":"post_tag","embeddable":true,"href":"https:\/\/www.fiarebancaetica.coop\/ca\/wp-json\/wp\/v2\/tags?post=375254"},{"taxonomy":"author","embeddable":true,"href":"https:\/\/www.fiarebancaetica.coop\/ca\/wp-json\/wp\/v2\/coauthors?post=375254"}],"curies":[{"name":"wp","href":"https:\/\/api.w.org\/{rel}","templated":true}]}}