{"id":375634,"date":"2024-05-29T16:05:36","date_gmt":"2024-05-29T14:05:36","guid":{"rendered":"https:\/\/www.fiarebancaetica.coop\/?p=375634"},"modified":"2024-05-29T16:13:08","modified_gmt":"2024-05-29T14:13:08","slug":"valencia-tradicio-cultura-y-compromis-per-les-finances-etiques","status":"publish","type":"post","link":"https:\/\/www.fiarebancaetica.coop\/ca\/valencia-tradicio-cultura-y-compromis-per-les-finances-etiques\/","title":{"rendered":"Val\u00e8ncia: Tradici\u00f3, Cultura y Comprom\u00eds per les Finances \u00c8tiques"},"content":{"rendered":"\n\n<div class=\"wp-block-bancaetica-blocks-blocks-block-49\">\n    <div class=\"container-block-49\">\n\n        <div class=\"header-section \">\n                            <h1 class=\"section-title\"> Finances \u00c8tiques <\/h1>\n                                            <\/div>\n\n        \n        <div class=\"block-background\" style=\"background-image: url('https:\/\/www.fiarebancaetica.coop\/app\/uploads\/sites\/2\/2024\/05\/asamblea-fiare-peq-scaled.jpg')\">\n                            <div class=\"tile\">\n                    <h1 class=\"image-title\"> Val\u00e8ncia: Tradici\u00f3, Cultura y Comprom\u00eds per les Finances \u00c8tiques <\/h1>\n                <\/div>             <!-- end .tile -->\n            <div class=\"bottom-content\">\n                            <\/div> <!-- end .button-content -->\n        <\/div> <!-- end .block-background -->\n    <\/div> <!-- end .container -->\n<\/div> <!-- end wp-block-bancaetica-blocks-blocks-block-06 -->\n\n<p><span style=\"font-weight: 400;\">La ciutat de Val\u00e8ncia va acollir dissabte passat 18 de maig l&#8217;<\/span><b>Assemblea Anual de Persones i Organitzacions s\u00f2cies de Banca Etica<\/b><span style=\"font-weight: 400;\">. Es va preparar un programa cultural molt complet amb activitats que es van tenir lloc durant 4 dies.<\/span><\/p>\n<p>\u00a0<\/p>\n<p><img loading=\"lazy\" decoding=\"async\" class=\"aligncenter wp-image-375660 size-large\" src=\"http:\/\/www.fiarebancaetica.coop\/app\/uploads\/sites\/2\/2024\/05\/asamblea-fiare-peq-3-1024x683.jpg\" sizes=\"auto, (max-width: 640px) 100vw, 640px\" srcset=\"https:\/\/www.fiarebancaetica.coop\/app\/uploads\/sites\/2\/2024\/05\/asamblea-fiare-peq-3-1024x683.jpg 1024w, https:\/\/www.fiarebancaetica.coop\/app\/uploads\/sites\/2\/2024\/05\/asamblea-fiare-peq-3-300x200.jpg 300w, https:\/\/www.fiarebancaetica.coop\/app\/uploads\/sites\/2\/2024\/05\/asamblea-fiare-peq-3-768x512.jpg 768w, https:\/\/www.fiarebancaetica.coop\/app\/uploads\/sites\/2\/2024\/05\/asamblea-fiare-peq-3-1536x1024.jpg 1536w, https:\/\/www.fiarebancaetica.coop\/app\/uploads\/sites\/2\/2024\/05\/asamblea-fiare-peq-3-2048x1365.jpg 2048w\" alt=\"\" width=\"640\" height=\"427\" \/><\/p>\n<p>\u00a0<\/p>\n<p><span style=\"font-weight: 400;\">Dijous 16 de maig a la tarda, es va realitzar una passada gratu\u00efta del documental cofinan\u00e7at per Fiare, <\/span><b><i>La Singla<\/i><\/b><span style=\"font-weight: 400;\">, als <\/span><b>Cinemes Babel<\/b><span style=\"font-weight: 400;\"> de Val\u00e8ncia. Despr\u00e9s de finalitzar la projecci\u00f3 es va realitzar un petit col\u00b7loqui amb la directora <\/span><b>Paloma Zapata<\/b><span style=\"font-weight: 400;\">, Gonzalo Montano, en representaci\u00f3 del Secretariat Gitano i Gabriel Abascal, soci que va realitzar l&#8217;Avaluaci\u00f3 Socioambiental per a concedir el finan\u00e7ament a la productora La F\u00e1brica Naranja.<\/span><\/p>\n<p>\u00a0<\/p>\n<p><img loading=\"lazy\" decoding=\"async\" class=\"aligncenter wp-image-375652 size-large\" src=\"http:\/\/www.fiarebancaetica.coop\/app\/uploads\/sites\/2\/2024\/05\/asamblea-fiare-peq-2-1024x683.jpg\" sizes=\"auto, (max-width: 640px) 100vw, 640px\" srcset=\"https:\/\/www.fiarebancaetica.coop\/app\/uploads\/sites\/2\/2024\/05\/asamblea-fiare-peq-2-1024x683.jpg 1024w, https:\/\/www.fiarebancaetica.coop\/app\/uploads\/sites\/2\/2024\/05\/asamblea-fiare-peq-2-300x200.jpg 300w, https:\/\/www.fiarebancaetica.coop\/app\/uploads\/sites\/2\/2024\/05\/asamblea-fiare-peq-2-768x512.jpg 768w, https:\/\/www.fiarebancaetica.coop\/app\/uploads\/sites\/2\/2024\/05\/asamblea-fiare-peq-2-1536x1024.jpg 1536w, https:\/\/www.fiarebancaetica.coop\/app\/uploads\/sites\/2\/2024\/05\/asamblea-fiare-peq-2-2048x1365.jpg 2048w\" alt=\"\" width=\"640\" height=\"427\" \/><\/p>\n<p>\u00a0<\/p>\n<p><span style=\"font-weight: 400;\">La jornada de benvinguda a les persones s\u00f2cies, la tarda de divendres, va transc\u00f3rrer en el <\/span><b><i>Jard\u00ed Bot\u00e0nic de la Universitat de Val\u00e8ncia<\/i><\/b><span style=\"font-weight: 400;\">. Va obrir la vetllada el m\u00fasic i activista valenci\u00e0 <\/span><b>Tom\u00e0s de los Santos<\/b><span style=\"font-weight: 400;\">, interpretant els seus temes de car\u00e0cter m\u00e9s pol\u00edtic i social, sense oblidar les seves adaptacions musicals d&#8217;obres de grans poetes de la llengua catalana com Vicent Andr\u00e9s Estell\u00e9s o Joan Salvat Papasseit.<\/span><\/p>\n<p>\u00a0<\/p>\n<p><img loading=\"lazy\" decoding=\"async\" class=\"aligncenter wp-image-375672 size-large\" src=\"http:\/\/www.fiarebancaetica.coop\/app\/uploads\/sites\/2\/2024\/05\/asamblea-fiare-peq-7-1024x857.jpg\" sizes=\"auto, (max-width: 640px) 100vw, 640px\" srcset=\"https:\/\/www.fiarebancaetica.coop\/app\/uploads\/sites\/2\/2024\/05\/asamblea-fiare-peq-7-1024x857.jpg 1024w, https:\/\/www.fiarebancaetica.coop\/app\/uploads\/sites\/2\/2024\/05\/asamblea-fiare-peq-7-300x251.jpg 300w, https:\/\/www.fiarebancaetica.coop\/app\/uploads\/sites\/2\/2024\/05\/asamblea-fiare-peq-7-768x643.jpg 768w, https:\/\/www.fiarebancaetica.coop\/app\/uploads\/sites\/2\/2024\/05\/asamblea-fiare-peq-7-1536x1286.jpg 1536w, https:\/\/www.fiarebancaetica.coop\/app\/uploads\/sites\/2\/2024\/05\/asamblea-fiare-peq-7-2048x1715.jpg 2048w\" alt=\"\" width=\"640\" height=\"536\" \/><\/p>\n<p>\u00a0<\/p>\n<p><span style=\"font-weight: 400;\">En finalitzar el concert, el p\u00fablic va travessar el jard\u00ed bot\u00e0nic fins a l&#8217;auditori Joan Pla\u00e7a, on va tenir lloc la confer\u00e8ncia <\/span><b><i>Actors estrat\u00e8gics per a transformar la societat<\/i><\/b><span style=\"font-weight: 400;\"> en la qual van intervenir Mar\u00eda Moscard\u00f3, membre de l&#8217;equip d&#8217;estudis de la Fundaci\u00f3 <\/span><i><span style=\"font-weight: 400;\">FOESSA <\/span><\/i><span style=\"font-weight: 400;\">a <\/span><b>C\u00e0ritas Espanyola<\/b><span style=\"font-weight: 400;\"> i Luis Miguel Jurado, president de <\/span><b>COCETA<\/b><span style=\"font-weight: 400;\">. Tamb\u00e9 van intervenir des de la fila 0, Emilio Sampedro, president de <\/span><b><i>CONCOVAL <\/i><\/b><span style=\"font-weight: 400;\">i Cristina Ram\u00f3n, presidenta de la <\/span><b><i>Coordinadora Valenciana d&#8217;ONGs<\/i><\/b><span style=\"font-weight: 400;\">. A aquest acte, que havia estat incl\u00f2s en l&#8217;agenda d&#8217;esdeveniments de la Capitalitat de l&#8217;Economia Social de Val\u00e8ncia 2024, van assistir al voltant de 220 persones.<\/span><\/p>\n<p>\u00a0<\/p>\n<p><img loading=\"lazy\" decoding=\"async\" class=\"aligncenter wp-image-375648 size-large\" src=\"http:\/\/www.fiarebancaetica.coop\/app\/uploads\/sites\/2\/2024\/05\/asamblea-24-203-1024x683.jpg\" sizes=\"auto, (max-width: 640px) 100vw, 640px\" srcset=\"https:\/\/www.fiarebancaetica.coop\/app\/uploads\/sites\/2\/2024\/05\/asamblea-24-203-1024x683.jpg 1024w, https:\/\/www.fiarebancaetica.coop\/app\/uploads\/sites\/2\/2024\/05\/asamblea-24-203-300x200.jpg 300w, https:\/\/www.fiarebancaetica.coop\/app\/uploads\/sites\/2\/2024\/05\/asamblea-24-203-768x512.jpg 768w, https:\/\/www.fiarebancaetica.coop\/app\/uploads\/sites\/2\/2024\/05\/asamblea-24-203-1536x1024.jpg 1536w, https:\/\/www.fiarebancaetica.coop\/app\/uploads\/sites\/2\/2024\/05\/asamblea-24-203-2048x1365.jpg 2048w\" alt=\"\" width=\"640\" height=\"427\" \/><\/p>\n<p>\u00a0<\/p>\n<p><span style=\"font-weight: 400;\">En finalitzar la confer\u00e8ncia, les persones assistents van ser sorpreses per una altra mostra de cultura popular valenciana, l&#8217;actuaci\u00f3 de la <\/span><b>Jove Muixeranga de Val\u00e8ncia<\/b><span style=\"font-weight: 400;\">. Al voltant de 85 persones, entre adultes, joves, nens i nenes van realitzar nombroses figures muixerangueres, acompanyades per la m\u00fasica de les tradicionals dol\u00e7aines i tabals. Un dels moments m\u00e9s emotius va ser quan la xiqueta (nena), pujada a la part alta de la figura anomenada 5 en 1 peu, va desplegar la banderola de Fiare Banca Etica, protagonitzant una bonica imatge per al record en la mem\u00f2ria col\u00b7lectiva de la nostra cooperativa.<\/span><\/p>\n<p>\u00a0<\/p>\n<p><img loading=\"lazy\" decoding=\"async\" class=\"aligncenter wp-image-375664 size-large\" src=\"http:\/\/www.fiarebancaetica.coop\/app\/uploads\/sites\/2\/2024\/05\/asamblea-fiare-peq-4-1024x683.jpg\" sizes=\"auto, (max-width: 640px) 100vw, 640px\" srcset=\"https:\/\/www.fiarebancaetica.coop\/app\/uploads\/sites\/2\/2024\/05\/asamblea-fiare-peq-4-1024x683.jpg 1024w, https:\/\/www.fiarebancaetica.coop\/app\/uploads\/sites\/2\/2024\/05\/asamblea-fiare-peq-4-300x200.jpg 300w, https:\/\/www.fiarebancaetica.coop\/app\/uploads\/sites\/2\/2024\/05\/asamblea-fiare-peq-4-768x512.jpg 768w, https:\/\/www.fiarebancaetica.coop\/app\/uploads\/sites\/2\/2024\/05\/asamblea-fiare-peq-4-1536x1024.jpg 1536w, https:\/\/www.fiarebancaetica.coop\/app\/uploads\/sites\/2\/2024\/05\/asamblea-fiare-peq-4-2048x1365.jpg 2048w\" alt=\"\" width=\"640\" height=\"427\" \/><\/p>\n<p>\u00a0<\/p>\n<p><span style=\"font-weight: 400;\">Dissabte 18 de maig al mat\u00ed, les persones s\u00f2cies que acudien al <\/span><b>Palau de les Arts<\/b><span style=\"font-weight: 400;\"> per a participar presencialment en l&#8217;Assemblea de Fiare Banca Etica, van ser rebudes amb m\u00fasica de banda interpretada pel <\/span><b>Centre de M\u00fasica i Dansa del Barri de Natzaret<\/b><span style=\"font-weight: 400;\">, entitat s\u00f2cia de Fiare.<\/span><\/p>\n<p>\u00a0<\/p>\n<p><img loading=\"lazy\" decoding=\"async\" class=\"aligncenter wp-image-375678 size-large\" src=\"http:\/\/www.fiarebancaetica.coop\/app\/uploads\/sites\/2\/2024\/05\/1481FD55-A976-409E-9FD7-B0763603B207-1024x729.jpeg\" sizes=\"auto, (max-width: 640px) 100vw, 640px\" srcset=\"https:\/\/www.fiarebancaetica.coop\/app\/uploads\/sites\/2\/2024\/05\/1481FD55-A976-409E-9FD7-B0763603B207-1024x729.jpeg 1024w, https:\/\/www.fiarebancaetica.coop\/app\/uploads\/sites\/2\/2024\/05\/1481FD55-A976-409E-9FD7-B0763603B207-300x213.jpeg 300w, https:\/\/www.fiarebancaetica.coop\/app\/uploads\/sites\/2\/2024\/05\/1481FD55-A976-409E-9FD7-B0763603B207-768x546.jpeg 768w, https:\/\/www.fiarebancaetica.coop\/app\/uploads\/sites\/2\/2024\/05\/1481FD55-A976-409E-9FD7-B0763603B207-1536x1093.jpeg 1536w, https:\/\/www.fiarebancaetica.coop\/app\/uploads\/sites\/2\/2024\/05\/1481FD55-A976-409E-9FD7-B0763603B207-2048x1457.jpeg 2048w\" alt=\"\" width=\"640\" height=\"456\" \/><\/p>\n<p>\u00a0<\/p>\n<p><span style=\"font-weight: 400;\">A la tarda, es van realitzar diverses visites culturals a c\u00e0rrec d&#8217;una altra entitat s\u00f2cia de Fiare com \u00e9s la <\/span><b><i>Coordinadora d&#8217;Associacions per la Mem\u00f2ria Democr\u00e0tica del Pa\u00eds Valenci\u00e0.<\/i><\/b><span style=\"font-weight: 400;\"> Les que van acudir a la visita de la <\/span><b>Val\u00e8ncia Republicana<\/b><span style=\"font-weight: 400;\">, van poder descobrir la petjada que va deixar la II Rep\u00fablica Espanyola a la ciutat de Val\u00e8ncia i els danys soferts pels bombardejos franquistes, a m\u00e9s de poder descendir i contemplar de primera m\u00e0 un dels nombrosos b\u00fanquers de la Guerra Civil que encara es conserven.<\/span><\/p>\n<p>\u00a0<\/p>\n<p><img loading=\"lazy\" decoding=\"async\" class=\"aligncenter wp-image-375704 size-large\" src=\"http:\/\/www.fiarebancaetica.coop\/app\/uploads\/sites\/2\/2024\/05\/asamblea-fiare-peq-10-1024x683.jpg\" alt=\"\" width=\"640\" height=\"427\" srcset=\"https:\/\/www.fiarebancaetica.coop\/app\/uploads\/sites\/2\/2024\/05\/asamblea-fiare-peq-10-1024x683.jpg 1024w, https:\/\/www.fiarebancaetica.coop\/app\/uploads\/sites\/2\/2024\/05\/asamblea-fiare-peq-10-300x200.jpg 300w, https:\/\/www.fiarebancaetica.coop\/app\/uploads\/sites\/2\/2024\/05\/asamblea-fiare-peq-10-768x512.jpg 768w, https:\/\/www.fiarebancaetica.coop\/app\/uploads\/sites\/2\/2024\/05\/asamblea-fiare-peq-10-1536x1024.jpg 1536w, https:\/\/www.fiarebancaetica.coop\/app\/uploads\/sites\/2\/2024\/05\/asamblea-fiare-peq-10-2048x1365.jpg 2048w\" sizes=\"auto, (max-width: 640px) 100vw, 640px\" \/><\/p>\n<p>\u00a0<\/p>\n<p><span style=\"font-weight: 400;\">D&#8217;altra banda, les persones s\u00f2cies que van triar fer la visita al <\/span><b>Centre hist\u00f2ric de Val\u00e8ncia<\/b><span style=\"font-weight: 400;\"> van poder con\u00e8ixer i passejar pels principals monuments i llocs m\u00e9s emblem\u00e0tics de <\/span><i><span style=\"font-weight: 400;\">Ciutat Vella<\/span><\/i><span style=\"font-weight: 400;\">, un centre hist\u00f2ric amb m\u00e9s de 2000 anys d&#8217;hist\u00f2ria, bressol de les arquitectures g\u00f2tica, barroca i modernista. I perqu\u00e8 ning\u00fa es qued\u00e9s amb ganes de fer les 2 visites, en el mat\u00ed del diumenge les persones s\u00f2cies van poder realitzar la visita que no havien realitzat en la tarda del dissabte.<\/span><\/p>\n<p>\u00a0<\/p>\n<p><img loading=\"lazy\" decoding=\"async\" class=\"aligncenter wp-image-375668 size-large\" src=\"http:\/\/www.fiarebancaetica.coop\/app\/uploads\/sites\/2\/2024\/05\/asamblea-fiare-peq-5-1024x683.jpg\" sizes=\"auto, (max-width: 640px) 100vw, 640px\" srcset=\"https:\/\/www.fiarebancaetica.coop\/app\/uploads\/sites\/2\/2024\/05\/asamblea-fiare-peq-5-1024x683.jpg 1024w, https:\/\/www.fiarebancaetica.coop\/app\/uploads\/sites\/2\/2024\/05\/asamblea-fiare-peq-5-300x200.jpg 300w, https:\/\/www.fiarebancaetica.coop\/app\/uploads\/sites\/2\/2024\/05\/asamblea-fiare-peq-5-768x512.jpg 768w, https:\/\/www.fiarebancaetica.coop\/app\/uploads\/sites\/2\/2024\/05\/asamblea-fiare-peq-5-1536x1024.jpg 1536w, https:\/\/www.fiarebancaetica.coop\/app\/uploads\/sites\/2\/2024\/05\/asamblea-fiare-peq-5-2048x1365.jpg 2048w\" alt=\"\" width=\"640\" height=\"427\" \/><\/p>\n\n\n<div style=\"height:100px\" aria-hidden=\"true\" class=\"wp-block-spacer\"><\/div>\n","protected":false},"excerpt":{"rendered":"<p>La ciutat de Val\u00e8ncia va acollir dissabte passat 18 de maig l&#8217;Assemblea Anual de Persones i Organitzacions s\u00f2cies de Banca Etica. Es va preparar un programa cultural molt complet amb activitats que es van tenir lloc durant 4 dies. \u00a0 \u00a0 Dijous 16 de maig a la tarda, es va realitzar una passada gratu\u00efta del [&hellip;]<\/p>\n","protected":false},"author":6693,"featured_media":375658,"comment_status":"closed","ping_status":"closed","sticky":false,"template":"","format":"standard","meta":{"_acf_changed":false,"footnotes":""},"categories":[11643],"tags":[11854],"coauthors":[10743],"class_list":["post-375634","post","type-post","status-publish","format-standard","has-post-thumbnail","hentry","category-finances-etiques","tag-noticies"],"acf":[],"yoast_head":"<!-- This site is optimized with the Yoast SEO plugin v26.9 - https:\/\/yoast.com\/product\/yoast-seo-wordpress\/ -->\n<title>Val\u00e8ncia: Tradici\u00f3, Cultura y Comprom\u00eds per les Finances \u00c8tiques - Fiare Banca Etica<\/title>\n<meta name=\"robots\" content=\"index, follow, max-snippet:-1, max-image-preview:large, max-video-preview:-1\" \/>\n<link rel=\"canonical\" href=\"https:\/\/www.fiarebancaetica.coop\/ca\/valencia-tradicio-cultura-y-compromis-per-les-finances-etiques\/\" \/>\n<meta property=\"og:locale\" content=\"ca_ES\" \/>\n<meta property=\"og:type\" content=\"article\" \/>\n<meta property=\"og:title\" content=\"Val\u00e8ncia: Tradici\u00f3, Cultura y Comprom\u00eds per les Finances \u00c8tiques - Fiare Banca Etica\" \/>\n<meta property=\"og:description\" content=\"La ciutat de Val\u00e8ncia va acollir dissabte passat 18 de maig l&#8217;Assemblea Anual de Persones i Organitzacions s\u00f2cies de Banca Etica. Es va preparar un programa cultural molt complet amb activitats que es van tenir lloc durant 4 dies. \u00a0 \u00a0 Dijous 16 de maig a la tarda, es va realitzar una passada gratu\u00efta del [&hellip;]\" \/>\n<meta property=\"og:url\" content=\"https:\/\/www.fiarebancaetica.coop\/ca\/valencia-tradicio-cultura-y-compromis-per-les-finances-etiques\/\" \/>\n<meta property=\"og:site_name\" content=\"Fiare Banca Etica\" \/>\n<meta property=\"article:published_time\" content=\"2024-05-29T14:05:36+00:00\" \/>\n<meta property=\"article:modified_time\" content=\"2024-05-29T14:13:08+00:00\" \/>\n<meta property=\"og:image\" content=\"https:\/\/www.fiarebancaetica.coop\/app\/uploads\/sites\/2\/2024\/05\/asamblea-fiare-peq-scaled.jpg\" \/>\n\t<meta property=\"og:image:width\" content=\"2560\" \/>\n\t<meta property=\"og:image:height\" content=\"2000\" \/>\n\t<meta property=\"og:image:type\" content=\"image\/jpeg\" \/>\n<meta name=\"author\" content=\"c.castrobancaetica\" \/>\n<meta name=\"twitter:card\" content=\"summary_large_image\" \/>\n<script type=\"application\/ld+json\" class=\"yoast-schema-graph\">{\"@context\":\"https:\/\/schema.org\",\"@graph\":[{\"@type\":\"Article\",\"@id\":\"https:\/\/www.fiarebancaetica.coop\/ca\/valencia-tradicio-cultura-y-compromis-per-les-finances-etiques\/#article\",\"isPartOf\":{\"@id\":\"https:\/\/www.fiarebancaetica.coop\/ca\/valencia-tradicio-cultura-y-compromis-per-les-finances-etiques\/\"},\"author\":{\"name\":\"c.castrobancaetica\",\"@id\":\"https:\/\/www.fiarebancaetica.coop\/ca\/#\/schema\/person\/1c4efa4aa7be2f4c12d1ec8c8bc7ec9d\"},\"headline\":\"Val\u00e8ncia: Tradici\u00f3, Cultura y Comprom\u00eds per les Finances \u00c8tiques\",\"datePublished\":\"2024-05-29T14:05:36+00:00\",\"dateModified\":\"2024-05-29T14:13:08+00:00\",\"mainEntityOfPage\":{\"@id\":\"https:\/\/www.fiarebancaetica.coop\/ca\/valencia-tradicio-cultura-y-compromis-per-les-finances-etiques\/\"},\"wordCount\":669,\"image\":{\"@id\":\"https:\/\/www.fiarebancaetica.coop\/ca\/valencia-tradicio-cultura-y-compromis-per-les-finances-etiques\/#primaryimage\"},\"thumbnailUrl\":\"https:\/\/www.fiarebancaetica.coop\/app\/uploads\/sites\/2\/2024\/05\/asamblea-fiare-peq-scaled.jpg\",\"keywords\":[\"Not\u00edcies\"],\"articleSection\":[\"Finances \u00e8tiques\"],\"inLanguage\":\"ca\"},{\"@type\":\"WebPage\",\"@id\":\"https:\/\/www.fiarebancaetica.coop\/ca\/valencia-tradicio-cultura-y-compromis-per-les-finances-etiques\/\",\"url\":\"https:\/\/www.fiarebancaetica.coop\/ca\/valencia-tradicio-cultura-y-compromis-per-les-finances-etiques\/\",\"name\":\"Val\u00e8ncia: Tradici\u00f3, Cultura y Comprom\u00eds per les Finances \u00c8tiques - Fiare Banca Etica\",\"isPartOf\":{\"@id\":\"https:\/\/www.fiarebancaetica.coop\/ca\/#website\"},\"primaryImageOfPage\":{\"@id\":\"https:\/\/www.fiarebancaetica.coop\/ca\/valencia-tradicio-cultura-y-compromis-per-les-finances-etiques\/#primaryimage\"},\"image\":{\"@id\":\"https:\/\/www.fiarebancaetica.coop\/ca\/valencia-tradicio-cultura-y-compromis-per-les-finances-etiques\/#primaryimage\"},\"thumbnailUrl\":\"https:\/\/www.fiarebancaetica.coop\/app\/uploads\/sites\/2\/2024\/05\/asamblea-fiare-peq-scaled.jpg\",\"datePublished\":\"2024-05-29T14:05:36+00:00\",\"dateModified\":\"2024-05-29T14:13:08+00:00\",\"author\":{\"@id\":\"https:\/\/www.fiarebancaetica.coop\/ca\/#\/schema\/person\/1c4efa4aa7be2f4c12d1ec8c8bc7ec9d\"},\"breadcrumb\":{\"@id\":\"https:\/\/www.fiarebancaetica.coop\/ca\/valencia-tradicio-cultura-y-compromis-per-les-finances-etiques\/#breadcrumb\"},\"inLanguage\":\"ca\",\"potentialAction\":[{\"@type\":\"ReadAction\",\"target\":[\"https:\/\/www.fiarebancaetica.coop\/ca\/valencia-tradicio-cultura-y-compromis-per-les-finances-etiques\/\"]}]},{\"@type\":\"ImageObject\",\"inLanguage\":\"ca\",\"@id\":\"https:\/\/www.fiarebancaetica.coop\/ca\/valencia-tradicio-cultura-y-compromis-per-les-finances-etiques\/#primaryimage\",\"url\":\"https:\/\/www.fiarebancaetica.coop\/app\/uploads\/sites\/2\/2024\/05\/asamblea-fiare-peq-scaled.jpg\",\"contentUrl\":\"https:\/\/www.fiarebancaetica.coop\/app\/uploads\/sites\/2\/2024\/05\/asamblea-fiare-peq-scaled.jpg\",\"width\":2560,\"height\":2000},{\"@type\":\"BreadcrumbList\",\"@id\":\"https:\/\/www.fiarebancaetica.coop\/ca\/valencia-tradicio-cultura-y-compromis-per-les-finances-etiques\/#breadcrumb\",\"itemListElement\":[{\"@type\":\"ListItem\",\"position\":1,\"name\":\"Home\",\"item\":\"https:\/\/www.fiarebancaetica.coop\/ca\/\"},{\"@type\":\"ListItem\",\"position\":2,\"name\":\"Val\u00e8ncia: Tradici\u00f3, Cultura y Comprom\u00eds per les Finances \u00c8tiques\"}]},{\"@type\":\"WebSite\",\"@id\":\"https:\/\/www.fiarebancaetica.coop\/ca\/#website\",\"url\":\"https:\/\/www.fiarebancaetica.coop\/ca\/\",\"name\":\"Fiare Banca Etica\",\"description\":\"\",\"potentialAction\":[{\"@type\":\"SearchAction\",\"target\":{\"@type\":\"EntryPoint\",\"urlTemplate\":\"https:\/\/www.fiarebancaetica.coop\/ca\/?s={search_term_string}\"},\"query-input\":{\"@type\":\"PropertyValueSpecification\",\"valueRequired\":true,\"valueName\":\"search_term_string\"}}],\"inLanguage\":\"ca\"},{\"@type\":\"Person\",\"@id\":\"https:\/\/www.fiarebancaetica.coop\/ca\/#\/schema\/person\/1c4efa4aa7be2f4c12d1ec8c8bc7ec9d\",\"name\":\"c.castrobancaetica\",\"image\":{\"@type\":\"ImageObject\",\"inLanguage\":\"ca\",\"@id\":\"https:\/\/www.fiarebancaetica.coop\/ca\/#\/schema\/person\/image\/f5a235634314aa27313fcd9c99409abd\",\"url\":\"https:\/\/secure.gravatar.com\/avatar\/7e842368c46d63aaa398f0d90120d2b7d7af72148ee6aa4436c6149c13fa4bb2?s=96&d=mm&r=g\",\"contentUrl\":\"https:\/\/secure.gravatar.com\/avatar\/7e842368c46d63aaa398f0d90120d2b7d7af72148ee6aa4436c6149c13fa4bb2?s=96&d=mm&r=g\",\"caption\":\"c.castrobancaetica\"}}]}<\/script>\n<!-- \/ Yoast SEO plugin. -->","yoast_head_json":{"title":"Val\u00e8ncia: Tradici\u00f3, Cultura y Comprom\u00eds per les Finances \u00c8tiques - Fiare Banca Etica","robots":{"index":"index","follow":"follow","max-snippet":"max-snippet:-1","max-image-preview":"max-image-preview:large","max-video-preview":"max-video-preview:-1"},"canonical":"https:\/\/www.fiarebancaetica.coop\/ca\/valencia-tradicio-cultura-y-compromis-per-les-finances-etiques\/","og_locale":"ca_ES","og_type":"article","og_title":"Val\u00e8ncia: Tradici\u00f3, Cultura y Comprom\u00eds per les Finances \u00c8tiques - Fiare Banca Etica","og_description":"La ciutat de Val\u00e8ncia va acollir dissabte passat 18 de maig l&#8217;Assemblea Anual de Persones i Organitzacions s\u00f2cies de Banca Etica. Es va preparar un programa cultural molt complet amb activitats que es van tenir lloc durant 4 dies. \u00a0 \u00a0 Dijous 16 de maig a la tarda, es va realitzar una passada gratu\u00efta del [&hellip;]","og_url":"https:\/\/www.fiarebancaetica.coop\/ca\/valencia-tradicio-cultura-y-compromis-per-les-finances-etiques\/","og_site_name":"Fiare Banca Etica","article_published_time":"2024-05-29T14:05:36+00:00","article_modified_time":"2024-05-29T14:13:08+00:00","og_image":[{"width":2560,"height":2000,"url":"https:\/\/www.fiarebancaetica.coop\/app\/uploads\/sites\/2\/2024\/05\/asamblea-fiare-peq-scaled.jpg","type":"image\/jpeg"}],"author":"c.castrobancaetica","twitter_card":"summary_large_image","schema":{"@context":"https:\/\/schema.org","@graph":[{"@type":"Article","@id":"https:\/\/www.fiarebancaetica.coop\/ca\/valencia-tradicio-cultura-y-compromis-per-les-finances-etiques\/#article","isPartOf":{"@id":"https:\/\/www.fiarebancaetica.coop\/ca\/valencia-tradicio-cultura-y-compromis-per-les-finances-etiques\/"},"author":{"name":"c.castrobancaetica","@id":"https:\/\/www.fiarebancaetica.coop\/ca\/#\/schema\/person\/1c4efa4aa7be2f4c12d1ec8c8bc7ec9d"},"headline":"Val\u00e8ncia: Tradici\u00f3, Cultura y Comprom\u00eds per les Finances \u00c8tiques","datePublished":"2024-05-29T14:05:36+00:00","dateModified":"2024-05-29T14:13:08+00:00","mainEntityOfPage":{"@id":"https:\/\/www.fiarebancaetica.coop\/ca\/valencia-tradicio-cultura-y-compromis-per-les-finances-etiques\/"},"wordCount":669,"image":{"@id":"https:\/\/www.fiarebancaetica.coop\/ca\/valencia-tradicio-cultura-y-compromis-per-les-finances-etiques\/#primaryimage"},"thumbnailUrl":"https:\/\/www.fiarebancaetica.coop\/app\/uploads\/sites\/2\/2024\/05\/asamblea-fiare-peq-scaled.jpg","keywords":["Not\u00edcies"],"articleSection":["Finances \u00e8tiques"],"inLanguage":"ca"},{"@type":"WebPage","@id":"https:\/\/www.fiarebancaetica.coop\/ca\/valencia-tradicio-cultura-y-compromis-per-les-finances-etiques\/","url":"https:\/\/www.fiarebancaetica.coop\/ca\/valencia-tradicio-cultura-y-compromis-per-les-finances-etiques\/","name":"Val\u00e8ncia: Tradici\u00f3, Cultura y Comprom\u00eds per les Finances \u00c8tiques - Fiare Banca Etica","isPartOf":{"@id":"https:\/\/www.fiarebancaetica.coop\/ca\/#website"},"primaryImageOfPage":{"@id":"https:\/\/www.fiarebancaetica.coop\/ca\/valencia-tradicio-cultura-y-compromis-per-les-finances-etiques\/#primaryimage"},"image":{"@id":"https:\/\/www.fiarebancaetica.coop\/ca\/valencia-tradicio-cultura-y-compromis-per-les-finances-etiques\/#primaryimage"},"thumbnailUrl":"https:\/\/www.fiarebancaetica.coop\/app\/uploads\/sites\/2\/2024\/05\/asamblea-fiare-peq-scaled.jpg","datePublished":"2024-05-29T14:05:36+00:00","dateModified":"2024-05-29T14:13:08+00:00","author":{"@id":"https:\/\/www.fiarebancaetica.coop\/ca\/#\/schema\/person\/1c4efa4aa7be2f4c12d1ec8c8bc7ec9d"},"breadcrumb":{"@id":"https:\/\/www.fiarebancaetica.coop\/ca\/valencia-tradicio-cultura-y-compromis-per-les-finances-etiques\/#breadcrumb"},"inLanguage":"ca","potentialAction":[{"@type":"ReadAction","target":["https:\/\/www.fiarebancaetica.coop\/ca\/valencia-tradicio-cultura-y-compromis-per-les-finances-etiques\/"]}]},{"@type":"ImageObject","inLanguage":"ca","@id":"https:\/\/www.fiarebancaetica.coop\/ca\/valencia-tradicio-cultura-y-compromis-per-les-finances-etiques\/#primaryimage","url":"https:\/\/www.fiarebancaetica.coop\/app\/uploads\/sites\/2\/2024\/05\/asamblea-fiare-peq-scaled.jpg","contentUrl":"https:\/\/www.fiarebancaetica.coop\/app\/uploads\/sites\/2\/2024\/05\/asamblea-fiare-peq-scaled.jpg","width":2560,"height":2000},{"@type":"BreadcrumbList","@id":"https:\/\/www.fiarebancaetica.coop\/ca\/valencia-tradicio-cultura-y-compromis-per-les-finances-etiques\/#breadcrumb","itemListElement":[{"@type":"ListItem","position":1,"name":"Home","item":"https:\/\/www.fiarebancaetica.coop\/ca\/"},{"@type":"ListItem","position":2,"name":"Val\u00e8ncia: Tradici\u00f3, Cultura y Comprom\u00eds per les Finances \u00c8tiques"}]},{"@type":"WebSite","@id":"https:\/\/www.fiarebancaetica.coop\/ca\/#website","url":"https:\/\/www.fiarebancaetica.coop\/ca\/","name":"Fiare Banca Etica","description":"","potentialAction":[{"@type":"SearchAction","target":{"@type":"EntryPoint","urlTemplate":"https:\/\/www.fiarebancaetica.coop\/ca\/?s={search_term_string}"},"query-input":{"@type":"PropertyValueSpecification","valueRequired":true,"valueName":"search_term_string"}}],"inLanguage":"ca"},{"@type":"Person","@id":"https:\/\/www.fiarebancaetica.coop\/ca\/#\/schema\/person\/1c4efa4aa7be2f4c12d1ec8c8bc7ec9d","name":"c.castrobancaetica","image":{"@type":"ImageObject","inLanguage":"ca","@id":"https:\/\/www.fiarebancaetica.coop\/ca\/#\/schema\/person\/image\/f5a235634314aa27313fcd9c99409abd","url":"https:\/\/secure.gravatar.com\/avatar\/7e842368c46d63aaa398f0d90120d2b7d7af72148ee6aa4436c6149c13fa4bb2?s=96&d=mm&r=g","contentUrl":"https:\/\/secure.gravatar.com\/avatar\/7e842368c46d63aaa398f0d90120d2b7d7af72148ee6aa4436c6149c13fa4bb2?s=96&d=mm&r=g","caption":"c.castrobancaetica"}}]}},"_links":{"self":[{"href":"https:\/\/www.fiarebancaetica.coop\/ca\/wp-json\/wp\/v2\/posts\/375634","targetHints":{"allow":["GET"]}}],"collection":[{"href":"https:\/\/www.fiarebancaetica.coop\/ca\/wp-json\/wp\/v2\/posts"}],"about":[{"href":"https:\/\/www.fiarebancaetica.coop\/ca\/wp-json\/wp\/v2\/types\/post"}],"author":[{"embeddable":true,"href":"https:\/\/www.fiarebancaetica.coop\/ca\/wp-json\/wp\/v2\/users\/6693"}],"replies":[{"embeddable":true,"href":"https:\/\/www.fiarebancaetica.coop\/ca\/wp-json\/wp\/v2\/comments?post=375634"}],"version-history":[{"count":5,"href":"https:\/\/www.fiarebancaetica.coop\/ca\/wp-json\/wp\/v2\/posts\/375634\/revisions"}],"predecessor-version":[{"id":375711,"href":"https:\/\/www.fiarebancaetica.coop\/ca\/wp-json\/wp\/v2\/posts\/375634\/revisions\/375711"}],"wp:featuredmedia":[{"embeddable":true,"href":"https:\/\/www.fiarebancaetica.coop\/ca\/wp-json\/wp\/v2\/media\/375658"}],"wp:attachment":[{"href":"https:\/\/www.fiarebancaetica.coop\/ca\/wp-json\/wp\/v2\/media?parent=375634"}],"wp:term":[{"taxonomy":"category","embeddable":true,"href":"https:\/\/www.fiarebancaetica.coop\/ca\/wp-json\/wp\/v2\/categories?post=375634"},{"taxonomy":"post_tag","embeddable":true,"href":"https:\/\/www.fiarebancaetica.coop\/ca\/wp-json\/wp\/v2\/tags?post=375634"},{"taxonomy":"author","embeddable":true,"href":"https:\/\/www.fiarebancaetica.coop\/ca\/wp-json\/wp\/v2\/coauthors?post=375634"}],"curies":[{"name":"wp","href":"https:\/\/api.w.org\/{rel}","templated":true}]}}