{"id":376954,"date":"2024-07-11T15:06:05","date_gmt":"2024-07-11T13:06:05","guid":{"rendered":"https:\/\/www.fiarebancaetica.coop\/?p=376954"},"modified":"2024-07-12T10:05:34","modified_gmt":"2024-07-12T08:05:34","slug":"viatge-a-napols-llavors-contra-la-mafia","status":"publish","type":"post","link":"https:\/\/www.fiarebancaetica.coop\/ca\/viatge-a-napols-llavors-contra-la-mafia\/","title":{"rendered":"Viatge a N\u00e0pols: llavors contra la mafia"},"content":{"rendered":"\n\n<div class=\"wp-block-bancaetica-blocks-blocks-block-49\">\n    <div class=\"container-block-49\">\n\n        <div class=\"header-section \">\n                            <h1 class=\"section-title\"> Finanzas \u00c9ticas <\/h1>\n                                            <\/div>\n\n        \n        <div class=\"block-background\" style=\"background-image: url('https:\/\/www.fiarebancaetica.coop\/app\/uploads\/sites\/2\/2024\/07\/WhatsApp-Image-2024-06-27-at-09.48.13-1-copia.jpg')\">\n                            <div class=\"tile\">\n                    <h1 class=\"image-title\"> Viatge a N\u00e0pols: llavors contra la mafia <\/h1>\n                <\/div>             <!-- end .tile -->\n            <div class=\"bottom-content\">\n                            <\/div> <!-- end .button-content -->\n        <\/div> <!-- end .block-background -->\n    <\/div> <!-- end .container -->\n<\/div> <!-- end wp-block-bancaetica-blocks-blocks-block-06 -->\n\n<p>\n\n\n<\/p>\n<hr class=\"wp-block-separator has-alpha-channel-opacity\" \/>\n<p>\n\n\n<p><b><i>Un article d\u2019<\/i><\/b><b><i>\u00c1ngel Long\u00e1s, Jes\u00fas Caravaca i Manuel Adame, socis del banc<\/i><\/b><\/p>\n<p><span style=\"font-weight: 400;\">El passat juny un grup de nou persones s\u00f2cies de diferents regions d&#8217;Espanya vam emprendre un viatge organitzat pel banc a N\u00e0pols. L&#8217;objectiu era visitar projectes finan\u00e7ats per l&#8217;entitat i entendre l&#8217;impacte del nostre suport. Aquest viatge ens va permetre con\u00e8ixer cooperatives amb estructures democr\u00e0tiques sense \u00e0nim de lucre que ofereixen esperan\u00e7a i un entorn positiu en els barris marginals marcats per la Camorra, l&#8217;organitzaci\u00f3 criminal mafiosa de la regi\u00f3 de la Camp\u00e0nia.<\/span><\/p>\n<p>\u00a0<\/p>\n<p><span style=\"font-weight: 400;\">El dilluns, Luigi Saccenti, president de Viaggi e Miraggi, una cooperativa de viatges amb enfocament social, ens va donar la benvinguda. A la tarda, ens reunim amb el Grup territorial de persones s\u00f2cies de N\u00e0pols, on compartim les nostres experi\u00e8ncies i vam agrair el seu c\u00e0lid acolliment.<\/span><\/p>\n<p>\u00a0<\/p>\n<p><img loading=\"lazy\" decoding=\"async\" class=\"aligncenter wp-image-376961 size-large\" src=\"http:\/\/www.fiarebancaetica.coop\/app\/uploads\/sites\/2\/2024\/07\/WhatsApp-Image-2024-06-27-at-09.48.14-1-copia-1024x550.jpg\" alt=\"\" width=\"640\" height=\"344\" srcset=\"https:\/\/www.fiarebancaetica.coop\/app\/uploads\/sites\/2\/2024\/07\/WhatsApp-Image-2024-06-27-at-09.48.14-1-copia-1024x550.jpg 1024w, https:\/\/www.fiarebancaetica.coop\/app\/uploads\/sites\/2\/2024\/07\/WhatsApp-Image-2024-06-27-at-09.48.14-1-copia-300x161.jpg 300w, https:\/\/www.fiarebancaetica.coop\/app\/uploads\/sites\/2\/2024\/07\/WhatsApp-Image-2024-06-27-at-09.48.14-1-copia-768x413.jpg 768w, https:\/\/www.fiarebancaetica.coop\/app\/uploads\/sites\/2\/2024\/07\/WhatsApp-Image-2024-06-27-at-09.48.14-1-copia-1536x825.jpg 1536w, https:\/\/www.fiarebancaetica.coop\/app\/uploads\/sites\/2\/2024\/07\/WhatsApp-Image-2024-06-27-at-09.48.14-1-copia.jpg 2048w\" sizes=\"auto, (max-width: 640px) 100vw, 640px\" \/><\/p>\n<p><span style=\"font-weight: 400;\">El dimarts, visitem Casal di Principe (Caserta), un poble que va ser l&#8217;epicentre de la camorra. All\u00ed vam con\u00e8ixer diverses cooperatives, incloent-hi el celler Vite Matte i el restaurant Nuova Cucina Organizzata, que promouen la inserci\u00f3 i autonomia de persones amb problemes de salut mental. Aquests projectes operen en edificis confiscats a la camorra i han resistit moltes pressions i amenaces. Ens van explicar com enfronten la persistent influ\u00e8ncia de la camorra, que ara opera m\u00e9s com a empreses de rentada de diners. A la tarda, visitem un centre de mem\u00f2ria dedicat al sacerdot D. Peppe Diana, qui va desafiar a la camorra i l&#8217;assassinat de la qual va marcar un punt d&#8217;inflexi\u00f3 en la lluita contra les pr\u00e0ctiques mafioses. Posteriorment, ens reunim amb un periodista amic seu, un grup de scouts de Cal\u00e0bria i el capit\u00e0 dels carabiners de la zona.<\/span><\/p>\n<p>\u00a0<\/p>\n<p><span style=\"font-weight: 400;\">El dimecres, explorem Sant Giovanni, un barri en la perif\u00e8ria aquest de N\u00e0pols, on vam con\u00e8ixer l&#8217;incre\u00efble treball de Carmela en el projecte Figli in Famiglia. Gr\u00e0cies a un pr\u00e9stec de Banca Etica, va comprar unes naus que acabar\u00e0 de pagar en tres anys. En aquest &#8220;oasi&#8221;, 40 voluntaris de l&#8217;associaci\u00f3 fan costat a 150 menors en diverses activitats: campaments urbans a l&#8217;estiu i activitats extraescolars durant el curs escolar. Inicialment van enfrontar conflictes amb la camorra, per\u00f2 ara, els pares dels menors empresonats protegeixen l&#8217;associaci\u00f3, que tamb\u00e9 ofereix un gimn\u00e0s i un restaurant per a esdeveniments comunitaris. Jes\u00fas Caravaca, de M\u00farcia, va entretenir als nens amb els seus trucs de m\u00e0gia.<\/span><\/p>\n<p>\u00a0<\/p>\n<p><img loading=\"lazy\" decoding=\"async\" class=\"aligncenter wp-image-376965 size-large\" src=\"http:\/\/www.fiarebancaetica.coop\/app\/uploads\/sites\/2\/2024\/07\/WhatsApp-Image-2024-06-27-at-09.48.14-copia-1024x617.jpg\" alt=\"\" width=\"640\" height=\"386\" srcset=\"https:\/\/www.fiarebancaetica.coop\/app\/uploads\/sites\/2\/2024\/07\/WhatsApp-Image-2024-06-27-at-09.48.14-copia-1024x617.jpg 1024w, https:\/\/www.fiarebancaetica.coop\/app\/uploads\/sites\/2\/2024\/07\/WhatsApp-Image-2024-06-27-at-09.48.14-copia-300x181.jpg 300w, https:\/\/www.fiarebancaetica.coop\/app\/uploads\/sites\/2\/2024\/07\/WhatsApp-Image-2024-06-27-at-09.48.14-copia-768x463.jpg 768w, https:\/\/www.fiarebancaetica.coop\/app\/uploads\/sites\/2\/2024\/07\/WhatsApp-Image-2024-06-27-at-09.48.14-copia-1536x926.jpg 1536w, https:\/\/www.fiarebancaetica.coop\/app\/uploads\/sites\/2\/2024\/07\/WhatsApp-Image-2024-06-27-at-09.48.14-copia.jpg 2048w\" sizes=\"auto, (max-width: 640px) 100vw, 640px\" \/><\/p>\n<p><span style=\"font-weight: 400;\">Aquesta tarda, visitem Barra i la seva Comunitat Energ\u00e8tica Solid\u00e0ria, un centre social que ofereix activitats formatives i d&#8217;oci. A m\u00e9s, compta amb una instal\u00b7laci\u00f3 de plaques solars el benefici de les quals es reparteix equitativament entre els ve\u00efns. Aquesta iniciativa compleix una doble funci\u00f3: social i energ\u00e8tica.<\/span><\/p>\n<p>\u00a0<\/p>\n<p><span style=\"font-weight: 400;\">Durant el viatge, vam con\u00e8ixer a persones i projectes veritablement inspiradors que, amb la seva passi\u00f3 i esfor\u00e7, fan florir la vida en entorns desfavorits. Va ser un privilegi conviure amb Luigi, Pasquale, Beppe, Anna, Carmela, Laura, Paola, entre altres.<\/span><\/p>\n<p>\u00a0<\/p>\n<p><span style=\"font-weight: 400;\">No podia faltar la visita a Pompeia i a la Vila Poppea, una casa d&#8217;estiu en gran part desenterrada. Tamb\u00e9 passegem per diversos llocs declarats Patrimoni de la Humanitat, com el centre hist\u00f2ric de N\u00e0pols, on vam veure el Crist Velato, el Duomo de San Gennaro i Sant Maradona, el barri espanyol, esgl\u00e9sies, museus i el port. Sorpr\u00e8n que, en una ciutat costanera, no es pugui gaudir de les seves platges a causa de la contaminaci\u00f3.<\/span><\/p>\n<p>\u00a0<\/p>\n<p><span style=\"font-weight: 400;\">La conviv\u00e8ncia entre els membres del grup va ser excel\u00b7lent, tant per als qui ja es coneixien com per als nous amics. Gr\u00e0cies a Manuel Adame, de Vigo, i el seu impecable itali\u00e0, no ens vam perdre res. Grazie mille, Manuel!<\/span><\/p>\n<p>\u00a0<\/p>\n<p><img loading=\"lazy\" decoding=\"async\" class=\"aligncenter wp-image-376969 size-large\" src=\"http:\/\/www.fiarebancaetica.coop\/app\/uploads\/sites\/2\/2024\/07\/WhatsApp-Image-2024-06-27-at-09.48.13-copia-1024x924.jpg\" alt=\"\" width=\"640\" height=\"578\" srcset=\"https:\/\/www.fiarebancaetica.coop\/app\/uploads\/sites\/2\/2024\/07\/WhatsApp-Image-2024-06-27-at-09.48.13-copia-1024x924.jpg 1024w, https:\/\/www.fiarebancaetica.coop\/app\/uploads\/sites\/2\/2024\/07\/WhatsApp-Image-2024-06-27-at-09.48.13-copia-300x271.jpg 300w, https:\/\/www.fiarebancaetica.coop\/app\/uploads\/sites\/2\/2024\/07\/WhatsApp-Image-2024-06-27-at-09.48.13-copia-768x693.jpg 768w, https:\/\/www.fiarebancaetica.coop\/app\/uploads\/sites\/2\/2024\/07\/WhatsApp-Image-2024-06-27-at-09.48.13-copia.jpg 1500w\" sizes=\"auto, (max-width: 640px) 100vw, 640px\" \/><\/p>","protected":false},"excerpt":{"rendered":"<p>Un article d\u2019\u00c1ngel Long\u00e1s, Jes\u00fas Caravaca i Manuel Adame, socis del banc El passat juny un grup de nou persones s\u00f2cies de diferents regions d&#8217;Espanya vam emprendre un viatge organitzat pel banc a N\u00e0pols. L&#8217;objectiu era visitar projectes finan\u00e7ats per l&#8217;entitat i entendre l&#8217;impacte del nostre suport. Aquest viatge ens va permetre con\u00e8ixer cooperatives amb [&hellip;]<\/p>\n","protected":false},"author":6693,"featured_media":376957,"comment_status":"closed","ping_status":"closed","sticky":false,"template":"","format":"standard","meta":{"_acf_changed":false,"footnotes":""},"categories":[11643,12828],"tags":[],"coauthors":[10743],"class_list":["post-376954","post","type-post","status-publish","format-standard","has-post-thumbnail","hentry","category-finances-etiques","category-projectes-collectius"],"acf":[],"yoast_head":"<!-- This site is optimized with the Yoast SEO plugin v26.9 - https:\/\/yoast.com\/product\/yoast-seo-wordpress\/ -->\n<title>Viatge a N\u00e0pols: llavors contra la mafia - Fiare Banca Etica<\/title>\n<meta name=\"robots\" content=\"index, follow, max-snippet:-1, max-image-preview:large, max-video-preview:-1\" \/>\n<link rel=\"canonical\" href=\"https:\/\/www.fiarebancaetica.coop\/ca\/viatge-a-napols-llavors-contra-la-mafia\/\" \/>\n<meta property=\"og:locale\" content=\"ca_ES\" \/>\n<meta property=\"og:type\" content=\"article\" \/>\n<meta property=\"og:title\" content=\"Viatge a N\u00e0pols: llavors contra la mafia - Fiare Banca Etica\" \/>\n<meta property=\"og:description\" content=\"Un article d\u2019\u00c1ngel Long\u00e1s, Jes\u00fas Caravaca i Manuel Adame, socis del banc El passat juny un grup de nou persones s\u00f2cies de diferents regions d&#8217;Espanya vam emprendre un viatge organitzat pel banc a N\u00e0pols. L&#8217;objectiu era visitar projectes finan\u00e7ats per l&#8217;entitat i entendre l&#8217;impacte del nostre suport. Aquest viatge ens va permetre con\u00e8ixer cooperatives amb [&hellip;]\" \/>\n<meta property=\"og:url\" content=\"https:\/\/www.fiarebancaetica.coop\/ca\/viatge-a-napols-llavors-contra-la-mafia\/\" \/>\n<meta property=\"og:site_name\" content=\"Fiare Banca Etica\" \/>\n<meta property=\"article:published_time\" content=\"2024-07-11T13:06:05+00:00\" \/>\n<meta property=\"article:modified_time\" content=\"2024-07-12T08:05:34+00:00\" \/>\n<meta property=\"og:image\" content=\"http:\/\/www.fiarebancaetica.coop\/app\/uploads\/sites\/2\/2024\/07\/WhatsApp-Image-2024-06-27-at-09.48.13-1-copia.jpg\" \/>\n\t<meta property=\"og:image:width\" content=\"1576\" \/>\n\t<meta property=\"og:image:height\" content=\"831\" \/>\n\t<meta property=\"og:image:type\" content=\"image\/jpeg\" \/>\n<meta name=\"author\" content=\"c.castrobancaetica\" \/>\n<meta name=\"twitter:card\" content=\"summary_large_image\" \/>\n<script type=\"application\/ld+json\" class=\"yoast-schema-graph\">{\"@context\":\"https:\/\/schema.org\",\"@graph\":[{\"@type\":\"Article\",\"@id\":\"https:\/\/www.fiarebancaetica.coop\/ca\/viatge-a-napols-llavors-contra-la-mafia\/#article\",\"isPartOf\":{\"@id\":\"https:\/\/www.fiarebancaetica.coop\/ca\/viatge-a-napols-llavors-contra-la-mafia\/\"},\"author\":{\"name\":\"c.castrobancaetica\",\"@id\":\"https:\/\/www.fiarebancaetica.coop\/ca\/#\/schema\/person\/1c4efa4aa7be2f4c12d1ec8c8bc7ec9d\"},\"headline\":\"Viatge a N\u00e0pols: llavors contra la mafia\",\"datePublished\":\"2024-07-11T13:06:05+00:00\",\"dateModified\":\"2024-07-12T08:05:34+00:00\",\"mainEntityOfPage\":{\"@id\":\"https:\/\/www.fiarebancaetica.coop\/ca\/viatge-a-napols-llavors-contra-la-mafia\/\"},\"wordCount\":655,\"image\":{\"@id\":\"https:\/\/www.fiarebancaetica.coop\/ca\/viatge-a-napols-llavors-contra-la-mafia\/#primaryimage\"},\"thumbnailUrl\":\"https:\/\/www.fiarebancaetica.coop\/app\/uploads\/sites\/2\/2024\/07\/WhatsApp-Image-2024-06-27-at-09.48.13-1-copia.jpg\",\"articleSection\":[\"Finances \u00e8tiques\",\"Projectes col\u00b7lectius\"],\"inLanguage\":\"ca\"},{\"@type\":\"WebPage\",\"@id\":\"https:\/\/www.fiarebancaetica.coop\/ca\/viatge-a-napols-llavors-contra-la-mafia\/\",\"url\":\"https:\/\/www.fiarebancaetica.coop\/ca\/viatge-a-napols-llavors-contra-la-mafia\/\",\"name\":\"Viatge a N\u00e0pols: llavors contra la mafia - Fiare Banca Etica\",\"isPartOf\":{\"@id\":\"https:\/\/www.fiarebancaetica.coop\/ca\/#website\"},\"primaryImageOfPage\":{\"@id\":\"https:\/\/www.fiarebancaetica.coop\/ca\/viatge-a-napols-llavors-contra-la-mafia\/#primaryimage\"},\"image\":{\"@id\":\"https:\/\/www.fiarebancaetica.coop\/ca\/viatge-a-napols-llavors-contra-la-mafia\/#primaryimage\"},\"thumbnailUrl\":\"https:\/\/www.fiarebancaetica.coop\/app\/uploads\/sites\/2\/2024\/07\/WhatsApp-Image-2024-06-27-at-09.48.13-1-copia.jpg\",\"datePublished\":\"2024-07-11T13:06:05+00:00\",\"dateModified\":\"2024-07-12T08:05:34+00:00\",\"author\":{\"@id\":\"https:\/\/www.fiarebancaetica.coop\/ca\/#\/schema\/person\/1c4efa4aa7be2f4c12d1ec8c8bc7ec9d\"},\"breadcrumb\":{\"@id\":\"https:\/\/www.fiarebancaetica.coop\/ca\/viatge-a-napols-llavors-contra-la-mafia\/#breadcrumb\"},\"inLanguage\":\"ca\",\"potentialAction\":[{\"@type\":\"ReadAction\",\"target\":[\"https:\/\/www.fiarebancaetica.coop\/ca\/viatge-a-napols-llavors-contra-la-mafia\/\"]}]},{\"@type\":\"ImageObject\",\"inLanguage\":\"ca\",\"@id\":\"https:\/\/www.fiarebancaetica.coop\/ca\/viatge-a-napols-llavors-contra-la-mafia\/#primaryimage\",\"url\":\"https:\/\/www.fiarebancaetica.coop\/app\/uploads\/sites\/2\/2024\/07\/WhatsApp-Image-2024-06-27-at-09.48.13-1-copia.jpg\",\"contentUrl\":\"https:\/\/www.fiarebancaetica.coop\/app\/uploads\/sites\/2\/2024\/07\/WhatsApp-Image-2024-06-27-at-09.48.13-1-copia.jpg\",\"width\":1576,\"height\":831},{\"@type\":\"BreadcrumbList\",\"@id\":\"https:\/\/www.fiarebancaetica.coop\/ca\/viatge-a-napols-llavors-contra-la-mafia\/#breadcrumb\",\"itemListElement\":[{\"@type\":\"ListItem\",\"position\":1,\"name\":\"Home\",\"item\":\"https:\/\/www.fiarebancaetica.coop\/ca\/\"},{\"@type\":\"ListItem\",\"position\":2,\"name\":\"Viatge a N\u00e0pols: llavors contra la mafia\"}]},{\"@type\":\"WebSite\",\"@id\":\"https:\/\/www.fiarebancaetica.coop\/ca\/#website\",\"url\":\"https:\/\/www.fiarebancaetica.coop\/ca\/\",\"name\":\"Fiare Banca Etica\",\"description\":\"\",\"potentialAction\":[{\"@type\":\"SearchAction\",\"target\":{\"@type\":\"EntryPoint\",\"urlTemplate\":\"https:\/\/www.fiarebancaetica.coop\/ca\/?s={search_term_string}\"},\"query-input\":{\"@type\":\"PropertyValueSpecification\",\"valueRequired\":true,\"valueName\":\"search_term_string\"}}],\"inLanguage\":\"ca\"},{\"@type\":\"Person\",\"@id\":\"https:\/\/www.fiarebancaetica.coop\/ca\/#\/schema\/person\/1c4efa4aa7be2f4c12d1ec8c8bc7ec9d\",\"name\":\"c.castrobancaetica\",\"image\":{\"@type\":\"ImageObject\",\"inLanguage\":\"ca\",\"@id\":\"https:\/\/www.fiarebancaetica.coop\/ca\/#\/schema\/person\/image\/f5a235634314aa27313fcd9c99409abd\",\"url\":\"https:\/\/secure.gravatar.com\/avatar\/7e842368c46d63aaa398f0d90120d2b7d7af72148ee6aa4436c6149c13fa4bb2?s=96&d=mm&r=g\",\"contentUrl\":\"https:\/\/secure.gravatar.com\/avatar\/7e842368c46d63aaa398f0d90120d2b7d7af72148ee6aa4436c6149c13fa4bb2?s=96&d=mm&r=g\",\"caption\":\"c.castrobancaetica\"}}]}<\/script>\n<!-- \/ Yoast SEO plugin. -->","yoast_head_json":{"title":"Viatge a N\u00e0pols: llavors contra la mafia - Fiare Banca Etica","robots":{"index":"index","follow":"follow","max-snippet":"max-snippet:-1","max-image-preview":"max-image-preview:large","max-video-preview":"max-video-preview:-1"},"canonical":"https:\/\/www.fiarebancaetica.coop\/ca\/viatge-a-napols-llavors-contra-la-mafia\/","og_locale":"ca_ES","og_type":"article","og_title":"Viatge a N\u00e0pols: llavors contra la mafia - Fiare Banca Etica","og_description":"Un article d\u2019\u00c1ngel Long\u00e1s, Jes\u00fas Caravaca i Manuel Adame, socis del banc El passat juny un grup de nou persones s\u00f2cies de diferents regions d&#8217;Espanya vam emprendre un viatge organitzat pel banc a N\u00e0pols. L&#8217;objectiu era visitar projectes finan\u00e7ats per l&#8217;entitat i entendre l&#8217;impacte del nostre suport. Aquest viatge ens va permetre con\u00e8ixer cooperatives amb [&hellip;]","og_url":"https:\/\/www.fiarebancaetica.coop\/ca\/viatge-a-napols-llavors-contra-la-mafia\/","og_site_name":"Fiare Banca Etica","article_published_time":"2024-07-11T13:06:05+00:00","article_modified_time":"2024-07-12T08:05:34+00:00","og_image":[{"width":1576,"height":831,"url":"http:\/\/www.fiarebancaetica.coop\/app\/uploads\/sites\/2\/2024\/07\/WhatsApp-Image-2024-06-27-at-09.48.13-1-copia.jpg","type":"image\/jpeg"}],"author":"c.castrobancaetica","twitter_card":"summary_large_image","schema":{"@context":"https:\/\/schema.org","@graph":[{"@type":"Article","@id":"https:\/\/www.fiarebancaetica.coop\/ca\/viatge-a-napols-llavors-contra-la-mafia\/#article","isPartOf":{"@id":"https:\/\/www.fiarebancaetica.coop\/ca\/viatge-a-napols-llavors-contra-la-mafia\/"},"author":{"name":"c.castrobancaetica","@id":"https:\/\/www.fiarebancaetica.coop\/ca\/#\/schema\/person\/1c4efa4aa7be2f4c12d1ec8c8bc7ec9d"},"headline":"Viatge a N\u00e0pols: llavors contra la mafia","datePublished":"2024-07-11T13:06:05+00:00","dateModified":"2024-07-12T08:05:34+00:00","mainEntityOfPage":{"@id":"https:\/\/www.fiarebancaetica.coop\/ca\/viatge-a-napols-llavors-contra-la-mafia\/"},"wordCount":655,"image":{"@id":"https:\/\/www.fiarebancaetica.coop\/ca\/viatge-a-napols-llavors-contra-la-mafia\/#primaryimage"},"thumbnailUrl":"https:\/\/www.fiarebancaetica.coop\/app\/uploads\/sites\/2\/2024\/07\/WhatsApp-Image-2024-06-27-at-09.48.13-1-copia.jpg","articleSection":["Finances \u00e8tiques","Projectes col\u00b7lectius"],"inLanguage":"ca"},{"@type":"WebPage","@id":"https:\/\/www.fiarebancaetica.coop\/ca\/viatge-a-napols-llavors-contra-la-mafia\/","url":"https:\/\/www.fiarebancaetica.coop\/ca\/viatge-a-napols-llavors-contra-la-mafia\/","name":"Viatge a N\u00e0pols: llavors contra la mafia - Fiare Banca Etica","isPartOf":{"@id":"https:\/\/www.fiarebancaetica.coop\/ca\/#website"},"primaryImageOfPage":{"@id":"https:\/\/www.fiarebancaetica.coop\/ca\/viatge-a-napols-llavors-contra-la-mafia\/#primaryimage"},"image":{"@id":"https:\/\/www.fiarebancaetica.coop\/ca\/viatge-a-napols-llavors-contra-la-mafia\/#primaryimage"},"thumbnailUrl":"https:\/\/www.fiarebancaetica.coop\/app\/uploads\/sites\/2\/2024\/07\/WhatsApp-Image-2024-06-27-at-09.48.13-1-copia.jpg","datePublished":"2024-07-11T13:06:05+00:00","dateModified":"2024-07-12T08:05:34+00:00","author":{"@id":"https:\/\/www.fiarebancaetica.coop\/ca\/#\/schema\/person\/1c4efa4aa7be2f4c12d1ec8c8bc7ec9d"},"breadcrumb":{"@id":"https:\/\/www.fiarebancaetica.coop\/ca\/viatge-a-napols-llavors-contra-la-mafia\/#breadcrumb"},"inLanguage":"ca","potentialAction":[{"@type":"ReadAction","target":["https:\/\/www.fiarebancaetica.coop\/ca\/viatge-a-napols-llavors-contra-la-mafia\/"]}]},{"@type":"ImageObject","inLanguage":"ca","@id":"https:\/\/www.fiarebancaetica.coop\/ca\/viatge-a-napols-llavors-contra-la-mafia\/#primaryimage","url":"https:\/\/www.fiarebancaetica.coop\/app\/uploads\/sites\/2\/2024\/07\/WhatsApp-Image-2024-06-27-at-09.48.13-1-copia.jpg","contentUrl":"https:\/\/www.fiarebancaetica.coop\/app\/uploads\/sites\/2\/2024\/07\/WhatsApp-Image-2024-06-27-at-09.48.13-1-copia.jpg","width":1576,"height":831},{"@type":"BreadcrumbList","@id":"https:\/\/www.fiarebancaetica.coop\/ca\/viatge-a-napols-llavors-contra-la-mafia\/#breadcrumb","itemListElement":[{"@type":"ListItem","position":1,"name":"Home","item":"https:\/\/www.fiarebancaetica.coop\/ca\/"},{"@type":"ListItem","position":2,"name":"Viatge a N\u00e0pols: llavors contra la mafia"}]},{"@type":"WebSite","@id":"https:\/\/www.fiarebancaetica.coop\/ca\/#website","url":"https:\/\/www.fiarebancaetica.coop\/ca\/","name":"Fiare Banca Etica","description":"","potentialAction":[{"@type":"SearchAction","target":{"@type":"EntryPoint","urlTemplate":"https:\/\/www.fiarebancaetica.coop\/ca\/?s={search_term_string}"},"query-input":{"@type":"PropertyValueSpecification","valueRequired":true,"valueName":"search_term_string"}}],"inLanguage":"ca"},{"@type":"Person","@id":"https:\/\/www.fiarebancaetica.coop\/ca\/#\/schema\/person\/1c4efa4aa7be2f4c12d1ec8c8bc7ec9d","name":"c.castrobancaetica","image":{"@type":"ImageObject","inLanguage":"ca","@id":"https:\/\/www.fiarebancaetica.coop\/ca\/#\/schema\/person\/image\/f5a235634314aa27313fcd9c99409abd","url":"https:\/\/secure.gravatar.com\/avatar\/7e842368c46d63aaa398f0d90120d2b7d7af72148ee6aa4436c6149c13fa4bb2?s=96&d=mm&r=g","contentUrl":"https:\/\/secure.gravatar.com\/avatar\/7e842368c46d63aaa398f0d90120d2b7d7af72148ee6aa4436c6149c13fa4bb2?s=96&d=mm&r=g","caption":"c.castrobancaetica"}}]}},"_links":{"self":[{"href":"https:\/\/www.fiarebancaetica.coop\/ca\/wp-json\/wp\/v2\/posts\/376954","targetHints":{"allow":["GET"]}}],"collection":[{"href":"https:\/\/www.fiarebancaetica.coop\/ca\/wp-json\/wp\/v2\/posts"}],"about":[{"href":"https:\/\/www.fiarebancaetica.coop\/ca\/wp-json\/wp\/v2\/types\/post"}],"author":[{"embeddable":true,"href":"https:\/\/www.fiarebancaetica.coop\/ca\/wp-json\/wp\/v2\/users\/6693"}],"replies":[{"embeddable":true,"href":"https:\/\/www.fiarebancaetica.coop\/ca\/wp-json\/wp\/v2\/comments?post=376954"}],"version-history":[{"count":3,"href":"https:\/\/www.fiarebancaetica.coop\/ca\/wp-json\/wp\/v2\/posts\/376954\/revisions"}],"predecessor-version":[{"id":376982,"href":"https:\/\/www.fiarebancaetica.coop\/ca\/wp-json\/wp\/v2\/posts\/376954\/revisions\/376982"}],"wp:featuredmedia":[{"embeddable":true,"href":"https:\/\/www.fiarebancaetica.coop\/ca\/wp-json\/wp\/v2\/media\/376957"}],"wp:attachment":[{"href":"https:\/\/www.fiarebancaetica.coop\/ca\/wp-json\/wp\/v2\/media?parent=376954"}],"wp:term":[{"taxonomy":"category","embeddable":true,"href":"https:\/\/www.fiarebancaetica.coop\/ca\/wp-json\/wp\/v2\/categories?post=376954"},{"taxonomy":"post_tag","embeddable":true,"href":"https:\/\/www.fiarebancaetica.coop\/ca\/wp-json\/wp\/v2\/tags?post=376954"},{"taxonomy":"author","embeddable":true,"href":"https:\/\/www.fiarebancaetica.coop\/ca\/wp-json\/wp\/v2\/coauthors?post=376954"}],"curies":[{"name":"wp","href":"https:\/\/api.w.org\/{rel}","templated":true}]}}