{"id":377500,"date":"2024-08-13T10:30:46","date_gmt":"2024-08-13T08:30:46","guid":{"rendered":"https:\/\/www.fiarebancaetica.coop\/?p=377500"},"modified":"2024-08-13T10:58:39","modified_gmt":"2024-08-13T08:58:39","slug":"il-ruolo-terapeutico","status":"publish","type":"post","link":"https:\/\/www.fiarebancaetica.coop\/ca\/il-ruolo-terapeutico\/","title":{"rendered":"Democratitzar la salut mental: el paper terap\u00e8utic com a model d&#8217;accessibilitat i inclusi\u00f3"},"content":{"rendered":"\n\n<div class=\"wp-block-bancaetica-blocks-blocks-block-49\">\n    <div class=\"container-block-49\">\n\n        <div class=\"header-section \">\n                            <h1 class=\"section-title\"> Hist\u00f2ries d&#8217;impacte positiu <\/h1>\n                                            <\/div>\n\n        \n        <div class=\"block-background\" style=\"background-image: url('https:\/\/www.fiarebancaetica.coop\/app\/uploads\/sites\/2\/2024\/08\/ruolo.jpg')\">\n                            <div class=\"tile\">\n                    <h1 class=\"image-title\"> Democratitzar la salut mental: el paper terap\u00e8utic com a model d&#8217;accessibilitat i inclusi\u00f3 <\/h1>\n                <\/div>             <!-- end .tile -->\n            <div class=\"bottom-content\">\n                            <\/div> <!-- end .button-content -->\n        <\/div> <!-- end .block-background -->\n    <\/div> <!-- end .container -->\n<\/div> <!-- end wp-block-bancaetica-blocks-blocks-block-06 -->\n\n<p><span style=\"font-weight: 400;\">Segons l&#8217;Organitzaci\u00f3 Mundial de la Salut, a tot el m\u00f3n gaireb\u00e9 mil milions de persones -una de cada deu- pateixen almenys un trastorn mental. La pand\u00e8mia ha estat un detonant que ha provocat un augment del 30% en els diagn\u00f2stics. Les dades ens parlen d&#8217;un creixement que far\u00e0 que en 2030 la depressi\u00f3 i les malalties mentals superin a les malalties cardiovasculars; s\u00f3n els joves i els grups m\u00e9s fr\u00e0gils els que pagaran el preu. Aquests trastorns afecten entre el 10% i el 20% de la inf\u00e0ncia i l&#8217;adolesc\u00e8ncia. Hi ha 9 milions d&#8217;ells en tota Europa, que pateixen sobretot s\u00edmptomes de depressi\u00f3, ansietat i trastorns del comportament. A Espanya, quatre de cada deu joves pateixen ansietat.<\/span><\/p>\n<h5><b>Democratitzar la salut mental fent-la accessible, la lli\u00e7\u00f3 de Sergio Erba<\/b><\/h5>\n<p><span style=\"font-weight: 400;\">La intervenci\u00f3 sobre aquests factors, segons Simonetta Verdecchia, responsable de Il Ruolo Terapeutico, t\u00e9 un impacte social: &#8220;\u00c9s un cercle virtu\u00f3s: qui es cuida a si mateix \u00e9s capa\u00e7 de bolcar el seu benestar en les seves relacions amb els altres i, en conseq\u00fc\u00e8ncia, en els altres. I aix\u00f2 ocorre en tots els contextos, des del familiar fins al social. Si un millora i canvia una mica, els altres tendeixen a seguir-li&#8221;.<\/span><\/p>\n<p><span style=\"font-weight: 400;\">En els \u00faltims anys, gr\u00e0cies a la pand\u00e8mia, el tema de la salut mental ha guanyat una atenci\u00f3 sense precedents: essencial per al benestar individual i col\u00b7lectiu, \u00e9s molt sovint un privilegi que no tothom pot permetre&#8217;s. Si la q\u00fcesti\u00f3 de l&#8217;accessibilitat s&#8217;ha fet per fi p\u00fablica, i han nascut intervencions com el bo psic\u00f2leg o l&#8217;assaig del psic\u00f2leg de base, hi ha qui defensa des de fa temps la necessitat de democratitzar el dret a la salut mental.<\/span><\/p>\n<p><span style=\"font-weight: 400;\">&#8220;Il Ruolo Terapeutico va n\u00e9ixer a Mil\u00e0 fa 52 anys. El nucli de la seva idea era fer que la psicoter\u00e0pia fos sostenible tamb\u00e9 per a les persones que no podien permetre-la-hi&#8221;. Llavors com ara, diu el psicoterapeuta, els honoraris professionals eren molt elevats: &#8220;L&#8217;atenci\u00f3 a la salut mental era prerrogativa d&#8217;un petit grup de persones&#8221;. Sergio Erba sostenia, en canvi, que les persones de la xarxa de relacions d&#8217;ajuda, psiquiatres, assistents socials, etc., havien d&#8217;actuar d&#8217;acord amb una \u00e8tica de la salut. Que els malalts mentals puguin ser tractats, encara que no tinguin diners&#8221;.<\/span><\/p>\n<h5><b>Una revista, un m\u00e8tode, una escola i cursos de psicoter\u00e0pia assequibles<\/b><\/h5>\n<p><span style=\"font-weight: 400;\">Aquesta, diu Verdecchia, va ser la idea fundacional de Il Ruolo Terapeutico, que va comen\u00e7ar com una revista, per\u00f2 aviat es va convertir en &#8220;un m\u00e8tode, una pr\u00e0ctica de treball&#8221;. I despr\u00e9s una escola.<\/span><\/p>\n<p><span style=\"font-weight: 400;\">&#8220;A mesura que es formava gent, naixia un veritable grup: col\u00b7legues compromesos tant a oferir ter\u00e0pia a preus redu\u00efts com a impartir formaci\u00f3, a difondre aquest m\u00e8tode basat en les relacions d&#8217;ajuda. Al final, es va estructurar una escola de quatre anys en psicoter\u00e0pia i orientaci\u00f3 psicodin\u00e1mica, que existeix des de fa 21 anys, i una veritable escola d&#8217;especialitzaci\u00f3, ara acreditada pel Miur, per a m\u00e8dics psic\u00f2legs que comparteixen la nostra \u00e8tica de treball&#8221;.<\/span><\/p>\n<p><span style=\"font-weight: 400;\">&#8220;Accedir als nostres centres \u00e9s senzill: n&#8217;hi ha prou amb cridar. L&#8217;equip en el qual s&#8217;ordenen els diferents casos est\u00e0 format per uns 20 terapeutes: alguns treballen di\u00e0riament, uns altres de forma m\u00e9s espor\u00e0dica perqu\u00e8 estan ocupats en les seves pr\u00f2pies \u00e0rees. Cadascun de nosaltres t\u00e9 especialitats distintes: jo treballo amb persones en edat de desenvolupament, per\u00f2 hi ha qui ho fa amb adults, o amb parelles, o amb fam\u00edlies o grups&#8221;.<\/span><\/p>\n<p><span style=\"font-weight: 400;\">La tarifa acordada \u00e9s de 70 euros per sessi\u00f3, per\u00f2 &#8220;amb la nostra nova associaci\u00f3, existeix la possibilitat de tarifes significativament m\u00e9s baixes gr\u00e0cies a una s\u00e8rie de projectes&#8221;. No \u00e9s res nou, diu Verdecchia, ja han treballat amb diverses associacions en el passat per a garantir tractaments molt baixos o fins i tot gratu\u00efts.<\/span><\/p>\n<h5><b>&#8220;Banca Etica em fa sentir protegit, fins i tot com a jurista&#8221;<\/b><\/h5>\n<p><span style=\"font-weight: 400;\">&#8220;Soc client de Banca Etica tamb\u00e9 personalment, i estic realment molt agra\u00eft al banc pel que fa a la relaci\u00f3 amb Il Ruolo Terapeutico. Estan molt presents, sempre que tenim dificultats n&#8217;hi ha prou amb cridar, escriure un correu electr\u00f2nic, i sempre rebem atenci\u00f3 i suport. Sento que a l&#8217;\u00e9sser una realitat petita tinc un soci, alg\u00fa a qui puc cridar i amb qui comparteixo el fonament \u00e8tic que assignem a les nostres activitats. Aix\u00f2 em fa sentir compresa i protegida, fins i tot com a responsable jur\u00eddica&#8221;.<\/span><\/p>\n<p><span style=\"font-weight: 400;\">Com explica Michele Milanesi, responsable de la relaci\u00f3 amb Il Ruolo Terapeutico per a Banca Etica, la relaci\u00f3 amb l&#8217;empresa va comen\u00e7ar en 2021 per iniciativa de la mateixa Verdecchia, despr\u00e9s d&#8217;un per\u00edode d&#8217;experimentaci\u00f3 m\u00fatua valorat positivament per totes dues parts. &#8220;La sol\u00b7licitud d&#8217;enc\u00e0rrec&#8221;, explica Milanesi, acolliment positivament per la sucursal, &#8220;va servir a l&#8217;empresa per a gestionar la tend\u00e8ncia del circulant en moments puntuals de l&#8217;any en qu\u00e8 hi havia una major necessitat&#8221;.<\/span><\/p>\n<p><span style=\"font-weight: 400;\">Aquest informe, explica Verdecchia, indueix al grup a hipotetitzar noves i futures vies d&#8217;atenci\u00f3 gratu\u00efta, amb la finalitat d&#8217;ampliar cada vegada m\u00e9s l&#8217;\u00e0mbit d&#8217;accessibilitat de l&#8217;atenci\u00f3 a la salut mental. Es tracta de projectes iniciats i conclosos en el passat, especialment amb adolescents o menors no acompanyats.<\/span><\/p>\n\n\n<div style=\"height:100px\" aria-hidden=\"true\" class=\"wp-block-spacer\"><\/div>\n","protected":false},"excerpt":{"rendered":"<p>Segons l&#8217;Organitzaci\u00f3 Mundial de la Salut, a tot el m\u00f3n gaireb\u00e9 mil milions de persones -una de cada deu- pateixen almenys un trastorn mental. La pand\u00e8mia ha estat un detonant que ha provocat un augment del 30% en els diagn\u00f2stics. Les dades ens parlen d&#8217;un creixement que far\u00e0 que en 2030 la depressi\u00f3 i les [&hellip;]<\/p>\n","protected":false},"author":6693,"featured_media":377495,"comment_status":"closed","ping_status":"closed","sticky":false,"template":"","format":"standard","meta":{"_acf_changed":false,"footnotes":""},"categories":[11662],"tags":[],"coauthors":[10743],"class_list":["post-377500","post","type-post","status-publish","format-standard","has-post-thumbnail","hentry","category-histories-dimpacte-positiu"],"acf":[],"yoast_head":"<!-- This site is optimized with the Yoast SEO plugin v26.9 - https:\/\/yoast.com\/product\/yoast-seo-wordpress\/ -->\n<title>Democratitzar la salut mental: el paper terap\u00e8utic com a model d&#039;accessibilitat i inclusi\u00f3 - Fiare Banca Etica<\/title>\n<meta name=\"robots\" content=\"index, follow, max-snippet:-1, max-image-preview:large, max-video-preview:-1\" \/>\n<link rel=\"canonical\" href=\"https:\/\/www.fiarebancaetica.coop\/ca\/il-ruolo-terapeutico\/\" \/>\n<meta property=\"og:locale\" content=\"ca_ES\" \/>\n<meta property=\"og:type\" content=\"article\" \/>\n<meta property=\"og:title\" content=\"Democratitzar la salut mental: el paper terap\u00e8utic com a model d&#039;accessibilitat i inclusi\u00f3 - Fiare Banca Etica\" \/>\n<meta property=\"og:description\" content=\"Segons l&#8217;Organitzaci\u00f3 Mundial de la Salut, a tot el m\u00f3n gaireb\u00e9 mil milions de persones -una de cada deu- pateixen almenys un trastorn mental. La pand\u00e8mia ha estat un detonant que ha provocat un augment del 30% en els diagn\u00f2stics. Les dades ens parlen d&#8217;un creixement que far\u00e0 que en 2030 la depressi\u00f3 i les [&hellip;]\" \/>\n<meta property=\"og:url\" content=\"https:\/\/www.fiarebancaetica.coop\/ca\/il-ruolo-terapeutico\/\" \/>\n<meta property=\"og:site_name\" content=\"Fiare Banca Etica\" \/>\n<meta property=\"article:published_time\" content=\"2024-08-13T08:30:46+00:00\" \/>\n<meta property=\"article:modified_time\" content=\"2024-08-13T08:58:39+00:00\" \/>\n<meta property=\"og:image\" content=\"http:\/\/www.fiarebancaetica.coop\/app\/uploads\/sites\/2\/2024\/08\/ruolo.jpg\" \/>\n\t<meta property=\"og:image:width\" content=\"2560\" \/>\n\t<meta property=\"og:image:height\" content=\"1829\" \/>\n\t<meta property=\"og:image:type\" content=\"image\/jpeg\" \/>\n<meta name=\"author\" content=\"c.castrobancaetica\" \/>\n<meta name=\"twitter:card\" content=\"summary_large_image\" \/>\n<script type=\"application\/ld+json\" class=\"yoast-schema-graph\">{\"@context\":\"https:\/\/schema.org\",\"@graph\":[{\"@type\":\"Article\",\"@id\":\"https:\/\/www.fiarebancaetica.coop\/ca\/il-ruolo-terapeutico\/#article\",\"isPartOf\":{\"@id\":\"https:\/\/www.fiarebancaetica.coop\/ca\/il-ruolo-terapeutico\/\"},\"author\":{\"name\":\"c.castrobancaetica\",\"@id\":\"https:\/\/www.fiarebancaetica.coop\/ca\/#\/schema\/person\/1c4efa4aa7be2f4c12d1ec8c8bc7ec9d\"},\"headline\":\"Democratitzar la salut mental: el paper terap\u00e8utic com a model d&#8217;accessibilitat i inclusi\u00f3\",\"datePublished\":\"2024-08-13T08:30:46+00:00\",\"dateModified\":\"2024-08-13T08:58:39+00:00\",\"mainEntityOfPage\":{\"@id\":\"https:\/\/www.fiarebancaetica.coop\/ca\/il-ruolo-terapeutico\/\"},\"wordCount\":932,\"image\":{\"@id\":\"https:\/\/www.fiarebancaetica.coop\/ca\/il-ruolo-terapeutico\/#primaryimage\"},\"thumbnailUrl\":\"https:\/\/www.fiarebancaetica.coop\/app\/uploads\/sites\/2\/2024\/08\/ruolo.jpg\",\"articleSection\":[\"Hist\u00f2ries d'impacte positiu\"],\"inLanguage\":\"ca\"},{\"@type\":\"WebPage\",\"@id\":\"https:\/\/www.fiarebancaetica.coop\/ca\/il-ruolo-terapeutico\/\",\"url\":\"https:\/\/www.fiarebancaetica.coop\/ca\/il-ruolo-terapeutico\/\",\"name\":\"Democratitzar la salut mental: el paper terap\u00e8utic com a model d'accessibilitat i inclusi\u00f3 - Fiare Banca Etica\",\"isPartOf\":{\"@id\":\"https:\/\/www.fiarebancaetica.coop\/ca\/#website\"},\"primaryImageOfPage\":{\"@id\":\"https:\/\/www.fiarebancaetica.coop\/ca\/il-ruolo-terapeutico\/#primaryimage\"},\"image\":{\"@id\":\"https:\/\/www.fiarebancaetica.coop\/ca\/il-ruolo-terapeutico\/#primaryimage\"},\"thumbnailUrl\":\"https:\/\/www.fiarebancaetica.coop\/app\/uploads\/sites\/2\/2024\/08\/ruolo.jpg\",\"datePublished\":\"2024-08-13T08:30:46+00:00\",\"dateModified\":\"2024-08-13T08:58:39+00:00\",\"author\":{\"@id\":\"https:\/\/www.fiarebancaetica.coop\/ca\/#\/schema\/person\/1c4efa4aa7be2f4c12d1ec8c8bc7ec9d\"},\"breadcrumb\":{\"@id\":\"https:\/\/www.fiarebancaetica.coop\/ca\/il-ruolo-terapeutico\/#breadcrumb\"},\"inLanguage\":\"ca\",\"potentialAction\":[{\"@type\":\"ReadAction\",\"target\":[\"https:\/\/www.fiarebancaetica.coop\/ca\/il-ruolo-terapeutico\/\"]}]},{\"@type\":\"ImageObject\",\"inLanguage\":\"ca\",\"@id\":\"https:\/\/www.fiarebancaetica.coop\/ca\/il-ruolo-terapeutico\/#primaryimage\",\"url\":\"https:\/\/www.fiarebancaetica.coop\/app\/uploads\/sites\/2\/2024\/08\/ruolo.jpg\",\"contentUrl\":\"https:\/\/www.fiarebancaetica.coop\/app\/uploads\/sites\/2\/2024\/08\/ruolo.jpg\",\"width\":2560,\"height\":1829},{\"@type\":\"BreadcrumbList\",\"@id\":\"https:\/\/www.fiarebancaetica.coop\/ca\/il-ruolo-terapeutico\/#breadcrumb\",\"itemListElement\":[{\"@type\":\"ListItem\",\"position\":1,\"name\":\"Home\",\"item\":\"https:\/\/www.fiarebancaetica.coop\/ca\/\"},{\"@type\":\"ListItem\",\"position\":2,\"name\":\"Democratitzar la salut mental: el paper terap\u00e8utic com a model d&#8217;accessibilitat i inclusi\u00f3\"}]},{\"@type\":\"WebSite\",\"@id\":\"https:\/\/www.fiarebancaetica.coop\/ca\/#website\",\"url\":\"https:\/\/www.fiarebancaetica.coop\/ca\/\",\"name\":\"Fiare Banca Etica\",\"description\":\"\",\"potentialAction\":[{\"@type\":\"SearchAction\",\"target\":{\"@type\":\"EntryPoint\",\"urlTemplate\":\"https:\/\/www.fiarebancaetica.coop\/ca\/?s={search_term_string}\"},\"query-input\":{\"@type\":\"PropertyValueSpecification\",\"valueRequired\":true,\"valueName\":\"search_term_string\"}}],\"inLanguage\":\"ca\"},{\"@type\":\"Person\",\"@id\":\"https:\/\/www.fiarebancaetica.coop\/ca\/#\/schema\/person\/1c4efa4aa7be2f4c12d1ec8c8bc7ec9d\",\"name\":\"c.castrobancaetica\",\"image\":{\"@type\":\"ImageObject\",\"inLanguage\":\"ca\",\"@id\":\"https:\/\/www.fiarebancaetica.coop\/ca\/#\/schema\/person\/image\/f5a235634314aa27313fcd9c99409abd\",\"url\":\"https:\/\/secure.gravatar.com\/avatar\/7e842368c46d63aaa398f0d90120d2b7d7af72148ee6aa4436c6149c13fa4bb2?s=96&d=mm&r=g\",\"contentUrl\":\"https:\/\/secure.gravatar.com\/avatar\/7e842368c46d63aaa398f0d90120d2b7d7af72148ee6aa4436c6149c13fa4bb2?s=96&d=mm&r=g\",\"caption\":\"c.castrobancaetica\"}}]}<\/script>\n<!-- \/ Yoast SEO plugin. -->","yoast_head_json":{"title":"Democratitzar la salut mental: el paper terap\u00e8utic com a model d'accessibilitat i inclusi\u00f3 - Fiare Banca Etica","robots":{"index":"index","follow":"follow","max-snippet":"max-snippet:-1","max-image-preview":"max-image-preview:large","max-video-preview":"max-video-preview:-1"},"canonical":"https:\/\/www.fiarebancaetica.coop\/ca\/il-ruolo-terapeutico\/","og_locale":"ca_ES","og_type":"article","og_title":"Democratitzar la salut mental: el paper terap\u00e8utic com a model d'accessibilitat i inclusi\u00f3 - Fiare Banca Etica","og_description":"Segons l&#8217;Organitzaci\u00f3 Mundial de la Salut, a tot el m\u00f3n gaireb\u00e9 mil milions de persones -una de cada deu- pateixen almenys un trastorn mental. La pand\u00e8mia ha estat un detonant que ha provocat un augment del 30% en els diagn\u00f2stics. Les dades ens parlen d&#8217;un creixement que far\u00e0 que en 2030 la depressi\u00f3 i les [&hellip;]","og_url":"https:\/\/www.fiarebancaetica.coop\/ca\/il-ruolo-terapeutico\/","og_site_name":"Fiare Banca Etica","article_published_time":"2024-08-13T08:30:46+00:00","article_modified_time":"2024-08-13T08:58:39+00:00","og_image":[{"width":2560,"height":1829,"url":"http:\/\/www.fiarebancaetica.coop\/app\/uploads\/sites\/2\/2024\/08\/ruolo.jpg","type":"image\/jpeg"}],"author":"c.castrobancaetica","twitter_card":"summary_large_image","schema":{"@context":"https:\/\/schema.org","@graph":[{"@type":"Article","@id":"https:\/\/www.fiarebancaetica.coop\/ca\/il-ruolo-terapeutico\/#article","isPartOf":{"@id":"https:\/\/www.fiarebancaetica.coop\/ca\/il-ruolo-terapeutico\/"},"author":{"name":"c.castrobancaetica","@id":"https:\/\/www.fiarebancaetica.coop\/ca\/#\/schema\/person\/1c4efa4aa7be2f4c12d1ec8c8bc7ec9d"},"headline":"Democratitzar la salut mental: el paper terap\u00e8utic com a model d&#8217;accessibilitat i inclusi\u00f3","datePublished":"2024-08-13T08:30:46+00:00","dateModified":"2024-08-13T08:58:39+00:00","mainEntityOfPage":{"@id":"https:\/\/www.fiarebancaetica.coop\/ca\/il-ruolo-terapeutico\/"},"wordCount":932,"image":{"@id":"https:\/\/www.fiarebancaetica.coop\/ca\/il-ruolo-terapeutico\/#primaryimage"},"thumbnailUrl":"https:\/\/www.fiarebancaetica.coop\/app\/uploads\/sites\/2\/2024\/08\/ruolo.jpg","articleSection":["Hist\u00f2ries d'impacte positiu"],"inLanguage":"ca"},{"@type":"WebPage","@id":"https:\/\/www.fiarebancaetica.coop\/ca\/il-ruolo-terapeutico\/","url":"https:\/\/www.fiarebancaetica.coop\/ca\/il-ruolo-terapeutico\/","name":"Democratitzar la salut mental: el paper terap\u00e8utic com a model d'accessibilitat i inclusi\u00f3 - Fiare Banca Etica","isPartOf":{"@id":"https:\/\/www.fiarebancaetica.coop\/ca\/#website"},"primaryImageOfPage":{"@id":"https:\/\/www.fiarebancaetica.coop\/ca\/il-ruolo-terapeutico\/#primaryimage"},"image":{"@id":"https:\/\/www.fiarebancaetica.coop\/ca\/il-ruolo-terapeutico\/#primaryimage"},"thumbnailUrl":"https:\/\/www.fiarebancaetica.coop\/app\/uploads\/sites\/2\/2024\/08\/ruolo.jpg","datePublished":"2024-08-13T08:30:46+00:00","dateModified":"2024-08-13T08:58:39+00:00","author":{"@id":"https:\/\/www.fiarebancaetica.coop\/ca\/#\/schema\/person\/1c4efa4aa7be2f4c12d1ec8c8bc7ec9d"},"breadcrumb":{"@id":"https:\/\/www.fiarebancaetica.coop\/ca\/il-ruolo-terapeutico\/#breadcrumb"},"inLanguage":"ca","potentialAction":[{"@type":"ReadAction","target":["https:\/\/www.fiarebancaetica.coop\/ca\/il-ruolo-terapeutico\/"]}]},{"@type":"ImageObject","inLanguage":"ca","@id":"https:\/\/www.fiarebancaetica.coop\/ca\/il-ruolo-terapeutico\/#primaryimage","url":"https:\/\/www.fiarebancaetica.coop\/app\/uploads\/sites\/2\/2024\/08\/ruolo.jpg","contentUrl":"https:\/\/www.fiarebancaetica.coop\/app\/uploads\/sites\/2\/2024\/08\/ruolo.jpg","width":2560,"height":1829},{"@type":"BreadcrumbList","@id":"https:\/\/www.fiarebancaetica.coop\/ca\/il-ruolo-terapeutico\/#breadcrumb","itemListElement":[{"@type":"ListItem","position":1,"name":"Home","item":"https:\/\/www.fiarebancaetica.coop\/ca\/"},{"@type":"ListItem","position":2,"name":"Democratitzar la salut mental: el paper terap\u00e8utic com a model d&#8217;accessibilitat i inclusi\u00f3"}]},{"@type":"WebSite","@id":"https:\/\/www.fiarebancaetica.coop\/ca\/#website","url":"https:\/\/www.fiarebancaetica.coop\/ca\/","name":"Fiare Banca Etica","description":"","potentialAction":[{"@type":"SearchAction","target":{"@type":"EntryPoint","urlTemplate":"https:\/\/www.fiarebancaetica.coop\/ca\/?s={search_term_string}"},"query-input":{"@type":"PropertyValueSpecification","valueRequired":true,"valueName":"search_term_string"}}],"inLanguage":"ca"},{"@type":"Person","@id":"https:\/\/www.fiarebancaetica.coop\/ca\/#\/schema\/person\/1c4efa4aa7be2f4c12d1ec8c8bc7ec9d","name":"c.castrobancaetica","image":{"@type":"ImageObject","inLanguage":"ca","@id":"https:\/\/www.fiarebancaetica.coop\/ca\/#\/schema\/person\/image\/f5a235634314aa27313fcd9c99409abd","url":"https:\/\/secure.gravatar.com\/avatar\/7e842368c46d63aaa398f0d90120d2b7d7af72148ee6aa4436c6149c13fa4bb2?s=96&d=mm&r=g","contentUrl":"https:\/\/secure.gravatar.com\/avatar\/7e842368c46d63aaa398f0d90120d2b7d7af72148ee6aa4436c6149c13fa4bb2?s=96&d=mm&r=g","caption":"c.castrobancaetica"}}]}},"_links":{"self":[{"href":"https:\/\/www.fiarebancaetica.coop\/ca\/wp-json\/wp\/v2\/posts\/377500","targetHints":{"allow":["GET"]}}],"collection":[{"href":"https:\/\/www.fiarebancaetica.coop\/ca\/wp-json\/wp\/v2\/posts"}],"about":[{"href":"https:\/\/www.fiarebancaetica.coop\/ca\/wp-json\/wp\/v2\/types\/post"}],"author":[{"embeddable":true,"href":"https:\/\/www.fiarebancaetica.coop\/ca\/wp-json\/wp\/v2\/users\/6693"}],"replies":[{"embeddable":true,"href":"https:\/\/www.fiarebancaetica.coop\/ca\/wp-json\/wp\/v2\/comments?post=377500"}],"version-history":[{"count":1,"href":"https:\/\/www.fiarebancaetica.coop\/ca\/wp-json\/wp\/v2\/posts\/377500\/revisions"}],"predecessor-version":[{"id":377502,"href":"https:\/\/www.fiarebancaetica.coop\/ca\/wp-json\/wp\/v2\/posts\/377500\/revisions\/377502"}],"wp:featuredmedia":[{"embeddable":true,"href":"https:\/\/www.fiarebancaetica.coop\/ca\/wp-json\/wp\/v2\/media\/377495"}],"wp:attachment":[{"href":"https:\/\/www.fiarebancaetica.coop\/ca\/wp-json\/wp\/v2\/media?parent=377500"}],"wp:term":[{"taxonomy":"category","embeddable":true,"href":"https:\/\/www.fiarebancaetica.coop\/ca\/wp-json\/wp\/v2\/categories?post=377500"},{"taxonomy":"post_tag","embeddable":true,"href":"https:\/\/www.fiarebancaetica.coop\/ca\/wp-json\/wp\/v2\/tags?post=377500"},{"taxonomy":"author","embeddable":true,"href":"https:\/\/www.fiarebancaetica.coop\/ca\/wp-json\/wp\/v2\/coauthors?post=377500"}],"curies":[{"name":"wp","href":"https:\/\/api.w.org\/{rel}","templated":true}]}}