{"id":377674,"date":"2024-09-02T13:46:19","date_gmt":"2024-09-02T11:46:19","guid":{"rendered":"https:\/\/www.fiarebancaetica.coop\/?p=377674"},"modified":"2024-09-02T13:46:33","modified_gmt":"2024-09-02T11:46:33","slug":"hub-olympe-emprende-impuls-per-a-lemprenedoria-femenina","status":"publish","type":"post","link":"https:\/\/www.fiarebancaetica.coop\/ca\/hub-olympe-emprende-impuls-per-a-lemprenedoria-femenina\/","title":{"rendered":"Hub Olympe Emprende, impuls per a l&#8217;emprenedoria femenina"},"content":{"rendered":"\n\n<div class=\"wp-block-bancaetica-blocks-blocks-block-49\">\n    <div class=\"container-block-49\">\n\n        <div class=\"header-section \">\n                            <h1 class=\"section-title\"> Hist\u00f2ries d&#8217;impacte positiu <\/h1>\n                                            <\/div>\n\n        \n        <div class=\"block-background\" style=\"background-image: url('https:\/\/www.fiarebancaetica.coop\/app\/uploads\/sites\/2\/2024\/08\/dc29d6a0b028.0.jpg')\">\n                            <div class=\"tile\">\n                    <h1 class=\"image-title\"> Hub Olympe Emprende, impuls per a l&#8217;emprenedoria femenina <\/h1>\n                <\/div>             <!-- end .tile -->\n            <div class=\"bottom-content\">\n                            <\/div> <!-- end .button-content -->\n        <\/div> <!-- end .block-background -->\n    <\/div> <!-- end .container -->\n<\/div> <!-- end wp-block-bancaetica-blocks-blocks-block-06 -->\n\n<p>Aquest programa pioner impulsa la creaci\u00f3 de cooperatives de dones a Andalusia, Catalunya i Gal\u00edcia. Les entrevistem per a con\u00e8ixer els objectius i reptes que tenen per davant.<\/p>\n<p><strong>Quina \u00e9s la missi\u00f3 i visi\u00f3 de Hub Olympe Emprende? D&#8217;on sorgeix?<\/strong><\/p>\n<p>La nostra missi\u00f3 \u00e9s convertir i impulsar idees de negoci en projectes viables i sostenibles, promovent l&#8217;economia social i la cooperaci\u00f3. Amb aquest projecte volem crear una xarxa de dones emprenedores que impulsin un futur inclusiu i col\u00b7laboratiu. Hub\u00a0<span class=\"hiddenSpellError\">Olympe<\/span> Emprende\u00a0 neix de la col\u00b7laboraci\u00f3 entre entitats de Gal\u00edcia, Catalunya i Andalusia, compta amb el cofinan\u00e7ament del Fons Social Europeu Plus, en el marc del Programa d&#8217;Ocupaci\u00f3, Formaci\u00f3, Educaci\u00f3 i Economia Social, impulsat per <span class=\"hiddenSpellError\">CEPES<\/span>. I sorgeix amb la convicci\u00f3 que l&#8217;emprenedoria femenina pot transformar les nostres comunitats, especialment en \u00e0rees rurals.<br \/><br \/>El nostre objectiu \u00e9s oferir totes les eines necess\u00e0ries perqu\u00e8 les dones emprenedores desenvolupin i consolidin els seus projectes. Aix\u00ed, contribu\u00efm a reduir la bretxa de g\u00e8nere, afrontar les dificultats de l&#8217;emprenedoria femenina i combatre el desequilibri poblacional entre zones urbanes i rurals. Vam aprendre molt del programa\u00a0<span class=\"hiddenSpellError\">Olympe<\/span> Emprende\u00a0 (2020-2023), que ens va ensenyar com superar les barreres que enfronten les dones en emprendre, i continuem construint i ampliant sobre aquesta base.<\/p>\n<p><img loading=\"lazy\" decoding=\"async\" class=\"aligncenter wp-image-377548 size-large\" src=\"http:\/\/www.fiarebancaetica.coop\/app\/uploads\/sites\/2\/2024\/08\/216a7ab1b311.0-1024x768.jpg\" alt=\"\" width=\"640\" height=\"480\" srcset=\"https:\/\/www.fiarebancaetica.coop\/app\/uploads\/sites\/2\/2024\/08\/216a7ab1b311.0-1024x768.jpg 1024w, https:\/\/www.fiarebancaetica.coop\/app\/uploads\/sites\/2\/2024\/08\/216a7ab1b311.0-300x225.jpg 300w, https:\/\/www.fiarebancaetica.coop\/app\/uploads\/sites\/2\/2024\/08\/216a7ab1b311.0-768x576.jpg 768w, https:\/\/www.fiarebancaetica.coop\/app\/uploads\/sites\/2\/2024\/08\/216a7ab1b311.0-560x420.jpg 560w, https:\/\/www.fiarebancaetica.coop\/app\/uploads\/sites\/2\/2024\/08\/216a7ab1b311.0.jpg 1500w\" sizes=\"auto, (max-width: 640px) 100vw, 640px\" \/><\/p>\n<p><strong>Quins tipus de serveis i programes ofereix Hub Olympe Emprende a les emprenedores?<\/strong><\/p>\n<p><span style=\"font-weight: 400;\">Ens esforcem per brindar un suport integral a les dones emprenedores. Des de l&#8217;inici, quan les idees estan en fase llavor, la nostra <strong>incubadora<\/strong> ofereix formaci\u00f3, suport legal i financer per a ajudar a fer aquests primers passos. Per a aquelles que ja tenen els seus negocis en marxa, la nostra <strong>acceleradora<\/strong> \u00e9s un programa intensiu de\u00a0<span class=\"hiddenGreenError\">5<\/span>\u00a0mesos\u00a0en qu\u00e8\u00a0treballem bra\u00e7 a bra\u00e7 amb els projectes d&#8217;economia social perqu\u00e8 creixin i es consolidin.<br \/><br \/>A m\u00e9s, comptem amb una <strong>acad\u00e8mia virtual<\/strong> que \u00e9s un espai d&#8217;aprenentatge din\u00e0mic i accessible, ideal per a adquirir les habilitats necess\u00e0ries en qualsevol etapa de l&#8217;emprenedoria. I, el m\u00e9s important, oferim una <strong>comunitat<\/strong> col\u00b7laborativa on les emprenedores poden interactuar, compartir experi\u00e8ncies i crear sinergies. \u00c9s un entorn on no sols s&#8217;impulsa el creixement professional, sin\u00f3 tamb\u00e9 el personal, perqu\u00e8 creiem fermament en la for\u00e7a del suport mutu i la cooperaci\u00f3.<\/span><\/p>\n<p><strong>Quins s\u00f3n els majors desafiaments que enfronta el\u00a0hub\u00a0actualment?<\/strong><\/p>\n<p>Un dels majors desafiaments \u00e9s arribar a totes les dones emprenedores, especialment en \u00e0rees rurals on l&#8217;acc\u00e9s a recursos i formaci\u00f3 pot ser limitat. Tamb\u00e9 estem treballant constantment per a mantenir un flux actualitzat de recursos que ens permeti continuar oferint serveis d&#8217;alta qualitat. A m\u00e9s, enfrontem el repte d&#8217;adaptar-nos als canvis r\u00e0pids en l&#8217;entorn digital i les necessitats emergents de les nostres emprenedores.<\/p>\n<p><strong>Quines tend\u00e8ncies i \u00e0rees d&#8217;innovaci\u00f3 consideres que seran m\u00e9s rellevants per a les emprenedores en els pr\u00f2xims anys?<\/strong><\/p>\n<p>La digitalitzaci\u00f3 i l&#8217;\u00fas de tecnologia seran claus. Des de plataformes de comer\u00e7 electr\u00f2nic fins a eines de m\u00e0rqueting digital, les emprenedores hauran d&#8217;adaptar-se i utilitzar aquestes tecnologies per a cr\u00e9ixer. A m\u00e9s, la sostenibilitat i l&#8217;economia circular continuaran sent una tend\u00e8ncia forta, amb un enfocament en pr\u00e0ctiques empresarials que respectin el medi ambient. Tamb\u00e9 cal destacar el pes que est\u00e0 guanyant l&#8217;economia de les cures, especialment en el rural. El treball col\u00b7laboratiu i en xarxa tamb\u00e9 es consolidar\u00e0 com una forma efica\u00e7 de superar obstacles i aprofitar oportunitats.<\/p>\n<p><strong>Com col\u00b7laboreu amb altres organitzacions o institucions?<\/strong><\/p>\n<p>Som quatre cooperatives que col\u00b7laborem estretament (Genera+ S.coop.And, Associaci\u00f3\u00a0Creacciona\u00a0Innovaci\u00f3 i Emprenedoria Social,\u00a0Abeluria\u00a0S.coop.\u00a0Galega\u00a0i\u00a0Tandem\u00a0Social\u00a0SCCL. Cadascuna de nosaltres tenim aliances en els nostres territoris, treballant i col\u00b7laborant amb governs locals, universitats i altres organitzacions de l&#8217;economia social per a crear un ecosistema de suport integral per a les nostres emprenedores que ens permet oferir un suport m\u00e9s ampli i diversificat.<\/p>\n<p><strong>Quin consell els donaries a les emprenedores que estan iniciant el seu cam\u00ed?<\/strong><\/p>\n<p>Els dir\u00edem que no tinguin por de comen\u00e7ar, que confi\u00efn en les seves idees i busquin suport en xarxes i comunitats com la nostra. Emprendre pot ser un cam\u00ed ple de desafiaments, per\u00f2 tamb\u00e9 de grans satisfaccions. \u00c9s crucial mantenir-se flexible i oberta a aprendre i adaptar-se. I, sobretot, que no estiguin soles; hi ha moltes persones i recursos disposats a ajudar-los a aconseguir les seves metes.<\/p>\n<p><strong>Quins s\u00f3n els pr\u00f2xims projectes o iniciatives que t\u00e9 planejats Hub Olympe Emprende?<\/strong><\/p>\n<p>Estem molt emocionades amb la pr\u00f2xima convocat\u00f2ria de la nostra acceleradora que comen\u00e7ar\u00e0\u00a0el gener\u00a0de 2025. A m\u00e9s, volem enfortir la nostra comunitat interterritorial, creant m\u00e9s esdeveniments de\u00a0<span class=\"hiddenGreenError\" style=\"padding-bottom: 2px; background-image: url('..\/..\/..\/..\/..\/images\/squiggle_green.png'); background-repeat: repeat-x; background-position: left bottom; cursor: default; color: #000000; font-family: 'Open Sans', Helvetica, Arial, sans-serif; font-size: 16px; font-style: normal; font-variant-ligatures: normal; font-variant-caps: normal; font-weight: 300; letter-spacing: normal; orphans: 2; text-align: start; text-indent: 0px; text-transform: none; widows: 2; word-spacing: 0px; -webkit-text-stroke-width: 0px; white-space: normal; text-decoration-thickness: initial; text-decoration-style: initial; text-decoration-color: initial;\">networking<\/span>\u00a0i col\u00b7laboracions entre emprenedores de diferents territoris. El nostre objectiu \u00e9s continuar creixent i adaptant-nos a les necessitats de les nostres emprenedores, sempre promovent un model econ\u00f2mic i social just i sostenible.<\/p>\n<p><a href=\"_wp_link_placeholder\" data-wplink-edit=\"true\">https:\/\/hubolympeemprende.coop\/Quienes-somos\/ca\/\u00a0<\/a><\/p>\n<p><img loading=\"lazy\" decoding=\"async\" class=\"aligncenter wp-image-377570 size-large\" src=\"http:\/\/www.fiarebancaetica.coop\/app\/uploads\/sites\/2\/2024\/08\/DSC03943-1024x683.jpg\" alt=\"\" width=\"640\" height=\"427\" srcset=\"https:\/\/www.fiarebancaetica.coop\/app\/uploads\/sites\/2\/2024\/08\/DSC03943-1024x683.jpg 1024w, https:\/\/www.fiarebancaetica.coop\/app\/uploads\/sites\/2\/2024\/08\/DSC03943-300x200.jpg 300w, https:\/\/www.fiarebancaetica.coop\/app\/uploads\/sites\/2\/2024\/08\/DSC03943-768x512.jpg 768w, https:\/\/www.fiarebancaetica.coop\/app\/uploads\/sites\/2\/2024\/08\/DSC03943-1536x1024.jpg 1536w, https:\/\/www.fiarebancaetica.coop\/app\/uploads\/sites\/2\/2024\/08\/DSC03943-2048x1365.jpg 2048w\" sizes=\"auto, (max-width: 640px) 100vw, 640px\" \/><\/p>","protected":false},"excerpt":{"rendered":"<p>Aquest programa pioner impulsa la creaci\u00f3 de cooperatives de dones a Andalusia, Catalunya i Gal\u00edcia. Les entrevistem per a con\u00e8ixer els objectius i reptes que tenen per davant. Quina \u00e9s la missi\u00f3 i visi\u00f3 de Hub Olympe Emprende? D&#8217;on sorgeix? La nostra missi\u00f3 \u00e9s convertir i impulsar idees de negoci en projectes viables i sostenibles, [&hellip;]<\/p>\n","protected":false},"author":6692,"featured_media":377546,"comment_status":"closed","ping_status":"closed","sticky":false,"template":"","format":"standard","meta":{"_acf_changed":false,"footnotes":""},"categories":[11662],"tags":[],"coauthors":[10744],"class_list":["post-377674","post","type-post","status-publish","format-standard","has-post-thumbnail","hentry","category-histories-dimpacte-positiu"],"acf":[],"yoast_head":"<!-- This site is optimized with the Yoast SEO plugin v26.9 - https:\/\/yoast.com\/product\/yoast-seo-wordpress\/ -->\n<title>Hub Olympe Emprende, impuls per a l&#039;emprenedoria femenina - Fiare Banca Etica<\/title>\n<meta name=\"robots\" content=\"index, follow, max-snippet:-1, max-image-preview:large, max-video-preview:-1\" \/>\n<link rel=\"canonical\" href=\"https:\/\/www.fiarebancaetica.coop\/ca\/hub-olympe-emprende-impuls-per-a-lemprenedoria-femenina\/\" \/>\n<meta property=\"og:locale\" content=\"ca_ES\" \/>\n<meta property=\"og:type\" content=\"article\" \/>\n<meta property=\"og:title\" content=\"Hub Olympe Emprende, impuls per a l&#039;emprenedoria femenina - Fiare Banca Etica\" \/>\n<meta property=\"og:description\" content=\"Aquest programa pioner impulsa la creaci\u00f3 de cooperatives de dones a Andalusia, Catalunya i Gal\u00edcia. Les entrevistem per a con\u00e8ixer els objectius i reptes que tenen per davant. Quina \u00e9s la missi\u00f3 i visi\u00f3 de Hub Olympe Emprende? D&#8217;on sorgeix? La nostra missi\u00f3 \u00e9s convertir i impulsar idees de negoci en projectes viables i sostenibles, [&hellip;]\" \/>\n<meta property=\"og:url\" content=\"https:\/\/www.fiarebancaetica.coop\/ca\/hub-olympe-emprende-impuls-per-a-lemprenedoria-femenina\/\" \/>\n<meta property=\"og:site_name\" content=\"Fiare Banca Etica\" \/>\n<meta property=\"article:published_time\" content=\"2024-09-02T11:46:19+00:00\" \/>\n<meta property=\"article:modified_time\" content=\"2024-09-02T11:46:33+00:00\" \/>\n<meta property=\"og:image\" content=\"http:\/\/www.fiarebancaetica.coop\/app\/uploads\/sites\/2\/2024\/08\/dc29d6a0b028.0.jpg\" \/>\n\t<meta property=\"og:image:width\" content=\"700\" \/>\n\t<meta property=\"og:image:height\" content=\"340\" \/>\n\t<meta property=\"og:image:type\" content=\"image\/jpeg\" \/>\n<meta name=\"author\" content=\"m.ruizbancaetica\" \/>\n<meta name=\"twitter:card\" content=\"summary_large_image\" \/>\n<script type=\"application\/ld+json\" class=\"yoast-schema-graph\">{\"@context\":\"https:\/\/schema.org\",\"@graph\":[{\"@type\":\"Article\",\"@id\":\"https:\/\/www.fiarebancaetica.coop\/ca\/hub-olympe-emprende-impuls-per-a-lemprenedoria-femenina\/#article\",\"isPartOf\":{\"@id\":\"https:\/\/www.fiarebancaetica.coop\/ca\/hub-olympe-emprende-impuls-per-a-lemprenedoria-femenina\/\"},\"author\":{\"name\":\"m.ruizbancaetica\",\"@id\":\"https:\/\/www.fiarebancaetica.coop\/ca\/#\/schema\/person\/7bc488ed648e53298d64264a9f400193\"},\"headline\":\"Hub Olympe Emprende, impuls per a l&#8217;emprenedoria femenina\",\"datePublished\":\"2024-09-02T11:46:19+00:00\",\"dateModified\":\"2024-09-02T11:46:33+00:00\",\"mainEntityOfPage\":{\"@id\":\"https:\/\/www.fiarebancaetica.coop\/ca\/hub-olympe-emprende-impuls-per-a-lemprenedoria-femenina\/\"},\"wordCount\":855,\"image\":{\"@id\":\"https:\/\/www.fiarebancaetica.coop\/ca\/hub-olympe-emprende-impuls-per-a-lemprenedoria-femenina\/#primaryimage\"},\"thumbnailUrl\":\"https:\/\/www.fiarebancaetica.coop\/app\/uploads\/sites\/2\/2024\/08\/dc29d6a0b028.0.jpg\",\"articleSection\":[\"Hist\u00f2ries d'impacte positiu\"],\"inLanguage\":\"ca\"},{\"@type\":\"WebPage\",\"@id\":\"https:\/\/www.fiarebancaetica.coop\/ca\/hub-olympe-emprende-impuls-per-a-lemprenedoria-femenina\/\",\"url\":\"https:\/\/www.fiarebancaetica.coop\/ca\/hub-olympe-emprende-impuls-per-a-lemprenedoria-femenina\/\",\"name\":\"Hub Olympe Emprende, impuls per a l'emprenedoria femenina - Fiare Banca Etica\",\"isPartOf\":{\"@id\":\"https:\/\/www.fiarebancaetica.coop\/ca\/#website\"},\"primaryImageOfPage\":{\"@id\":\"https:\/\/www.fiarebancaetica.coop\/ca\/hub-olympe-emprende-impuls-per-a-lemprenedoria-femenina\/#primaryimage\"},\"image\":{\"@id\":\"https:\/\/www.fiarebancaetica.coop\/ca\/hub-olympe-emprende-impuls-per-a-lemprenedoria-femenina\/#primaryimage\"},\"thumbnailUrl\":\"https:\/\/www.fiarebancaetica.coop\/app\/uploads\/sites\/2\/2024\/08\/dc29d6a0b028.0.jpg\",\"datePublished\":\"2024-09-02T11:46:19+00:00\",\"dateModified\":\"2024-09-02T11:46:33+00:00\",\"author\":{\"@id\":\"https:\/\/www.fiarebancaetica.coop\/ca\/#\/schema\/person\/7bc488ed648e53298d64264a9f400193\"},\"breadcrumb\":{\"@id\":\"https:\/\/www.fiarebancaetica.coop\/ca\/hub-olympe-emprende-impuls-per-a-lemprenedoria-femenina\/#breadcrumb\"},\"inLanguage\":\"ca\",\"potentialAction\":[{\"@type\":\"ReadAction\",\"target\":[\"https:\/\/www.fiarebancaetica.coop\/ca\/hub-olympe-emprende-impuls-per-a-lemprenedoria-femenina\/\"]}]},{\"@type\":\"ImageObject\",\"inLanguage\":\"ca\",\"@id\":\"https:\/\/www.fiarebancaetica.coop\/ca\/hub-olympe-emprende-impuls-per-a-lemprenedoria-femenina\/#primaryimage\",\"url\":\"https:\/\/www.fiarebancaetica.coop\/app\/uploads\/sites\/2\/2024\/08\/dc29d6a0b028.0.jpg\",\"contentUrl\":\"https:\/\/www.fiarebancaetica.coop\/app\/uploads\/sites\/2\/2024\/08\/dc29d6a0b028.0.jpg\",\"width\":700,\"height\":340},{\"@type\":\"BreadcrumbList\",\"@id\":\"https:\/\/www.fiarebancaetica.coop\/ca\/hub-olympe-emprende-impuls-per-a-lemprenedoria-femenina\/#breadcrumb\",\"itemListElement\":[{\"@type\":\"ListItem\",\"position\":1,\"name\":\"Home\",\"item\":\"https:\/\/www.fiarebancaetica.coop\/ca\/\"},{\"@type\":\"ListItem\",\"position\":2,\"name\":\"Hub Olympe Emprende, impuls per a l&#8217;emprenedoria femenina\"}]},{\"@type\":\"WebSite\",\"@id\":\"https:\/\/www.fiarebancaetica.coop\/ca\/#website\",\"url\":\"https:\/\/www.fiarebancaetica.coop\/ca\/\",\"name\":\"Fiare Banca Etica\",\"description\":\"\",\"potentialAction\":[{\"@type\":\"SearchAction\",\"target\":{\"@type\":\"EntryPoint\",\"urlTemplate\":\"https:\/\/www.fiarebancaetica.coop\/ca\/?s={search_term_string}\"},\"query-input\":{\"@type\":\"PropertyValueSpecification\",\"valueRequired\":true,\"valueName\":\"search_term_string\"}}],\"inLanguage\":\"ca\"},{\"@type\":\"Person\",\"@id\":\"https:\/\/www.fiarebancaetica.coop\/ca\/#\/schema\/person\/7bc488ed648e53298d64264a9f400193\",\"name\":\"m.ruizbancaetica\",\"image\":{\"@type\":\"ImageObject\",\"inLanguage\":\"ca\",\"@id\":\"https:\/\/www.fiarebancaetica.coop\/ca\/#\/schema\/person\/image\/f0a8cae14c0568b9da9b3f086657446b\",\"url\":\"https:\/\/secure.gravatar.com\/avatar\/686577dcf7ccc609780c726ff0a601a4d6a610c277bc054b6c51d510651a71af?s=96&d=mm&r=g\",\"contentUrl\":\"https:\/\/secure.gravatar.com\/avatar\/686577dcf7ccc609780c726ff0a601a4d6a610c277bc054b6c51d510651a71af?s=96&d=mm&r=g\",\"caption\":\"m.ruizbancaetica\"}}]}<\/script>\n<!-- \/ Yoast SEO plugin. -->","yoast_head_json":{"title":"Hub Olympe Emprende, impuls per a l'emprenedoria femenina - Fiare Banca Etica","robots":{"index":"index","follow":"follow","max-snippet":"max-snippet:-1","max-image-preview":"max-image-preview:large","max-video-preview":"max-video-preview:-1"},"canonical":"https:\/\/www.fiarebancaetica.coop\/ca\/hub-olympe-emprende-impuls-per-a-lemprenedoria-femenina\/","og_locale":"ca_ES","og_type":"article","og_title":"Hub Olympe Emprende, impuls per a l'emprenedoria femenina - Fiare Banca Etica","og_description":"Aquest programa pioner impulsa la creaci\u00f3 de cooperatives de dones a Andalusia, Catalunya i Gal\u00edcia. Les entrevistem per a con\u00e8ixer els objectius i reptes que tenen per davant. Quina \u00e9s la missi\u00f3 i visi\u00f3 de Hub Olympe Emprende? D&#8217;on sorgeix? La nostra missi\u00f3 \u00e9s convertir i impulsar idees de negoci en projectes viables i sostenibles, [&hellip;]","og_url":"https:\/\/www.fiarebancaetica.coop\/ca\/hub-olympe-emprende-impuls-per-a-lemprenedoria-femenina\/","og_site_name":"Fiare Banca Etica","article_published_time":"2024-09-02T11:46:19+00:00","article_modified_time":"2024-09-02T11:46:33+00:00","og_image":[{"width":700,"height":340,"url":"http:\/\/www.fiarebancaetica.coop\/app\/uploads\/sites\/2\/2024\/08\/dc29d6a0b028.0.jpg","type":"image\/jpeg"}],"author":"m.ruizbancaetica","twitter_card":"summary_large_image","schema":{"@context":"https:\/\/schema.org","@graph":[{"@type":"Article","@id":"https:\/\/www.fiarebancaetica.coop\/ca\/hub-olympe-emprende-impuls-per-a-lemprenedoria-femenina\/#article","isPartOf":{"@id":"https:\/\/www.fiarebancaetica.coop\/ca\/hub-olympe-emprende-impuls-per-a-lemprenedoria-femenina\/"},"author":{"name":"m.ruizbancaetica","@id":"https:\/\/www.fiarebancaetica.coop\/ca\/#\/schema\/person\/7bc488ed648e53298d64264a9f400193"},"headline":"Hub Olympe Emprende, impuls per a l&#8217;emprenedoria femenina","datePublished":"2024-09-02T11:46:19+00:00","dateModified":"2024-09-02T11:46:33+00:00","mainEntityOfPage":{"@id":"https:\/\/www.fiarebancaetica.coop\/ca\/hub-olympe-emprende-impuls-per-a-lemprenedoria-femenina\/"},"wordCount":855,"image":{"@id":"https:\/\/www.fiarebancaetica.coop\/ca\/hub-olympe-emprende-impuls-per-a-lemprenedoria-femenina\/#primaryimage"},"thumbnailUrl":"https:\/\/www.fiarebancaetica.coop\/app\/uploads\/sites\/2\/2024\/08\/dc29d6a0b028.0.jpg","articleSection":["Hist\u00f2ries d'impacte positiu"],"inLanguage":"ca"},{"@type":"WebPage","@id":"https:\/\/www.fiarebancaetica.coop\/ca\/hub-olympe-emprende-impuls-per-a-lemprenedoria-femenina\/","url":"https:\/\/www.fiarebancaetica.coop\/ca\/hub-olympe-emprende-impuls-per-a-lemprenedoria-femenina\/","name":"Hub Olympe Emprende, impuls per a l'emprenedoria femenina - Fiare Banca Etica","isPartOf":{"@id":"https:\/\/www.fiarebancaetica.coop\/ca\/#website"},"primaryImageOfPage":{"@id":"https:\/\/www.fiarebancaetica.coop\/ca\/hub-olympe-emprende-impuls-per-a-lemprenedoria-femenina\/#primaryimage"},"image":{"@id":"https:\/\/www.fiarebancaetica.coop\/ca\/hub-olympe-emprende-impuls-per-a-lemprenedoria-femenina\/#primaryimage"},"thumbnailUrl":"https:\/\/www.fiarebancaetica.coop\/app\/uploads\/sites\/2\/2024\/08\/dc29d6a0b028.0.jpg","datePublished":"2024-09-02T11:46:19+00:00","dateModified":"2024-09-02T11:46:33+00:00","author":{"@id":"https:\/\/www.fiarebancaetica.coop\/ca\/#\/schema\/person\/7bc488ed648e53298d64264a9f400193"},"breadcrumb":{"@id":"https:\/\/www.fiarebancaetica.coop\/ca\/hub-olympe-emprende-impuls-per-a-lemprenedoria-femenina\/#breadcrumb"},"inLanguage":"ca","potentialAction":[{"@type":"ReadAction","target":["https:\/\/www.fiarebancaetica.coop\/ca\/hub-olympe-emprende-impuls-per-a-lemprenedoria-femenina\/"]}]},{"@type":"ImageObject","inLanguage":"ca","@id":"https:\/\/www.fiarebancaetica.coop\/ca\/hub-olympe-emprende-impuls-per-a-lemprenedoria-femenina\/#primaryimage","url":"https:\/\/www.fiarebancaetica.coop\/app\/uploads\/sites\/2\/2024\/08\/dc29d6a0b028.0.jpg","contentUrl":"https:\/\/www.fiarebancaetica.coop\/app\/uploads\/sites\/2\/2024\/08\/dc29d6a0b028.0.jpg","width":700,"height":340},{"@type":"BreadcrumbList","@id":"https:\/\/www.fiarebancaetica.coop\/ca\/hub-olympe-emprende-impuls-per-a-lemprenedoria-femenina\/#breadcrumb","itemListElement":[{"@type":"ListItem","position":1,"name":"Home","item":"https:\/\/www.fiarebancaetica.coop\/ca\/"},{"@type":"ListItem","position":2,"name":"Hub Olympe Emprende, impuls per a l&#8217;emprenedoria femenina"}]},{"@type":"WebSite","@id":"https:\/\/www.fiarebancaetica.coop\/ca\/#website","url":"https:\/\/www.fiarebancaetica.coop\/ca\/","name":"Fiare Banca Etica","description":"","potentialAction":[{"@type":"SearchAction","target":{"@type":"EntryPoint","urlTemplate":"https:\/\/www.fiarebancaetica.coop\/ca\/?s={search_term_string}"},"query-input":{"@type":"PropertyValueSpecification","valueRequired":true,"valueName":"search_term_string"}}],"inLanguage":"ca"},{"@type":"Person","@id":"https:\/\/www.fiarebancaetica.coop\/ca\/#\/schema\/person\/7bc488ed648e53298d64264a9f400193","name":"m.ruizbancaetica","image":{"@type":"ImageObject","inLanguage":"ca","@id":"https:\/\/www.fiarebancaetica.coop\/ca\/#\/schema\/person\/image\/f0a8cae14c0568b9da9b3f086657446b","url":"https:\/\/secure.gravatar.com\/avatar\/686577dcf7ccc609780c726ff0a601a4d6a610c277bc054b6c51d510651a71af?s=96&d=mm&r=g","contentUrl":"https:\/\/secure.gravatar.com\/avatar\/686577dcf7ccc609780c726ff0a601a4d6a610c277bc054b6c51d510651a71af?s=96&d=mm&r=g","caption":"m.ruizbancaetica"}}]}},"_links":{"self":[{"href":"https:\/\/www.fiarebancaetica.coop\/ca\/wp-json\/wp\/v2\/posts\/377674","targetHints":{"allow":["GET"]}}],"collection":[{"href":"https:\/\/www.fiarebancaetica.coop\/ca\/wp-json\/wp\/v2\/posts"}],"about":[{"href":"https:\/\/www.fiarebancaetica.coop\/ca\/wp-json\/wp\/v2\/types\/post"}],"author":[{"embeddable":true,"href":"https:\/\/www.fiarebancaetica.coop\/ca\/wp-json\/wp\/v2\/users\/6692"}],"replies":[{"embeddable":true,"href":"https:\/\/www.fiarebancaetica.coop\/ca\/wp-json\/wp\/v2\/comments?post=377674"}],"version-history":[{"count":1,"href":"https:\/\/www.fiarebancaetica.coop\/ca\/wp-json\/wp\/v2\/posts\/377674\/revisions"}],"predecessor-version":[{"id":377681,"href":"https:\/\/www.fiarebancaetica.coop\/ca\/wp-json\/wp\/v2\/posts\/377674\/revisions\/377681"}],"wp:featuredmedia":[{"embeddable":true,"href":"https:\/\/www.fiarebancaetica.coop\/ca\/wp-json\/wp\/v2\/media\/377546"}],"wp:attachment":[{"href":"https:\/\/www.fiarebancaetica.coop\/ca\/wp-json\/wp\/v2\/media?parent=377674"}],"wp:term":[{"taxonomy":"category","embeddable":true,"href":"https:\/\/www.fiarebancaetica.coop\/ca\/wp-json\/wp\/v2\/categories?post=377674"},{"taxonomy":"post_tag","embeddable":true,"href":"https:\/\/www.fiarebancaetica.coop\/ca\/wp-json\/wp\/v2\/tags?post=377674"},{"taxonomy":"author","embeddable":true,"href":"https:\/\/www.fiarebancaetica.coop\/ca\/wp-json\/wp\/v2\/coauthors?post=377674"}],"curies":[{"name":"wp","href":"https:\/\/api.w.org\/{rel}","templated":true}]}}