{"id":378025,"date":"2024-09-10T15:22:30","date_gmt":"2024-09-10T13:22:30","guid":{"rendered":"https:\/\/www.fiarebancaetica.coop\/?p=378025"},"modified":"2024-09-12T12:00:42","modified_gmt":"2024-09-12T10:00:42","slug":"un-llegat-de-compromis-i-passio","status":"publish","type":"post","link":"https:\/\/www.fiarebancaetica.coop\/ca\/un-llegat-de-compromis-i-passio\/","title":{"rendered":"Un llegat de comprom\u00eds i passi\u00f3"},"content":{"rendered":"\n\n<div class=\"wp-block-bancaetica-blocks-blocks-block-49\">\n    <div class=\"container-block-49\">\n\n        <div class=\"header-section \">\n                            <h1 class=\"section-title\"> \u00c8tica i cooperativa <\/h1>\n                                            <\/div>\n\n        \n        <div class=\"block-background\" style=\"background-image: url('https:\/\/www.fiarebancaetica.coop\/app\/uploads\/sites\/2\/2024\/09\/cachi.jpg')\">\n                            <div class=\"tile\">\n                    <h1 class=\"image-title\"> Un llegat de comprom\u00eds i passi\u00f3 <\/h1>\n                <\/div>             <!-- end .tile -->\n            <div class=\"bottom-content\">\n                            <\/div> <!-- end .button-content -->\n        <\/div> <!-- end .block-background -->\n    <\/div> <!-- end .container -->\n<\/div> <!-- end wp-block-bancaetica-blocks-blocks-block-06 -->\n\n<p><strong>Un article del GIT de Galiza Sur.\u00a0<\/strong><\/p>\n<p>\u00a0<\/p>\n<p><span style=\"font-weight: 400;\">\u00c9s dur. Un glop amarg. Escriure sobre ella porta al cap molts records que nuen l\u2019est\u00f3mac, fan florir una ll\u00e0grima a l\u2019ull. Per\u00f2 amb molta m\u00e9s for\u00e7a porten un somriure, el seu somriure.\u00a0<\/span><\/p>\n<p>\u00a0<\/p>\n<p><span style=\"font-weight: 400;\">Alguns la vam con\u00e8ixer a principis de 2010. <strong>Durant aquell any es va fundar l\u2019Associaci\u00f3 Fiare Galiza i, des de llavors, la nostra Cachi no ha deixat de treballar perqu\u00e8 el nostre banc arribi fins all\u00f2 que \u00e9s ara<\/strong>. Des del que \u00e9s local a l\u2019internacional. Cachi va cr\u00e9ixer durant 14 anys amb Fiare. Al llarg d\u2019aquest temps va compartir amb tots la utopia, les ganes de crear quelcom diferent, millor, contagiant il\u00b7lusi\u00f3 a totes les persones que est\u00e0vem al seu costat. En aquest caminar destacava. Era de les primeres a opinar, en proposar, per\u00f2 sobretot en animar. Amb el seu esfor\u00e7 i dedicaci\u00f3, Cachi es va convertir en un referent per moltes qui formem Fiare i ens ser\u00e0 dif\u00edcil oblidar-la.\u00a0<\/span><\/p>\n<p>\u00a0<\/p>\n<p><img loading=\"lazy\" decoding=\"async\" class=\"aligncenter wp-image-378022 size-large\" src=\"http:\/\/www.fiarebancaetica.coop\/app\/uploads\/sites\/2\/2024\/09\/IMG-20220420-WA0034-1024x461.jpg\" alt=\"\" width=\"640\" height=\"288\" srcset=\"https:\/\/www.fiarebancaetica.coop\/app\/uploads\/sites\/2\/2024\/09\/IMG-20220420-WA0034-1024x461.jpg 1024w, https:\/\/www.fiarebancaetica.coop\/app\/uploads\/sites\/2\/2024\/09\/IMG-20220420-WA0034-300x135.jpg 300w, https:\/\/www.fiarebancaetica.coop\/app\/uploads\/sites\/2\/2024\/09\/IMG-20220420-WA0034-768x346.jpg 768w, https:\/\/www.fiarebancaetica.coop\/app\/uploads\/sites\/2\/2024\/09\/IMG-20220420-WA0034-1536x691.jpg 1536w, https:\/\/www.fiarebancaetica.coop\/app\/uploads\/sites\/2\/2024\/09\/IMG-20220420-WA0034.jpg 2000w\" sizes=\"auto, (max-width: 640px) 100vw, 640px\" \/><\/p>\n<p><span style=\"font-weight: 400;\">Ens ha deixat<strong> una l\u00edder, una amiga, una germana, una mare, una companya de cam\u00ed<\/strong>. No es va guanyar l\u2019apel\u00b7latiu de \u201cmam\u00e1 Cachi\u201d casualment, ja que per cadasc\u00fa tenia un gest, una trucada, una mirada, una paraula o un descans per fumar. Va establir vincles que van anar m\u00e9s enll\u00e0 dels temes a tractar; vam compartir reunions, viatges, trobades, agermanaments i moltes converses; en definitiva, vam compartir vida. Ella va fer realitat el lema del banc: \u201c<\/span><b>l\u2019inter\u00e8s m\u00e9s alt \u00e9s l\u2019inter\u00e8s col\u00b7lectiu<\/b><span style=\"font-weight: 400;\">\u201d, ja que ella no volia acaparar els \u201cfocus\u201d, sin\u00f3 posar-se al servei i implicar-se en all\u00f2 en qu\u00e8 la necessitessin, impulsant la pres\u00e8ncia i participaci\u00f3 de les dones en l\u2019estructura social de Fiare Banca Etica.<\/span><\/p>\n<p>\u00a0<\/p>\n<p><img loading=\"lazy\" decoding=\"async\" class=\"aligncenter wp-image-378066 size-large\" src=\"http:\/\/www.fiarebancaetica.coop\/app\/uploads\/sites\/2\/2024\/09\/Donosti-23-115-copia-1024x975.jpg\" alt=\"\" width=\"640\" height=\"609\" srcset=\"https:\/\/www.fiarebancaetica.coop\/app\/uploads\/sites\/2\/2024\/09\/Donosti-23-115-copia-1024x975.jpg 1024w, https:\/\/www.fiarebancaetica.coop\/app\/uploads\/sites\/2\/2024\/09\/Donosti-23-115-copia-300x286.jpg 300w, https:\/\/www.fiarebancaetica.coop\/app\/uploads\/sites\/2\/2024\/09\/Donosti-23-115-copia-768x731.jpg 768w, https:\/\/www.fiarebancaetica.coop\/app\/uploads\/sites\/2\/2024\/09\/Donosti-23-115-copia-1536x1463.jpg 1536w, https:\/\/www.fiarebancaetica.coop\/app\/uploads\/sites\/2\/2024\/09\/Donosti-23-115-copia-2048x1950.jpg 2048w\" sizes=\"auto, (max-width: 640px) 100vw, 640px\" \/><\/p>\n<p><span style=\"font-weight: 400;\">Ser\u00e0 una altra persona qui compri ara els caramels i els reparteixi a cada trobada o reuni\u00f3. Les \u201ctrillis\u201d seran ara les \u201cmellis\u201d. Serem altres qui seguirem estirant el carro que ella empenyia. Ser\u00e0 diferent, per\u00f2 avan\u00e7ar\u00e0. Perqu\u00e8 si hi ha alguna cosa que podem dir amb certesa \u00e9s que Cachi ens ha fet millors persones i, com a millors persones, continuarem construint Banca Etica emulant la seva passi\u00f3 perqu\u00e8 pugui sentir-se orgullosa del llegat que ens ha transm\u00e8s.<\/span><\/p>\n<p>\u00a0<\/p>\n<p><span style=\"font-weight: 400;\">Molt pocs mesos abans de deixar-nos vam tenir la sort de veure-la ballar \u201cLa Chica Yey\u00e9\u201d a la seva \u00faltima assemblea. Pocs dies abans de deixar-nos, alguns vam tenir la sort de parlar amb ella i, malgrat les nostres bones intencions, va ser ella qui va acabar animant-nos. \u00c9s dif\u00edcil explicar tot all\u00f2 que va aconseguir Cachi per a moltes de nosaltres; necessitar\u00edem un llibre i faria curt, perqu\u00e8 les <strong>paraules s\u00e9n finites, incapaces de comprendre el que ella transmetia<\/strong> amb la seva mirada, amb el seu somriure, amb les seves car\u00edcies i amb els seus \u201cbiqui\u00f1os\u201d.<\/span><\/p>\n<p>\u00a0<\/p>\n<p><img loading=\"lazy\" decoding=\"async\" class=\"aligncenter wp-image-378070 size-large\" src=\"http:\/\/www.fiarebancaetica.coop\/app\/uploads\/sites\/2\/2024\/09\/NOV_2233-copia-961x1024.jpg\" alt=\"\" width=\"640\" height=\"682\" srcset=\"https:\/\/www.fiarebancaetica.coop\/app\/uploads\/sites\/2\/2024\/09\/NOV_2233-copia-961x1024.jpg 961w, https:\/\/www.fiarebancaetica.coop\/app\/uploads\/sites\/2\/2024\/09\/NOV_2233-copia-282x300.jpg 282w, https:\/\/www.fiarebancaetica.coop\/app\/uploads\/sites\/2\/2024\/09\/NOV_2233-copia-768x818.jpg 768w, https:\/\/www.fiarebancaetica.coop\/app\/uploads\/sites\/2\/2024\/09\/NOV_2233-copia-1442x1536.jpg 1442w, https:\/\/www.fiarebancaetica.coop\/app\/uploads\/sites\/2\/2024\/09\/NOV_2233-copia-1922x2048.jpg 1922w\" sizes=\"auto, (max-width: 640px) 100vw, 640px\" \/><\/p>\n<p><span style=\"font-weight: 400;\">Malgrat la debilitat dels \u00faltims mesos, Cachi sempre estava all\u00e0, era pur optimisme, era un assot afectu\u00f3s que posava els p\u00e8ls en punta. Sempre donant, sempre esfor\u00e7ant-se. Juntes ens vam proposar metes. Juntes les vam aconseguir. L&#8217;esfor\u00e7 i el sacrifici van ser recompensats, gr\u00e0cies a ells avui podem parlar de Fiare Banca Etica amb molt orgull. Encara queda molt cam\u00ed per rec\u00f3rrer, noves metes que assolir. Ho farem juntes, ella en el sentiment, nosaltres amb la nostra pres\u00e8ncia, amb el nostre esfor\u00e7 col\u00b7lectiu. S\u2019ho devem.\u00a0<\/span><\/p>\n<p>\u00a0<\/p>\n<p><span style=\"font-weight: 400;\">\u201cBiqui\u00f1os para todas!\u201d<\/span><\/p>\n<p>\u00a0<\/p>\n<p><img loading=\"lazy\" decoding=\"async\" class=\"aligncenter wp-image-378056 size-large\" src=\"http:\/\/www.fiarebancaetica.coop\/app\/uploads\/sites\/2\/2024\/09\/20221104_211011-1024x462.jpg\" alt=\"\" width=\"640\" height=\"289\" srcset=\"https:\/\/www.fiarebancaetica.coop\/app\/uploads\/sites\/2\/2024\/09\/20221104_211011-1024x462.jpg 1024w, https:\/\/www.fiarebancaetica.coop\/app\/uploads\/sites\/2\/2024\/09\/20221104_211011-300x135.jpg 300w, https:\/\/www.fiarebancaetica.coop\/app\/uploads\/sites\/2\/2024\/09\/20221104_211011-768x346.jpg 768w, https:\/\/www.fiarebancaetica.coop\/app\/uploads\/sites\/2\/2024\/09\/20221104_211011-1536x692.jpg 1536w, https:\/\/www.fiarebancaetica.coop\/app\/uploads\/sites\/2\/2024\/09\/20221104_211011-2048x923.jpg 2048w\" sizes=\"auto, (max-width: 640px) 100vw, 640px\" \/><\/p>\n\n\n<div style=\"height:100px\" aria-hidden=\"true\" class=\"wp-block-spacer\"><\/div>\n","protected":false},"excerpt":{"rendered":"<p>Un article del GIT de Galiza Sur.\u00a0 \u00a0 \u00c9s dur. Un glop amarg. Escriure sobre ella porta al cap molts records que nuen l\u2019est\u00f3mac, fan florir una ll\u00e0grima a l\u2019ull. Per\u00f2 amb molta m\u00e9s for\u00e7a porten un somriure, el seu somriure.\u00a0 \u00a0 Alguns la vam con\u00e8ixer a principis de 2010. Durant aquell any es va [&hellip;]<\/p>\n","protected":false},"author":6693,"featured_media":378031,"comment_status":"closed","ping_status":"closed","sticky":false,"template":"","format":"standard","meta":{"_acf_changed":false,"footnotes":""},"categories":[11642],"tags":[],"coauthors":[10743],"class_list":["post-378025","post","type-post","status-publish","format-standard","has-post-thumbnail","hentry","category-etica-i-cooperativa"],"acf":[],"yoast_head":"<!-- This site is optimized with the Yoast SEO plugin v26.9 - https:\/\/yoast.com\/product\/yoast-seo-wordpress\/ -->\n<title>Un llegat de comprom\u00eds i passi\u00f3 - Fiare Banca Etica<\/title>\n<meta name=\"robots\" content=\"index, follow, max-snippet:-1, max-image-preview:large, max-video-preview:-1\" \/>\n<link rel=\"canonical\" href=\"https:\/\/www.fiarebancaetica.coop\/ca\/un-llegat-de-compromis-i-passio\/\" \/>\n<meta property=\"og:locale\" content=\"ca_ES\" \/>\n<meta property=\"og:type\" content=\"article\" \/>\n<meta property=\"og:title\" content=\"Un llegat de comprom\u00eds i passi\u00f3 - Fiare Banca Etica\" \/>\n<meta property=\"og:description\" content=\"Un article del GIT de Galiza Sur.\u00a0 \u00a0 \u00c9s dur. Un glop amarg. Escriure sobre ella porta al cap molts records que nuen l\u2019est\u00f3mac, fan florir una ll\u00e0grima a l\u2019ull. Per\u00f2 amb molta m\u00e9s for\u00e7a porten un somriure, el seu somriure.\u00a0 \u00a0 Alguns la vam con\u00e8ixer a principis de 2010. Durant aquell any es va [&hellip;]\" \/>\n<meta property=\"og:url\" content=\"https:\/\/www.fiarebancaetica.coop\/ca\/un-llegat-de-compromis-i-passio\/\" \/>\n<meta property=\"og:site_name\" content=\"Fiare Banca Etica\" \/>\n<meta property=\"article:published_time\" content=\"2024-09-10T13:22:30+00:00\" \/>\n<meta property=\"article:modified_time\" content=\"2024-09-12T10:00:42+00:00\" \/>\n<meta property=\"og:image\" content=\"http:\/\/www.fiarebancaetica.coop\/app\/uploads\/sites\/2\/2024\/09\/cachi.jpg\" \/>\n\t<meta property=\"og:image:width\" content=\"2048\" \/>\n\t<meta property=\"og:image:height\" content=\"1239\" \/>\n\t<meta property=\"og:image:type\" content=\"image\/jpeg\" \/>\n<meta name=\"author\" content=\"c.castrobancaetica\" \/>\n<meta name=\"twitter:card\" content=\"summary_large_image\" \/>\n<script type=\"application\/ld+json\" class=\"yoast-schema-graph\">{\"@context\":\"https:\/\/schema.org\",\"@graph\":[{\"@type\":\"Article\",\"@id\":\"https:\/\/www.fiarebancaetica.coop\/ca\/un-llegat-de-compromis-i-passio\/#article\",\"isPartOf\":{\"@id\":\"https:\/\/www.fiarebancaetica.coop\/ca\/un-llegat-de-compromis-i-passio\/\"},\"author\":{\"name\":\"c.castrobancaetica\",\"@id\":\"https:\/\/www.fiarebancaetica.coop\/ca\/#\/schema\/person\/1c4efa4aa7be2f4c12d1ec8c8bc7ec9d\"},\"headline\":\"Un llegat de comprom\u00eds i passi\u00f3\",\"datePublished\":\"2024-09-10T13:22:30+00:00\",\"dateModified\":\"2024-09-12T10:00:42+00:00\",\"mainEntityOfPage\":{\"@id\":\"https:\/\/www.fiarebancaetica.coop\/ca\/un-llegat-de-compromis-i-passio\/\"},\"wordCount\":590,\"image\":{\"@id\":\"https:\/\/www.fiarebancaetica.coop\/ca\/un-llegat-de-compromis-i-passio\/#primaryimage\"},\"thumbnailUrl\":\"https:\/\/www.fiarebancaetica.coop\/app\/uploads\/sites\/2\/2024\/09\/cachi.jpg\",\"articleSection\":[\"\u00c8tica i cooperativa\"],\"inLanguage\":\"ca\"},{\"@type\":\"WebPage\",\"@id\":\"https:\/\/www.fiarebancaetica.coop\/ca\/un-llegat-de-compromis-i-passio\/\",\"url\":\"https:\/\/www.fiarebancaetica.coop\/ca\/un-llegat-de-compromis-i-passio\/\",\"name\":\"Un llegat de comprom\u00eds i passi\u00f3 - Fiare Banca Etica\",\"isPartOf\":{\"@id\":\"https:\/\/www.fiarebancaetica.coop\/ca\/#website\"},\"primaryImageOfPage\":{\"@id\":\"https:\/\/www.fiarebancaetica.coop\/ca\/un-llegat-de-compromis-i-passio\/#primaryimage\"},\"image\":{\"@id\":\"https:\/\/www.fiarebancaetica.coop\/ca\/un-llegat-de-compromis-i-passio\/#primaryimage\"},\"thumbnailUrl\":\"https:\/\/www.fiarebancaetica.coop\/app\/uploads\/sites\/2\/2024\/09\/cachi.jpg\",\"datePublished\":\"2024-09-10T13:22:30+00:00\",\"dateModified\":\"2024-09-12T10:00:42+00:00\",\"author\":{\"@id\":\"https:\/\/www.fiarebancaetica.coop\/ca\/#\/schema\/person\/1c4efa4aa7be2f4c12d1ec8c8bc7ec9d\"},\"breadcrumb\":{\"@id\":\"https:\/\/www.fiarebancaetica.coop\/ca\/un-llegat-de-compromis-i-passio\/#breadcrumb\"},\"inLanguage\":\"ca\",\"potentialAction\":[{\"@type\":\"ReadAction\",\"target\":[\"https:\/\/www.fiarebancaetica.coop\/ca\/un-llegat-de-compromis-i-passio\/\"]}]},{\"@type\":\"ImageObject\",\"inLanguage\":\"ca\",\"@id\":\"https:\/\/www.fiarebancaetica.coop\/ca\/un-llegat-de-compromis-i-passio\/#primaryimage\",\"url\":\"https:\/\/www.fiarebancaetica.coop\/app\/uploads\/sites\/2\/2024\/09\/cachi.jpg\",\"contentUrl\":\"https:\/\/www.fiarebancaetica.coop\/app\/uploads\/sites\/2\/2024\/09\/cachi.jpg\",\"width\":2048,\"height\":1239},{\"@type\":\"BreadcrumbList\",\"@id\":\"https:\/\/www.fiarebancaetica.coop\/ca\/un-llegat-de-compromis-i-passio\/#breadcrumb\",\"itemListElement\":[{\"@type\":\"ListItem\",\"position\":1,\"name\":\"Home\",\"item\":\"https:\/\/www.fiarebancaetica.coop\/ca\/\"},{\"@type\":\"ListItem\",\"position\":2,\"name\":\"Un llegat de comprom\u00eds i passi\u00f3\"}]},{\"@type\":\"WebSite\",\"@id\":\"https:\/\/www.fiarebancaetica.coop\/ca\/#website\",\"url\":\"https:\/\/www.fiarebancaetica.coop\/ca\/\",\"name\":\"Fiare Banca Etica\",\"description\":\"\",\"potentialAction\":[{\"@type\":\"SearchAction\",\"target\":{\"@type\":\"EntryPoint\",\"urlTemplate\":\"https:\/\/www.fiarebancaetica.coop\/ca\/?s={search_term_string}\"},\"query-input\":{\"@type\":\"PropertyValueSpecification\",\"valueRequired\":true,\"valueName\":\"search_term_string\"}}],\"inLanguage\":\"ca\"},{\"@type\":\"Person\",\"@id\":\"https:\/\/www.fiarebancaetica.coop\/ca\/#\/schema\/person\/1c4efa4aa7be2f4c12d1ec8c8bc7ec9d\",\"name\":\"c.castrobancaetica\",\"image\":{\"@type\":\"ImageObject\",\"inLanguage\":\"ca\",\"@id\":\"https:\/\/www.fiarebancaetica.coop\/ca\/#\/schema\/person\/image\/f5a235634314aa27313fcd9c99409abd\",\"url\":\"https:\/\/secure.gravatar.com\/avatar\/7e842368c46d63aaa398f0d90120d2b7d7af72148ee6aa4436c6149c13fa4bb2?s=96&d=mm&r=g\",\"contentUrl\":\"https:\/\/secure.gravatar.com\/avatar\/7e842368c46d63aaa398f0d90120d2b7d7af72148ee6aa4436c6149c13fa4bb2?s=96&d=mm&r=g\",\"caption\":\"c.castrobancaetica\"}}]}<\/script>\n<!-- \/ Yoast SEO plugin. -->","yoast_head_json":{"title":"Un llegat de comprom\u00eds i passi\u00f3 - Fiare Banca Etica","robots":{"index":"index","follow":"follow","max-snippet":"max-snippet:-1","max-image-preview":"max-image-preview:large","max-video-preview":"max-video-preview:-1"},"canonical":"https:\/\/www.fiarebancaetica.coop\/ca\/un-llegat-de-compromis-i-passio\/","og_locale":"ca_ES","og_type":"article","og_title":"Un llegat de comprom\u00eds i passi\u00f3 - Fiare Banca Etica","og_description":"Un article del GIT de Galiza Sur.\u00a0 \u00a0 \u00c9s dur. Un glop amarg. Escriure sobre ella porta al cap molts records que nuen l\u2019est\u00f3mac, fan florir una ll\u00e0grima a l\u2019ull. Per\u00f2 amb molta m\u00e9s for\u00e7a porten un somriure, el seu somriure.\u00a0 \u00a0 Alguns la vam con\u00e8ixer a principis de 2010. Durant aquell any es va [&hellip;]","og_url":"https:\/\/www.fiarebancaetica.coop\/ca\/un-llegat-de-compromis-i-passio\/","og_site_name":"Fiare Banca Etica","article_published_time":"2024-09-10T13:22:30+00:00","article_modified_time":"2024-09-12T10:00:42+00:00","og_image":[{"width":2048,"height":1239,"url":"http:\/\/www.fiarebancaetica.coop\/app\/uploads\/sites\/2\/2024\/09\/cachi.jpg","type":"image\/jpeg"}],"author":"c.castrobancaetica","twitter_card":"summary_large_image","schema":{"@context":"https:\/\/schema.org","@graph":[{"@type":"Article","@id":"https:\/\/www.fiarebancaetica.coop\/ca\/un-llegat-de-compromis-i-passio\/#article","isPartOf":{"@id":"https:\/\/www.fiarebancaetica.coop\/ca\/un-llegat-de-compromis-i-passio\/"},"author":{"name":"c.castrobancaetica","@id":"https:\/\/www.fiarebancaetica.coop\/ca\/#\/schema\/person\/1c4efa4aa7be2f4c12d1ec8c8bc7ec9d"},"headline":"Un llegat de comprom\u00eds i passi\u00f3","datePublished":"2024-09-10T13:22:30+00:00","dateModified":"2024-09-12T10:00:42+00:00","mainEntityOfPage":{"@id":"https:\/\/www.fiarebancaetica.coop\/ca\/un-llegat-de-compromis-i-passio\/"},"wordCount":590,"image":{"@id":"https:\/\/www.fiarebancaetica.coop\/ca\/un-llegat-de-compromis-i-passio\/#primaryimage"},"thumbnailUrl":"https:\/\/www.fiarebancaetica.coop\/app\/uploads\/sites\/2\/2024\/09\/cachi.jpg","articleSection":["\u00c8tica i cooperativa"],"inLanguage":"ca"},{"@type":"WebPage","@id":"https:\/\/www.fiarebancaetica.coop\/ca\/un-llegat-de-compromis-i-passio\/","url":"https:\/\/www.fiarebancaetica.coop\/ca\/un-llegat-de-compromis-i-passio\/","name":"Un llegat de comprom\u00eds i passi\u00f3 - Fiare Banca Etica","isPartOf":{"@id":"https:\/\/www.fiarebancaetica.coop\/ca\/#website"},"primaryImageOfPage":{"@id":"https:\/\/www.fiarebancaetica.coop\/ca\/un-llegat-de-compromis-i-passio\/#primaryimage"},"image":{"@id":"https:\/\/www.fiarebancaetica.coop\/ca\/un-llegat-de-compromis-i-passio\/#primaryimage"},"thumbnailUrl":"https:\/\/www.fiarebancaetica.coop\/app\/uploads\/sites\/2\/2024\/09\/cachi.jpg","datePublished":"2024-09-10T13:22:30+00:00","dateModified":"2024-09-12T10:00:42+00:00","author":{"@id":"https:\/\/www.fiarebancaetica.coop\/ca\/#\/schema\/person\/1c4efa4aa7be2f4c12d1ec8c8bc7ec9d"},"breadcrumb":{"@id":"https:\/\/www.fiarebancaetica.coop\/ca\/un-llegat-de-compromis-i-passio\/#breadcrumb"},"inLanguage":"ca","potentialAction":[{"@type":"ReadAction","target":["https:\/\/www.fiarebancaetica.coop\/ca\/un-llegat-de-compromis-i-passio\/"]}]},{"@type":"ImageObject","inLanguage":"ca","@id":"https:\/\/www.fiarebancaetica.coop\/ca\/un-llegat-de-compromis-i-passio\/#primaryimage","url":"https:\/\/www.fiarebancaetica.coop\/app\/uploads\/sites\/2\/2024\/09\/cachi.jpg","contentUrl":"https:\/\/www.fiarebancaetica.coop\/app\/uploads\/sites\/2\/2024\/09\/cachi.jpg","width":2048,"height":1239},{"@type":"BreadcrumbList","@id":"https:\/\/www.fiarebancaetica.coop\/ca\/un-llegat-de-compromis-i-passio\/#breadcrumb","itemListElement":[{"@type":"ListItem","position":1,"name":"Home","item":"https:\/\/www.fiarebancaetica.coop\/ca\/"},{"@type":"ListItem","position":2,"name":"Un llegat de comprom\u00eds i passi\u00f3"}]},{"@type":"WebSite","@id":"https:\/\/www.fiarebancaetica.coop\/ca\/#website","url":"https:\/\/www.fiarebancaetica.coop\/ca\/","name":"Fiare Banca Etica","description":"","potentialAction":[{"@type":"SearchAction","target":{"@type":"EntryPoint","urlTemplate":"https:\/\/www.fiarebancaetica.coop\/ca\/?s={search_term_string}"},"query-input":{"@type":"PropertyValueSpecification","valueRequired":true,"valueName":"search_term_string"}}],"inLanguage":"ca"},{"@type":"Person","@id":"https:\/\/www.fiarebancaetica.coop\/ca\/#\/schema\/person\/1c4efa4aa7be2f4c12d1ec8c8bc7ec9d","name":"c.castrobancaetica","image":{"@type":"ImageObject","inLanguage":"ca","@id":"https:\/\/www.fiarebancaetica.coop\/ca\/#\/schema\/person\/image\/f5a235634314aa27313fcd9c99409abd","url":"https:\/\/secure.gravatar.com\/avatar\/7e842368c46d63aaa398f0d90120d2b7d7af72148ee6aa4436c6149c13fa4bb2?s=96&d=mm&r=g","contentUrl":"https:\/\/secure.gravatar.com\/avatar\/7e842368c46d63aaa398f0d90120d2b7d7af72148ee6aa4436c6149c13fa4bb2?s=96&d=mm&r=g","caption":"c.castrobancaetica"}}]}},"_links":{"self":[{"href":"https:\/\/www.fiarebancaetica.coop\/ca\/wp-json\/wp\/v2\/posts\/378025","targetHints":{"allow":["GET"]}}],"collection":[{"href":"https:\/\/www.fiarebancaetica.coop\/ca\/wp-json\/wp\/v2\/posts"}],"about":[{"href":"https:\/\/www.fiarebancaetica.coop\/ca\/wp-json\/wp\/v2\/types\/post"}],"author":[{"embeddable":true,"href":"https:\/\/www.fiarebancaetica.coop\/ca\/wp-json\/wp\/v2\/users\/6693"}],"replies":[{"embeddable":true,"href":"https:\/\/www.fiarebancaetica.coop\/ca\/wp-json\/wp\/v2\/comments?post=378025"}],"version-history":[{"count":8,"href":"https:\/\/www.fiarebancaetica.coop\/ca\/wp-json\/wp\/v2\/posts\/378025\/revisions"}],"predecessor-version":[{"id":378084,"href":"https:\/\/www.fiarebancaetica.coop\/ca\/wp-json\/wp\/v2\/posts\/378025\/revisions\/378084"}],"wp:featuredmedia":[{"embeddable":true,"href":"https:\/\/www.fiarebancaetica.coop\/ca\/wp-json\/wp\/v2\/media\/378031"}],"wp:attachment":[{"href":"https:\/\/www.fiarebancaetica.coop\/ca\/wp-json\/wp\/v2\/media?parent=378025"}],"wp:term":[{"taxonomy":"category","embeddable":true,"href":"https:\/\/www.fiarebancaetica.coop\/ca\/wp-json\/wp\/v2\/categories?post=378025"},{"taxonomy":"post_tag","embeddable":true,"href":"https:\/\/www.fiarebancaetica.coop\/ca\/wp-json\/wp\/v2\/tags?post=378025"},{"taxonomy":"author","embeddable":true,"href":"https:\/\/www.fiarebancaetica.coop\/ca\/wp-json\/wp\/v2\/coauthors?post=378025"}],"curies":[{"name":"wp","href":"https:\/\/api.w.org\/{rel}","templated":true}]}}