{"id":378439,"date":"2024-09-17T10:42:08","date_gmt":"2024-09-17T08:42:08","guid":{"rendered":"https:\/\/www.fiarebancaetica.coop\/fiare-banca-etica-en-los-festivales-de-cine-internacionales\/"},"modified":"2024-09-27T10:50:15","modified_gmt":"2024-09-27T08:50:15","slug":"fiare-banca-etica-en-los-festivales-de-cine-internacionales","status":"publish","type":"post","link":"https:\/\/www.fiarebancaetica.coop\/ca\/fiare-banca-etica-en-los-festivales-de-cine-internacionales\/","title":{"rendered":"Fiare Banca Etica als Festivals de Cinema Internacionals"},"content":{"rendered":"\n\n<div class=\"wp-block-bancaetica-blocks-blocks-block-49\">\n    <div class=\"container-block-49\">\n\n        <div class=\"header-section \">\n                            <h1 class=\"section-title\"> Hist\u00f2ries d&#8217;impacte positiu <\/h1>\n                                            <\/div>\n\n        \n        <div class=\"block-background\" style=\"background-image: url('https:\/\/www.fiarebancaetica.coop\/app\/uploads\/sites\/2\/2024\/09\/peliculas.jpg')\">\n                            <div class=\"tile\">\n                    <h1 class=\"image-title\"> Fiare Banca Etica als Festivals de Cinema Internacionals <\/h1>\n                <\/div>             <!-- end .tile -->\n            <div class=\"bottom-content\">\n                            <\/div> <!-- end .button-content -->\n        <\/div> <!-- end .block-background -->\n    <\/div> <!-- end .container -->\n<\/div> <!-- end wp-block-bancaetica-blocks-blocks-block-06 -->\n\n<p>\u00a0<\/p>\n<p><span style=\"font-weight: 400;\">En l&#8217;\u00faltim any, Fiare Banca Etica ha reafirmat el seu comprom\u00eds amb la cultura i el cinema finan\u00e7ant tres pel\u00b7l\u00edcules que estan causant un gran impacte en el circuit de festivals internacionals.<\/span><\/p>\n<p><span style=\"font-weight: 400;\">\u201cMarco, la verdad inventada\u201d ha estat preseleccionada per als premis Oscar 2025 en la categoria de Millor Pel\u00b7l\u00edcula Internacional. El film, que narra la hist\u00f2ria d&#8217;un sindicalista espanyol que fingeix ser un supervivent de l&#8217;Holocaust, ha captat l&#8217;atenci\u00f3 de l&#8217;acad\u00e8mia. La pel\u00b7l\u00edcula va ser recentment exhibida en la Mostra Internazionale di Venezia.<\/span><\/p>\n<p><img loading=\"lazy\" decoding=\"async\" class=\" wp-image-378130 aligncenter\" src=\"http:\/\/www.fiarebancaetica.coop\/app\/uploads\/sites\/2\/2024\/09\/marco-212x300.jpg\" alt=\"\" width=\"248\" height=\"351\" srcset=\"https:\/\/www.fiarebancaetica.coop\/app\/uploads\/sites\/2\/2024\/09\/marco-212x300.jpg 212w, https:\/\/www.fiarebancaetica.coop\/app\/uploads\/sites\/2\/2024\/09\/marco-723x1024.jpg 723w, https:\/\/www.fiarebancaetica.coop\/app\/uploads\/sites\/2\/2024\/09\/marco-768x1088.jpg 768w, https:\/\/www.fiarebancaetica.coop\/app\/uploads\/sites\/2\/2024\/09\/marco.jpg 847w\" sizes=\"auto, (max-width: 248px) 100vw, 248px\" \/><\/p>\n<p>Aquest cap de setmana, \u201cLos Tortuga\u201d es projectar\u00e0 en el Festival Internacional de Cinema de Toronto. La pel\u00b7l\u00edcula relata una emotiva hist\u00f2ria sobre una fam\u00edlia andalusa que emigra a Catalunya i enfronta una crisi econ\u00f2mica dues d\u00e8cades despr\u00e9s. La seva presentaci\u00f3 en aquest festival internacional destaca la seva rellev\u00e0ncia i connexi\u00f3 amb temes d&#8217;actualitat.<\/p>\n<p><img loading=\"lazy\" decoding=\"async\" class=\"aligncenter\" src=\"https:\/\/cineuropa.org\/imgCache\/2024\/06\/13\/1718275866864_0620x0413_0x0x0x0_1718292773940.jpg\" alt=\"Bel\u00e9n Funes da los \u00faltimos retoques a su segundo largometraje, Los Tortuga  - Cineuropa\" width=\"558\" height=\"372\" \/><\/p>\n<p><span style=\"font-weight: 400;\">Del 20 al 28 de setembre, \u201cLos \u00faltimos rom\u00e1nticos\u201d ser\u00e0 part de la programaci\u00f3 del Festival de Cinema de Donostia. Aquest film explora la vida d&#8217;una dona hipocondr\u00edaca que enfronta un conflicte laboral i un diagn\u00f2stic m\u00e8dic inesperat, la qual cosa la porta a una oportunitat transformadora en la seva vida.. La projecci\u00f3 de la pel\u00b7l\u00edcula en aquest prestigi\u00f3s festival subratlla la seva qualitat i l&#8217;inter\u00e8s en la seva narrativa emocionalment complexa.<\/span><\/p>\n<p><span style=\"font-weight: 400;\">El suport de Fiare Banca Etica a aquests projectes demostra la seva aposta amb la promoci\u00f3 d&#8217;una cinematografia compromesa i reflexiva.<\/span><\/p>\n<p><img loading=\"lazy\" decoding=\"async\" class=\"aligncenter\" src=\"https:\/\/estaticosgn-cdn.deia.eus\/clip\/07f7b7db-e252-465a-ac2a-21d14ae1ba95_16-9-aspect-ratio_default_0_x745y468.jpg\" alt=\"Los \u00faltimos rom\u00e1nticos' de David P\u00e9rez Sa\u00f1udo se estrenar\u00e1 el 15 de  noviembre\" width=\"570\" height=\"321\" \/><\/p>\n<p>\u00a0<\/p>\n<p><span style=\"font-weight: 400;\">\u201cMarco, la verdad inventada,\u201d \u201cLos Tortuga,\u201d i \u201cLos \u00faltimos rom\u00e1nticos\u201d aborden temes de just\u00edcia social i drets humans, oferint una visi\u00f3 cr\u00edtica i necess\u00e0ria sobre q\u00fcestions contempor\u00e0nies. Aquestes pel\u00b7l\u00edcules no sols enriqueixen el panorama cultural, sin\u00f3 que tamb\u00e9 reflecteixen els valors \u00e8tics que el banc promou, contribuint a la reflexi\u00f3 i al canvi social.<\/span><\/p>\n\n\n<div style=\"height:100px\" aria-hidden=\"true\" class=\"wp-block-spacer\"><\/div>\n","protected":false},"excerpt":{"rendered":"<p>\u00a0 En l&#8217;\u00faltim any, Fiare Banca Etica ha reafirmat el seu comprom\u00eds amb la cultura i el cinema finan\u00e7ant tres pel\u00b7l\u00edcules que estan causant un gran impacte en el circuit de festivals internacionals. \u201cMarco, la verdad inventada\u201d ha estat preseleccionada per als premis Oscar 2025 en la categoria de Millor Pel\u00b7l\u00edcula Internacional. El film, que [&hellip;]<\/p>\n","protected":false},"author":6693,"featured_media":378132,"comment_status":"closed","ping_status":"closed","sticky":false,"template":"","format":"standard","meta":{"_acf_changed":false,"footnotes":""},"categories":[11662],"tags":[],"coauthors":[10743],"class_list":["post-378439","post","type-post","status-publish","format-standard","has-post-thumbnail","hentry","category-histories-dimpacte-positiu"],"acf":[],"yoast_head":"<!-- This site is optimized with the Yoast SEO plugin v26.9 - https:\/\/yoast.com\/product\/yoast-seo-wordpress\/ -->\n<title>Fiare Banca Etica als Festivals de Cinema Internacionals - Fiare Banca Etica<\/title>\n<meta name=\"robots\" content=\"index, follow, max-snippet:-1, max-image-preview:large, max-video-preview:-1\" \/>\n<link rel=\"canonical\" href=\"https:\/\/www.fiarebancaetica.coop\/ca\/fiare-banca-etica-en-los-festivales-de-cine-internacionales\/\" \/>\n<meta property=\"og:locale\" content=\"ca_ES\" \/>\n<meta property=\"og:type\" content=\"article\" \/>\n<meta property=\"og:title\" content=\"Fiare Banca Etica als Festivals de Cinema Internacionals - Fiare Banca Etica\" \/>\n<meta property=\"og:description\" content=\"\u00a0 En l&#8217;\u00faltim any, Fiare Banca Etica ha reafirmat el seu comprom\u00eds amb la cultura i el cinema finan\u00e7ant tres pel\u00b7l\u00edcules que estan causant un gran impacte en el circuit de festivals internacionals. \u201cMarco, la verdad inventada\u201d ha estat preseleccionada per als premis Oscar 2025 en la categoria de Millor Pel\u00b7l\u00edcula Internacional. El film, que [&hellip;]\" \/>\n<meta property=\"og:url\" content=\"https:\/\/www.fiarebancaetica.coop\/ca\/fiare-banca-etica-en-los-festivales-de-cine-internacionales\/\" \/>\n<meta property=\"og:site_name\" content=\"Fiare Banca Etica\" \/>\n<meta property=\"article:published_time\" content=\"2024-09-17T08:42:08+00:00\" \/>\n<meta property=\"article:modified_time\" content=\"2024-09-27T08:50:15+00:00\" \/>\n<meta property=\"og:image\" content=\"http:\/\/www.fiarebancaetica.coop\/app\/uploads\/sites\/2\/2024\/09\/marco.jpg\" \/>\n\t<meta property=\"og:image:width\" content=\"847\" \/>\n\t<meta property=\"og:image:height\" content=\"1200\" \/>\n\t<meta property=\"og:image:type\" content=\"image\/jpeg\" \/>\n<meta name=\"author\" content=\"c.castrobancaetica\" \/>\n<meta name=\"twitter:card\" content=\"summary_large_image\" \/>\n<script type=\"application\/ld+json\" class=\"yoast-schema-graph\">{\"@context\":\"https:\/\/schema.org\",\"@graph\":[{\"@type\":\"Article\",\"@id\":\"https:\/\/www.fiarebancaetica.coop\/ca\/fiare-banca-etica-en-los-festivales-de-cine-internacionales\/#article\",\"isPartOf\":{\"@id\":\"https:\/\/www.fiarebancaetica.coop\/ca\/fiare-banca-etica-en-los-festivales-de-cine-internacionales\/\"},\"author\":{\"name\":\"c.castrobancaetica\",\"@id\":\"https:\/\/www.fiarebancaetica.coop\/ca\/#\/schema\/person\/1c4efa4aa7be2f4c12d1ec8c8bc7ec9d\"},\"headline\":\"Fiare Banca Etica als Festivals de Cinema Internacionals\",\"datePublished\":\"2024-09-17T08:42:08+00:00\",\"dateModified\":\"2024-09-27T08:50:15+00:00\",\"mainEntityOfPage\":{\"@id\":\"https:\/\/www.fiarebancaetica.coop\/ca\/fiare-banca-etica-en-los-festivales-de-cine-internacionales\/\"},\"wordCount\":333,\"image\":{\"@id\":\"https:\/\/www.fiarebancaetica.coop\/ca\/fiare-banca-etica-en-los-festivales-de-cine-internacionales\/#primaryimage\"},\"thumbnailUrl\":\"https:\/\/www.fiarebancaetica.coop\/app\/uploads\/sites\/2\/2024\/09\/marco.jpg\",\"articleSection\":[\"Hist\u00f2ries d'impacte positiu\"],\"inLanguage\":\"ca\"},{\"@type\":\"WebPage\",\"@id\":\"https:\/\/www.fiarebancaetica.coop\/ca\/fiare-banca-etica-en-los-festivales-de-cine-internacionales\/\",\"url\":\"https:\/\/www.fiarebancaetica.coop\/ca\/fiare-banca-etica-en-los-festivales-de-cine-internacionales\/\",\"name\":\"Fiare Banca Etica als Festivals de Cinema Internacionals - Fiare Banca Etica\",\"isPartOf\":{\"@id\":\"https:\/\/www.fiarebancaetica.coop\/ca\/#website\"},\"primaryImageOfPage\":{\"@id\":\"https:\/\/www.fiarebancaetica.coop\/ca\/fiare-banca-etica-en-los-festivales-de-cine-internacionales\/#primaryimage\"},\"image\":{\"@id\":\"https:\/\/www.fiarebancaetica.coop\/ca\/fiare-banca-etica-en-los-festivales-de-cine-internacionales\/#primaryimage\"},\"thumbnailUrl\":\"https:\/\/www.fiarebancaetica.coop\/app\/uploads\/sites\/2\/2024\/09\/marco.jpg\",\"datePublished\":\"2024-09-17T08:42:08+00:00\",\"dateModified\":\"2024-09-27T08:50:15+00:00\",\"author\":{\"@id\":\"https:\/\/www.fiarebancaetica.coop\/ca\/#\/schema\/person\/1c4efa4aa7be2f4c12d1ec8c8bc7ec9d\"},\"breadcrumb\":{\"@id\":\"https:\/\/www.fiarebancaetica.coop\/ca\/fiare-banca-etica-en-los-festivales-de-cine-internacionales\/#breadcrumb\"},\"inLanguage\":\"ca\",\"potentialAction\":[{\"@type\":\"ReadAction\",\"target\":[\"https:\/\/www.fiarebancaetica.coop\/ca\/fiare-banca-etica-en-los-festivales-de-cine-internacionales\/\"]}]},{\"@type\":\"ImageObject\",\"inLanguage\":\"ca\",\"@id\":\"https:\/\/www.fiarebancaetica.coop\/ca\/fiare-banca-etica-en-los-festivales-de-cine-internacionales\/#primaryimage\",\"url\":\"https:\/\/www.fiarebancaetica.coop\/app\/uploads\/sites\/2\/2024\/09\/marco.jpg\",\"contentUrl\":\"https:\/\/www.fiarebancaetica.coop\/app\/uploads\/sites\/2\/2024\/09\/marco.jpg\",\"width\":847,\"height\":1200},{\"@type\":\"BreadcrumbList\",\"@id\":\"https:\/\/www.fiarebancaetica.coop\/ca\/fiare-banca-etica-en-los-festivales-de-cine-internacionales\/#breadcrumb\",\"itemListElement\":[{\"@type\":\"ListItem\",\"position\":1,\"name\":\"Home\",\"item\":\"https:\/\/www.fiarebancaetica.coop\/ca\/\"},{\"@type\":\"ListItem\",\"position\":2,\"name\":\"Fiare Banca Etica als Festivals de Cinema Internacionals\"}]},{\"@type\":\"WebSite\",\"@id\":\"https:\/\/www.fiarebancaetica.coop\/ca\/#website\",\"url\":\"https:\/\/www.fiarebancaetica.coop\/ca\/\",\"name\":\"Fiare Banca Etica\",\"description\":\"\",\"potentialAction\":[{\"@type\":\"SearchAction\",\"target\":{\"@type\":\"EntryPoint\",\"urlTemplate\":\"https:\/\/www.fiarebancaetica.coop\/ca\/?s={search_term_string}\"},\"query-input\":{\"@type\":\"PropertyValueSpecification\",\"valueRequired\":true,\"valueName\":\"search_term_string\"}}],\"inLanguage\":\"ca\"},{\"@type\":\"Person\",\"@id\":\"https:\/\/www.fiarebancaetica.coop\/ca\/#\/schema\/person\/1c4efa4aa7be2f4c12d1ec8c8bc7ec9d\",\"name\":\"c.castrobancaetica\",\"image\":{\"@type\":\"ImageObject\",\"inLanguage\":\"ca\",\"@id\":\"https:\/\/www.fiarebancaetica.coop\/ca\/#\/schema\/person\/image\/f5a235634314aa27313fcd9c99409abd\",\"url\":\"https:\/\/secure.gravatar.com\/avatar\/7e842368c46d63aaa398f0d90120d2b7d7af72148ee6aa4436c6149c13fa4bb2?s=96&d=mm&r=g\",\"contentUrl\":\"https:\/\/secure.gravatar.com\/avatar\/7e842368c46d63aaa398f0d90120d2b7d7af72148ee6aa4436c6149c13fa4bb2?s=96&d=mm&r=g\",\"caption\":\"c.castrobancaetica\"}}]}<\/script>\n<!-- \/ Yoast SEO plugin. -->","yoast_head_json":{"title":"Fiare Banca Etica als Festivals de Cinema Internacionals - Fiare Banca Etica","robots":{"index":"index","follow":"follow","max-snippet":"max-snippet:-1","max-image-preview":"max-image-preview:large","max-video-preview":"max-video-preview:-1"},"canonical":"https:\/\/www.fiarebancaetica.coop\/ca\/fiare-banca-etica-en-los-festivales-de-cine-internacionales\/","og_locale":"ca_ES","og_type":"article","og_title":"Fiare Banca Etica als Festivals de Cinema Internacionals - Fiare Banca Etica","og_description":"\u00a0 En l&#8217;\u00faltim any, Fiare Banca Etica ha reafirmat el seu comprom\u00eds amb la cultura i el cinema finan\u00e7ant tres pel\u00b7l\u00edcules que estan causant un gran impacte en el circuit de festivals internacionals. \u201cMarco, la verdad inventada\u201d ha estat preseleccionada per als premis Oscar 2025 en la categoria de Millor Pel\u00b7l\u00edcula Internacional. El film, que [&hellip;]","og_url":"https:\/\/www.fiarebancaetica.coop\/ca\/fiare-banca-etica-en-los-festivales-de-cine-internacionales\/","og_site_name":"Fiare Banca Etica","article_published_time":"2024-09-17T08:42:08+00:00","article_modified_time":"2024-09-27T08:50:15+00:00","og_image":[{"width":847,"height":1200,"url":"http:\/\/www.fiarebancaetica.coop\/app\/uploads\/sites\/2\/2024\/09\/marco.jpg","type":"image\/jpeg"}],"author":"c.castrobancaetica","twitter_card":"summary_large_image","schema":{"@context":"https:\/\/schema.org","@graph":[{"@type":"Article","@id":"https:\/\/www.fiarebancaetica.coop\/ca\/fiare-banca-etica-en-los-festivales-de-cine-internacionales\/#article","isPartOf":{"@id":"https:\/\/www.fiarebancaetica.coop\/ca\/fiare-banca-etica-en-los-festivales-de-cine-internacionales\/"},"author":{"name":"c.castrobancaetica","@id":"https:\/\/www.fiarebancaetica.coop\/ca\/#\/schema\/person\/1c4efa4aa7be2f4c12d1ec8c8bc7ec9d"},"headline":"Fiare Banca Etica als Festivals de Cinema Internacionals","datePublished":"2024-09-17T08:42:08+00:00","dateModified":"2024-09-27T08:50:15+00:00","mainEntityOfPage":{"@id":"https:\/\/www.fiarebancaetica.coop\/ca\/fiare-banca-etica-en-los-festivales-de-cine-internacionales\/"},"wordCount":333,"image":{"@id":"https:\/\/www.fiarebancaetica.coop\/ca\/fiare-banca-etica-en-los-festivales-de-cine-internacionales\/#primaryimage"},"thumbnailUrl":"https:\/\/www.fiarebancaetica.coop\/app\/uploads\/sites\/2\/2024\/09\/marco.jpg","articleSection":["Hist\u00f2ries d'impacte positiu"],"inLanguage":"ca"},{"@type":"WebPage","@id":"https:\/\/www.fiarebancaetica.coop\/ca\/fiare-banca-etica-en-los-festivales-de-cine-internacionales\/","url":"https:\/\/www.fiarebancaetica.coop\/ca\/fiare-banca-etica-en-los-festivales-de-cine-internacionales\/","name":"Fiare Banca Etica als Festivals de Cinema Internacionals - Fiare Banca Etica","isPartOf":{"@id":"https:\/\/www.fiarebancaetica.coop\/ca\/#website"},"primaryImageOfPage":{"@id":"https:\/\/www.fiarebancaetica.coop\/ca\/fiare-banca-etica-en-los-festivales-de-cine-internacionales\/#primaryimage"},"image":{"@id":"https:\/\/www.fiarebancaetica.coop\/ca\/fiare-banca-etica-en-los-festivales-de-cine-internacionales\/#primaryimage"},"thumbnailUrl":"https:\/\/www.fiarebancaetica.coop\/app\/uploads\/sites\/2\/2024\/09\/marco.jpg","datePublished":"2024-09-17T08:42:08+00:00","dateModified":"2024-09-27T08:50:15+00:00","author":{"@id":"https:\/\/www.fiarebancaetica.coop\/ca\/#\/schema\/person\/1c4efa4aa7be2f4c12d1ec8c8bc7ec9d"},"breadcrumb":{"@id":"https:\/\/www.fiarebancaetica.coop\/ca\/fiare-banca-etica-en-los-festivales-de-cine-internacionales\/#breadcrumb"},"inLanguage":"ca","potentialAction":[{"@type":"ReadAction","target":["https:\/\/www.fiarebancaetica.coop\/ca\/fiare-banca-etica-en-los-festivales-de-cine-internacionales\/"]}]},{"@type":"ImageObject","inLanguage":"ca","@id":"https:\/\/www.fiarebancaetica.coop\/ca\/fiare-banca-etica-en-los-festivales-de-cine-internacionales\/#primaryimage","url":"https:\/\/www.fiarebancaetica.coop\/app\/uploads\/sites\/2\/2024\/09\/marco.jpg","contentUrl":"https:\/\/www.fiarebancaetica.coop\/app\/uploads\/sites\/2\/2024\/09\/marco.jpg","width":847,"height":1200},{"@type":"BreadcrumbList","@id":"https:\/\/www.fiarebancaetica.coop\/ca\/fiare-banca-etica-en-los-festivales-de-cine-internacionales\/#breadcrumb","itemListElement":[{"@type":"ListItem","position":1,"name":"Home","item":"https:\/\/www.fiarebancaetica.coop\/ca\/"},{"@type":"ListItem","position":2,"name":"Fiare Banca Etica als Festivals de Cinema Internacionals"}]},{"@type":"WebSite","@id":"https:\/\/www.fiarebancaetica.coop\/ca\/#website","url":"https:\/\/www.fiarebancaetica.coop\/ca\/","name":"Fiare Banca Etica","description":"","potentialAction":[{"@type":"SearchAction","target":{"@type":"EntryPoint","urlTemplate":"https:\/\/www.fiarebancaetica.coop\/ca\/?s={search_term_string}"},"query-input":{"@type":"PropertyValueSpecification","valueRequired":true,"valueName":"search_term_string"}}],"inLanguage":"ca"},{"@type":"Person","@id":"https:\/\/www.fiarebancaetica.coop\/ca\/#\/schema\/person\/1c4efa4aa7be2f4c12d1ec8c8bc7ec9d","name":"c.castrobancaetica","image":{"@type":"ImageObject","inLanguage":"ca","@id":"https:\/\/www.fiarebancaetica.coop\/ca\/#\/schema\/person\/image\/f5a235634314aa27313fcd9c99409abd","url":"https:\/\/secure.gravatar.com\/avatar\/7e842368c46d63aaa398f0d90120d2b7d7af72148ee6aa4436c6149c13fa4bb2?s=96&d=mm&r=g","contentUrl":"https:\/\/secure.gravatar.com\/avatar\/7e842368c46d63aaa398f0d90120d2b7d7af72148ee6aa4436c6149c13fa4bb2?s=96&d=mm&r=g","caption":"c.castrobancaetica"}}]}},"_links":{"self":[{"href":"https:\/\/www.fiarebancaetica.coop\/ca\/wp-json\/wp\/v2\/posts\/378439","targetHints":{"allow":["GET"]}}],"collection":[{"href":"https:\/\/www.fiarebancaetica.coop\/ca\/wp-json\/wp\/v2\/posts"}],"about":[{"href":"https:\/\/www.fiarebancaetica.coop\/ca\/wp-json\/wp\/v2\/types\/post"}],"author":[{"embeddable":true,"href":"https:\/\/www.fiarebancaetica.coop\/ca\/wp-json\/wp\/v2\/users\/6693"}],"replies":[{"embeddable":true,"href":"https:\/\/www.fiarebancaetica.coop\/ca\/wp-json\/wp\/v2\/comments?post=378439"}],"version-history":[{"count":4,"href":"https:\/\/www.fiarebancaetica.coop\/ca\/wp-json\/wp\/v2\/posts\/378439\/revisions"}],"predecessor-version":[{"id":378444,"href":"https:\/\/www.fiarebancaetica.coop\/ca\/wp-json\/wp\/v2\/posts\/378439\/revisions\/378444"}],"wp:featuredmedia":[{"embeddable":true,"href":"https:\/\/www.fiarebancaetica.coop\/ca\/wp-json\/wp\/v2\/media\/378132"}],"wp:attachment":[{"href":"https:\/\/www.fiarebancaetica.coop\/ca\/wp-json\/wp\/v2\/media?parent=378439"}],"wp:term":[{"taxonomy":"category","embeddable":true,"href":"https:\/\/www.fiarebancaetica.coop\/ca\/wp-json\/wp\/v2\/categories?post=378439"},{"taxonomy":"post_tag","embeddable":true,"href":"https:\/\/www.fiarebancaetica.coop\/ca\/wp-json\/wp\/v2\/tags?post=378439"},{"taxonomy":"author","embeddable":true,"href":"https:\/\/www.fiarebancaetica.coop\/ca\/wp-json\/wp\/v2\/coauthors?post=378439"}],"curies":[{"name":"wp","href":"https:\/\/api.w.org\/{rel}","templated":true}]}}