{"id":378919,"date":"2024-10-09T17:33:00","date_gmt":"2024-10-09T15:33:00","guid":{"rendered":"https:\/\/www.fiarebancaetica.coop\/aprovechar-alimentar-y-concienciar-una-visita-a-la-fundacio-espigoladors\/"},"modified":"2024-10-10T13:37:32","modified_gmt":"2024-10-10T11:37:32","slug":"aprovechar-alimentar-y-concienciar-una-visita-a-la-fundacio-espigoladors","status":"publish","type":"post","link":"https:\/\/www.fiarebancaetica.coop\/ca\/aprovechar-alimentar-y-concienciar-una-visita-a-la-fundacio-espigoladors\/","title":{"rendered":"Aprofitar, alimentar i conscienciar: una visita a la Fundaci\u00f3 Espigoladors"},"content":{"rendered":"\n\n<div class=\"wp-block-bancaetica-blocks-blocks-block-49\">\n    <div class=\"container-block-49\">\n\n        <div class=\"header-section \">\n                            <h1 class=\"section-title\"> Hist\u00f2ries d&#8217;impacte positiu <\/h1>\n                                            <\/div>\n\n        \n        <div class=\"block-background\" style=\"background-image: url('https:\/\/www.fiarebancaetica.coop\/app\/uploads\/sites\/2\/2024\/09\/Espigoladors-268-scaled.jpg')\">\n                            <div class=\"tile\">\n                    <h1 class=\"image-title\"> Aprofitar, alimentar i conscienciar: una visita a la Fundaci\u00f3 Espigoladors <\/h1>\n                <\/div>             <!-- end .tile -->\n            <div class=\"bottom-content\">\n                            <\/div> <!-- end .button-content -->\n        <\/div> <!-- end .block-background -->\n    <\/div> <!-- end .container -->\n<\/div> <!-- end wp-block-bancaetica-blocks-blocks-block-06 -->\n\n<p><span style=\"font-weight: 400;\">Cada dia, tones d&#8217;aliments en perfecte estat s\u00f3n descartats del circuit comercial per excedents, reducci\u00f3 de preus o q\u00fcestions est\u00e8tiques. Es calcula que, a tot el m\u00f3n, un 45% de les fruites i verdures es perd o malgasta. Aix\u00f2 no suposa \u00fanicament una gran p\u00e8rdua a nivell alimentari, sin\u00f3 que tamb\u00e9 es malgasten recursos, entre ells una gran quantitat d&#8217;aigua, energia i hect\u00e0rees de superf\u00edcie agr\u00edcola. D&#8217;altra banda, aquest desaprofitament \u00e9s el responsable de 3.300 milions de tones de CO2 alliberades anualment. Amb la condici\u00f3 de combatre aquesta situaci\u00f3 neix la <\/span><a href=\"https:\/\/espigoladors.cat\/\"><b><i>Fundaci\u00f3 Espigoladors<\/i><\/b><\/a><span style=\"font-weight: 400;\">, una organitzaci\u00f3 sense \u00e0nim de lucre amb tres eixos: <strong>evitar el desaprofitament alimentari, lluitar per l&#8217;acc\u00e9s a una alimentaci\u00f3 saludable i oferir oportunitats laborals a persones en risc d&#8217;exclusi\u00f3 social.<\/strong><\/span><\/p>\n<p><img loading=\"lazy\" decoding=\"async\" class=\"alignnone  wp-image-378193\" src=\"http:\/\/www.fiarebancaetica.coop\/app\/uploads\/sites\/2\/2024\/09\/Espigoladors-265-300x200.jpg\" alt=\"\" width=\"420\" height=\"280\" srcset=\"https:\/\/www.fiarebancaetica.coop\/app\/uploads\/sites\/2\/2024\/09\/Espigoladors-265-300x200.jpg 300w, https:\/\/www.fiarebancaetica.coop\/app\/uploads\/sites\/2\/2024\/09\/Espigoladors-265-1024x683.jpg 1024w, https:\/\/www.fiarebancaetica.coop\/app\/uploads\/sites\/2\/2024\/09\/Espigoladors-265-768x512.jpg 768w, https:\/\/www.fiarebancaetica.coop\/app\/uploads\/sites\/2\/2024\/09\/Espigoladors-265-1536x1024.jpg 1536w, https:\/\/www.fiarebancaetica.coop\/app\/uploads\/sites\/2\/2024\/09\/Espigoladors-265-2048x1365.jpg 2048w\" sizes=\"auto, (max-width: 420px) 100vw, 420px\" \/><\/p>\n<p>Per a con\u00e8ixer aquesta iniciativa de primera m\u00e0 visitem el Parc Agrari del Baix Llobregat, que avui acull a deu volunt\u00e0ries que estaran recollint peres durant unes hores. Aquestes fruites haurien estat rebutjades pel seu productor, per la qual cosa cedeix aquest espai a Espigoladors perqu\u00e8 s&#8217;aprofitin els aliments que no poden ser comercialitzats. Koldo, el coordinador d&#8217;espigolaments que ens acompanya avui, ens explica que sovint els aliments recollits es distribueixen de manera gratu\u00efta a entitats socials. No obstant aix\u00f2, avui <strong>\u00c9s im-perfect.<\/strong> ha comprat aquests excedents. Tamb\u00e9 ens conta que les persones volunt\u00e0ries *espiguean durant tres hores, i que s&#8217;arriben a crear llistes d&#8217;espera per a participar. Segons ens explica una de les participants, aquest voluntariat li permet mantenir-se activa en la seva jubilaci\u00f3 amb una labor d&#8217;impacte social; es tracta de la tercera vegada que participa en un dels espigolaments.<\/p>\n<p>En acabar l&#8217;espigolament s&#8217;ha recollit una tona de peres: una tona de fruites en perfecte estat que haguessin estat rebutjades.<\/p>\n<p><img loading=\"lazy\" decoding=\"async\" class=\"alignnone  wp-image-378201\" src=\"http:\/\/www.fiarebancaetica.coop\/app\/uploads\/sites\/2\/2024\/09\/Espigoladors-71-300x200.jpg\" alt=\"\" width=\"398\" height=\"265\" srcset=\"https:\/\/www.fiarebancaetica.coop\/app\/uploads\/sites\/2\/2024\/09\/Espigoladors-71-300x200.jpg 300w, https:\/\/www.fiarebancaetica.coop\/app\/uploads\/sites\/2\/2024\/09\/Espigoladors-71-1024x683.jpg 1024w, https:\/\/www.fiarebancaetica.coop\/app\/uploads\/sites\/2\/2024\/09\/Espigoladors-71-768x512.jpg 768w, https:\/\/www.fiarebancaetica.coop\/app\/uploads\/sites\/2\/2024\/09\/Espigoladors-71-1536x1024.jpg 1536w, https:\/\/www.fiarebancaetica.coop\/app\/uploads\/sites\/2\/2024\/09\/Espigoladors-71-2048x1365.jpg 2048w\" sizes=\"auto, (max-width: 398px) 100vw, 398px\" \/><\/p>\n<p><span style=\"font-weight: 400;\">En aquesta ocasi\u00f3, les fruites van destinades a <\/span><a href=\"https:\/\/esimperfect.com\/es\/\"><b><i>Es im-perfect<\/i><\/b><\/a><span style=\"font-weight: 400;\">, una marca que forma part de la Fundaci\u00f3 Espigoladors. \u00c9s im-perfect \u00e9s una empresa d&#8217;inserci\u00f3 laboral i transformaci\u00f3 aliment\u00e0ria: compra els excedents de productors agr\u00edcoles locals per a fabricar conserves vegetals de tota mena, des de melmelades fins a cremes i pat\u00e9s.<\/span><\/p>\n<p><img loading=\"lazy\" decoding=\"async\" class=\"alignnone  wp-image-378197\" src=\"http:\/\/www.fiarebancaetica.coop\/app\/uploads\/sites\/2\/2024\/09\/Espigoladors-285-300x200.jpg\" alt=\"\" width=\"401\" height=\"267\" srcset=\"https:\/\/www.fiarebancaetica.coop\/app\/uploads\/sites\/2\/2024\/09\/Espigoladors-285-300x200.jpg 300w, https:\/\/www.fiarebancaetica.coop\/app\/uploads\/sites\/2\/2024\/09\/Espigoladors-285-1024x683.jpg 1024w, https:\/\/www.fiarebancaetica.coop\/app\/uploads\/sites\/2\/2024\/09\/Espigoladors-285-768x512.jpg 768w, https:\/\/www.fiarebancaetica.coop\/app\/uploads\/sites\/2\/2024\/09\/Espigoladors-285-1536x1024.jpg 1536w, https:\/\/www.fiarebancaetica.coop\/app\/uploads\/sites\/2\/2024\/09\/Espigoladors-285-2048x1365.jpg 2048w\" sizes=\"auto, (max-width: 401px) 100vw, 401px\" \/><img loading=\"lazy\" decoding=\"async\" class=\"alignnone size-medium wp-image-378197\" src=\"http:\/\/www.fiarebancaetica.coop\/app\/uploads\/sites\/2\/2024\/09\/Espigoladors-285.jpg\" alt=\"\" width=\"1\" height=\"1\" \/><\/p>\n<p><span style=\"font-weight: 400;\">En l&#8217;obrador es fabriquen diferents articles, tots ells elaborats sense additius ni conservants, on el producte predominant sempre \u00e9s la fruita o verdura. All\u00ed, persones en risc d&#8217;exclusi\u00f3 es dediquen a preparar, cuinar, envasar i etiquetar totes les elaboracions. Una vegada preparades, les conserves es distribueixen per m\u00e9s de 600 punts de venda, encara que tamb\u00e9 \u00e9s possible adquirir-les en l\u00ednia a trav\u00e9s de la seva <\/span><a href=\"https:\/\/esimperfect.com\/es\/\"><span style=\"font-weight: 400;\">p\u00e1gina web<\/span><\/a><span style=\"font-weight: 400;\">.<\/span><\/p>\n\n\n<div style=\"height:100px\" aria-hidden=\"true\" class=\"wp-block-spacer\"><\/div>\n","protected":false},"excerpt":{"rendered":"<p>Cada dia, tones d&#8217;aliments en perfecte estat s\u00f3n descartats del circuit comercial per excedents, reducci\u00f3 de preus o q\u00fcestions est\u00e8tiques. Es calcula que, a tot el m\u00f3n, un 45% de les fruites i verdures es perd o malgasta. Aix\u00f2 no suposa \u00fanicament una gran p\u00e8rdua a nivell alimentari, sin\u00f3 que tamb\u00e9 es malgasten recursos, entre [&hellip;]<\/p>\n","protected":false},"author":6693,"featured_media":378191,"comment_status":"closed","ping_status":"closed","sticky":false,"template":"","format":"standard","meta":{"_acf_changed":false,"footnotes":""},"categories":[11642,11643,11662],"tags":[],"coauthors":[10743],"class_list":["post-378919","post","type-post","status-publish","format-standard","has-post-thumbnail","hentry","category-etica-i-cooperativa","category-finances-etiques","category-histories-dimpacte-positiu"],"acf":[],"yoast_head":"<!-- This site is optimized with the Yoast SEO plugin v26.9 - https:\/\/yoast.com\/product\/yoast-seo-wordpress\/ -->\n<title>Aprofitar, alimentar i conscienciar: una visita a la Fundaci\u00f3 Espigoladors - Fiare Banca Etica<\/title>\n<meta name=\"robots\" content=\"index, follow, max-snippet:-1, max-image-preview:large, max-video-preview:-1\" \/>\n<link rel=\"canonical\" href=\"https:\/\/www.fiarebancaetica.coop\/ca\/aprovechar-alimentar-y-concienciar-una-visita-a-la-fundacio-espigoladors\/\" \/>\n<meta property=\"og:locale\" content=\"ca_ES\" \/>\n<meta property=\"og:type\" content=\"article\" \/>\n<meta property=\"og:title\" content=\"Aprofitar, alimentar i conscienciar: una visita a la Fundaci\u00f3 Espigoladors - Fiare Banca Etica\" \/>\n<meta property=\"og:description\" content=\"Cada dia, tones d&#8217;aliments en perfecte estat s\u00f3n descartats del circuit comercial per excedents, reducci\u00f3 de preus o q\u00fcestions est\u00e8tiques. Es calcula que, a tot el m\u00f3n, un 45% de les fruites i verdures es perd o malgasta. Aix\u00f2 no suposa \u00fanicament una gran p\u00e8rdua a nivell alimentari, sin\u00f3 que tamb\u00e9 es malgasten recursos, entre [&hellip;]\" \/>\n<meta property=\"og:url\" content=\"https:\/\/www.fiarebancaetica.coop\/ca\/aprovechar-alimentar-y-concienciar-una-visita-a-la-fundacio-espigoladors\/\" \/>\n<meta property=\"og:site_name\" content=\"Fiare Banca Etica\" \/>\n<meta property=\"article:published_time\" content=\"2024-10-09T15:33:00+00:00\" \/>\n<meta property=\"article:modified_time\" content=\"2024-10-10T11:37:32+00:00\" \/>\n<meta property=\"og:image\" content=\"http:\/\/www.fiarebancaetica.coop\/app\/uploads\/sites\/2\/2024\/09\/Espigoladors-268-scaled.jpg\" \/>\n\t<meta property=\"og:image:width\" content=\"2560\" \/>\n\t<meta property=\"og:image:height\" content=\"1707\" \/>\n\t<meta property=\"og:image:type\" content=\"image\/jpeg\" \/>\n<meta name=\"author\" content=\"c.castrobancaetica\" \/>\n<meta name=\"twitter:card\" content=\"summary_large_image\" \/>\n<script type=\"application\/ld+json\" class=\"yoast-schema-graph\">{\"@context\":\"https:\/\/schema.org\",\"@graph\":[{\"@type\":\"Article\",\"@id\":\"https:\/\/www.fiarebancaetica.coop\/ca\/aprovechar-alimentar-y-concienciar-una-visita-a-la-fundacio-espigoladors\/#article\",\"isPartOf\":{\"@id\":\"https:\/\/www.fiarebancaetica.coop\/ca\/aprovechar-alimentar-y-concienciar-una-visita-a-la-fundacio-espigoladors\/\"},\"author\":{\"name\":\"c.castrobancaetica\",\"@id\":\"https:\/\/www.fiarebancaetica.coop\/ca\/#\/schema\/person\/1c4efa4aa7be2f4c12d1ec8c8bc7ec9d\"},\"headline\":\"Aprofitar, alimentar i conscienciar: una visita a la Fundaci\u00f3 Espigoladors\",\"datePublished\":\"2024-10-09T15:33:00+00:00\",\"dateModified\":\"2024-10-10T11:37:32+00:00\",\"mainEntityOfPage\":{\"@id\":\"https:\/\/www.fiarebancaetica.coop\/ca\/aprovechar-alimentar-y-concienciar-una-visita-a-la-fundacio-espigoladors\/\"},\"wordCount\":447,\"image\":{\"@id\":\"https:\/\/www.fiarebancaetica.coop\/ca\/aprovechar-alimentar-y-concienciar-una-visita-a-la-fundacio-espigoladors\/#primaryimage\"},\"thumbnailUrl\":\"https:\/\/www.fiarebancaetica.coop\/app\/uploads\/sites\/2\/2024\/09\/Espigoladors-268-scaled.jpg\",\"articleSection\":[\"\u00c8tica i cooperativa\",\"Finances \u00e8tiques\",\"Hist\u00f2ries d'impacte positiu\"],\"inLanguage\":\"ca\"},{\"@type\":\"WebPage\",\"@id\":\"https:\/\/www.fiarebancaetica.coop\/ca\/aprovechar-alimentar-y-concienciar-una-visita-a-la-fundacio-espigoladors\/\",\"url\":\"https:\/\/www.fiarebancaetica.coop\/ca\/aprovechar-alimentar-y-concienciar-una-visita-a-la-fundacio-espigoladors\/\",\"name\":\"Aprofitar, alimentar i conscienciar: una visita a la Fundaci\u00f3 Espigoladors - Fiare Banca Etica\",\"isPartOf\":{\"@id\":\"https:\/\/www.fiarebancaetica.coop\/ca\/#website\"},\"primaryImageOfPage\":{\"@id\":\"https:\/\/www.fiarebancaetica.coop\/ca\/aprovechar-alimentar-y-concienciar-una-visita-a-la-fundacio-espigoladors\/#primaryimage\"},\"image\":{\"@id\":\"https:\/\/www.fiarebancaetica.coop\/ca\/aprovechar-alimentar-y-concienciar-una-visita-a-la-fundacio-espigoladors\/#primaryimage\"},\"thumbnailUrl\":\"https:\/\/www.fiarebancaetica.coop\/app\/uploads\/sites\/2\/2024\/09\/Espigoladors-268-scaled.jpg\",\"datePublished\":\"2024-10-09T15:33:00+00:00\",\"dateModified\":\"2024-10-10T11:37:32+00:00\",\"author\":{\"@id\":\"https:\/\/www.fiarebancaetica.coop\/ca\/#\/schema\/person\/1c4efa4aa7be2f4c12d1ec8c8bc7ec9d\"},\"breadcrumb\":{\"@id\":\"https:\/\/www.fiarebancaetica.coop\/ca\/aprovechar-alimentar-y-concienciar-una-visita-a-la-fundacio-espigoladors\/#breadcrumb\"},\"inLanguage\":\"ca\",\"potentialAction\":[{\"@type\":\"ReadAction\",\"target\":[\"https:\/\/www.fiarebancaetica.coop\/ca\/aprovechar-alimentar-y-concienciar-una-visita-a-la-fundacio-espigoladors\/\"]}]},{\"@type\":\"ImageObject\",\"inLanguage\":\"ca\",\"@id\":\"https:\/\/www.fiarebancaetica.coop\/ca\/aprovechar-alimentar-y-concienciar-una-visita-a-la-fundacio-espigoladors\/#primaryimage\",\"url\":\"https:\/\/www.fiarebancaetica.coop\/app\/uploads\/sites\/2\/2024\/09\/Espigoladors-268-scaled.jpg\",\"contentUrl\":\"https:\/\/www.fiarebancaetica.coop\/app\/uploads\/sites\/2\/2024\/09\/Espigoladors-268-scaled.jpg\",\"width\":2560,\"height\":1707},{\"@type\":\"BreadcrumbList\",\"@id\":\"https:\/\/www.fiarebancaetica.coop\/ca\/aprovechar-alimentar-y-concienciar-una-visita-a-la-fundacio-espigoladors\/#breadcrumb\",\"itemListElement\":[{\"@type\":\"ListItem\",\"position\":1,\"name\":\"Home\",\"item\":\"https:\/\/www.fiarebancaetica.coop\/ca\/\"},{\"@type\":\"ListItem\",\"position\":2,\"name\":\"Aprofitar, alimentar i conscienciar: una visita a la Fundaci\u00f3 Espigoladors\"}]},{\"@type\":\"WebSite\",\"@id\":\"https:\/\/www.fiarebancaetica.coop\/ca\/#website\",\"url\":\"https:\/\/www.fiarebancaetica.coop\/ca\/\",\"name\":\"Fiare Banca Etica\",\"description\":\"\",\"potentialAction\":[{\"@type\":\"SearchAction\",\"target\":{\"@type\":\"EntryPoint\",\"urlTemplate\":\"https:\/\/www.fiarebancaetica.coop\/ca\/?s={search_term_string}\"},\"query-input\":{\"@type\":\"PropertyValueSpecification\",\"valueRequired\":true,\"valueName\":\"search_term_string\"}}],\"inLanguage\":\"ca\"},{\"@type\":\"Person\",\"@id\":\"https:\/\/www.fiarebancaetica.coop\/ca\/#\/schema\/person\/1c4efa4aa7be2f4c12d1ec8c8bc7ec9d\",\"name\":\"c.castrobancaetica\",\"image\":{\"@type\":\"ImageObject\",\"inLanguage\":\"ca\",\"@id\":\"https:\/\/www.fiarebancaetica.coop\/ca\/#\/schema\/person\/image\/f5a235634314aa27313fcd9c99409abd\",\"url\":\"https:\/\/secure.gravatar.com\/avatar\/7e842368c46d63aaa398f0d90120d2b7d7af72148ee6aa4436c6149c13fa4bb2?s=96&d=mm&r=g\",\"contentUrl\":\"https:\/\/secure.gravatar.com\/avatar\/7e842368c46d63aaa398f0d90120d2b7d7af72148ee6aa4436c6149c13fa4bb2?s=96&d=mm&r=g\",\"caption\":\"c.castrobancaetica\"}}]}<\/script>\n<!-- \/ Yoast SEO plugin. -->","yoast_head_json":{"title":"Aprofitar, alimentar i conscienciar: una visita a la Fundaci\u00f3 Espigoladors - Fiare Banca Etica","robots":{"index":"index","follow":"follow","max-snippet":"max-snippet:-1","max-image-preview":"max-image-preview:large","max-video-preview":"max-video-preview:-1"},"canonical":"https:\/\/www.fiarebancaetica.coop\/ca\/aprovechar-alimentar-y-concienciar-una-visita-a-la-fundacio-espigoladors\/","og_locale":"ca_ES","og_type":"article","og_title":"Aprofitar, alimentar i conscienciar: una visita a la Fundaci\u00f3 Espigoladors - Fiare Banca Etica","og_description":"Cada dia, tones d&#8217;aliments en perfecte estat s\u00f3n descartats del circuit comercial per excedents, reducci\u00f3 de preus o q\u00fcestions est\u00e8tiques. Es calcula que, a tot el m\u00f3n, un 45% de les fruites i verdures es perd o malgasta. Aix\u00f2 no suposa \u00fanicament una gran p\u00e8rdua a nivell alimentari, sin\u00f3 que tamb\u00e9 es malgasten recursos, entre [&hellip;]","og_url":"https:\/\/www.fiarebancaetica.coop\/ca\/aprovechar-alimentar-y-concienciar-una-visita-a-la-fundacio-espigoladors\/","og_site_name":"Fiare Banca Etica","article_published_time":"2024-10-09T15:33:00+00:00","article_modified_time":"2024-10-10T11:37:32+00:00","og_image":[{"width":2560,"height":1707,"url":"http:\/\/www.fiarebancaetica.coop\/app\/uploads\/sites\/2\/2024\/09\/Espigoladors-268-scaled.jpg","type":"image\/jpeg"}],"author":"c.castrobancaetica","twitter_card":"summary_large_image","schema":{"@context":"https:\/\/schema.org","@graph":[{"@type":"Article","@id":"https:\/\/www.fiarebancaetica.coop\/ca\/aprovechar-alimentar-y-concienciar-una-visita-a-la-fundacio-espigoladors\/#article","isPartOf":{"@id":"https:\/\/www.fiarebancaetica.coop\/ca\/aprovechar-alimentar-y-concienciar-una-visita-a-la-fundacio-espigoladors\/"},"author":{"name":"c.castrobancaetica","@id":"https:\/\/www.fiarebancaetica.coop\/ca\/#\/schema\/person\/1c4efa4aa7be2f4c12d1ec8c8bc7ec9d"},"headline":"Aprofitar, alimentar i conscienciar: una visita a la Fundaci\u00f3 Espigoladors","datePublished":"2024-10-09T15:33:00+00:00","dateModified":"2024-10-10T11:37:32+00:00","mainEntityOfPage":{"@id":"https:\/\/www.fiarebancaetica.coop\/ca\/aprovechar-alimentar-y-concienciar-una-visita-a-la-fundacio-espigoladors\/"},"wordCount":447,"image":{"@id":"https:\/\/www.fiarebancaetica.coop\/ca\/aprovechar-alimentar-y-concienciar-una-visita-a-la-fundacio-espigoladors\/#primaryimage"},"thumbnailUrl":"https:\/\/www.fiarebancaetica.coop\/app\/uploads\/sites\/2\/2024\/09\/Espigoladors-268-scaled.jpg","articleSection":["\u00c8tica i cooperativa","Finances \u00e8tiques","Hist\u00f2ries d'impacte positiu"],"inLanguage":"ca"},{"@type":"WebPage","@id":"https:\/\/www.fiarebancaetica.coop\/ca\/aprovechar-alimentar-y-concienciar-una-visita-a-la-fundacio-espigoladors\/","url":"https:\/\/www.fiarebancaetica.coop\/ca\/aprovechar-alimentar-y-concienciar-una-visita-a-la-fundacio-espigoladors\/","name":"Aprofitar, alimentar i conscienciar: una visita a la Fundaci\u00f3 Espigoladors - Fiare Banca Etica","isPartOf":{"@id":"https:\/\/www.fiarebancaetica.coop\/ca\/#website"},"primaryImageOfPage":{"@id":"https:\/\/www.fiarebancaetica.coop\/ca\/aprovechar-alimentar-y-concienciar-una-visita-a-la-fundacio-espigoladors\/#primaryimage"},"image":{"@id":"https:\/\/www.fiarebancaetica.coop\/ca\/aprovechar-alimentar-y-concienciar-una-visita-a-la-fundacio-espigoladors\/#primaryimage"},"thumbnailUrl":"https:\/\/www.fiarebancaetica.coop\/app\/uploads\/sites\/2\/2024\/09\/Espigoladors-268-scaled.jpg","datePublished":"2024-10-09T15:33:00+00:00","dateModified":"2024-10-10T11:37:32+00:00","author":{"@id":"https:\/\/www.fiarebancaetica.coop\/ca\/#\/schema\/person\/1c4efa4aa7be2f4c12d1ec8c8bc7ec9d"},"breadcrumb":{"@id":"https:\/\/www.fiarebancaetica.coop\/ca\/aprovechar-alimentar-y-concienciar-una-visita-a-la-fundacio-espigoladors\/#breadcrumb"},"inLanguage":"ca","potentialAction":[{"@type":"ReadAction","target":["https:\/\/www.fiarebancaetica.coop\/ca\/aprovechar-alimentar-y-concienciar-una-visita-a-la-fundacio-espigoladors\/"]}]},{"@type":"ImageObject","inLanguage":"ca","@id":"https:\/\/www.fiarebancaetica.coop\/ca\/aprovechar-alimentar-y-concienciar-una-visita-a-la-fundacio-espigoladors\/#primaryimage","url":"https:\/\/www.fiarebancaetica.coop\/app\/uploads\/sites\/2\/2024\/09\/Espigoladors-268-scaled.jpg","contentUrl":"https:\/\/www.fiarebancaetica.coop\/app\/uploads\/sites\/2\/2024\/09\/Espigoladors-268-scaled.jpg","width":2560,"height":1707},{"@type":"BreadcrumbList","@id":"https:\/\/www.fiarebancaetica.coop\/ca\/aprovechar-alimentar-y-concienciar-una-visita-a-la-fundacio-espigoladors\/#breadcrumb","itemListElement":[{"@type":"ListItem","position":1,"name":"Home","item":"https:\/\/www.fiarebancaetica.coop\/ca\/"},{"@type":"ListItem","position":2,"name":"Aprofitar, alimentar i conscienciar: una visita a la Fundaci\u00f3 Espigoladors"}]},{"@type":"WebSite","@id":"https:\/\/www.fiarebancaetica.coop\/ca\/#website","url":"https:\/\/www.fiarebancaetica.coop\/ca\/","name":"Fiare Banca Etica","description":"","potentialAction":[{"@type":"SearchAction","target":{"@type":"EntryPoint","urlTemplate":"https:\/\/www.fiarebancaetica.coop\/ca\/?s={search_term_string}"},"query-input":{"@type":"PropertyValueSpecification","valueRequired":true,"valueName":"search_term_string"}}],"inLanguage":"ca"},{"@type":"Person","@id":"https:\/\/www.fiarebancaetica.coop\/ca\/#\/schema\/person\/1c4efa4aa7be2f4c12d1ec8c8bc7ec9d","name":"c.castrobancaetica","image":{"@type":"ImageObject","inLanguage":"ca","@id":"https:\/\/www.fiarebancaetica.coop\/ca\/#\/schema\/person\/image\/f5a235634314aa27313fcd9c99409abd","url":"https:\/\/secure.gravatar.com\/avatar\/7e842368c46d63aaa398f0d90120d2b7d7af72148ee6aa4436c6149c13fa4bb2?s=96&d=mm&r=g","contentUrl":"https:\/\/secure.gravatar.com\/avatar\/7e842368c46d63aaa398f0d90120d2b7d7af72148ee6aa4436c6149c13fa4bb2?s=96&d=mm&r=g","caption":"c.castrobancaetica"}}]}},"_links":{"self":[{"href":"https:\/\/www.fiarebancaetica.coop\/ca\/wp-json\/wp\/v2\/posts\/378919","targetHints":{"allow":["GET"]}}],"collection":[{"href":"https:\/\/www.fiarebancaetica.coop\/ca\/wp-json\/wp\/v2\/posts"}],"about":[{"href":"https:\/\/www.fiarebancaetica.coop\/ca\/wp-json\/wp\/v2\/types\/post"}],"author":[{"embeddable":true,"href":"https:\/\/www.fiarebancaetica.coop\/ca\/wp-json\/wp\/v2\/users\/6693"}],"replies":[{"embeddable":true,"href":"https:\/\/www.fiarebancaetica.coop\/ca\/wp-json\/wp\/v2\/comments?post=378919"}],"version-history":[{"count":2,"href":"https:\/\/www.fiarebancaetica.coop\/ca\/wp-json\/wp\/v2\/posts\/378919\/revisions"}],"predecessor-version":[{"id":378922,"href":"https:\/\/www.fiarebancaetica.coop\/ca\/wp-json\/wp\/v2\/posts\/378919\/revisions\/378922"}],"wp:featuredmedia":[{"embeddable":true,"href":"https:\/\/www.fiarebancaetica.coop\/ca\/wp-json\/wp\/v2\/media\/378191"}],"wp:attachment":[{"href":"https:\/\/www.fiarebancaetica.coop\/ca\/wp-json\/wp\/v2\/media?parent=378919"}],"wp:term":[{"taxonomy":"category","embeddable":true,"href":"https:\/\/www.fiarebancaetica.coop\/ca\/wp-json\/wp\/v2\/categories?post=378919"},{"taxonomy":"post_tag","embeddable":true,"href":"https:\/\/www.fiarebancaetica.coop\/ca\/wp-json\/wp\/v2\/tags?post=378919"},{"taxonomy":"author","embeddable":true,"href":"https:\/\/www.fiarebancaetica.coop\/ca\/wp-json\/wp\/v2\/coauthors?post=378919"}],"curies":[{"name":"wp","href":"https:\/\/api.w.org\/{rel}","templated":true}]}}