{"id":380205,"date":"2024-11-11T12:18:04","date_gmt":"2024-11-11T11:18:04","guid":{"rendered":"https:\/\/www.fiarebancaetica.coop\/?p=380205"},"modified":"2024-11-28T15:36:23","modified_gmt":"2024-11-28T14:36:23","slug":"mesures-de-suport-a-les-persones-i-entitats-afectades-per-la-dana","status":"publish","type":"post","link":"https:\/\/www.fiarebancaetica.coop\/ca\/mesures-de-suport-a-les-persones-i-entitats-afectades-per-la-dana\/","title":{"rendered":"Mesures\u00a0de suport a les persones i entitats afectades per la DANA"},"content":{"rendered":"\n\n<div class=\"wp-block-bancaetica-blocks-blocks-block-49\">\n    <div class=\"container-block-49\">\n\n        <div class=\"header-section \">\n                            <h1 class=\"section-title\"> Mesures\u00a0de suport a les persones i entitats afectades per la DANA <\/h1>\n                                            <\/div>\n\n        \n        <div class=\"block-background\" style=\"background-image: url('https:\/\/www.fiarebancaetica.coop\/app\/uploads\/sites\/2\/2024\/11\/IMG-20241112-WA0004.jpg')\">\n                            <div class=\"tile\">\n                    <h1 class=\"image-title\"> Mesures\u00a0de suport a les persones i entitats afectades per la DANA <\/h1>\n                <\/div>             <!-- end .tile -->\n            <div class=\"bottom-content\">\n                            <\/div> <!-- end .button-content -->\n        <\/div> <!-- end .block-background -->\n    <\/div> <!-- end .container -->\n<\/div> <!-- end wp-block-bancaetica-blocks-blocks-block-06 -->\n\n\n<div class=\"wrapper-crispybacon-class wrapper-crispybacon-class-wide \">\n    \n\n<p><\/p>\n\n\n\n<h2 class=\"wp-block-heading\"><\/h2>\n\n\n\n<p>Des de Fiare Banca Etica volem expressar la nostra m\u00e9s profunda solidaritat i suport a totes les persones, fam\u00edlies i organitzacions afectades per la recent DANA que ha colpejat tan fortament a la Comunitat Valenciana i localitats com Letur. Som conscients de l\u2019impacte demolidor que ha tingut aquesta situaci\u00f3 en algunes regions i en resposta, hem decidit implementar una s\u00e8rie de\u00a0mesures\u00a0excepcionals per a secundar als afectats per aquestes dif\u00edcils circumst\u00e0ncies. Aquestes accions s\u00f3n dirigides a les persones i entitats compromeses en la millora de la vida de les persones i les seves comunitats, aix\u00ed com als circuits de solidaritat que han sorgit per a respondre r\u00e0pidament a les necessitats dels qui m\u00e9s ho necessiten.\u00a0<\/p>\n\n\n\n<div style=\"height:31px\" aria-hidden=\"true\" class=\"wp-block-spacer\"><\/div>\n\n\n\n<p>A continuaci\u00f3,&nbsp;<strong>especifiquem les&nbsp;mesures&nbsp;de suport que oferim durant els pr\u00f2xims mesos:<\/strong><\/p>\n\n\n\n<ul class=\"wp-block-list\">\n<li><strong>Ajudes directes:<\/strong>&nbsp;existeixen diverses organitzacions recollint fons per ajudar a les persones que han sofert p\u00e8rdues o que es troben en una situaci\u00f3 d\u2019especial vulnerabilitat. En aquest sentit, la nostra entitat s\u00f2cia, C\u00e0ritas Val\u00e8ncia, canalitzar\u00e0 els fons rebuts en el seu compte cap a les persones m\u00e9s afectades per aquest desastre.&nbsp;<br><br>Animem a tota la comunitat de Fiare Banca Etica\u2014 la nostra plantilla, s\u00f2cies, clients i persones properes \u2014 a unir-se a aquesta xarxa de suport. Us convidem a realitzar les vostres aportacions al compte dedicat per aquesta causa:&nbsp;<strong>ES75 1550 0001 2800 0084 2922<\/strong>&nbsp;C\u00e0ritas Val\u00e8ncia.<br><br>Fiare Banca Etica ha fet una donaci\u00f3 de 30.000 euros per donar suport a les persones afectades (20.000 a C\u00e0ritas Val\u00e8ncia, 5.000 a C\u00e0ritas Albacete i 5.000 euros a FonRedes).<\/li>\n\n\n\n<li><strong>Suport a la reconstrucci\u00f3:&nbsp;<\/strong>Existeix una nova via de suport a trav\u00e9s de FonRedes, entitat membre de REFAS que ofereix microcr\u00e8dits. En el seu compte bancari es poden realitzar aportacions directament per col\u00b7laborar en la reconstrucci\u00f3. El n\u00famero de compte \u00e9s:&nbsp;<strong>ES69 1550 0001 2700 0690 7422.<\/strong><\/li>\n<\/ul>\n\n\n\n<div style=\"height:33px\" aria-hidden=\"true\" class=\"wp-block-spacer\"><\/div>\n\n\n\n<p>A continuaci\u00f3, detallem altres&nbsp;mesures&nbsp;de suport que oferim durant els pr\u00f2xims mesos:&nbsp;<\/p>\n\n\n\n<ul class=\"wp-block-list\">\n<li><strong>Contacte i acompanyament directe:<\/strong>&nbsp;Ens hem posat en contacte amb les entitats i organitzacions clientes del banc per con\u00e8ixer de primera m\u00e0 la seva situaci\u00f3 i necessitats, i per oferir-los ajuda financera en el cas que ho requereixin durant els pr\u00f2xims mesos.&nbsp;<\/li>\n\n\n\n<li><strong>Morat\u00f2ria i avals<\/strong>: El govern ha aprovat una s\u00e8rie de\u00a0mesures\u00a0vinculades al pagament del finan\u00e7ament vigent, amb morat\u00f2ries i l\u00ednies d\u2019avals per a nous finan\u00e7aments.<\/li>\n\n\n\n<li><strong>L\u00ednies de cr\u00e8dit addicionals:<\/strong>&nbsp;Disposem de noves l\u00ednies de cr\u00e8dit per aquelles organitzacions que necessitin liquiditat per dur a terme les reparacions necess\u00e0ries i reiniciar les seves activitats econ\u00f2miques.<br><strong><a href=\"https:\/\/fiarebancaetica.us5.list-manage.com\/track\/click?u=13459f6dbebde92a38aefa2f9&amp;id=9859f1663e&amp;e=b39f48722f\" target=\"_blank\" rel=\"noreferrer noopener\">Contacta amb nosaltres si ho necessites.<\/a><\/strong><br><strong>Una salutaci\u00f3 cordial.<\/strong><\/li>\n<\/ul>\n\n\n\n<p><br><\/p>\n\n\n\n<div style=\"height:34px\" aria-hidden=\"true\" class=\"wp-block-spacer\"><\/div>\n\n\n\n<p><br><\/p>\n\n\n\n<p><\/p>\n\n\n\n<div style=\"height:34px\" aria-hidden=\"true\" class=\"wp-block-spacer\"><\/div>\n\n\n\n<div style=\"height:34px\" aria-hidden=\"true\" class=\"wp-block-spacer\"><\/div>\n\n\n\n<div style=\"height:42px\" aria-hidden=\"true\" class=\"wp-block-spacer\"><\/div>\n\n\n<\/div>","protected":false},"excerpt":{"rendered":"","protected":false},"author":1774,"featured_media":380338,"comment_status":"closed","ping_status":"closed","sticky":false,"template":"","format":"standard","meta":{"_acf_changed":false,"footnotes":""},"categories":[11642,11643],"tags":[],"coauthors":[5579],"class_list":["post-380205","post","type-post","status-publish","format-standard","has-post-thumbnail","hentry","category-etica-i-cooperativa","category-finances-etiques"],"acf":[],"yoast_head":"<!-- This site is optimized with the Yoast SEO plugin v26.9 - https:\/\/yoast.com\/product\/yoast-seo-wordpress\/ -->\n<title>Mesures\u00a0de suport a les persones i entitats afectades per la DANA - Fiare Banca Etica<\/title>\n<meta name=\"robots\" content=\"index, follow, max-snippet:-1, max-image-preview:large, max-video-preview:-1\" \/>\n<link rel=\"canonical\" href=\"https:\/\/www.fiarebancaetica.coop\/ca\/mesures-de-suport-a-les-persones-i-entitats-afectades-per-la-dana\/\" \/>\n<meta property=\"og:locale\" content=\"ca_ES\" \/>\n<meta property=\"og:type\" content=\"article\" \/>\n<meta property=\"og:title\" content=\"Mesures\u00a0de suport a les persones i entitats afectades per la DANA - Fiare Banca Etica\" \/>\n<meta property=\"og:url\" content=\"https:\/\/www.fiarebancaetica.coop\/ca\/mesures-de-suport-a-les-persones-i-entitats-afectades-per-la-dana\/\" \/>\n<meta property=\"og:site_name\" content=\"Fiare Banca Etica\" \/>\n<meta property=\"article:published_time\" content=\"2024-11-11T11:18:04+00:00\" \/>\n<meta property=\"article:modified_time\" content=\"2024-11-28T14:36:23+00:00\" \/>\n<meta property=\"og:image\" content=\"http:\/\/www.fiarebancaetica.coop\/app\/uploads\/sites\/2\/2024\/11\/IMG-20241112-WA0004.jpg\" \/>\n\t<meta property=\"og:image:width\" content=\"1536\" \/>\n\t<meta property=\"og:image:height\" content=\"2048\" \/>\n\t<meta property=\"og:image:type\" content=\"image\/jpeg\" \/>\n<meta name=\"author\" content=\"clara\" \/>\n<meta name=\"twitter:card\" content=\"summary_large_image\" \/>\n<script type=\"application\/ld+json\" class=\"yoast-schema-graph\">{\"@context\":\"https:\/\/schema.org\",\"@graph\":[{\"@type\":\"Article\",\"@id\":\"https:\/\/www.fiarebancaetica.coop\/ca\/mesures-de-suport-a-les-persones-i-entitats-afectades-per-la-dana\/#article\",\"isPartOf\":{\"@id\":\"https:\/\/www.fiarebancaetica.coop\/ca\/mesures-de-suport-a-les-persones-i-entitats-afectades-per-la-dana\/\"},\"author\":{\"name\":\"clara\",\"@id\":\"https:\/\/www.fiarebancaetica.coop\/ca\/#\/schema\/person\/5b96261107d1cc0141f68d1a780b4ed7\"},\"headline\":\"Mesures\u00a0de suport a les persones i entitats afectades per la DANA\",\"datePublished\":\"2024-11-11T11:18:04+00:00\",\"dateModified\":\"2024-11-28T14:36:23+00:00\",\"mainEntityOfPage\":{\"@id\":\"https:\/\/www.fiarebancaetica.coop\/ca\/mesures-de-suport-a-les-persones-i-entitats-afectades-per-la-dana\/\"},\"wordCount\":476,\"image\":{\"@id\":\"https:\/\/www.fiarebancaetica.coop\/ca\/mesures-de-suport-a-les-persones-i-entitats-afectades-per-la-dana\/#primaryimage\"},\"thumbnailUrl\":\"https:\/\/www.fiarebancaetica.coop\/app\/uploads\/sites\/2\/2024\/11\/IMG-20241112-WA0004.jpg\",\"articleSection\":[\"\u00c8tica i cooperativa\",\"Finances \u00e8tiques\"],\"inLanguage\":\"ca\"},{\"@type\":\"WebPage\",\"@id\":\"https:\/\/www.fiarebancaetica.coop\/ca\/mesures-de-suport-a-les-persones-i-entitats-afectades-per-la-dana\/\",\"url\":\"https:\/\/www.fiarebancaetica.coop\/ca\/mesures-de-suport-a-les-persones-i-entitats-afectades-per-la-dana\/\",\"name\":\"Mesures\u00a0de suport a les persones i entitats afectades per la DANA - Fiare Banca Etica\",\"isPartOf\":{\"@id\":\"https:\/\/www.fiarebancaetica.coop\/ca\/#website\"},\"primaryImageOfPage\":{\"@id\":\"https:\/\/www.fiarebancaetica.coop\/ca\/mesures-de-suport-a-les-persones-i-entitats-afectades-per-la-dana\/#primaryimage\"},\"image\":{\"@id\":\"https:\/\/www.fiarebancaetica.coop\/ca\/mesures-de-suport-a-les-persones-i-entitats-afectades-per-la-dana\/#primaryimage\"},\"thumbnailUrl\":\"https:\/\/www.fiarebancaetica.coop\/app\/uploads\/sites\/2\/2024\/11\/IMG-20241112-WA0004.jpg\",\"datePublished\":\"2024-11-11T11:18:04+00:00\",\"dateModified\":\"2024-11-28T14:36:23+00:00\",\"author\":{\"@id\":\"https:\/\/www.fiarebancaetica.coop\/ca\/#\/schema\/person\/5b96261107d1cc0141f68d1a780b4ed7\"},\"breadcrumb\":{\"@id\":\"https:\/\/www.fiarebancaetica.coop\/ca\/mesures-de-suport-a-les-persones-i-entitats-afectades-per-la-dana\/#breadcrumb\"},\"inLanguage\":\"ca\",\"potentialAction\":[{\"@type\":\"ReadAction\",\"target\":[\"https:\/\/www.fiarebancaetica.coop\/ca\/mesures-de-suport-a-les-persones-i-entitats-afectades-per-la-dana\/\"]}]},{\"@type\":\"ImageObject\",\"inLanguage\":\"ca\",\"@id\":\"https:\/\/www.fiarebancaetica.coop\/ca\/mesures-de-suport-a-les-persones-i-entitats-afectades-per-la-dana\/#primaryimage\",\"url\":\"https:\/\/www.fiarebancaetica.coop\/app\/uploads\/sites\/2\/2024\/11\/IMG-20241112-WA0004.jpg\",\"contentUrl\":\"https:\/\/www.fiarebancaetica.coop\/app\/uploads\/sites\/2\/2024\/11\/IMG-20241112-WA0004.jpg\",\"width\":1536,\"height\":2048},{\"@type\":\"BreadcrumbList\",\"@id\":\"https:\/\/www.fiarebancaetica.coop\/ca\/mesures-de-suport-a-les-persones-i-entitats-afectades-per-la-dana\/#breadcrumb\",\"itemListElement\":[{\"@type\":\"ListItem\",\"position\":1,\"name\":\"Home\",\"item\":\"https:\/\/www.fiarebancaetica.coop\/ca\/\"},{\"@type\":\"ListItem\",\"position\":2,\"name\":\"Mesures\u00a0de suport a les persones i entitats afectades per la DANA\"}]},{\"@type\":\"WebSite\",\"@id\":\"https:\/\/www.fiarebancaetica.coop\/ca\/#website\",\"url\":\"https:\/\/www.fiarebancaetica.coop\/ca\/\",\"name\":\"Fiare Banca Etica\",\"description\":\"\",\"potentialAction\":[{\"@type\":\"SearchAction\",\"target\":{\"@type\":\"EntryPoint\",\"urlTemplate\":\"https:\/\/www.fiarebancaetica.coop\/ca\/?s={search_term_string}\"},\"query-input\":{\"@type\":\"PropertyValueSpecification\",\"valueRequired\":true,\"valueName\":\"search_term_string\"}}],\"inLanguage\":\"ca\"},{\"@type\":\"Person\",\"@id\":\"https:\/\/www.fiarebancaetica.coop\/ca\/#\/schema\/person\/5b96261107d1cc0141f68d1a780b4ed7\",\"name\":\"clara\",\"image\":{\"@type\":\"ImageObject\",\"inLanguage\":\"ca\",\"@id\":\"https:\/\/www.fiarebancaetica.coop\/ca\/#\/schema\/person\/image\/87a072d868c9be98a56db488836f4132\",\"url\":\"https:\/\/secure.gravatar.com\/avatar\/267db4d1eb94caf852df949ed721a52f76c9fbf9c14c602801e01f0ab306c22b?s=96&d=mm&r=g\",\"contentUrl\":\"https:\/\/secure.gravatar.com\/avatar\/267db4d1eb94caf852df949ed721a52f76c9fbf9c14c602801e01f0ab306c22b?s=96&d=mm&r=g\",\"caption\":\"clara\"}}]}<\/script>\n<!-- \/ Yoast SEO plugin. -->","yoast_head_json":{"title":"Mesures\u00a0de suport a les persones i entitats afectades per la DANA - Fiare Banca Etica","robots":{"index":"index","follow":"follow","max-snippet":"max-snippet:-1","max-image-preview":"max-image-preview:large","max-video-preview":"max-video-preview:-1"},"canonical":"https:\/\/www.fiarebancaetica.coop\/ca\/mesures-de-suport-a-les-persones-i-entitats-afectades-per-la-dana\/","og_locale":"ca_ES","og_type":"article","og_title":"Mesures\u00a0de suport a les persones i entitats afectades per la DANA - Fiare Banca Etica","og_url":"https:\/\/www.fiarebancaetica.coop\/ca\/mesures-de-suport-a-les-persones-i-entitats-afectades-per-la-dana\/","og_site_name":"Fiare Banca Etica","article_published_time":"2024-11-11T11:18:04+00:00","article_modified_time":"2024-11-28T14:36:23+00:00","og_image":[{"width":1536,"height":2048,"url":"http:\/\/www.fiarebancaetica.coop\/app\/uploads\/sites\/2\/2024\/11\/IMG-20241112-WA0004.jpg","type":"image\/jpeg"}],"author":"clara","twitter_card":"summary_large_image","schema":{"@context":"https:\/\/schema.org","@graph":[{"@type":"Article","@id":"https:\/\/www.fiarebancaetica.coop\/ca\/mesures-de-suport-a-les-persones-i-entitats-afectades-per-la-dana\/#article","isPartOf":{"@id":"https:\/\/www.fiarebancaetica.coop\/ca\/mesures-de-suport-a-les-persones-i-entitats-afectades-per-la-dana\/"},"author":{"name":"clara","@id":"https:\/\/www.fiarebancaetica.coop\/ca\/#\/schema\/person\/5b96261107d1cc0141f68d1a780b4ed7"},"headline":"Mesures\u00a0de suport a les persones i entitats afectades per la DANA","datePublished":"2024-11-11T11:18:04+00:00","dateModified":"2024-11-28T14:36:23+00:00","mainEntityOfPage":{"@id":"https:\/\/www.fiarebancaetica.coop\/ca\/mesures-de-suport-a-les-persones-i-entitats-afectades-per-la-dana\/"},"wordCount":476,"image":{"@id":"https:\/\/www.fiarebancaetica.coop\/ca\/mesures-de-suport-a-les-persones-i-entitats-afectades-per-la-dana\/#primaryimage"},"thumbnailUrl":"https:\/\/www.fiarebancaetica.coop\/app\/uploads\/sites\/2\/2024\/11\/IMG-20241112-WA0004.jpg","articleSection":["\u00c8tica i cooperativa","Finances \u00e8tiques"],"inLanguage":"ca"},{"@type":"WebPage","@id":"https:\/\/www.fiarebancaetica.coop\/ca\/mesures-de-suport-a-les-persones-i-entitats-afectades-per-la-dana\/","url":"https:\/\/www.fiarebancaetica.coop\/ca\/mesures-de-suport-a-les-persones-i-entitats-afectades-per-la-dana\/","name":"Mesures\u00a0de suport a les persones i entitats afectades per la DANA - Fiare Banca Etica","isPartOf":{"@id":"https:\/\/www.fiarebancaetica.coop\/ca\/#website"},"primaryImageOfPage":{"@id":"https:\/\/www.fiarebancaetica.coop\/ca\/mesures-de-suport-a-les-persones-i-entitats-afectades-per-la-dana\/#primaryimage"},"image":{"@id":"https:\/\/www.fiarebancaetica.coop\/ca\/mesures-de-suport-a-les-persones-i-entitats-afectades-per-la-dana\/#primaryimage"},"thumbnailUrl":"https:\/\/www.fiarebancaetica.coop\/app\/uploads\/sites\/2\/2024\/11\/IMG-20241112-WA0004.jpg","datePublished":"2024-11-11T11:18:04+00:00","dateModified":"2024-11-28T14:36:23+00:00","author":{"@id":"https:\/\/www.fiarebancaetica.coop\/ca\/#\/schema\/person\/5b96261107d1cc0141f68d1a780b4ed7"},"breadcrumb":{"@id":"https:\/\/www.fiarebancaetica.coop\/ca\/mesures-de-suport-a-les-persones-i-entitats-afectades-per-la-dana\/#breadcrumb"},"inLanguage":"ca","potentialAction":[{"@type":"ReadAction","target":["https:\/\/www.fiarebancaetica.coop\/ca\/mesures-de-suport-a-les-persones-i-entitats-afectades-per-la-dana\/"]}]},{"@type":"ImageObject","inLanguage":"ca","@id":"https:\/\/www.fiarebancaetica.coop\/ca\/mesures-de-suport-a-les-persones-i-entitats-afectades-per-la-dana\/#primaryimage","url":"https:\/\/www.fiarebancaetica.coop\/app\/uploads\/sites\/2\/2024\/11\/IMG-20241112-WA0004.jpg","contentUrl":"https:\/\/www.fiarebancaetica.coop\/app\/uploads\/sites\/2\/2024\/11\/IMG-20241112-WA0004.jpg","width":1536,"height":2048},{"@type":"BreadcrumbList","@id":"https:\/\/www.fiarebancaetica.coop\/ca\/mesures-de-suport-a-les-persones-i-entitats-afectades-per-la-dana\/#breadcrumb","itemListElement":[{"@type":"ListItem","position":1,"name":"Home","item":"https:\/\/www.fiarebancaetica.coop\/ca\/"},{"@type":"ListItem","position":2,"name":"Mesures\u00a0de suport a les persones i entitats afectades per la DANA"}]},{"@type":"WebSite","@id":"https:\/\/www.fiarebancaetica.coop\/ca\/#website","url":"https:\/\/www.fiarebancaetica.coop\/ca\/","name":"Fiare Banca Etica","description":"","potentialAction":[{"@type":"SearchAction","target":{"@type":"EntryPoint","urlTemplate":"https:\/\/www.fiarebancaetica.coop\/ca\/?s={search_term_string}"},"query-input":{"@type":"PropertyValueSpecification","valueRequired":true,"valueName":"search_term_string"}}],"inLanguage":"ca"},{"@type":"Person","@id":"https:\/\/www.fiarebancaetica.coop\/ca\/#\/schema\/person\/5b96261107d1cc0141f68d1a780b4ed7","name":"clara","image":{"@type":"ImageObject","inLanguage":"ca","@id":"https:\/\/www.fiarebancaetica.coop\/ca\/#\/schema\/person\/image\/87a072d868c9be98a56db488836f4132","url":"https:\/\/secure.gravatar.com\/avatar\/267db4d1eb94caf852df949ed721a52f76c9fbf9c14c602801e01f0ab306c22b?s=96&d=mm&r=g","contentUrl":"https:\/\/secure.gravatar.com\/avatar\/267db4d1eb94caf852df949ed721a52f76c9fbf9c14c602801e01f0ab306c22b?s=96&d=mm&r=g","caption":"clara"}}]}},"_links":{"self":[{"href":"https:\/\/www.fiarebancaetica.coop\/ca\/wp-json\/wp\/v2\/posts\/380205","targetHints":{"allow":["GET"]}}],"collection":[{"href":"https:\/\/www.fiarebancaetica.coop\/ca\/wp-json\/wp\/v2\/posts"}],"about":[{"href":"https:\/\/www.fiarebancaetica.coop\/ca\/wp-json\/wp\/v2\/types\/post"}],"author":[{"embeddable":true,"href":"https:\/\/www.fiarebancaetica.coop\/ca\/wp-json\/wp\/v2\/users\/1774"}],"replies":[{"embeddable":true,"href":"https:\/\/www.fiarebancaetica.coop\/ca\/wp-json\/wp\/v2\/comments?post=380205"}],"version-history":[{"count":10,"href":"https:\/\/www.fiarebancaetica.coop\/ca\/wp-json\/wp\/v2\/posts\/380205\/revisions"}],"predecessor-version":[{"id":381153,"href":"https:\/\/www.fiarebancaetica.coop\/ca\/wp-json\/wp\/v2\/posts\/380205\/revisions\/381153"}],"wp:featuredmedia":[{"embeddable":true,"href":"https:\/\/www.fiarebancaetica.coop\/ca\/wp-json\/wp\/v2\/media\/380338"}],"wp:attachment":[{"href":"https:\/\/www.fiarebancaetica.coop\/ca\/wp-json\/wp\/v2\/media?parent=380205"}],"wp:term":[{"taxonomy":"category","embeddable":true,"href":"https:\/\/www.fiarebancaetica.coop\/ca\/wp-json\/wp\/v2\/categories?post=380205"},{"taxonomy":"post_tag","embeddable":true,"href":"https:\/\/www.fiarebancaetica.coop\/ca\/wp-json\/wp\/v2\/tags?post=380205"},{"taxonomy":"author","embeddable":true,"href":"https:\/\/www.fiarebancaetica.coop\/ca\/wp-json\/wp\/v2\/coauthors?post=380205"}],"curies":[{"name":"wp","href":"https:\/\/api.w.org\/{rel}","templated":true}]}}