{"id":382870,"date":"2025-01-31T10:06:07","date_gmt":"2025-01-31T09:06:07","guid":{"rendered":"https:\/\/www.fiarebancaetica.coop\/?p=382870"},"modified":"2025-01-31T10:06:09","modified_gmt":"2025-01-31T09:06:09","slug":"repensar-leconomia-a-laula-aprenentatge-reptes-i-xarxes","status":"publish","type":"post","link":"https:\/\/www.fiarebancaetica.coop\/ca\/repensar-leconomia-a-laula-aprenentatge-reptes-i-xarxes\/","title":{"rendered":"Repensar l&#8217;economia a l&#8217;aula: aprenentatge, reptes i xarxes"},"content":{"rendered":"\n\n<div class=\"wp-block-bancaetica-blocks-blocks-block-49\">\n    <div class=\"container-block-49\">\n\n        <div class=\"header-section \">\n                            <h1 class=\"section-title\"> Repensar l&#8217;economia a l&#8217;aula: aprenentatge, reptes i xarxes <\/h1>\n                                        <p class=\"section-content\"> Repensar l&#8217;economia a l&#8217;aula: aprenentatge, reptes i xarxes <\/p>\n                                <\/div>\n\n        \n        <div class=\"block-background\" style=\"background-image: url('https:\/\/www.fiarebancaetica.coop\/app\/uploads\/sites\/2\/2025\/01\/foto-manos-levantadas.png')\">\n                            <div class=\"tile\">\n                    <h1 class=\"image-title\"> Repensar l&#8217;economia a l&#8217;aula: aprenentatge, reptes i xarxes <\/h1>\n                <\/div>             <!-- end .tile -->\n            <div class=\"bottom-content\">\n                            <\/div> <!-- end .button-content -->\n        <\/div> <!-- end .block-background -->\n    <\/div> <!-- end .container -->\n<\/div> <!-- end wp-block-bancaetica-blocks-blocks-block-06 -->\n\n\n<div class=\"wrapper-crispybacon-class wrapper-crispybacon-class-wide \">\n    \n\n<p>Article escrit per Eduardo Mart\u00edn Ruano, professor d&#8217;economia en I.E.S Vall del Jerte<\/p>\n\n\n\n<h6 class=\"wp-block-heading\">Us explicar\u00e9 una petita hist\u00f2ria<\/h6>\n\n\n\n<div style=\"height:15px\" aria-hidden=\"true\" class=\"wp-block-spacer\"><\/div>\n\n\n\n<p>Vet aqu\u00ed que una vegada hi havia un grup de professionals de l&#8217;educaci\u00f3 secund\u00e0ria d&#8217;economia, que es van reunir per a superar en l&#8217;ensenyament de la seva disciplina, el gr\u00e0fic de l&#8217;oferta i la demanda, la relaci\u00f3 amb els diners, el flux circular de la renda, i dissenyar altres models que expliquin la realitat actual. En definitiva, que s&#8217;havia donat massa ra\u00f3 a una \u00fanica (i esbiaixada) manera d&#8217;explicar la realitat econ\u00f2mica. Havia arribat el seu moment.<\/p>\n\n\n\n<p><\/p>\n\n\n\n<div style=\"height:23px\" aria-hidden=\"true\" class=\"wp-block-spacer\"><\/div>\n\n\n\n<p>B\u00e9, potser no \u00e9s del tot certa aquesta hist\u00f2ria, perqu\u00e8 aquests professors no s&#8217;han reunit una vegada, sin\u00f3 cinc, i no han estat dissenyant cap nou model que expliqui millor el nostre sistema, perqu\u00e8 aquests models ja existeixen. El que s\u00ed que \u00e9s cert \u00e9s que ha arribat el seu moment.<\/p>\n\n\n\n<div style=\"height:10px\" aria-hidden=\"true\" class=\"wp-block-spacer\"><\/div>\n\n\n\n<p>Entre els dies 17 i 18 de gener, s&#8217;han celebrat les <strong>V Jornades de professorat de la RedEFES,<\/strong> amb el t\u00edtol<strong> &#8220;Per una educaci\u00f3 econ\u00f2mica que posi les persones i el planeta en el centre&#8221;.<\/strong> Una trobada organitzada sota la xarxa conformada per Economistes sense Fronteres, Fundaci\u00f3 Finances \u00c8tiques, Finan\u00e7ament \u00e8tic i solidari, Finantzaz Haratago i OikoCredit. Un resum de la trobada el podeu trobar <a href=\"https:\/\/valorsocial.info\/v-jornadas-de-la-redefes-hacia-una-educacion-economica-transformadora-y-sostenible\/\">aqu\u00ed<\/a>.<\/p>\n\n\n\n<div style=\"height:20px\" aria-hidden=\"true\" class=\"wp-block-spacer\"><\/div>\n\n\n\n<figure class=\"wp-block-image size-large\"><img loading=\"lazy\" decoding=\"async\" width=\"1024\" height=\"561\" src=\"https:\/\/www.fiarebancaetica.coop\/app\/uploads\/sites\/2\/2025\/01\/foto-folletos-RedEFES-1-1024x561.png\" alt=\"\" class=\"wp-image-382873\" srcset=\"https:\/\/www.fiarebancaetica.coop\/app\/uploads\/sites\/2\/2025\/01\/foto-folletos-RedEFES-1-1024x561.png 1024w, https:\/\/www.fiarebancaetica.coop\/app\/uploads\/sites\/2\/2025\/01\/foto-folletos-RedEFES-1-300x164.png 300w, https:\/\/www.fiarebancaetica.coop\/app\/uploads\/sites\/2\/2025\/01\/foto-folletos-RedEFES-1-768x421.png 768w, https:\/\/www.fiarebancaetica.coop\/app\/uploads\/sites\/2\/2025\/01\/foto-folletos-RedEFES-1-1536x841.png 1536w, https:\/\/www.fiarebancaetica.coop\/app\/uploads\/sites\/2\/2025\/01\/foto-folletos-RedEFES-1.png 1599w\" sizes=\"auto, (max-width: 1024px) 100vw, 1024px\" \/><\/figure>\n\n\n\n<p><\/p>\n\n\n\n<div style=\"height:15px\" aria-hidden=\"true\" class=\"wp-block-spacer\"><\/div>\n\n\n\n<p>Com a professor d&#8217;economia (amb poca experi\u00e8ncia), en la meva petita ciutat extremenya, em vaig unir amb molta il\u00b7lusi\u00f3 a aquest gener\u00f3s intercanvi d&#8217;idees, plantejaments i projectes, que desenvolupen iniciatives per tot el territori espanyol. Tot aix\u00f2 es va complementar amb la intervenci\u00f3 de diversos experts en la nostra mat\u00e8ria, els qui van intentar ajudar-nos a albirar i comprendre l&#8217;economia d&#8217;aquesta \u00e8poca.&nbsp;<\/p>\n\n\n\n<div style=\"height:14px\" aria-hidden=\"true\" class=\"wp-block-spacer\"><\/div>\n\n\n\n<div style=\"height:30px\" aria-hidden=\"true\" class=\"wp-block-spacer\"><\/div>\n\n\n\n<p>L&#8217;economia pr\u00f2pia del segle XX ens ha portat fins aquest moment de crisi, clim\u00e0tica, social i de drets humans. Estem patint les conseq\u00fc\u00e8ncies d&#8217;haver volgut fer cr\u00e9ixer els pa\u00efsos exclusivament des del punt de vista econ\u00f2mic, ara, ens trobem en un <strong>punt cr\u00edtic.<\/strong> La crisi clim\u00e0tica \u00e9s cada cop m\u00e9s greu, hem sobrepassat els l\u00edmits biof\u00edsics fins al punt en qu\u00e8 gran part de la poblaci\u00f3, no aconsegueix cobrir les necessitats m\u00ednimes essencials com l\u2019acc\u00e9s a l\u2019aigua potable, la pau o la democr\u00e0cia.<\/p>\n\n\n\n<div style=\"height:11px\" aria-hidden=\"true\" class=\"wp-block-spacer\"><\/div>\n\n\n\n<p>\u00c9s, per tant, el moment de<strong> canviar d&#8217;objectiu i aplicar el &#8220;D\u00f2nut&#8221; enunciat per<\/strong> <strong>Kate Raworth,<\/strong> que tan b\u00e9 ens va presentar Carlota Sanz, del <em><a href=\"https:\/\/doughnuteconomics.org\/\">Doughnuts Economic Action Lab<\/a><\/em>, \u00e9s a dir, un espai on poder desenvolupar la nostra vida de manera sostenible, un espai on la vida valgui la pena ser viscuda.<\/p>\n\n\n\n<div style=\"height:13px\" aria-hidden=\"true\" class=\"wp-block-spacer\"><\/div>\n\n\n\n<p>Abans de la trobada, la meva obsessi\u00f3 era trobar inspiraci\u00f3 pr\u00e0ctica en persones que ja estan aplicant l&#8217;economia cr\u00edtica i alternativa en les seves classes. Ser docent et brinda un acc\u00e9s privilegiat a joves que comencen a con\u00e8ixer el m\u00f3n que els envolta i a posar-li nom a les coses que observen en not\u00edcies, anuncis i xarxes socials. No obstant aix\u00f2, la falta de comunicaci\u00f3 entre centres educatius genera, en moltes ocasions, una certa sensaci\u00f3 de soledat.<\/p>\n\n\n\n<div style=\"height:11px\" aria-hidden=\"true\" class=\"wp-block-spacer\"><\/div>\n\n\n\n<p>Durant les jornades, la motivaci\u00f3 per descobrir quins agents implicar es va barrejar amb les idees que port\u00e0vem de casa, en alguns moments, fins i tot va derivar en desmotivaci\u00f3. Ser\u00e9 capa\u00e7 de gestionar el meu paper davant la immensitat que suposa descapitalitzar l&#8217;economia? Aquesta desmotivaci\u00f3 motivada \u00e9s (i ha de ser) passatgera: no em paralitza, sin\u00f3 tot el contrari, m&#8217;impulsa a posar sobre la taula les possibilitats i a <strong>comen\u00e7ar a treballar en xarxa.<\/strong><\/p>\n\n\n\n<div style=\"height:16px\" aria-hidden=\"true\" class=\"wp-block-spacer\"><\/div>\n\n\n<div class=\"wp-block-image\">\n<figure class=\"aligncenter size-large is-resized\"><img loading=\"lazy\" decoding=\"async\" width=\"1024\" height=\"473\" src=\"https:\/\/www.fiarebancaetica.coop\/app\/uploads\/sites\/2\/2025\/01\/foto-taller-fiscalidad-justa-1-1024x473.png\" alt=\"\" class=\"wp-image-382877\" style=\"width:701px;height:auto\" srcset=\"https:\/\/www.fiarebancaetica.coop\/app\/uploads\/sites\/2\/2025\/01\/foto-taller-fiscalidad-justa-1-1024x473.png 1024w, https:\/\/www.fiarebancaetica.coop\/app\/uploads\/sites\/2\/2025\/01\/foto-taller-fiscalidad-justa-1-300x139.png 300w, https:\/\/www.fiarebancaetica.coop\/app\/uploads\/sites\/2\/2025\/01\/foto-taller-fiscalidad-justa-1-768x355.png 768w, https:\/\/www.fiarebancaetica.coop\/app\/uploads\/sites\/2\/2025\/01\/foto-taller-fiscalidad-justa-1-1536x709.png 1536w, https:\/\/www.fiarebancaetica.coop\/app\/uploads\/sites\/2\/2025\/01\/foto-taller-fiscalidad-justa-1.png 1600w\" sizes=\"auto, (max-width: 1024px) 100vw, 1024px\" \/><\/figure>\n<\/div>\n\n\n<div style=\"height:14px\" aria-hidden=\"true\" class=\"wp-block-spacer\"><\/div>\n\n\n\n<p>Aqu\u00ed soc, dies despr\u00e9s de la trobada, despr\u00e9s d&#8217;unes hores de classe amb 1r de Batxillerat, rumiant tot el viscut i reflexionant sobre com puc contribuir a aix\u00f2. Tinc clar que <strong>l&#8217;educaci\u00f3 \u00e9s un dels espais on el nostre discurs ha d&#8217;estar;<\/strong> si no ocupem aquest lloc (en llibres de text, classes, claustres, projectes, excursions&#8230;), uns altres ho faran per nosaltres. I pot ser que no ens agradi.<\/p>\n\n\n\n<div style=\"height:17px\" aria-hidden=\"true\" class=\"wp-block-spacer\"><\/div>\n\n\n\n<p>Finalment, no vull acabar sense fer part\u00edcip als i les protagonistes de la meva feina: <strong>el meu alumnat;<\/strong> el passat, l&#8217;actual i el que vindr\u00e0. <strong>No penso que la joventut d&#8217;ara sigui pitjor que la d&#8217;abans ni millor que la que est\u00e0 per venir&#8230; <\/strong>Si ho pens\u00e9s, quin futur tindria com a docent? El que em pregunto \u00e9s com impacta el m\u00f3n en el qual creixen i es desenvolupen, un m\u00f3n en el qual tots som presa f\u00e0cil de les faules, caiem en la immediatesa i vivim sense pauses.<\/p>\n\n\n\n<div style=\"height:14px\" aria-hidden=\"true\" class=\"wp-block-spacer\"><\/div>\n\n\n\n<p>No podem exigir<strong> consci\u00e8ncia cr\u00edtica<\/strong> si no tenen al seu voltant referents que lluitin per la just\u00edcia, que es comprometin amb el seu entorn, que es responsabilitzin dels seus actes, que admetin els seus errors, que recordin que el planeta \u00e9s casa nostra i s\u2019ha de cuidar. Fem de l&#8217;escola aquest espai on no prevalguin el material, la immediatesa, la desinformaci\u00f3 ni l&#8217;ofensa. Siguem docents prou valents per <strong>construir una nova economia que posi en el centre al planeta i a les persones.<\/strong><\/p>\n\n\n\n<div style=\"height:14px\" aria-hidden=\"true\" class=\"wp-block-spacer\"><\/div>\n\n\n\n<p>I sense oblidar el consell de San Pedro: eduquem amb amor i provocaci\u00f3.<\/p>\n\n\n\n<p>Ens veiem a les aules.<\/p>\n\n\n<\/div>","protected":false},"excerpt":{"rendered":"","protected":false},"author":1774,"featured_media":0,"comment_status":"closed","ping_status":"closed","sticky":false,"template":"","format":"standard","meta":{"_acf_changed":false,"footnotes":""},"categories":[11643],"tags":[],"coauthors":[5579],"class_list":["post-382870","post","type-post","status-publish","format-standard","hentry","category-finances-etiques"],"acf":[],"yoast_head":"<!-- This site is optimized with the Yoast SEO plugin v26.9 - https:\/\/yoast.com\/product\/yoast-seo-wordpress\/ -->\n<title>Repensar l&#039;economia a l&#039;aula: aprenentatge, reptes i xarxes - Fiare Banca Etica<\/title>\n<meta name=\"robots\" content=\"index, follow, max-snippet:-1, max-image-preview:large, max-video-preview:-1\" \/>\n<link rel=\"canonical\" href=\"https:\/\/www.fiarebancaetica.coop\/ca\/repensar-leconomia-a-laula-aprenentatge-reptes-i-xarxes\/\" \/>\n<meta property=\"og:locale\" content=\"ca_ES\" \/>\n<meta property=\"og:type\" content=\"article\" \/>\n<meta property=\"og:title\" content=\"Repensar l&#039;economia a l&#039;aula: aprenentatge, reptes i xarxes - Fiare Banca Etica\" \/>\n<meta property=\"og:url\" content=\"https:\/\/www.fiarebancaetica.coop\/ca\/repensar-leconomia-a-laula-aprenentatge-reptes-i-xarxes\/\" \/>\n<meta property=\"og:site_name\" content=\"Fiare Banca Etica\" \/>\n<meta property=\"article:published_time\" content=\"2025-01-31T09:06:07+00:00\" \/>\n<meta property=\"article:modified_time\" content=\"2025-01-31T09:06:09+00:00\" \/>\n<meta property=\"og:image\" content=\"https:\/\/www.fiarebancaetica.coop\/app\/uploads\/sites\/2\/2025\/01\/foto-folletos-RedEFES-1-1024x561.png\" \/>\n<meta name=\"author\" content=\"clara\" \/>\n<meta name=\"twitter:card\" content=\"summary_large_image\" \/>\n<script type=\"application\/ld+json\" class=\"yoast-schema-graph\">{\"@context\":\"https:\/\/schema.org\",\"@graph\":[{\"@type\":\"Article\",\"@id\":\"https:\/\/www.fiarebancaetica.coop\/ca\/repensar-leconomia-a-laula-aprenentatge-reptes-i-xarxes\/#article\",\"isPartOf\":{\"@id\":\"https:\/\/www.fiarebancaetica.coop\/ca\/repensar-leconomia-a-laula-aprenentatge-reptes-i-xarxes\/\"},\"author\":{\"name\":\"clara\",\"@id\":\"https:\/\/www.fiarebancaetica.coop\/ca\/#\/schema\/person\/5b96261107d1cc0141f68d1a780b4ed7\"},\"headline\":\"Repensar l&#8217;economia a l&#8217;aula: aprenentatge, reptes i xarxes\",\"datePublished\":\"2025-01-31T09:06:07+00:00\",\"dateModified\":\"2025-01-31T09:06:09+00:00\",\"mainEntityOfPage\":{\"@id\":\"https:\/\/www.fiarebancaetica.coop\/ca\/repensar-leconomia-a-laula-aprenentatge-reptes-i-xarxes\/\"},\"wordCount\":907,\"image\":{\"@id\":\"https:\/\/www.fiarebancaetica.coop\/ca\/repensar-leconomia-a-laula-aprenentatge-reptes-i-xarxes\/#primaryimage\"},\"thumbnailUrl\":\"https:\/\/www.fiarebancaetica.coop\/app\/uploads\/sites\/2\/2025\/01\/foto-folletos-RedEFES-1-1024x561.png\",\"articleSection\":[\"Finances \u00e8tiques\"],\"inLanguage\":\"ca\"},{\"@type\":\"WebPage\",\"@id\":\"https:\/\/www.fiarebancaetica.coop\/ca\/repensar-leconomia-a-laula-aprenentatge-reptes-i-xarxes\/\",\"url\":\"https:\/\/www.fiarebancaetica.coop\/ca\/repensar-leconomia-a-laula-aprenentatge-reptes-i-xarxes\/\",\"name\":\"Repensar l'economia a l'aula: aprenentatge, reptes i xarxes - Fiare Banca Etica\",\"isPartOf\":{\"@id\":\"https:\/\/www.fiarebancaetica.coop\/ca\/#website\"},\"primaryImageOfPage\":{\"@id\":\"https:\/\/www.fiarebancaetica.coop\/ca\/repensar-leconomia-a-laula-aprenentatge-reptes-i-xarxes\/#primaryimage\"},\"image\":{\"@id\":\"https:\/\/www.fiarebancaetica.coop\/ca\/repensar-leconomia-a-laula-aprenentatge-reptes-i-xarxes\/#primaryimage\"},\"thumbnailUrl\":\"https:\/\/www.fiarebancaetica.coop\/app\/uploads\/sites\/2\/2025\/01\/foto-folletos-RedEFES-1-1024x561.png\",\"datePublished\":\"2025-01-31T09:06:07+00:00\",\"dateModified\":\"2025-01-31T09:06:09+00:00\",\"author\":{\"@id\":\"https:\/\/www.fiarebancaetica.coop\/ca\/#\/schema\/person\/5b96261107d1cc0141f68d1a780b4ed7\"},\"breadcrumb\":{\"@id\":\"https:\/\/www.fiarebancaetica.coop\/ca\/repensar-leconomia-a-laula-aprenentatge-reptes-i-xarxes\/#breadcrumb\"},\"inLanguage\":\"ca\",\"potentialAction\":[{\"@type\":\"ReadAction\",\"target\":[\"https:\/\/www.fiarebancaetica.coop\/ca\/repensar-leconomia-a-laula-aprenentatge-reptes-i-xarxes\/\"]}]},{\"@type\":\"ImageObject\",\"inLanguage\":\"ca\",\"@id\":\"https:\/\/www.fiarebancaetica.coop\/ca\/repensar-leconomia-a-laula-aprenentatge-reptes-i-xarxes\/#primaryimage\",\"url\":\"https:\/\/www.fiarebancaetica.coop\/app\/uploads\/sites\/2\/2025\/01\/foto-folletos-RedEFES-1-1024x561.png\",\"contentUrl\":\"https:\/\/www.fiarebancaetica.coop\/app\/uploads\/sites\/2\/2025\/01\/foto-folletos-RedEFES-1-1024x561.png\"},{\"@type\":\"BreadcrumbList\",\"@id\":\"https:\/\/www.fiarebancaetica.coop\/ca\/repensar-leconomia-a-laula-aprenentatge-reptes-i-xarxes\/#breadcrumb\",\"itemListElement\":[{\"@type\":\"ListItem\",\"position\":1,\"name\":\"Home\",\"item\":\"https:\/\/www.fiarebancaetica.coop\/ca\/\"},{\"@type\":\"ListItem\",\"position\":2,\"name\":\"Repensar l&#8217;economia a l&#8217;aula: aprenentatge, reptes i xarxes\"}]},{\"@type\":\"WebSite\",\"@id\":\"https:\/\/www.fiarebancaetica.coop\/ca\/#website\",\"url\":\"https:\/\/www.fiarebancaetica.coop\/ca\/\",\"name\":\"Fiare Banca Etica\",\"description\":\"\",\"potentialAction\":[{\"@type\":\"SearchAction\",\"target\":{\"@type\":\"EntryPoint\",\"urlTemplate\":\"https:\/\/www.fiarebancaetica.coop\/ca\/?s={search_term_string}\"},\"query-input\":{\"@type\":\"PropertyValueSpecification\",\"valueRequired\":true,\"valueName\":\"search_term_string\"}}],\"inLanguage\":\"ca\"},{\"@type\":\"Person\",\"@id\":\"https:\/\/www.fiarebancaetica.coop\/ca\/#\/schema\/person\/5b96261107d1cc0141f68d1a780b4ed7\",\"name\":\"clara\",\"image\":{\"@type\":\"ImageObject\",\"inLanguage\":\"ca\",\"@id\":\"https:\/\/www.fiarebancaetica.coop\/ca\/#\/schema\/person\/image\/87a072d868c9be98a56db488836f4132\",\"url\":\"https:\/\/secure.gravatar.com\/avatar\/267db4d1eb94caf852df949ed721a52f76c9fbf9c14c602801e01f0ab306c22b?s=96&d=mm&r=g\",\"contentUrl\":\"https:\/\/secure.gravatar.com\/avatar\/267db4d1eb94caf852df949ed721a52f76c9fbf9c14c602801e01f0ab306c22b?s=96&d=mm&r=g\",\"caption\":\"clara\"}}]}<\/script>\n<!-- \/ Yoast SEO plugin. -->","yoast_head_json":{"title":"Repensar l'economia a l'aula: aprenentatge, reptes i xarxes - Fiare Banca Etica","robots":{"index":"index","follow":"follow","max-snippet":"max-snippet:-1","max-image-preview":"max-image-preview:large","max-video-preview":"max-video-preview:-1"},"canonical":"https:\/\/www.fiarebancaetica.coop\/ca\/repensar-leconomia-a-laula-aprenentatge-reptes-i-xarxes\/","og_locale":"ca_ES","og_type":"article","og_title":"Repensar l'economia a l'aula: aprenentatge, reptes i xarxes - Fiare Banca Etica","og_url":"https:\/\/www.fiarebancaetica.coop\/ca\/repensar-leconomia-a-laula-aprenentatge-reptes-i-xarxes\/","og_site_name":"Fiare Banca Etica","article_published_time":"2025-01-31T09:06:07+00:00","article_modified_time":"2025-01-31T09:06:09+00:00","og_image":[{"url":"https:\/\/www.fiarebancaetica.coop\/app\/uploads\/sites\/2\/2025\/01\/foto-folletos-RedEFES-1-1024x561.png","type":"","width":"","height":""}],"author":"clara","twitter_card":"summary_large_image","schema":{"@context":"https:\/\/schema.org","@graph":[{"@type":"Article","@id":"https:\/\/www.fiarebancaetica.coop\/ca\/repensar-leconomia-a-laula-aprenentatge-reptes-i-xarxes\/#article","isPartOf":{"@id":"https:\/\/www.fiarebancaetica.coop\/ca\/repensar-leconomia-a-laula-aprenentatge-reptes-i-xarxes\/"},"author":{"name":"clara","@id":"https:\/\/www.fiarebancaetica.coop\/ca\/#\/schema\/person\/5b96261107d1cc0141f68d1a780b4ed7"},"headline":"Repensar l&#8217;economia a l&#8217;aula: aprenentatge, reptes i xarxes","datePublished":"2025-01-31T09:06:07+00:00","dateModified":"2025-01-31T09:06:09+00:00","mainEntityOfPage":{"@id":"https:\/\/www.fiarebancaetica.coop\/ca\/repensar-leconomia-a-laula-aprenentatge-reptes-i-xarxes\/"},"wordCount":907,"image":{"@id":"https:\/\/www.fiarebancaetica.coop\/ca\/repensar-leconomia-a-laula-aprenentatge-reptes-i-xarxes\/#primaryimage"},"thumbnailUrl":"https:\/\/www.fiarebancaetica.coop\/app\/uploads\/sites\/2\/2025\/01\/foto-folletos-RedEFES-1-1024x561.png","articleSection":["Finances \u00e8tiques"],"inLanguage":"ca"},{"@type":"WebPage","@id":"https:\/\/www.fiarebancaetica.coop\/ca\/repensar-leconomia-a-laula-aprenentatge-reptes-i-xarxes\/","url":"https:\/\/www.fiarebancaetica.coop\/ca\/repensar-leconomia-a-laula-aprenentatge-reptes-i-xarxes\/","name":"Repensar l'economia a l'aula: aprenentatge, reptes i xarxes - Fiare Banca Etica","isPartOf":{"@id":"https:\/\/www.fiarebancaetica.coop\/ca\/#website"},"primaryImageOfPage":{"@id":"https:\/\/www.fiarebancaetica.coop\/ca\/repensar-leconomia-a-laula-aprenentatge-reptes-i-xarxes\/#primaryimage"},"image":{"@id":"https:\/\/www.fiarebancaetica.coop\/ca\/repensar-leconomia-a-laula-aprenentatge-reptes-i-xarxes\/#primaryimage"},"thumbnailUrl":"https:\/\/www.fiarebancaetica.coop\/app\/uploads\/sites\/2\/2025\/01\/foto-folletos-RedEFES-1-1024x561.png","datePublished":"2025-01-31T09:06:07+00:00","dateModified":"2025-01-31T09:06:09+00:00","author":{"@id":"https:\/\/www.fiarebancaetica.coop\/ca\/#\/schema\/person\/5b96261107d1cc0141f68d1a780b4ed7"},"breadcrumb":{"@id":"https:\/\/www.fiarebancaetica.coop\/ca\/repensar-leconomia-a-laula-aprenentatge-reptes-i-xarxes\/#breadcrumb"},"inLanguage":"ca","potentialAction":[{"@type":"ReadAction","target":["https:\/\/www.fiarebancaetica.coop\/ca\/repensar-leconomia-a-laula-aprenentatge-reptes-i-xarxes\/"]}]},{"@type":"ImageObject","inLanguage":"ca","@id":"https:\/\/www.fiarebancaetica.coop\/ca\/repensar-leconomia-a-laula-aprenentatge-reptes-i-xarxes\/#primaryimage","url":"https:\/\/www.fiarebancaetica.coop\/app\/uploads\/sites\/2\/2025\/01\/foto-folletos-RedEFES-1-1024x561.png","contentUrl":"https:\/\/www.fiarebancaetica.coop\/app\/uploads\/sites\/2\/2025\/01\/foto-folletos-RedEFES-1-1024x561.png"},{"@type":"BreadcrumbList","@id":"https:\/\/www.fiarebancaetica.coop\/ca\/repensar-leconomia-a-laula-aprenentatge-reptes-i-xarxes\/#breadcrumb","itemListElement":[{"@type":"ListItem","position":1,"name":"Home","item":"https:\/\/www.fiarebancaetica.coop\/ca\/"},{"@type":"ListItem","position":2,"name":"Repensar l&#8217;economia a l&#8217;aula: aprenentatge, reptes i xarxes"}]},{"@type":"WebSite","@id":"https:\/\/www.fiarebancaetica.coop\/ca\/#website","url":"https:\/\/www.fiarebancaetica.coop\/ca\/","name":"Fiare Banca Etica","description":"","potentialAction":[{"@type":"SearchAction","target":{"@type":"EntryPoint","urlTemplate":"https:\/\/www.fiarebancaetica.coop\/ca\/?s={search_term_string}"},"query-input":{"@type":"PropertyValueSpecification","valueRequired":true,"valueName":"search_term_string"}}],"inLanguage":"ca"},{"@type":"Person","@id":"https:\/\/www.fiarebancaetica.coop\/ca\/#\/schema\/person\/5b96261107d1cc0141f68d1a780b4ed7","name":"clara","image":{"@type":"ImageObject","inLanguage":"ca","@id":"https:\/\/www.fiarebancaetica.coop\/ca\/#\/schema\/person\/image\/87a072d868c9be98a56db488836f4132","url":"https:\/\/secure.gravatar.com\/avatar\/267db4d1eb94caf852df949ed721a52f76c9fbf9c14c602801e01f0ab306c22b?s=96&d=mm&r=g","contentUrl":"https:\/\/secure.gravatar.com\/avatar\/267db4d1eb94caf852df949ed721a52f76c9fbf9c14c602801e01f0ab306c22b?s=96&d=mm&r=g","caption":"clara"}}]}},"_links":{"self":[{"href":"https:\/\/www.fiarebancaetica.coop\/ca\/wp-json\/wp\/v2\/posts\/382870","targetHints":{"allow":["GET"]}}],"collection":[{"href":"https:\/\/www.fiarebancaetica.coop\/ca\/wp-json\/wp\/v2\/posts"}],"about":[{"href":"https:\/\/www.fiarebancaetica.coop\/ca\/wp-json\/wp\/v2\/types\/post"}],"author":[{"embeddable":true,"href":"https:\/\/www.fiarebancaetica.coop\/ca\/wp-json\/wp\/v2\/users\/1774"}],"replies":[{"embeddable":true,"href":"https:\/\/www.fiarebancaetica.coop\/ca\/wp-json\/wp\/v2\/comments?post=382870"}],"version-history":[{"count":4,"href":"https:\/\/www.fiarebancaetica.coop\/ca\/wp-json\/wp\/v2\/posts\/382870\/revisions"}],"predecessor-version":[{"id":382882,"href":"https:\/\/www.fiarebancaetica.coop\/ca\/wp-json\/wp\/v2\/posts\/382870\/revisions\/382882"}],"wp:attachment":[{"href":"https:\/\/www.fiarebancaetica.coop\/ca\/wp-json\/wp\/v2\/media?parent=382870"}],"wp:term":[{"taxonomy":"category","embeddable":true,"href":"https:\/\/www.fiarebancaetica.coop\/ca\/wp-json\/wp\/v2\/categories?post=382870"},{"taxonomy":"post_tag","embeddable":true,"href":"https:\/\/www.fiarebancaetica.coop\/ca\/wp-json\/wp\/v2\/tags?post=382870"},{"taxonomy":"author","embeddable":true,"href":"https:\/\/www.fiarebancaetica.coop\/ca\/wp-json\/wp\/v2\/coauthors?post=382870"}],"curies":[{"name":"wp","href":"https:\/\/api.w.org\/{rel}","templated":true}]}}