{"id":385369,"date":"2025-04-22T14:46:08","date_gmt":"2025-04-22T12:46:08","guid":{"rendered":"https:\/\/www.fiarebancaetica.coop\/?p=385369"},"modified":"2025-04-22T14:46:10","modified_gmt":"2025-04-22T12:46:10","slug":"lenergia-que-transforma-comunitats","status":"publish","type":"post","link":"https:\/\/www.fiarebancaetica.coop\/ca\/lenergia-que-transforma-comunitats\/","title":{"rendered":"L\u2019Energia que transforma comunitats"},"content":{"rendered":"\n\n<div class=\"wp-block-bancaetica-blocks-blocks-block-49\">\n    <div class=\"container-block-49\">\n\n        <div class=\"header-section \">\n                            <h1 class=\"section-title\"> L\u2019Energia que transforma comunitats <\/h1>\n                                        <p class=\"section-content\"> L\u2019Energia que transforma comunitats <\/p>\n                                <\/div>\n\n        \n        <div class=\"block-background\" style=\"background-image: url('https:\/\/www.fiarebancaetica.coop\/app\/uploads\/sites\/2\/2025\/04\/Sin-titulo-1024-x-400-px-2.png')\">\n                            <div class=\"tile\">\n                    <h1 class=\"image-title\"> L\u2019Energia que transforma comunitats <\/h1>\n                <\/div>             <!-- end .tile -->\n            <div class=\"bottom-content\">\n                            <\/div> <!-- end .button-content -->\n        <\/div> <!-- end .block-background -->\n    <\/div> <!-- end .container -->\n<\/div> <!-- end wp-block-bancaetica-blocks-blocks-block-06 -->\n\n\n<div class=\"wrapper-crispybacon-class wrapper-crispybacon-class-wide \">\n    \n\n<p>El passat 20 de mar\u00e7 es van seleccionar els projectes finalistes de la convocat\u00f2ria \u201cAportem Energia a la teva Comunitat\u201d, una iniciativa destinada a fomentar la creaci\u00f3 de Comunitats Energ\u00e8tiques Locals.<\/p>\n\n\n\n<div style=\"height:20px\" aria-hidden=\"true\" class=\"wp-block-spacer\"><\/div>\n\n\n\n<p>Aquesta convocat\u00f2ria dona suport a projectes que impulsen models de sostenibilitat energ\u00e8tica, ja sigui a trav\u00e9s de l&#8217;estalvi en el consum el\u00e8ctric o mitjan\u00e7ant la lluita contra la pobresa i la vulnerabilitat energ\u00e8tica.<\/p>\n\n\n\n<div style=\"height:20px\" aria-hidden=\"true\" class=\"wp-block-spacer\"><\/div>\n\n\n\n<p>En total, es van presentar 43 entitats de diferents comunitats aut\u00f2nomes, de les quals s&#8217;han seleccionat 20 finalistes. L&#8217;elecci\u00f3 es va realitzar considerant no nom\u00e9s criteris com la inclusi\u00f3 social, la perspectiva de g\u00e8nere o l&#8217;impacte ambiental positiu de les propostes sin\u00f3 tamb\u00e9 la capacitat de col\u00b7laboraci\u00f3 entre la base social del banc en el territori i la mateixa comunitat energ\u00e8tica.<\/p>\n\n\n\n<div style=\"height:13px\" aria-hidden=\"true\" class=\"wp-block-spacer\"><\/div>\n\n\n\n<p>Gr\u00e0cies a l&#8217;alta participaci\u00f3, el pressupost de la convocat\u00f2ria s&#8217;ha ampliat fins als 20.000 euros, fet que permetr\u00e0 que cada projecte finalista rebi 1.000 euros\u00a0 per a impulsar el seu desenvolupament.<\/p>\n\n\n\n<div style=\"height:17px\" aria-hidden=\"true\" class=\"wp-block-spacer\"><\/div>\n\n\n\n<h5 class=\"wp-block-heading\"><strong>Un model energ\u00e8tic amb impacte social<\/strong><\/h5>\n\n\n\n<div style=\"height:15px\" aria-hidden=\"true\" class=\"wp-block-spacer\"><\/div>\n\n\n\n<p>Els projectes seleccionats destaquen pels seus diferents enfocaments. Per exemple,<strong> Karkarkar<\/strong>, a Navarra, i <strong>Ecotxe<\/strong>, a Balears, promouen la mobilitat sostenible amb cotxes el\u00e8ctrics des de diferents perspectives. <strong>Karkarkar <\/strong>cerca facilitar l&#8217;acc\u00e9s a vehicles en zones rurals, especialment per a persones que es desplacen per a cuidar o assistir a altres persones. <strong>Ecotxe<\/strong>, per la seva part, aposta per un model de mobilitat compartida mitjan\u00e7ant el <em>car sharing<\/em>.<\/p>\n\n\n\n<div style=\"height:17px\" aria-hidden=\"true\" class=\"wp-block-spacer\"><\/div>\n\n\n\n<p>Algunes iniciatives han aconseguit establir col\u00b7laboracions amb institucions p\u00fabliques. \u00c9s el cas de <em>Barrios la Alhambra<\/em>, una alian\u00e7a de projectes a Granada que ha signat un acord amb l&#8217;Ajuntament per a la cessi\u00f3 de cobertes.  A Almeria, la cooperativa de consum <em>Eco-Alm\u00f3cita<\/em>, coneguda pel seu enfocament accessible, planeja repetir aquest model energ\u00e8tic en noves edificacions.<\/p>\n\n\n\n<div style=\"height:13px\" aria-hidden=\"true\" class=\"wp-block-spacer\"><\/div>\n\n\n\n<p>Altres projectes se centren en barris vulnerables. <a href=\"https:\/\/lacorrientecoop.es\/\"><strong><em>La Corriente<\/em><\/strong><\/a>, per exemple, treballa per a posar en marxa una comunitat energ\u00e8tica en el barri madrileny de Sant Crist\u00f3bal, una zona amb altes taxes de desocupaci\u00f3 i baixos nivells educatius. Ja compta amb el suport de diverses entitats, incl\u00f2s l&#8217;Ajuntament de Madrid. A Barcelona, el projecte <a href=\"https:\/\/fembonpastor.cat\/equipaments-i-serveis\/associacio-comunitat-energetica-del-bon-pastor\/\"><strong><em>Bon Pastor<\/em><\/strong><\/a> t\u00e9 com a objectiu combatre la vulnerabilitat energ\u00e8tica en el barri de Sant Andreu, on ja s\u2019hi han comen\u00e7at a oferir tallers de sensibilitzaci\u00f3 en temes energ\u00e8tics.<\/p>\n\n\n\n<div style=\"height:100px\" aria-hidden=\"true\" class=\"wp-block-spacer\"><\/div>\n\n\n<\/div>","protected":false},"excerpt":{"rendered":"","protected":false},"author":1774,"featured_media":385365,"comment_status":"closed","ping_status":"closed","sticky":false,"template":"","format":"standard","meta":{"_acf_changed":false,"footnotes":""},"categories":[11643],"tags":[],"coauthors":[5579],"class_list":["post-385369","post","type-post","status-publish","format-standard","has-post-thumbnail","hentry","category-finances-etiques"],"acf":[],"yoast_head":"<!-- This site is optimized with the Yoast SEO plugin v26.9 - https:\/\/yoast.com\/product\/yoast-seo-wordpress\/ -->\n<title>L\u2019Energia que transforma comunitats - Fiare Banca Etica<\/title>\n<meta name=\"robots\" content=\"index, follow, max-snippet:-1, max-image-preview:large, max-video-preview:-1\" \/>\n<link rel=\"canonical\" href=\"https:\/\/www.fiarebancaetica.coop\/ca\/lenergia-que-transforma-comunitats\/\" \/>\n<meta property=\"og:locale\" content=\"ca_ES\" \/>\n<meta property=\"og:type\" content=\"article\" \/>\n<meta property=\"og:title\" content=\"L\u2019Energia que transforma comunitats - Fiare Banca Etica\" \/>\n<meta property=\"og:url\" content=\"https:\/\/www.fiarebancaetica.coop\/ca\/lenergia-que-transforma-comunitats\/\" \/>\n<meta property=\"og:site_name\" content=\"Fiare Banca Etica\" \/>\n<meta property=\"article:published_time\" content=\"2025-04-22T12:46:08+00:00\" \/>\n<meta property=\"article:modified_time\" content=\"2025-04-22T12:46:10+00:00\" \/>\n<meta property=\"og:image\" content=\"https:\/\/www.fiarebancaetica.coop\/app\/uploads\/sites\/2\/2025\/04\/Sin-titulo-1024-x-400-px-2.png\" \/>\n\t<meta property=\"og:image:width\" content=\"1024\" \/>\n\t<meta property=\"og:image:height\" content=\"400\" \/>\n\t<meta property=\"og:image:type\" content=\"image\/png\" \/>\n<meta name=\"author\" content=\"clara\" \/>\n<meta name=\"twitter:card\" content=\"summary_large_image\" \/>\n<script type=\"application\/ld+json\" class=\"yoast-schema-graph\">{\"@context\":\"https:\/\/schema.org\",\"@graph\":[{\"@type\":\"Article\",\"@id\":\"https:\/\/www.fiarebancaetica.coop\/ca\/lenergia-que-transforma-comunitats\/#article\",\"isPartOf\":{\"@id\":\"https:\/\/www.fiarebancaetica.coop\/ca\/lenergia-que-transforma-comunitats\/\"},\"author\":{\"name\":\"clara\",\"@id\":\"https:\/\/www.fiarebancaetica.coop\/ca\/#\/schema\/person\/5b96261107d1cc0141f68d1a780b4ed7\"},\"headline\":\"L\u2019Energia que transforma comunitats\",\"datePublished\":\"2025-04-22T12:46:08+00:00\",\"dateModified\":\"2025-04-22T12:46:10+00:00\",\"mainEntityOfPage\":{\"@id\":\"https:\/\/www.fiarebancaetica.coop\/ca\/lenergia-que-transforma-comunitats\/\"},\"wordCount\":408,\"image\":{\"@id\":\"https:\/\/www.fiarebancaetica.coop\/ca\/lenergia-que-transforma-comunitats\/#primaryimage\"},\"thumbnailUrl\":\"https:\/\/www.fiarebancaetica.coop\/app\/uploads\/sites\/2\/2025\/04\/Sin-titulo-1024-x-400-px-2.png\",\"articleSection\":[\"Finances \u00e8tiques\"],\"inLanguage\":\"ca\"},{\"@type\":\"WebPage\",\"@id\":\"https:\/\/www.fiarebancaetica.coop\/ca\/lenergia-que-transforma-comunitats\/\",\"url\":\"https:\/\/www.fiarebancaetica.coop\/ca\/lenergia-que-transforma-comunitats\/\",\"name\":\"L\u2019Energia que transforma comunitats - Fiare Banca Etica\",\"isPartOf\":{\"@id\":\"https:\/\/www.fiarebancaetica.coop\/ca\/#website\"},\"primaryImageOfPage\":{\"@id\":\"https:\/\/www.fiarebancaetica.coop\/ca\/lenergia-que-transforma-comunitats\/#primaryimage\"},\"image\":{\"@id\":\"https:\/\/www.fiarebancaetica.coop\/ca\/lenergia-que-transforma-comunitats\/#primaryimage\"},\"thumbnailUrl\":\"https:\/\/www.fiarebancaetica.coop\/app\/uploads\/sites\/2\/2025\/04\/Sin-titulo-1024-x-400-px-2.png\",\"datePublished\":\"2025-04-22T12:46:08+00:00\",\"dateModified\":\"2025-04-22T12:46:10+00:00\",\"author\":{\"@id\":\"https:\/\/www.fiarebancaetica.coop\/ca\/#\/schema\/person\/5b96261107d1cc0141f68d1a780b4ed7\"},\"breadcrumb\":{\"@id\":\"https:\/\/www.fiarebancaetica.coop\/ca\/lenergia-que-transforma-comunitats\/#breadcrumb\"},\"inLanguage\":\"ca\",\"potentialAction\":[{\"@type\":\"ReadAction\",\"target\":[\"https:\/\/www.fiarebancaetica.coop\/ca\/lenergia-que-transforma-comunitats\/\"]}]},{\"@type\":\"ImageObject\",\"inLanguage\":\"ca\",\"@id\":\"https:\/\/www.fiarebancaetica.coop\/ca\/lenergia-que-transforma-comunitats\/#primaryimage\",\"url\":\"https:\/\/www.fiarebancaetica.coop\/app\/uploads\/sites\/2\/2025\/04\/Sin-titulo-1024-x-400-px-2.png\",\"contentUrl\":\"https:\/\/www.fiarebancaetica.coop\/app\/uploads\/sites\/2\/2025\/04\/Sin-titulo-1024-x-400-px-2.png\",\"width\":1024,\"height\":400},{\"@type\":\"BreadcrumbList\",\"@id\":\"https:\/\/www.fiarebancaetica.coop\/ca\/lenergia-que-transforma-comunitats\/#breadcrumb\",\"itemListElement\":[{\"@type\":\"ListItem\",\"position\":1,\"name\":\"Home\",\"item\":\"https:\/\/www.fiarebancaetica.coop\/ca\/\"},{\"@type\":\"ListItem\",\"position\":2,\"name\":\"L\u2019Energia que transforma comunitats\"}]},{\"@type\":\"WebSite\",\"@id\":\"https:\/\/www.fiarebancaetica.coop\/ca\/#website\",\"url\":\"https:\/\/www.fiarebancaetica.coop\/ca\/\",\"name\":\"Fiare Banca Etica\",\"description\":\"\",\"potentialAction\":[{\"@type\":\"SearchAction\",\"target\":{\"@type\":\"EntryPoint\",\"urlTemplate\":\"https:\/\/www.fiarebancaetica.coop\/ca\/?s={search_term_string}\"},\"query-input\":{\"@type\":\"PropertyValueSpecification\",\"valueRequired\":true,\"valueName\":\"search_term_string\"}}],\"inLanguage\":\"ca\"},{\"@type\":\"Person\",\"@id\":\"https:\/\/www.fiarebancaetica.coop\/ca\/#\/schema\/person\/5b96261107d1cc0141f68d1a780b4ed7\",\"name\":\"clara\",\"image\":{\"@type\":\"ImageObject\",\"inLanguage\":\"ca\",\"@id\":\"https:\/\/www.fiarebancaetica.coop\/ca\/#\/schema\/person\/image\/87a072d868c9be98a56db488836f4132\",\"url\":\"https:\/\/secure.gravatar.com\/avatar\/267db4d1eb94caf852df949ed721a52f76c9fbf9c14c602801e01f0ab306c22b?s=96&d=mm&r=g\",\"contentUrl\":\"https:\/\/secure.gravatar.com\/avatar\/267db4d1eb94caf852df949ed721a52f76c9fbf9c14c602801e01f0ab306c22b?s=96&d=mm&r=g\",\"caption\":\"clara\"}}]}<\/script>\n<!-- \/ Yoast SEO plugin. -->","yoast_head_json":{"title":"L\u2019Energia que transforma comunitats - Fiare Banca Etica","robots":{"index":"index","follow":"follow","max-snippet":"max-snippet:-1","max-image-preview":"max-image-preview:large","max-video-preview":"max-video-preview:-1"},"canonical":"https:\/\/www.fiarebancaetica.coop\/ca\/lenergia-que-transforma-comunitats\/","og_locale":"ca_ES","og_type":"article","og_title":"L\u2019Energia que transforma comunitats - Fiare Banca Etica","og_url":"https:\/\/www.fiarebancaetica.coop\/ca\/lenergia-que-transforma-comunitats\/","og_site_name":"Fiare Banca Etica","article_published_time":"2025-04-22T12:46:08+00:00","article_modified_time":"2025-04-22T12:46:10+00:00","og_image":[{"width":1024,"height":400,"url":"https:\/\/www.fiarebancaetica.coop\/app\/uploads\/sites\/2\/2025\/04\/Sin-titulo-1024-x-400-px-2.png","type":"image\/png"}],"author":"clara","twitter_card":"summary_large_image","schema":{"@context":"https:\/\/schema.org","@graph":[{"@type":"Article","@id":"https:\/\/www.fiarebancaetica.coop\/ca\/lenergia-que-transforma-comunitats\/#article","isPartOf":{"@id":"https:\/\/www.fiarebancaetica.coop\/ca\/lenergia-que-transforma-comunitats\/"},"author":{"name":"clara","@id":"https:\/\/www.fiarebancaetica.coop\/ca\/#\/schema\/person\/5b96261107d1cc0141f68d1a780b4ed7"},"headline":"L\u2019Energia que transforma comunitats","datePublished":"2025-04-22T12:46:08+00:00","dateModified":"2025-04-22T12:46:10+00:00","mainEntityOfPage":{"@id":"https:\/\/www.fiarebancaetica.coop\/ca\/lenergia-que-transforma-comunitats\/"},"wordCount":408,"image":{"@id":"https:\/\/www.fiarebancaetica.coop\/ca\/lenergia-que-transforma-comunitats\/#primaryimage"},"thumbnailUrl":"https:\/\/www.fiarebancaetica.coop\/app\/uploads\/sites\/2\/2025\/04\/Sin-titulo-1024-x-400-px-2.png","articleSection":["Finances \u00e8tiques"],"inLanguage":"ca"},{"@type":"WebPage","@id":"https:\/\/www.fiarebancaetica.coop\/ca\/lenergia-que-transforma-comunitats\/","url":"https:\/\/www.fiarebancaetica.coop\/ca\/lenergia-que-transforma-comunitats\/","name":"L\u2019Energia que transforma comunitats - Fiare Banca Etica","isPartOf":{"@id":"https:\/\/www.fiarebancaetica.coop\/ca\/#website"},"primaryImageOfPage":{"@id":"https:\/\/www.fiarebancaetica.coop\/ca\/lenergia-que-transforma-comunitats\/#primaryimage"},"image":{"@id":"https:\/\/www.fiarebancaetica.coop\/ca\/lenergia-que-transforma-comunitats\/#primaryimage"},"thumbnailUrl":"https:\/\/www.fiarebancaetica.coop\/app\/uploads\/sites\/2\/2025\/04\/Sin-titulo-1024-x-400-px-2.png","datePublished":"2025-04-22T12:46:08+00:00","dateModified":"2025-04-22T12:46:10+00:00","author":{"@id":"https:\/\/www.fiarebancaetica.coop\/ca\/#\/schema\/person\/5b96261107d1cc0141f68d1a780b4ed7"},"breadcrumb":{"@id":"https:\/\/www.fiarebancaetica.coop\/ca\/lenergia-que-transforma-comunitats\/#breadcrumb"},"inLanguage":"ca","potentialAction":[{"@type":"ReadAction","target":["https:\/\/www.fiarebancaetica.coop\/ca\/lenergia-que-transforma-comunitats\/"]}]},{"@type":"ImageObject","inLanguage":"ca","@id":"https:\/\/www.fiarebancaetica.coop\/ca\/lenergia-que-transforma-comunitats\/#primaryimage","url":"https:\/\/www.fiarebancaetica.coop\/app\/uploads\/sites\/2\/2025\/04\/Sin-titulo-1024-x-400-px-2.png","contentUrl":"https:\/\/www.fiarebancaetica.coop\/app\/uploads\/sites\/2\/2025\/04\/Sin-titulo-1024-x-400-px-2.png","width":1024,"height":400},{"@type":"BreadcrumbList","@id":"https:\/\/www.fiarebancaetica.coop\/ca\/lenergia-que-transforma-comunitats\/#breadcrumb","itemListElement":[{"@type":"ListItem","position":1,"name":"Home","item":"https:\/\/www.fiarebancaetica.coop\/ca\/"},{"@type":"ListItem","position":2,"name":"L\u2019Energia que transforma comunitats"}]},{"@type":"WebSite","@id":"https:\/\/www.fiarebancaetica.coop\/ca\/#website","url":"https:\/\/www.fiarebancaetica.coop\/ca\/","name":"Fiare Banca Etica","description":"","potentialAction":[{"@type":"SearchAction","target":{"@type":"EntryPoint","urlTemplate":"https:\/\/www.fiarebancaetica.coop\/ca\/?s={search_term_string}"},"query-input":{"@type":"PropertyValueSpecification","valueRequired":true,"valueName":"search_term_string"}}],"inLanguage":"ca"},{"@type":"Person","@id":"https:\/\/www.fiarebancaetica.coop\/ca\/#\/schema\/person\/5b96261107d1cc0141f68d1a780b4ed7","name":"clara","image":{"@type":"ImageObject","inLanguage":"ca","@id":"https:\/\/www.fiarebancaetica.coop\/ca\/#\/schema\/person\/image\/87a072d868c9be98a56db488836f4132","url":"https:\/\/secure.gravatar.com\/avatar\/267db4d1eb94caf852df949ed721a52f76c9fbf9c14c602801e01f0ab306c22b?s=96&d=mm&r=g","contentUrl":"https:\/\/secure.gravatar.com\/avatar\/267db4d1eb94caf852df949ed721a52f76c9fbf9c14c602801e01f0ab306c22b?s=96&d=mm&r=g","caption":"clara"}}]}},"_links":{"self":[{"href":"https:\/\/www.fiarebancaetica.coop\/ca\/wp-json\/wp\/v2\/posts\/385369","targetHints":{"allow":["GET"]}}],"collection":[{"href":"https:\/\/www.fiarebancaetica.coop\/ca\/wp-json\/wp\/v2\/posts"}],"about":[{"href":"https:\/\/www.fiarebancaetica.coop\/ca\/wp-json\/wp\/v2\/types\/post"}],"author":[{"embeddable":true,"href":"https:\/\/www.fiarebancaetica.coop\/ca\/wp-json\/wp\/v2\/users\/1774"}],"replies":[{"embeddable":true,"href":"https:\/\/www.fiarebancaetica.coop\/ca\/wp-json\/wp\/v2\/comments?post=385369"}],"version-history":[{"count":1,"href":"https:\/\/www.fiarebancaetica.coop\/ca\/wp-json\/wp\/v2\/posts\/385369\/revisions"}],"predecessor-version":[{"id":385370,"href":"https:\/\/www.fiarebancaetica.coop\/ca\/wp-json\/wp\/v2\/posts\/385369\/revisions\/385370"}],"wp:featuredmedia":[{"embeddable":true,"href":"https:\/\/www.fiarebancaetica.coop\/ca\/wp-json\/wp\/v2\/media\/385365"}],"wp:attachment":[{"href":"https:\/\/www.fiarebancaetica.coop\/ca\/wp-json\/wp\/v2\/media?parent=385369"}],"wp:term":[{"taxonomy":"category","embeddable":true,"href":"https:\/\/www.fiarebancaetica.coop\/ca\/wp-json\/wp\/v2\/categories?post=385369"},{"taxonomy":"post_tag","embeddable":true,"href":"https:\/\/www.fiarebancaetica.coop\/ca\/wp-json\/wp\/v2\/tags?post=385369"},{"taxonomy":"author","embeddable":true,"href":"https:\/\/www.fiarebancaetica.coop\/ca\/wp-json\/wp\/v2\/coauthors?post=385369"}],"curies":[{"name":"wp","href":"https:\/\/api.w.org\/{rel}","templated":true}]}}