{"id":385398,"date":"2025-04-25T11:58:36","date_gmt":"2025-04-25T09:58:36","guid":{"rendered":"https:\/\/www.fiarebancaetica.coop\/?p=385398"},"modified":"2025-04-25T11:59:37","modified_gmt":"2025-04-25T09:59:37","slug":"correr-per-la-dignitat-la-cursa-que-desafia-el-racisme-a-barcelona","status":"publish","type":"post","link":"https:\/\/www.fiarebancaetica.coop\/ca\/correr-per-la-dignitat-la-cursa-que-desafia-el-racisme-a-barcelona\/","title":{"rendered":"C\u00f3rrer per la dignitat: la cursa que desafia el racisme a Barcelona"},"content":{"rendered":"\n\n<div class=\"wp-block-bancaetica-blocks-blocks-block-49\">\n    <div class=\"container-block-49\">\n\n        <div class=\"header-section \">\n                            <h1 class=\"section-title\"> C\u00f3rrer per la dignitat: la cursa que desafia el racisme a Barcelona <\/h1>\n                                        <p class=\"section-content\"> C\u00f3rrer per la dignitat: la cursa que desafia el racisme a Barcelona <\/p>\n                                <\/div>\n\n        \n        <div class=\"block-background\" style=\"background-image: url('https:\/\/www.fiarebancaetica.coop\/app\/uploads\/sites\/2\/2025\/04\/1003742646035_14366275_1706x640.webp')\">\n                            <div class=\"tile\">\n                    <h1 class=\"image-title\"> C\u00f3rrer per la dignitat: la cursa que desafia el racisme a Barcelona <\/h1>\n                <\/div>             <!-- end .tile -->\n            <div class=\"bottom-content\">\n                            <\/div> <!-- end .button-content -->\n        <\/div> <!-- end .block-background -->\n    <\/div> <!-- end .container -->\n<\/div> <!-- end wp-block-bancaetica-blocks-blocks-block-06 -->\n\n\n<div class=\"wrapper-crispybacon-class wrapper-crispybacon-class-wide \">\n    \n\n<p>El pr\u00f2xim <strong>1 de juny de 2025<\/strong>, Barcelona <strong>acollir\u00e0 la primera Cursa Antiracista <\/strong>organitzada pel Sindicat Popular de Venedors Ambulants, conegut com a <strong>Top Manta,<\/strong> en col\u00b7laboraci\u00f3 amb m\u00e9s de 70 col\u00b7lectius socials i amb el suport de Fiare Banca Etica. Aquest esdeveniment, que recorrer\u00e0 cinc quil\u00f2metres pel barri de Sants, busca denunciar l\u2019augment del racisme i els discursos d\u2019odi a la societat actual.<\/p>\n\n\n\n<div style=\"height:15px\" aria-hidden=\"true\" class=\"wp-block-spacer\"><\/div>\n\n\n\n<h6 class=\"wp-block-heading\"><strong>Una cursa amb profund simbolisme<\/strong><\/h6>\n\n\n\n<div style=\"height:15px\" aria-hidden=\"true\" class=\"wp-block-spacer\"><\/div>\n\n\n\n<p>La cursa no \u00e9s nom\u00e9s un esdeveniment esportiu, sin\u00f3 tamb\u00e9 un <strong>acte de protesta i visibilitzaci\u00f3<\/strong>. Aziz Faye, portaveu de Top Manta, ha expressat que la iniciativa representa una mobilitzaci\u00f3 hist\u00f2rica contra el <strong>racisme i el discurs d\u2019odi<\/strong>. L\u2019elecci\u00f3 d\u2019una cursa com a forma de protesta t\u00e9 un profund simbolisme per als manters, que sovint han de c\u00f3rrer per evitar la persecuci\u00f3 policial mentre intenten guanyar-se la vida amb la venda ambulant.<\/p>\n\n\n\n<div style=\"height:21px\" aria-hidden=\"true\" class=\"wp-block-spacer\"><\/div>\n\n\n\n<h6 class=\"wp-block-heading\"><strong>M\u00e9s que una cursa: una causa<\/strong><\/h6>\n\n\n\n<div style=\"height:13px\" aria-hidden=\"true\" class=\"wp-block-spacer\"><\/div>\n\n\n\n<p>Els fons recaptats a trav\u00e9s de les inscripcions, que tenen un cost de 20 euros, es destinaran a donar suport a persones migrants en situaci\u00f3 irregular. A m\u00e9s, s\u2019ha llan\u00e7at la col\u00b7lecci\u00f3 esportiva Agua Running Club, un nom que fa refer\u00e8ncia a l\u2019av\u00eds utilitzat pels manters davant la pres\u00e8ncia policial. La col\u00b7lecci\u00f3 inclou samarretes, m\u00e0nigues i adhesius de vinil, i la seva venda contribuir\u00e0 a finan\u00e7ar la causa.<\/p>\n\n\n\n<div style=\"height:24px\" aria-hidden=\"true\" class=\"wp-block-spacer\"><\/div>\n\n\n\n<p>Aquest esdeveniment representa un pas significatiu en la lluita contra el racisme i la discriminaci\u00f3, i \u00e9s un exemple de com la <strong>comunitat pot unir-se per promoure la inclusi\u00f3 i la just\u00edcia social.<\/strong><\/p>\n\n\n\n<div style=\"height:24px\" aria-hidden=\"true\" class=\"wp-block-spacer\"><\/div>\n\n\n\n<figure class=\"wp-block-image size-large\"><img loading=\"lazy\" decoding=\"async\" width=\"1024\" height=\"449\" src=\"https:\/\/www.fiarebancaetica.coop\/app\/uploads\/sites\/2\/2025\/04\/SponsorsFiare-2-1024x449.png\" alt=\"\" class=\"wp-image-385399\" srcset=\"https:\/\/www.fiarebancaetica.coop\/app\/uploads\/sites\/2\/2025\/04\/SponsorsFiare-2-1024x449.png 1024w, https:\/\/www.fiarebancaetica.coop\/app\/uploads\/sites\/2\/2025\/04\/SponsorsFiare-2-300x132.png 300w, https:\/\/www.fiarebancaetica.coop\/app\/uploads\/sites\/2\/2025\/04\/SponsorsFiare-2-768x337.png 768w, https:\/\/www.fiarebancaetica.coop\/app\/uploads\/sites\/2\/2025\/04\/SponsorsFiare-2-1536x673.png 1536w, https:\/\/www.fiarebancaetica.coop\/app\/uploads\/sites\/2\/2025\/04\/SponsorsFiare-2-2048x898.png 2048w\" sizes=\"auto, (max-width: 1024px) 100vw, 1024px\" \/><\/figure>\n\n\n\n<div style=\"height:51px\" aria-hidden=\"true\" class=\"wp-block-spacer\"><\/div>\n\n\n<\/div>","protected":false},"excerpt":{"rendered":"","protected":false},"author":1774,"featured_media":385385,"comment_status":"closed","ping_status":"closed","sticky":false,"template":"","format":"standard","meta":{"_acf_changed":false,"footnotes":""},"categories":[11643],"tags":[],"coauthors":[5579],"class_list":["post-385398","post","type-post","status-publish","format-standard","has-post-thumbnail","hentry","category-finances-etiques"],"acf":[],"yoast_head":"<!-- This site is optimized with the Yoast SEO plugin v26.9 - https:\/\/yoast.com\/product\/yoast-seo-wordpress\/ -->\n<title>C\u00f3rrer per la dignitat: la cursa que desafia el racisme a Barcelona - Fiare Banca Etica<\/title>\n<meta name=\"robots\" content=\"index, follow, max-snippet:-1, max-image-preview:large, max-video-preview:-1\" \/>\n<link rel=\"canonical\" href=\"https:\/\/www.fiarebancaetica.coop\/ca\/correr-per-la-dignitat-la-cursa-que-desafia-el-racisme-a-barcelona\/\" \/>\n<meta property=\"og:locale\" content=\"ca_ES\" \/>\n<meta property=\"og:type\" content=\"article\" \/>\n<meta property=\"og:title\" content=\"C\u00f3rrer per la dignitat: la cursa que desafia el racisme a Barcelona - Fiare Banca Etica\" \/>\n<meta property=\"og:url\" content=\"https:\/\/www.fiarebancaetica.coop\/ca\/correr-per-la-dignitat-la-cursa-que-desafia-el-racisme-a-barcelona\/\" \/>\n<meta property=\"og:site_name\" content=\"Fiare Banca Etica\" \/>\n<meta property=\"article:published_time\" content=\"2025-04-25T09:58:36+00:00\" \/>\n<meta property=\"article:modified_time\" content=\"2025-04-25T09:59:37+00:00\" \/>\n<meta property=\"og:image\" content=\"https:\/\/www.fiarebancaetica.coop\/app\/uploads\/sites\/2\/2025\/04\/1003742646035_14366275_1706x640.webp\" \/>\n\t<meta property=\"og:image:width\" content=\"1706\" \/>\n\t<meta property=\"og:image:height\" content=\"640\" \/>\n\t<meta property=\"og:image:type\" content=\"image\/webp\" \/>\n<meta name=\"author\" content=\"clara\" \/>\n<meta name=\"twitter:card\" content=\"summary_large_image\" \/>\n<script type=\"application\/ld+json\" class=\"yoast-schema-graph\">{\"@context\":\"https:\/\/schema.org\",\"@graph\":[{\"@type\":\"Article\",\"@id\":\"https:\/\/www.fiarebancaetica.coop\/ca\/correr-per-la-dignitat-la-cursa-que-desafia-el-racisme-a-barcelona\/#article\",\"isPartOf\":{\"@id\":\"https:\/\/www.fiarebancaetica.coop\/ca\/correr-per-la-dignitat-la-cursa-que-desafia-el-racisme-a-barcelona\/\"},\"author\":{\"name\":\"clara\",\"@id\":\"https:\/\/www.fiarebancaetica.coop\/ca\/#\/schema\/person\/5b96261107d1cc0141f68d1a780b4ed7\"},\"headline\":\"C\u00f3rrer per la dignitat: la cursa que desafia el racisme a Barcelona\",\"datePublished\":\"2025-04-25T09:58:36+00:00\",\"dateModified\":\"2025-04-25T09:59:37+00:00\",\"mainEntityOfPage\":{\"@id\":\"https:\/\/www.fiarebancaetica.coop\/ca\/correr-per-la-dignitat-la-cursa-que-desafia-el-racisme-a-barcelona\/\"},\"wordCount\":284,\"image\":{\"@id\":\"https:\/\/www.fiarebancaetica.coop\/ca\/correr-per-la-dignitat-la-cursa-que-desafia-el-racisme-a-barcelona\/#primaryimage\"},\"thumbnailUrl\":\"https:\/\/www.fiarebancaetica.coop\/app\/uploads\/sites\/2\/2025\/04\/1003742646035_14366275_1706x640.webp\",\"articleSection\":[\"Finances \u00e8tiques\"],\"inLanguage\":\"ca\"},{\"@type\":\"WebPage\",\"@id\":\"https:\/\/www.fiarebancaetica.coop\/ca\/correr-per-la-dignitat-la-cursa-que-desafia-el-racisme-a-barcelona\/\",\"url\":\"https:\/\/www.fiarebancaetica.coop\/ca\/correr-per-la-dignitat-la-cursa-que-desafia-el-racisme-a-barcelona\/\",\"name\":\"C\u00f3rrer per la dignitat: la cursa que desafia el racisme a Barcelona - Fiare Banca Etica\",\"isPartOf\":{\"@id\":\"https:\/\/www.fiarebancaetica.coop\/ca\/#website\"},\"primaryImageOfPage\":{\"@id\":\"https:\/\/www.fiarebancaetica.coop\/ca\/correr-per-la-dignitat-la-cursa-que-desafia-el-racisme-a-barcelona\/#primaryimage\"},\"image\":{\"@id\":\"https:\/\/www.fiarebancaetica.coop\/ca\/correr-per-la-dignitat-la-cursa-que-desafia-el-racisme-a-barcelona\/#primaryimage\"},\"thumbnailUrl\":\"https:\/\/www.fiarebancaetica.coop\/app\/uploads\/sites\/2\/2025\/04\/1003742646035_14366275_1706x640.webp\",\"datePublished\":\"2025-04-25T09:58:36+00:00\",\"dateModified\":\"2025-04-25T09:59:37+00:00\",\"author\":{\"@id\":\"https:\/\/www.fiarebancaetica.coop\/ca\/#\/schema\/person\/5b96261107d1cc0141f68d1a780b4ed7\"},\"breadcrumb\":{\"@id\":\"https:\/\/www.fiarebancaetica.coop\/ca\/correr-per-la-dignitat-la-cursa-que-desafia-el-racisme-a-barcelona\/#breadcrumb\"},\"inLanguage\":\"ca\",\"potentialAction\":[{\"@type\":\"ReadAction\",\"target\":[\"https:\/\/www.fiarebancaetica.coop\/ca\/correr-per-la-dignitat-la-cursa-que-desafia-el-racisme-a-barcelona\/\"]}]},{\"@type\":\"ImageObject\",\"inLanguage\":\"ca\",\"@id\":\"https:\/\/www.fiarebancaetica.coop\/ca\/correr-per-la-dignitat-la-cursa-que-desafia-el-racisme-a-barcelona\/#primaryimage\",\"url\":\"https:\/\/www.fiarebancaetica.coop\/app\/uploads\/sites\/2\/2025\/04\/1003742646035_14366275_1706x640.webp\",\"contentUrl\":\"https:\/\/www.fiarebancaetica.coop\/app\/uploads\/sites\/2\/2025\/04\/1003742646035_14366275_1706x640.webp\",\"width\":1706,\"height\":640},{\"@type\":\"BreadcrumbList\",\"@id\":\"https:\/\/www.fiarebancaetica.coop\/ca\/correr-per-la-dignitat-la-cursa-que-desafia-el-racisme-a-barcelona\/#breadcrumb\",\"itemListElement\":[{\"@type\":\"ListItem\",\"position\":1,\"name\":\"Home\",\"item\":\"https:\/\/www.fiarebancaetica.coop\/ca\/\"},{\"@type\":\"ListItem\",\"position\":2,\"name\":\"C\u00f3rrer per la dignitat: la cursa que desafia el racisme a Barcelona\"}]},{\"@type\":\"WebSite\",\"@id\":\"https:\/\/www.fiarebancaetica.coop\/ca\/#website\",\"url\":\"https:\/\/www.fiarebancaetica.coop\/ca\/\",\"name\":\"Fiare Banca Etica\",\"description\":\"\",\"potentialAction\":[{\"@type\":\"SearchAction\",\"target\":{\"@type\":\"EntryPoint\",\"urlTemplate\":\"https:\/\/www.fiarebancaetica.coop\/ca\/?s={search_term_string}\"},\"query-input\":{\"@type\":\"PropertyValueSpecification\",\"valueRequired\":true,\"valueName\":\"search_term_string\"}}],\"inLanguage\":\"ca\"},{\"@type\":\"Person\",\"@id\":\"https:\/\/www.fiarebancaetica.coop\/ca\/#\/schema\/person\/5b96261107d1cc0141f68d1a780b4ed7\",\"name\":\"clara\",\"image\":{\"@type\":\"ImageObject\",\"inLanguage\":\"ca\",\"@id\":\"https:\/\/www.fiarebancaetica.coop\/ca\/#\/schema\/person\/image\/87a072d868c9be98a56db488836f4132\",\"url\":\"https:\/\/secure.gravatar.com\/avatar\/267db4d1eb94caf852df949ed721a52f76c9fbf9c14c602801e01f0ab306c22b?s=96&d=mm&r=g\",\"contentUrl\":\"https:\/\/secure.gravatar.com\/avatar\/267db4d1eb94caf852df949ed721a52f76c9fbf9c14c602801e01f0ab306c22b?s=96&d=mm&r=g\",\"caption\":\"clara\"}}]}<\/script>\n<!-- \/ Yoast SEO plugin. -->","yoast_head_json":{"title":"C\u00f3rrer per la dignitat: la cursa que desafia el racisme a Barcelona - Fiare Banca Etica","robots":{"index":"index","follow":"follow","max-snippet":"max-snippet:-1","max-image-preview":"max-image-preview:large","max-video-preview":"max-video-preview:-1"},"canonical":"https:\/\/www.fiarebancaetica.coop\/ca\/correr-per-la-dignitat-la-cursa-que-desafia-el-racisme-a-barcelona\/","og_locale":"ca_ES","og_type":"article","og_title":"C\u00f3rrer per la dignitat: la cursa que desafia el racisme a Barcelona - Fiare Banca Etica","og_url":"https:\/\/www.fiarebancaetica.coop\/ca\/correr-per-la-dignitat-la-cursa-que-desafia-el-racisme-a-barcelona\/","og_site_name":"Fiare Banca Etica","article_published_time":"2025-04-25T09:58:36+00:00","article_modified_time":"2025-04-25T09:59:37+00:00","og_image":[{"width":1706,"height":640,"url":"https:\/\/www.fiarebancaetica.coop\/app\/uploads\/sites\/2\/2025\/04\/1003742646035_14366275_1706x640.webp","type":"image\/webp"}],"author":"clara","twitter_card":"summary_large_image","schema":{"@context":"https:\/\/schema.org","@graph":[{"@type":"Article","@id":"https:\/\/www.fiarebancaetica.coop\/ca\/correr-per-la-dignitat-la-cursa-que-desafia-el-racisme-a-barcelona\/#article","isPartOf":{"@id":"https:\/\/www.fiarebancaetica.coop\/ca\/correr-per-la-dignitat-la-cursa-que-desafia-el-racisme-a-barcelona\/"},"author":{"name":"clara","@id":"https:\/\/www.fiarebancaetica.coop\/ca\/#\/schema\/person\/5b96261107d1cc0141f68d1a780b4ed7"},"headline":"C\u00f3rrer per la dignitat: la cursa que desafia el racisme a Barcelona","datePublished":"2025-04-25T09:58:36+00:00","dateModified":"2025-04-25T09:59:37+00:00","mainEntityOfPage":{"@id":"https:\/\/www.fiarebancaetica.coop\/ca\/correr-per-la-dignitat-la-cursa-que-desafia-el-racisme-a-barcelona\/"},"wordCount":284,"image":{"@id":"https:\/\/www.fiarebancaetica.coop\/ca\/correr-per-la-dignitat-la-cursa-que-desafia-el-racisme-a-barcelona\/#primaryimage"},"thumbnailUrl":"https:\/\/www.fiarebancaetica.coop\/app\/uploads\/sites\/2\/2025\/04\/1003742646035_14366275_1706x640.webp","articleSection":["Finances \u00e8tiques"],"inLanguage":"ca"},{"@type":"WebPage","@id":"https:\/\/www.fiarebancaetica.coop\/ca\/correr-per-la-dignitat-la-cursa-que-desafia-el-racisme-a-barcelona\/","url":"https:\/\/www.fiarebancaetica.coop\/ca\/correr-per-la-dignitat-la-cursa-que-desafia-el-racisme-a-barcelona\/","name":"C\u00f3rrer per la dignitat: la cursa que desafia el racisme a Barcelona - Fiare Banca Etica","isPartOf":{"@id":"https:\/\/www.fiarebancaetica.coop\/ca\/#website"},"primaryImageOfPage":{"@id":"https:\/\/www.fiarebancaetica.coop\/ca\/correr-per-la-dignitat-la-cursa-que-desafia-el-racisme-a-barcelona\/#primaryimage"},"image":{"@id":"https:\/\/www.fiarebancaetica.coop\/ca\/correr-per-la-dignitat-la-cursa-que-desafia-el-racisme-a-barcelona\/#primaryimage"},"thumbnailUrl":"https:\/\/www.fiarebancaetica.coop\/app\/uploads\/sites\/2\/2025\/04\/1003742646035_14366275_1706x640.webp","datePublished":"2025-04-25T09:58:36+00:00","dateModified":"2025-04-25T09:59:37+00:00","author":{"@id":"https:\/\/www.fiarebancaetica.coop\/ca\/#\/schema\/person\/5b96261107d1cc0141f68d1a780b4ed7"},"breadcrumb":{"@id":"https:\/\/www.fiarebancaetica.coop\/ca\/correr-per-la-dignitat-la-cursa-que-desafia-el-racisme-a-barcelona\/#breadcrumb"},"inLanguage":"ca","potentialAction":[{"@type":"ReadAction","target":["https:\/\/www.fiarebancaetica.coop\/ca\/correr-per-la-dignitat-la-cursa-que-desafia-el-racisme-a-barcelona\/"]}]},{"@type":"ImageObject","inLanguage":"ca","@id":"https:\/\/www.fiarebancaetica.coop\/ca\/correr-per-la-dignitat-la-cursa-que-desafia-el-racisme-a-barcelona\/#primaryimage","url":"https:\/\/www.fiarebancaetica.coop\/app\/uploads\/sites\/2\/2025\/04\/1003742646035_14366275_1706x640.webp","contentUrl":"https:\/\/www.fiarebancaetica.coop\/app\/uploads\/sites\/2\/2025\/04\/1003742646035_14366275_1706x640.webp","width":1706,"height":640},{"@type":"BreadcrumbList","@id":"https:\/\/www.fiarebancaetica.coop\/ca\/correr-per-la-dignitat-la-cursa-que-desafia-el-racisme-a-barcelona\/#breadcrumb","itemListElement":[{"@type":"ListItem","position":1,"name":"Home","item":"https:\/\/www.fiarebancaetica.coop\/ca\/"},{"@type":"ListItem","position":2,"name":"C\u00f3rrer per la dignitat: la cursa que desafia el racisme a Barcelona"}]},{"@type":"WebSite","@id":"https:\/\/www.fiarebancaetica.coop\/ca\/#website","url":"https:\/\/www.fiarebancaetica.coop\/ca\/","name":"Fiare Banca Etica","description":"","potentialAction":[{"@type":"SearchAction","target":{"@type":"EntryPoint","urlTemplate":"https:\/\/www.fiarebancaetica.coop\/ca\/?s={search_term_string}"},"query-input":{"@type":"PropertyValueSpecification","valueRequired":true,"valueName":"search_term_string"}}],"inLanguage":"ca"},{"@type":"Person","@id":"https:\/\/www.fiarebancaetica.coop\/ca\/#\/schema\/person\/5b96261107d1cc0141f68d1a780b4ed7","name":"clara","image":{"@type":"ImageObject","inLanguage":"ca","@id":"https:\/\/www.fiarebancaetica.coop\/ca\/#\/schema\/person\/image\/87a072d868c9be98a56db488836f4132","url":"https:\/\/secure.gravatar.com\/avatar\/267db4d1eb94caf852df949ed721a52f76c9fbf9c14c602801e01f0ab306c22b?s=96&d=mm&r=g","contentUrl":"https:\/\/secure.gravatar.com\/avatar\/267db4d1eb94caf852df949ed721a52f76c9fbf9c14c602801e01f0ab306c22b?s=96&d=mm&r=g","caption":"clara"}}]}},"_links":{"self":[{"href":"https:\/\/www.fiarebancaetica.coop\/ca\/wp-json\/wp\/v2\/posts\/385398","targetHints":{"allow":["GET"]}}],"collection":[{"href":"https:\/\/www.fiarebancaetica.coop\/ca\/wp-json\/wp\/v2\/posts"}],"about":[{"href":"https:\/\/www.fiarebancaetica.coop\/ca\/wp-json\/wp\/v2\/types\/post"}],"author":[{"embeddable":true,"href":"https:\/\/www.fiarebancaetica.coop\/ca\/wp-json\/wp\/v2\/users\/1774"}],"replies":[{"embeddable":true,"href":"https:\/\/www.fiarebancaetica.coop\/ca\/wp-json\/wp\/v2\/comments?post=385398"}],"version-history":[{"count":2,"href":"https:\/\/www.fiarebancaetica.coop\/ca\/wp-json\/wp\/v2\/posts\/385398\/revisions"}],"predecessor-version":[{"id":385404,"href":"https:\/\/www.fiarebancaetica.coop\/ca\/wp-json\/wp\/v2\/posts\/385398\/revisions\/385404"}],"wp:featuredmedia":[{"embeddable":true,"href":"https:\/\/www.fiarebancaetica.coop\/ca\/wp-json\/wp\/v2\/media\/385385"}],"wp:attachment":[{"href":"https:\/\/www.fiarebancaetica.coop\/ca\/wp-json\/wp\/v2\/media?parent=385398"}],"wp:term":[{"taxonomy":"category","embeddable":true,"href":"https:\/\/www.fiarebancaetica.coop\/ca\/wp-json\/wp\/v2\/categories?post=385398"},{"taxonomy":"post_tag","embeddable":true,"href":"https:\/\/www.fiarebancaetica.coop\/ca\/wp-json\/wp\/v2\/tags?post=385398"},{"taxonomy":"author","embeddable":true,"href":"https:\/\/www.fiarebancaetica.coop\/ca\/wp-json\/wp\/v2\/coauthors?post=385398"}],"curies":[{"name":"wp","href":"https:\/\/api.w.org\/{rel}","templated":true}]}}