{"id":386965,"date":"2025-06-13T14:28:13","date_gmt":"2025-06-13T12:28:13","guid":{"rendered":"https:\/\/www.fiarebancaetica.coop\/?p=386965"},"modified":"2025-06-26T12:10:01","modified_gmt":"2025-06-26T10:10:01","slug":"el-bei-es-reuneix-amb-les-xarxes-internacionals-de-financament-etic","status":"publish","type":"post","link":"https:\/\/www.fiarebancaetica.coop\/ca\/el-bei-es-reuneix-amb-les-xarxes-internacionals-de-financament-etic\/","title":{"rendered":"El BEI es reuneix amb les xarxes internacionals de finan\u00e7ament \u00e8tic"},"content":{"rendered":"\n\n<div class=\"wp-block-bancaetica-blocks-blocks-block-49\">\n    <div class=\"container-block-49\">\n\n        <div class=\"header-section \">\n                            <h1 class=\"section-title\"> El BEI es reuneix amb les xarxes internacionals de finan\u00e7ament \u00e8tic <\/h1>\n                                        <p class=\"section-content\"> El BEI es reuneix amb les xarxes internacionals de finan\u00e7ament \u00e8tic <\/p>\n                                <\/div>\n\n        \n        <div class=\"block-background\" style=\"background-image: url('https:\/\/www.fiarebancaetica.coop\/app\/uploads\/sites\/2\/2025\/06\/fang-guo-R8SKm0saYu8-unsplash-1-scaled.jpg')\">\n                            <div class=\"tile\">\n                    <h1 class=\"image-title\"> El BEI es reuneix amb les xarxes internacionals de finan\u00e7ament \u00e8tic <\/h1>\n                <\/div>             <!-- end .tile -->\n            <div class=\"bottom-content\">\n                            <\/div> <!-- end .button-content -->\n        <\/div> <!-- end .block-background -->\n    <\/div> <!-- end .container -->\n<\/div> <!-- end wp-block-bancaetica-blocks-blocks-block-06 -->\n\n\n<div class=\"wrapper-crispybacon-class wrapper-crispybacon-class-wide \">\n    \n\n<p>Article escrit per Andrea Baranes<\/p>\n\n\n\n<div style=\"height:25px\" aria-hidden=\"true\" class=\"wp-block-spacer\"><\/div>\n\n\n\n<h2 class=\"wp-block-heading has-blue-color has-text-color has-link-color wp-elements-d057b9fdc97449d50b07666e123a4638\">El BEI es reuneix amb les xarxes internacionals de finan\u00e7ament \u00e8tic<\/h2>\n\n\n\n<p>El 5 de juny es va celebrar a Brussel\u00b7les la reuni\u00f3<strong><em> &#8220;Ethical banking for more social impact in Europe&#8221;<\/em><\/strong> organitzada pel Banc Europeu d&#8217;Inversions (BEI) en col\u00b7laboraci\u00f3 amb la Federaci\u00f3 Europea de Bancs \u00c8tics i Alternatius (Febea) i la xarxa mundial de bancs \u00e8tics Global Alliance For Banking On Values (GABV).<\/p>\n\n\n\n<div style=\"height:32px\" aria-hidden=\"true\" class=\"wp-block-spacer\"><\/div>\n\n\n\n<p>Treballar junts per l&#8217;economia social i el b\u00e9 com\u00fa: aquest \u00e9s el principal missatge que va sorgir de la jornada.<\/p>\n\n\n\n<div style=\"height:33px\" aria-hidden=\"true\" class=\"wp-block-spacer\"><\/div>\n\n\n\n<p>En les seves paraules inicials, la vicepresidenta del BEI, Gelsomina Vigliotti, va recordar que \u00e9s essencial treballar amb les finances \u00e8tiques per a fer realitat algunes de les prioritats de l&#8217;agenda europea: reptes socials, impulsar l&#8217;economia circular, fomentar la inclusi\u00f3 o la lluita contra el canvi clim\u00e0tic.<\/p>\n\n\n\n<div style=\"height:34px\" aria-hidden=\"true\" class=\"wp-block-spacer\"><\/div>\n\n\n\n<p>Durant les intervencions es va fer refer\u00e8ncia en reiterades ocasions a l&#8217;acord entre el BEI i Banca Etica que permetr\u00e0 concedir cr\u00e8dits per m\u00e9s de 165 milions d&#8217;euros a projectes i entitats que acostumen a quedar-se exclosos dels circuits financers, especialment dones, persones migrants o organitzacions del tercer sector.<\/p>\n\n\n\n<div style=\"height:30px\" aria-hidden=\"true\" class=\"wp-block-spacer\"><\/div>\n\n\n\n<p>Encara que la concessi\u00f3 de cr\u00e8dits \u00e9s la part fonamental d&#8217;aquest acord, els objectius van m\u00e9s enll\u00e0. Cal mesurar en termes d&#8217;inclusi\u00f3, creixement de compet\u00e8ncies, de creaci\u00f3 de comunitats i consolidaci\u00f3 de xarxes.<\/p>\n\n\n\n<div style=\"height:29px\" aria-hidden=\"true\" class=\"wp-block-spacer\"><\/div>\n\n\n\n<p>Com va explicar Raffaella De Felice, consellera d&#8217;administraci\u00f3 de Banca Etica, l&#8217;\u00e8xit del projecte resideix en l&#8217;acr\u00f2nim <strong><em>CIAO: Capacity building; Innovation; Accountability; Objectives and obstinacy.<\/em><\/strong> Demostrar la professionalitat i efici\u00e8ncia, establir objectius desafiadors i innovadors i informar amb transpar\u00e8ncia el que s&#8217;ha aconseguit.&nbsp;<\/p>\n\n\n\n<div style=\"height:28px\" aria-hidden=\"true\" class=\"wp-block-spacer\"><\/div>\n\n\n\n<p>Les institucions europees han expressat la seva ambici\u00f3 que aquest acord de col\u00b7laboraci\u00f3 entre Banca Etica i el BEI no sigui nom\u00e9s un acord excepcional. Sin\u00f3 que es prengui com a model per a impulsar que altres bancs membres de Febea i Gabv puguin establir aliances. Les finances \u00e8tiques no han de ser una alternativa residual sin\u00f3 una part fonamental del sistema econ\u00f2mic i financer.<\/p>\n\n\n\n<div style=\"height:28px\" aria-hidden=\"true\" class=\"wp-block-spacer\"><\/div>\n\n\n\n<p>Com es destaca en l&#8217;\u00faltim Informe sobre Finances \u00c8tiques a Europa, promogut per la Fundaci\u00f3 Finances \u00c8tiques, Fondazzione Finanza Etica i Febea, els bancs \u00e8tics concedeixen m\u00e9s cr\u00e8dit a l&#8217;economia real que la mitjana del sistema bancari. Per\u00f2 m\u00e9s enll\u00e0 dels n\u00fameros, donen cr\u00e8dit principalment a entitats que estan dins del circuit de l&#8217;economia social.&nbsp;<\/p>\n\n\n\n<div style=\"height:21px\" aria-hidden=\"true\" class=\"wp-block-spacer\"><\/div>\n\n\n\n<p>Les entitats de l\u2019economia social tenen necessitats espec\u00edfiques, i requereixen instruments financers que s&#8217;adaptin a les seves caracter\u00edstiques, com a subministrament de liquiditat, garanties\u2026 La Comissi\u00f3 Europea i el BEI han desenvolupat alguns d&#8217;aquests instruments, per\u00f2 \u00e9s necessari continuar adaptant-se per a les necessitats espec\u00edfiques de l&#8217;economia social. Per aquest motiu \u00e9s fonamental que les finances \u00e8tiques treballin amb les institucions europees, per col\u00b7laborar activament en el disseny i la promoci\u00f3 de mesures que afavoreixin el nostre sector.&nbsp;<\/p>\n\n\n\n<div style=\"height:26px\" aria-hidden=\"true\" class=\"wp-block-spacer\"><\/div>\n\n\n\n<p>Cada vegada m\u00e9s, les finances \u00e8tiques estan forjant una traject\u00f2ria d&#8217;alian\u00e7a amb les institucions europees. L&#8217;acord entre Banca Etica i el BEI representa un punt d&#8217;inflexi\u00f3 que dona exemple del cam\u00ed que les finances \u00e8tiques hem d&#8217;anar seguint a poc a poc.<\/p>\n\n\n\n<div style=\"height:100px\" aria-hidden=\"true\" class=\"wp-block-spacer\"><\/div>\n\n\n\n<p>Foto del <a href=\"https:\/\/european-union.europa.eu\/institutions-law-budget\/institutions-and-bodies\/search-all-eu-institutions-and-bodies\/european-investment-bank-eib_es\">BEI <\/a><\/p>\n\n\n\n<p>Foto de <a href=\"https:\/\/unsplash.com\/es\/@courier42?utm_content=creditCopyText&amp;utm_medium=referral&amp;utm_source=unsplash\">Fang Guo<\/a> a <a href=\"https:\/\/unsplash.com\/es\/fotos\/un-hombre-apoyado-en-una-pared-frente-a-un-edificio-R8SKm0saYu8?utm_content=creditCopyText&amp;utm_medium=referral&amp;utm_source=unsplash\">Unsplash<\/a><\/p>\n\n\n<\/div>","protected":false},"excerpt":{"rendered":"","protected":false},"author":1774,"featured_media":386928,"comment_status":"closed","ping_status":"closed","sticky":false,"template":"","format":"standard","meta":{"_acf_changed":false,"footnotes":""},"categories":[11643,1],"tags":[],"coauthors":[5579],"class_list":["post-386965","post","type-post","status-publish","format-standard","has-post-thumbnail","hentry","category-finances-etiques","category-proyectos-colectivos"],"acf":[],"yoast_head":"<!-- This site is optimized with the Yoast SEO plugin v26.9 - https:\/\/yoast.com\/product\/yoast-seo-wordpress\/ -->\n<title>El BEI es reuneix amb les xarxes internacionals de finan\u00e7ament \u00e8tic - Fiare Banca Etica<\/title>\n<meta name=\"robots\" content=\"index, follow, max-snippet:-1, max-image-preview:large, max-video-preview:-1\" \/>\n<link rel=\"canonical\" href=\"https:\/\/www.fiarebancaetica.coop\/ca\/el-bei-es-reuneix-amb-les-xarxes-internacionals-de-financament-etic\/\" \/>\n<meta property=\"og:locale\" content=\"ca_ES\" \/>\n<meta property=\"og:type\" content=\"article\" \/>\n<meta property=\"og:title\" content=\"El BEI es reuneix amb les xarxes internacionals de finan\u00e7ament \u00e8tic - Fiare Banca Etica\" \/>\n<meta property=\"og:url\" content=\"https:\/\/www.fiarebancaetica.coop\/ca\/el-bei-es-reuneix-amb-les-xarxes-internacionals-de-financament-etic\/\" \/>\n<meta property=\"og:site_name\" content=\"Fiare Banca Etica\" \/>\n<meta property=\"article:published_time\" content=\"2025-06-13T12:28:13+00:00\" \/>\n<meta property=\"article:modified_time\" content=\"2025-06-26T10:10:01+00:00\" \/>\n<meta property=\"og:image\" content=\"https:\/\/www.fiarebancaetica.coop\/app\/uploads\/sites\/2\/2025\/06\/bei-1.jpeg\" \/>\n\t<meta property=\"og:image:width\" content=\"1024\" \/>\n\t<meta property=\"og:image:height\" content=\"768\" \/>\n\t<meta property=\"og:image:type\" content=\"image\/jpeg\" \/>\n<meta name=\"author\" content=\"clara\" \/>\n<meta name=\"twitter:card\" content=\"summary_large_image\" \/>\n<script type=\"application\/ld+json\" class=\"yoast-schema-graph\">{\"@context\":\"https:\/\/schema.org\",\"@graph\":[{\"@type\":\"Article\",\"@id\":\"https:\/\/www.fiarebancaetica.coop\/ca\/el-bei-es-reuneix-amb-les-xarxes-internacionals-de-financament-etic\/#article\",\"isPartOf\":{\"@id\":\"https:\/\/www.fiarebancaetica.coop\/ca\/el-bei-es-reuneix-amb-les-xarxes-internacionals-de-financament-etic\/\"},\"author\":{\"name\":\"clara\",\"@id\":\"https:\/\/www.fiarebancaetica.coop\/ca\/#\/schema\/person\/5b96261107d1cc0141f68d1a780b4ed7\"},\"headline\":\"El BEI es reuneix amb les xarxes internacionals de finan\u00e7ament \u00e8tic\",\"datePublished\":\"2025-06-13T12:28:13+00:00\",\"dateModified\":\"2025-06-26T10:10:01+00:00\",\"mainEntityOfPage\":{\"@id\":\"https:\/\/www.fiarebancaetica.coop\/ca\/el-bei-es-reuneix-amb-les-xarxes-internacionals-de-financament-etic\/\"},\"wordCount\":572,\"image\":{\"@id\":\"https:\/\/www.fiarebancaetica.coop\/ca\/el-bei-es-reuneix-amb-les-xarxes-internacionals-de-financament-etic\/#primaryimage\"},\"thumbnailUrl\":\"https:\/\/www.fiarebancaetica.coop\/app\/uploads\/sites\/2\/2025\/06\/bei-1.jpeg\",\"articleSection\":[\"Finances \u00e8tiques\",\"Proyectos colectivos\"],\"inLanguage\":\"ca\"},{\"@type\":\"WebPage\",\"@id\":\"https:\/\/www.fiarebancaetica.coop\/ca\/el-bei-es-reuneix-amb-les-xarxes-internacionals-de-financament-etic\/\",\"url\":\"https:\/\/www.fiarebancaetica.coop\/ca\/el-bei-es-reuneix-amb-les-xarxes-internacionals-de-financament-etic\/\",\"name\":\"El BEI es reuneix amb les xarxes internacionals de finan\u00e7ament \u00e8tic - Fiare Banca Etica\",\"isPartOf\":{\"@id\":\"https:\/\/www.fiarebancaetica.coop\/ca\/#website\"},\"primaryImageOfPage\":{\"@id\":\"https:\/\/www.fiarebancaetica.coop\/ca\/el-bei-es-reuneix-amb-les-xarxes-internacionals-de-financament-etic\/#primaryimage\"},\"image\":{\"@id\":\"https:\/\/www.fiarebancaetica.coop\/ca\/el-bei-es-reuneix-amb-les-xarxes-internacionals-de-financament-etic\/#primaryimage\"},\"thumbnailUrl\":\"https:\/\/www.fiarebancaetica.coop\/app\/uploads\/sites\/2\/2025\/06\/bei-1.jpeg\",\"datePublished\":\"2025-06-13T12:28:13+00:00\",\"dateModified\":\"2025-06-26T10:10:01+00:00\",\"author\":{\"@id\":\"https:\/\/www.fiarebancaetica.coop\/ca\/#\/schema\/person\/5b96261107d1cc0141f68d1a780b4ed7\"},\"breadcrumb\":{\"@id\":\"https:\/\/www.fiarebancaetica.coop\/ca\/el-bei-es-reuneix-amb-les-xarxes-internacionals-de-financament-etic\/#breadcrumb\"},\"inLanguage\":\"ca\",\"potentialAction\":[{\"@type\":\"ReadAction\",\"target\":[\"https:\/\/www.fiarebancaetica.coop\/ca\/el-bei-es-reuneix-amb-les-xarxes-internacionals-de-financament-etic\/\"]}]},{\"@type\":\"ImageObject\",\"inLanguage\":\"ca\",\"@id\":\"https:\/\/www.fiarebancaetica.coop\/ca\/el-bei-es-reuneix-amb-les-xarxes-internacionals-de-financament-etic\/#primaryimage\",\"url\":\"https:\/\/www.fiarebancaetica.coop\/app\/uploads\/sites\/2\/2025\/06\/bei-1.jpeg\",\"contentUrl\":\"https:\/\/www.fiarebancaetica.coop\/app\/uploads\/sites\/2\/2025\/06\/bei-1.jpeg\",\"width\":1024,\"height\":768},{\"@type\":\"BreadcrumbList\",\"@id\":\"https:\/\/www.fiarebancaetica.coop\/ca\/el-bei-es-reuneix-amb-les-xarxes-internacionals-de-financament-etic\/#breadcrumb\",\"itemListElement\":[{\"@type\":\"ListItem\",\"position\":1,\"name\":\"Home\",\"item\":\"https:\/\/www.fiarebancaetica.coop\/ca\/\"},{\"@type\":\"ListItem\",\"position\":2,\"name\":\"El BEI es reuneix amb les xarxes internacionals de finan\u00e7ament \u00e8tic\"}]},{\"@type\":\"WebSite\",\"@id\":\"https:\/\/www.fiarebancaetica.coop\/ca\/#website\",\"url\":\"https:\/\/www.fiarebancaetica.coop\/ca\/\",\"name\":\"Fiare Banca Etica\",\"description\":\"\",\"potentialAction\":[{\"@type\":\"SearchAction\",\"target\":{\"@type\":\"EntryPoint\",\"urlTemplate\":\"https:\/\/www.fiarebancaetica.coop\/ca\/?s={search_term_string}\"},\"query-input\":{\"@type\":\"PropertyValueSpecification\",\"valueRequired\":true,\"valueName\":\"search_term_string\"}}],\"inLanguage\":\"ca\"},{\"@type\":\"Person\",\"@id\":\"https:\/\/www.fiarebancaetica.coop\/ca\/#\/schema\/person\/5b96261107d1cc0141f68d1a780b4ed7\",\"name\":\"clara\",\"image\":{\"@type\":\"ImageObject\",\"inLanguage\":\"ca\",\"@id\":\"https:\/\/www.fiarebancaetica.coop\/ca\/#\/schema\/person\/image\/87a072d868c9be98a56db488836f4132\",\"url\":\"https:\/\/secure.gravatar.com\/avatar\/267db4d1eb94caf852df949ed721a52f76c9fbf9c14c602801e01f0ab306c22b?s=96&d=mm&r=g\",\"contentUrl\":\"https:\/\/secure.gravatar.com\/avatar\/267db4d1eb94caf852df949ed721a52f76c9fbf9c14c602801e01f0ab306c22b?s=96&d=mm&r=g\",\"caption\":\"clara\"}}]}<\/script>\n<!-- \/ Yoast SEO plugin. -->","yoast_head_json":{"title":"El BEI es reuneix amb les xarxes internacionals de finan\u00e7ament \u00e8tic - Fiare Banca Etica","robots":{"index":"index","follow":"follow","max-snippet":"max-snippet:-1","max-image-preview":"max-image-preview:large","max-video-preview":"max-video-preview:-1"},"canonical":"https:\/\/www.fiarebancaetica.coop\/ca\/el-bei-es-reuneix-amb-les-xarxes-internacionals-de-financament-etic\/","og_locale":"ca_ES","og_type":"article","og_title":"El BEI es reuneix amb les xarxes internacionals de finan\u00e7ament \u00e8tic - Fiare Banca Etica","og_url":"https:\/\/www.fiarebancaetica.coop\/ca\/el-bei-es-reuneix-amb-les-xarxes-internacionals-de-financament-etic\/","og_site_name":"Fiare Banca Etica","article_published_time":"2025-06-13T12:28:13+00:00","article_modified_time":"2025-06-26T10:10:01+00:00","og_image":[{"width":1024,"height":768,"url":"https:\/\/www.fiarebancaetica.coop\/app\/uploads\/sites\/2\/2025\/06\/bei-1.jpeg","type":"image\/jpeg"}],"author":"clara","twitter_card":"summary_large_image","schema":{"@context":"https:\/\/schema.org","@graph":[{"@type":"Article","@id":"https:\/\/www.fiarebancaetica.coop\/ca\/el-bei-es-reuneix-amb-les-xarxes-internacionals-de-financament-etic\/#article","isPartOf":{"@id":"https:\/\/www.fiarebancaetica.coop\/ca\/el-bei-es-reuneix-amb-les-xarxes-internacionals-de-financament-etic\/"},"author":{"name":"clara","@id":"https:\/\/www.fiarebancaetica.coop\/ca\/#\/schema\/person\/5b96261107d1cc0141f68d1a780b4ed7"},"headline":"El BEI es reuneix amb les xarxes internacionals de finan\u00e7ament \u00e8tic","datePublished":"2025-06-13T12:28:13+00:00","dateModified":"2025-06-26T10:10:01+00:00","mainEntityOfPage":{"@id":"https:\/\/www.fiarebancaetica.coop\/ca\/el-bei-es-reuneix-amb-les-xarxes-internacionals-de-financament-etic\/"},"wordCount":572,"image":{"@id":"https:\/\/www.fiarebancaetica.coop\/ca\/el-bei-es-reuneix-amb-les-xarxes-internacionals-de-financament-etic\/#primaryimage"},"thumbnailUrl":"https:\/\/www.fiarebancaetica.coop\/app\/uploads\/sites\/2\/2025\/06\/bei-1.jpeg","articleSection":["Finances \u00e8tiques","Proyectos colectivos"],"inLanguage":"ca"},{"@type":"WebPage","@id":"https:\/\/www.fiarebancaetica.coop\/ca\/el-bei-es-reuneix-amb-les-xarxes-internacionals-de-financament-etic\/","url":"https:\/\/www.fiarebancaetica.coop\/ca\/el-bei-es-reuneix-amb-les-xarxes-internacionals-de-financament-etic\/","name":"El BEI es reuneix amb les xarxes internacionals de finan\u00e7ament \u00e8tic - Fiare Banca Etica","isPartOf":{"@id":"https:\/\/www.fiarebancaetica.coop\/ca\/#website"},"primaryImageOfPage":{"@id":"https:\/\/www.fiarebancaetica.coop\/ca\/el-bei-es-reuneix-amb-les-xarxes-internacionals-de-financament-etic\/#primaryimage"},"image":{"@id":"https:\/\/www.fiarebancaetica.coop\/ca\/el-bei-es-reuneix-amb-les-xarxes-internacionals-de-financament-etic\/#primaryimage"},"thumbnailUrl":"https:\/\/www.fiarebancaetica.coop\/app\/uploads\/sites\/2\/2025\/06\/bei-1.jpeg","datePublished":"2025-06-13T12:28:13+00:00","dateModified":"2025-06-26T10:10:01+00:00","author":{"@id":"https:\/\/www.fiarebancaetica.coop\/ca\/#\/schema\/person\/5b96261107d1cc0141f68d1a780b4ed7"},"breadcrumb":{"@id":"https:\/\/www.fiarebancaetica.coop\/ca\/el-bei-es-reuneix-amb-les-xarxes-internacionals-de-financament-etic\/#breadcrumb"},"inLanguage":"ca","potentialAction":[{"@type":"ReadAction","target":["https:\/\/www.fiarebancaetica.coop\/ca\/el-bei-es-reuneix-amb-les-xarxes-internacionals-de-financament-etic\/"]}]},{"@type":"ImageObject","inLanguage":"ca","@id":"https:\/\/www.fiarebancaetica.coop\/ca\/el-bei-es-reuneix-amb-les-xarxes-internacionals-de-financament-etic\/#primaryimage","url":"https:\/\/www.fiarebancaetica.coop\/app\/uploads\/sites\/2\/2025\/06\/bei-1.jpeg","contentUrl":"https:\/\/www.fiarebancaetica.coop\/app\/uploads\/sites\/2\/2025\/06\/bei-1.jpeg","width":1024,"height":768},{"@type":"BreadcrumbList","@id":"https:\/\/www.fiarebancaetica.coop\/ca\/el-bei-es-reuneix-amb-les-xarxes-internacionals-de-financament-etic\/#breadcrumb","itemListElement":[{"@type":"ListItem","position":1,"name":"Home","item":"https:\/\/www.fiarebancaetica.coop\/ca\/"},{"@type":"ListItem","position":2,"name":"El BEI es reuneix amb les xarxes internacionals de finan\u00e7ament \u00e8tic"}]},{"@type":"WebSite","@id":"https:\/\/www.fiarebancaetica.coop\/ca\/#website","url":"https:\/\/www.fiarebancaetica.coop\/ca\/","name":"Fiare Banca Etica","description":"","potentialAction":[{"@type":"SearchAction","target":{"@type":"EntryPoint","urlTemplate":"https:\/\/www.fiarebancaetica.coop\/ca\/?s={search_term_string}"},"query-input":{"@type":"PropertyValueSpecification","valueRequired":true,"valueName":"search_term_string"}}],"inLanguage":"ca"},{"@type":"Person","@id":"https:\/\/www.fiarebancaetica.coop\/ca\/#\/schema\/person\/5b96261107d1cc0141f68d1a780b4ed7","name":"clara","image":{"@type":"ImageObject","inLanguage":"ca","@id":"https:\/\/www.fiarebancaetica.coop\/ca\/#\/schema\/person\/image\/87a072d868c9be98a56db488836f4132","url":"https:\/\/secure.gravatar.com\/avatar\/267db4d1eb94caf852df949ed721a52f76c9fbf9c14c602801e01f0ab306c22b?s=96&d=mm&r=g","contentUrl":"https:\/\/secure.gravatar.com\/avatar\/267db4d1eb94caf852df949ed721a52f76c9fbf9c14c602801e01f0ab306c22b?s=96&d=mm&r=g","caption":"clara"}}]}},"_links":{"self":[{"href":"https:\/\/www.fiarebancaetica.coop\/ca\/wp-json\/wp\/v2\/posts\/386965","targetHints":{"allow":["GET"]}}],"collection":[{"href":"https:\/\/www.fiarebancaetica.coop\/ca\/wp-json\/wp\/v2\/posts"}],"about":[{"href":"https:\/\/www.fiarebancaetica.coop\/ca\/wp-json\/wp\/v2\/types\/post"}],"author":[{"embeddable":true,"href":"https:\/\/www.fiarebancaetica.coop\/ca\/wp-json\/wp\/v2\/users\/1774"}],"replies":[{"embeddable":true,"href":"https:\/\/www.fiarebancaetica.coop\/ca\/wp-json\/wp\/v2\/comments?post=386965"}],"version-history":[{"count":2,"href":"https:\/\/www.fiarebancaetica.coop\/ca\/wp-json\/wp\/v2\/posts\/386965\/revisions"}],"predecessor-version":[{"id":387219,"href":"https:\/\/www.fiarebancaetica.coop\/ca\/wp-json\/wp\/v2\/posts\/386965\/revisions\/387219"}],"wp:featuredmedia":[{"embeddable":true,"href":"https:\/\/www.fiarebancaetica.coop\/ca\/wp-json\/wp\/v2\/media\/386928"}],"wp:attachment":[{"href":"https:\/\/www.fiarebancaetica.coop\/ca\/wp-json\/wp\/v2\/media?parent=386965"}],"wp:term":[{"taxonomy":"category","embeddable":true,"href":"https:\/\/www.fiarebancaetica.coop\/ca\/wp-json\/wp\/v2\/categories?post=386965"},{"taxonomy":"post_tag","embeddable":true,"href":"https:\/\/www.fiarebancaetica.coop\/ca\/wp-json\/wp\/v2\/tags?post=386965"},{"taxonomy":"author","embeddable":true,"href":"https:\/\/www.fiarebancaetica.coop\/ca\/wp-json\/wp\/v2\/coauthors?post=386965"}],"curies":[{"name":"wp","href":"https:\/\/api.w.org\/{rel}","templated":true}]}}