{"id":387248,"date":"2025-07-01T09:15:44","date_gmt":"2025-07-01T07:15:44","guid":{"rendered":"https:\/\/www.fiarebancaetica.coop\/?p=387248"},"modified":"2025-07-01T09:15:44","modified_gmt":"2025-07-01T07:15:44","slug":"numeros-i-consells-utils-per-a-les-vacances","status":"publish","type":"post","link":"https:\/\/www.fiarebancaetica.coop\/ca\/numeros-i-consells-utils-per-a-les-vacances\/","title":{"rendered":"N\u00fameros i consells \u00fatils per a les vacances"},"content":{"rendered":"\n\n<div class=\"wp-block-bancaetica-blocks-blocks-block-49\">\n    <div class=\"container-block-49\">\n\n        <div class=\"header-section \">\n                            <h1 class=\"section-title\"> N\u00fameros i consells \u00fatils per a les vacances <\/h1>\n                                        <p class=\"section-content\"> N\u00fameros i consells \u00fatils per a les vacances <\/p>\n                                <\/div>\n\n        \n        <div class=\"block-background\" style=\"background-image: url('https:\/\/www.fiarebancaetica.coop\/app\/uploads\/sites\/2\/2025\/06\/austin-schmid-YSJ7Eoz-e2M-unsplash-scaled.jpg')\">\n                            <div class=\"tile\">\n                    <h1 class=\"image-title\"> N\u00fameros i consells \u00fatils per a les vacances <\/h1>\n                <\/div>             <!-- end .tile -->\n            <div class=\"bottom-content\">\n                            <\/div> <!-- end .button-content -->\n        <\/div> <!-- end .block-background -->\n    <\/div> <!-- end .container -->\n<\/div> <!-- end wp-block-bancaetica-blocks-blocks-block-06 -->\n\n\n<div class=\"wrapper-crispybacon-class wrapper-crispybacon-class-wide \">\n    \n\n<p>Per fi vacances! Uns dies de descans per a sortir de la rutina di\u00e0ria que et permetran recarregar energies, desconnectar la ment i descansar per a despr\u00e9s reprendre la teva vida amb m\u00e9s relax.<\/p>\n\n\n\n<p>Si ja est\u00e0s organitzant les teves vacances d&#8217;estiu, hi ha detalls importants a tenir en compte. Abans de fer les maletes, recorda verificar els teus instruments de pagament i tenir a m\u00e0 els n\u00fameros de tel\u00e8fon \u00fatils per a imprevistos.<\/p>\n\n\n\n<div style=\"height:16px\" aria-hidden=\"true\" class=\"wp-block-spacer\"><\/div>\n\n\n\n<h4 class=\"wp-block-heading\"><strong>La targeta de d\u00e8bit es pot utilitzar a l\u2019estranger?<\/strong><\/h4>\n\n\n\n<div style=\"height:20px\" aria-hidden=\"true\" class=\"wp-block-spacer\"><\/div>\n\n\n\n<p>La targeta de d\u00e8bit de Fiare Banca Etica est\u00e0 preparada per a ser acceptada a tot el m\u00f3n i tamb\u00e9 en l\u00ednia gr\u00e0cies al <strong>circuit VISA.<\/strong><\/p>\n\n\n\n<div style=\"height:19px\" aria-hidden=\"true\" class=\"wp-block-spacer\"><\/div>\n\n\n\n<p><strong>important! abans de marxar\u2026<\/strong><\/p>\n\n\n\n<div style=\"height:15px\" aria-hidden=\"true\" class=\"wp-block-spacer\"><\/div>\n\n\n\n<p>Informa&#8217;t dels m\u00e8todes de pagament acceptats pel lloc o pa\u00eds que visitar\u00e0s.<\/p>\n\n\n\n<div style=\"height:17px\" aria-hidden=\"true\" class=\"wp-block-spacer\"><\/div>\n\n\n\n<h5 class=\"wp-block-heading\"><strong>Necessites augmentar temporalment el l\u00edmit de la teva targeta de cr\u00e8dit?<\/strong><\/h5>\n\n\n\n<p>A trav\u00e9s de la b\u00fastia de la banca en l\u00ednia podr\u00e0s sol\u00b7licitar augmentar el l\u00edmit de la targeta de cr\u00e8dit per a les possibles despeses vacacionals<\/p>\n\n\n\n<h5 class=\"wp-block-heading\"><strong>Qu\u00e8 fer en cas de robatori o p\u00e8rdua de la teva targeta?<\/strong><\/h5>\n\n\n\n<p>Per a bloquejar les teves targetes per robatori\/p\u00e8rdua&nbsp; telefona al 912 586 609 (prefix 00 34 si flames des de l&#8217;estranger) i notifica la p\u00e8rdua o el robatori de la teva targeta. Anul\u00b7larem la teva targeta en el mateix moment.<\/p>\n\n\n\n<p>A trav\u00e9s de l&#8217;APP, secci\u00f3 targetes, tamb\u00e9 pots bloquejar r\u00e0pidament la teva targeta.<\/p>\n\n\n\n<h5 class=\"wp-block-heading\"><strong>Desc\u00e0rrega l&#8217;App i tingues-ho tot a m\u00e0<\/strong><\/h5>\n\n\n\n<p>Controla les teves despeses i realitza operacions des del teu m\u00f2bil descarregant l&#8217;App de Fiare Banca Etica disponible a <a href=\"https:\/\/play.google.com\/store\/apps\/details?id=com.fiare.nbe\">Google Play<\/a> o <a href=\"https:\/\/apps.apple.com\/es\/app\/fiare-be\/id6739420392\">IOS<\/a>.<\/p>\n\n\n\n<p>Per a dubtes o preguntes consulta la secci\u00f3 de preguntes freq\u00fcents (<a href=\"https:\/\/www.fiarebancaetica.coop\/faqs\/seguridad\/\">FAQ<\/a>).<\/p>\n\n\n\n<h5 class=\"wp-block-heading\"><strong>La teva seguretat \u00e9s lo m\u00e9s important<\/strong><\/h5>\n\n\n\n<p>La seguretat \u00e9s un assumpte important. M\u00e9s encara en les dates estivals en les quals augmenten les estafes i robatoris. Per aix\u00f2 disposem de mesures que garanteixen la confidencialitat de les comunicacions i protegeixen les teves dades en les transaccions que fas per Internet.<\/p>\n\n\n\n<div style=\"height:12px\" aria-hidden=\"true\" class=\"wp-block-spacer\"><\/div>\n\n\n\n<p>No facilitis mai les teves dades ni credencials a tercers.<\/p>\n\n\n\n<div style=\"height:18px\" aria-hidden=\"true\" class=\"wp-block-spacer\"><\/div>\n\n\n\n<p>Encara que la persona que et cridi pugui saber molta informaci\u00f3 de tu pot ser que l&#8217;hagi obtingut de manera il\u00b7l\u00edcita. Per aquest motiu, no facilitis mai ni les teves dades ni les claus rebudes a ning\u00fa que te les demani en una crida o en un missatge. Fiare Banca Etica no et sol\u00b7licitar\u00e0 en cap cas aquestes dades per tel\u00e8fon, correu electr\u00f2nic o SMS.<\/p>\n\n\n\n<div style=\"height:16px\" aria-hidden=\"true\" class=\"wp-block-spacer\"><\/div>\n\n\n\n<p><strong>La seguretat tamb\u00e9 dep\u00e8n de tu<\/strong>. Informa&#8217;t de les nostres <a href=\"https:\/\/www.fiarebancaetica.coop\/ca\/productos\/seguretat\/\" target=\"_blank\" rel=\"noreferrer noopener\">mesures i recomanacions.<\/a><\/p>\n\n\n\n<div style=\"height:13px\" aria-hidden=\"true\" class=\"wp-block-spacer\"><\/div>\n\n\n\n<p>Pren mesures de precauci\u00f3 i sobretot, gaudeix de les vacances!<\/p>\n\n\n\n<p><\/p>\n\n\n\n<div style=\"height:100px\" aria-hidden=\"true\" class=\"wp-block-spacer\"><\/div>\n\n\n\n<p><em>Photo by&nbsp;<a href=\"https:\/\/unsplash.com\/@schmidy?utm_source=unsplash&amp;utm_medium=referral&amp;utm_content=creditCopyText\">Austin Schmid<\/a>&nbsp;on&nbsp;<a href=\"https:\/\/unsplash.com\/s\/photos\/hammock?utm_source=unsplash&amp;utm_medium=referral&amp;utm_content=creditCopyText\">Unsplash<\/a><\/em><\/p>\n\n\n<\/div>","protected":false},"excerpt":{"rendered":"","protected":false},"author":1774,"featured_media":387237,"comment_status":"closed","ping_status":"closed","sticky":false,"template":"","format":"standard","meta":{"_acf_changed":false,"footnotes":""},"categories":[11643],"tags":[],"coauthors":[5579],"class_list":["post-387248","post","type-post","status-publish","format-standard","has-post-thumbnail","hentry","category-finances-etiques"],"acf":[],"yoast_head":"<!-- This site is optimized with the Yoast SEO plugin v26.9 - https:\/\/yoast.com\/product\/yoast-seo-wordpress\/ -->\n<title>N\u00fameros i consells \u00fatils per a les vacances - Fiare Banca Etica<\/title>\n<meta name=\"robots\" content=\"index, follow, max-snippet:-1, max-image-preview:large, max-video-preview:-1\" \/>\n<link rel=\"canonical\" href=\"https:\/\/www.fiarebancaetica.coop\/ca\/numeros-i-consells-utils-per-a-les-vacances\/\" \/>\n<meta property=\"og:locale\" content=\"ca_ES\" \/>\n<meta property=\"og:type\" content=\"article\" \/>\n<meta property=\"og:title\" content=\"N\u00fameros i consells \u00fatils per a les vacances - Fiare Banca Etica\" \/>\n<meta property=\"og:url\" content=\"https:\/\/www.fiarebancaetica.coop\/ca\/numeros-i-consells-utils-per-a-les-vacances\/\" \/>\n<meta property=\"og:site_name\" content=\"Fiare Banca Etica\" \/>\n<meta property=\"article:published_time\" content=\"2025-07-01T07:15:44+00:00\" \/>\n<meta property=\"og:image\" content=\"https:\/\/www.fiarebancaetica.coop\/app\/uploads\/sites\/2\/2025\/06\/austin-schmid-YSJ7Eoz-e2M-unsplash-scaled.jpg\" \/>\n\t<meta property=\"og:image:width\" content=\"2560\" \/>\n\t<meta property=\"og:image:height\" content=\"1707\" \/>\n\t<meta property=\"og:image:type\" content=\"image\/jpeg\" \/>\n<meta name=\"author\" content=\"clara\" \/>\n<meta name=\"twitter:card\" content=\"summary_large_image\" \/>\n<script type=\"application\/ld+json\" class=\"yoast-schema-graph\">{\"@context\":\"https:\/\/schema.org\",\"@graph\":[{\"@type\":\"Article\",\"@id\":\"https:\/\/www.fiarebancaetica.coop\/ca\/numeros-i-consells-utils-per-a-les-vacances\/#article\",\"isPartOf\":{\"@id\":\"https:\/\/www.fiarebancaetica.coop\/ca\/numeros-i-consells-utils-per-a-les-vacances\/\"},\"author\":{\"name\":\"clara\",\"@id\":\"https:\/\/www.fiarebancaetica.coop\/ca\/#\/schema\/person\/5b96261107d1cc0141f68d1a780b4ed7\"},\"headline\":\"N\u00fameros i consells \u00fatils per a les vacances\",\"datePublished\":\"2025-07-01T07:15:44+00:00\",\"mainEntityOfPage\":{\"@id\":\"https:\/\/www.fiarebancaetica.coop\/ca\/numeros-i-consells-utils-per-a-les-vacances\/\"},\"wordCount\":482,\"image\":{\"@id\":\"https:\/\/www.fiarebancaetica.coop\/ca\/numeros-i-consells-utils-per-a-les-vacances\/#primaryimage\"},\"thumbnailUrl\":\"https:\/\/www.fiarebancaetica.coop\/app\/uploads\/sites\/2\/2025\/06\/austin-schmid-YSJ7Eoz-e2M-unsplash-scaled.jpg\",\"articleSection\":[\"Finances \u00e8tiques\"],\"inLanguage\":\"ca\"},{\"@type\":\"WebPage\",\"@id\":\"https:\/\/www.fiarebancaetica.coop\/ca\/numeros-i-consells-utils-per-a-les-vacances\/\",\"url\":\"https:\/\/www.fiarebancaetica.coop\/ca\/numeros-i-consells-utils-per-a-les-vacances\/\",\"name\":\"N\u00fameros i consells \u00fatils per a les vacances - Fiare Banca Etica\",\"isPartOf\":{\"@id\":\"https:\/\/www.fiarebancaetica.coop\/ca\/#website\"},\"primaryImageOfPage\":{\"@id\":\"https:\/\/www.fiarebancaetica.coop\/ca\/numeros-i-consells-utils-per-a-les-vacances\/#primaryimage\"},\"image\":{\"@id\":\"https:\/\/www.fiarebancaetica.coop\/ca\/numeros-i-consells-utils-per-a-les-vacances\/#primaryimage\"},\"thumbnailUrl\":\"https:\/\/www.fiarebancaetica.coop\/app\/uploads\/sites\/2\/2025\/06\/austin-schmid-YSJ7Eoz-e2M-unsplash-scaled.jpg\",\"datePublished\":\"2025-07-01T07:15:44+00:00\",\"author\":{\"@id\":\"https:\/\/www.fiarebancaetica.coop\/ca\/#\/schema\/person\/5b96261107d1cc0141f68d1a780b4ed7\"},\"breadcrumb\":{\"@id\":\"https:\/\/www.fiarebancaetica.coop\/ca\/numeros-i-consells-utils-per-a-les-vacances\/#breadcrumb\"},\"inLanguage\":\"ca\",\"potentialAction\":[{\"@type\":\"ReadAction\",\"target\":[\"https:\/\/www.fiarebancaetica.coop\/ca\/numeros-i-consells-utils-per-a-les-vacances\/\"]}]},{\"@type\":\"ImageObject\",\"inLanguage\":\"ca\",\"@id\":\"https:\/\/www.fiarebancaetica.coop\/ca\/numeros-i-consells-utils-per-a-les-vacances\/#primaryimage\",\"url\":\"https:\/\/www.fiarebancaetica.coop\/app\/uploads\/sites\/2\/2025\/06\/austin-schmid-YSJ7Eoz-e2M-unsplash-scaled.jpg\",\"contentUrl\":\"https:\/\/www.fiarebancaetica.coop\/app\/uploads\/sites\/2\/2025\/06\/austin-schmid-YSJ7Eoz-e2M-unsplash-scaled.jpg\",\"width\":2560,\"height\":1707},{\"@type\":\"BreadcrumbList\",\"@id\":\"https:\/\/www.fiarebancaetica.coop\/ca\/numeros-i-consells-utils-per-a-les-vacances\/#breadcrumb\",\"itemListElement\":[{\"@type\":\"ListItem\",\"position\":1,\"name\":\"Home\",\"item\":\"https:\/\/www.fiarebancaetica.coop\/ca\/\"},{\"@type\":\"ListItem\",\"position\":2,\"name\":\"N\u00fameros i consells \u00fatils per a les vacances\"}]},{\"@type\":\"WebSite\",\"@id\":\"https:\/\/www.fiarebancaetica.coop\/ca\/#website\",\"url\":\"https:\/\/www.fiarebancaetica.coop\/ca\/\",\"name\":\"Fiare Banca Etica\",\"description\":\"\",\"potentialAction\":[{\"@type\":\"SearchAction\",\"target\":{\"@type\":\"EntryPoint\",\"urlTemplate\":\"https:\/\/www.fiarebancaetica.coop\/ca\/?s={search_term_string}\"},\"query-input\":{\"@type\":\"PropertyValueSpecification\",\"valueRequired\":true,\"valueName\":\"search_term_string\"}}],\"inLanguage\":\"ca\"},{\"@type\":\"Person\",\"@id\":\"https:\/\/www.fiarebancaetica.coop\/ca\/#\/schema\/person\/5b96261107d1cc0141f68d1a780b4ed7\",\"name\":\"clara\",\"image\":{\"@type\":\"ImageObject\",\"inLanguage\":\"ca\",\"@id\":\"https:\/\/www.fiarebancaetica.coop\/ca\/#\/schema\/person\/image\/87a072d868c9be98a56db488836f4132\",\"url\":\"https:\/\/secure.gravatar.com\/avatar\/267db4d1eb94caf852df949ed721a52f76c9fbf9c14c602801e01f0ab306c22b?s=96&d=mm&r=g\",\"contentUrl\":\"https:\/\/secure.gravatar.com\/avatar\/267db4d1eb94caf852df949ed721a52f76c9fbf9c14c602801e01f0ab306c22b?s=96&d=mm&r=g\",\"caption\":\"clara\"}}]}<\/script>\n<!-- \/ Yoast SEO plugin. -->","yoast_head_json":{"title":"N\u00fameros i consells \u00fatils per a les vacances - Fiare Banca Etica","robots":{"index":"index","follow":"follow","max-snippet":"max-snippet:-1","max-image-preview":"max-image-preview:large","max-video-preview":"max-video-preview:-1"},"canonical":"https:\/\/www.fiarebancaetica.coop\/ca\/numeros-i-consells-utils-per-a-les-vacances\/","og_locale":"ca_ES","og_type":"article","og_title":"N\u00fameros i consells \u00fatils per a les vacances - Fiare Banca Etica","og_url":"https:\/\/www.fiarebancaetica.coop\/ca\/numeros-i-consells-utils-per-a-les-vacances\/","og_site_name":"Fiare Banca Etica","article_published_time":"2025-07-01T07:15:44+00:00","og_image":[{"width":2560,"height":1707,"url":"https:\/\/www.fiarebancaetica.coop\/app\/uploads\/sites\/2\/2025\/06\/austin-schmid-YSJ7Eoz-e2M-unsplash-scaled.jpg","type":"image\/jpeg"}],"author":"clara","twitter_card":"summary_large_image","schema":{"@context":"https:\/\/schema.org","@graph":[{"@type":"Article","@id":"https:\/\/www.fiarebancaetica.coop\/ca\/numeros-i-consells-utils-per-a-les-vacances\/#article","isPartOf":{"@id":"https:\/\/www.fiarebancaetica.coop\/ca\/numeros-i-consells-utils-per-a-les-vacances\/"},"author":{"name":"clara","@id":"https:\/\/www.fiarebancaetica.coop\/ca\/#\/schema\/person\/5b96261107d1cc0141f68d1a780b4ed7"},"headline":"N\u00fameros i consells \u00fatils per a les vacances","datePublished":"2025-07-01T07:15:44+00:00","mainEntityOfPage":{"@id":"https:\/\/www.fiarebancaetica.coop\/ca\/numeros-i-consells-utils-per-a-les-vacances\/"},"wordCount":482,"image":{"@id":"https:\/\/www.fiarebancaetica.coop\/ca\/numeros-i-consells-utils-per-a-les-vacances\/#primaryimage"},"thumbnailUrl":"https:\/\/www.fiarebancaetica.coop\/app\/uploads\/sites\/2\/2025\/06\/austin-schmid-YSJ7Eoz-e2M-unsplash-scaled.jpg","articleSection":["Finances \u00e8tiques"],"inLanguage":"ca"},{"@type":"WebPage","@id":"https:\/\/www.fiarebancaetica.coop\/ca\/numeros-i-consells-utils-per-a-les-vacances\/","url":"https:\/\/www.fiarebancaetica.coop\/ca\/numeros-i-consells-utils-per-a-les-vacances\/","name":"N\u00fameros i consells \u00fatils per a les vacances - Fiare Banca Etica","isPartOf":{"@id":"https:\/\/www.fiarebancaetica.coop\/ca\/#website"},"primaryImageOfPage":{"@id":"https:\/\/www.fiarebancaetica.coop\/ca\/numeros-i-consells-utils-per-a-les-vacances\/#primaryimage"},"image":{"@id":"https:\/\/www.fiarebancaetica.coop\/ca\/numeros-i-consells-utils-per-a-les-vacances\/#primaryimage"},"thumbnailUrl":"https:\/\/www.fiarebancaetica.coop\/app\/uploads\/sites\/2\/2025\/06\/austin-schmid-YSJ7Eoz-e2M-unsplash-scaled.jpg","datePublished":"2025-07-01T07:15:44+00:00","author":{"@id":"https:\/\/www.fiarebancaetica.coop\/ca\/#\/schema\/person\/5b96261107d1cc0141f68d1a780b4ed7"},"breadcrumb":{"@id":"https:\/\/www.fiarebancaetica.coop\/ca\/numeros-i-consells-utils-per-a-les-vacances\/#breadcrumb"},"inLanguage":"ca","potentialAction":[{"@type":"ReadAction","target":["https:\/\/www.fiarebancaetica.coop\/ca\/numeros-i-consells-utils-per-a-les-vacances\/"]}]},{"@type":"ImageObject","inLanguage":"ca","@id":"https:\/\/www.fiarebancaetica.coop\/ca\/numeros-i-consells-utils-per-a-les-vacances\/#primaryimage","url":"https:\/\/www.fiarebancaetica.coop\/app\/uploads\/sites\/2\/2025\/06\/austin-schmid-YSJ7Eoz-e2M-unsplash-scaled.jpg","contentUrl":"https:\/\/www.fiarebancaetica.coop\/app\/uploads\/sites\/2\/2025\/06\/austin-schmid-YSJ7Eoz-e2M-unsplash-scaled.jpg","width":2560,"height":1707},{"@type":"BreadcrumbList","@id":"https:\/\/www.fiarebancaetica.coop\/ca\/numeros-i-consells-utils-per-a-les-vacances\/#breadcrumb","itemListElement":[{"@type":"ListItem","position":1,"name":"Home","item":"https:\/\/www.fiarebancaetica.coop\/ca\/"},{"@type":"ListItem","position":2,"name":"N\u00fameros i consells \u00fatils per a les vacances"}]},{"@type":"WebSite","@id":"https:\/\/www.fiarebancaetica.coop\/ca\/#website","url":"https:\/\/www.fiarebancaetica.coop\/ca\/","name":"Fiare Banca Etica","description":"","potentialAction":[{"@type":"SearchAction","target":{"@type":"EntryPoint","urlTemplate":"https:\/\/www.fiarebancaetica.coop\/ca\/?s={search_term_string}"},"query-input":{"@type":"PropertyValueSpecification","valueRequired":true,"valueName":"search_term_string"}}],"inLanguage":"ca"},{"@type":"Person","@id":"https:\/\/www.fiarebancaetica.coop\/ca\/#\/schema\/person\/5b96261107d1cc0141f68d1a780b4ed7","name":"clara","image":{"@type":"ImageObject","inLanguage":"ca","@id":"https:\/\/www.fiarebancaetica.coop\/ca\/#\/schema\/person\/image\/87a072d868c9be98a56db488836f4132","url":"https:\/\/secure.gravatar.com\/avatar\/267db4d1eb94caf852df949ed721a52f76c9fbf9c14c602801e01f0ab306c22b?s=96&d=mm&r=g","contentUrl":"https:\/\/secure.gravatar.com\/avatar\/267db4d1eb94caf852df949ed721a52f76c9fbf9c14c602801e01f0ab306c22b?s=96&d=mm&r=g","caption":"clara"}}]}},"_links":{"self":[{"href":"https:\/\/www.fiarebancaetica.coop\/ca\/wp-json\/wp\/v2\/posts\/387248","targetHints":{"allow":["GET"]}}],"collection":[{"href":"https:\/\/www.fiarebancaetica.coop\/ca\/wp-json\/wp\/v2\/posts"}],"about":[{"href":"https:\/\/www.fiarebancaetica.coop\/ca\/wp-json\/wp\/v2\/types\/post"}],"author":[{"embeddable":true,"href":"https:\/\/www.fiarebancaetica.coop\/ca\/wp-json\/wp\/v2\/users\/1774"}],"replies":[{"embeddable":true,"href":"https:\/\/www.fiarebancaetica.coop\/ca\/wp-json\/wp\/v2\/comments?post=387248"}],"version-history":[{"count":2,"href":"https:\/\/www.fiarebancaetica.coop\/ca\/wp-json\/wp\/v2\/posts\/387248\/revisions"}],"predecessor-version":[{"id":387251,"href":"https:\/\/www.fiarebancaetica.coop\/ca\/wp-json\/wp\/v2\/posts\/387248\/revisions\/387251"}],"wp:featuredmedia":[{"embeddable":true,"href":"https:\/\/www.fiarebancaetica.coop\/ca\/wp-json\/wp\/v2\/media\/387237"}],"wp:attachment":[{"href":"https:\/\/www.fiarebancaetica.coop\/ca\/wp-json\/wp\/v2\/media?parent=387248"}],"wp:term":[{"taxonomy":"category","embeddable":true,"href":"https:\/\/www.fiarebancaetica.coop\/ca\/wp-json\/wp\/v2\/categories?post=387248"},{"taxonomy":"post_tag","embeddable":true,"href":"https:\/\/www.fiarebancaetica.coop\/ca\/wp-json\/wp\/v2\/tags?post=387248"},{"taxonomy":"author","embeddable":true,"href":"https:\/\/www.fiarebancaetica.coop\/ca\/wp-json\/wp\/v2\/coauthors?post=387248"}],"curies":[{"name":"wp","href":"https:\/\/api.w.org\/{rel}","templated":true}]}}