{"id":389758,"date":"2025-12-11T12:26:20","date_gmt":"2025-12-11T11:26:20","guid":{"rendered":"https:\/\/www.fiarebancaetica.coop\/?p=389758"},"modified":"2026-01-22T15:16:45","modified_gmt":"2026-01-22T14:16:45","slug":"la-imprenta-cultura-per-transformar-el-mon","status":"publish","type":"post","link":"https:\/\/www.fiarebancaetica.coop\/ca\/la-imprenta-cultura-per-transformar-el-mon\/","title":{"rendered":"La Imprenta: cultura per transformar el m\u00f3n"},"content":{"rendered":"\n\n<div class=\"wp-block-bancaetica-blocks-blocks-block-49\">\n    <div class=\"container-block-49\">\n\n        <div class=\"header-section \">\n                            <h1 class=\"section-title\"> La Imprenta: cultura para transformar el mundo <\/h1>\n                                        <p class=\"section-content\"> La Imprenta: cultura para transformar el mundo <\/p>\n                                <\/div>\n\n        \n        <div class=\"block-background\" style=\"background-image: url('https:\/\/www.fiarebancaetica.coop\/app\/uploads\/sites\/2\/2025\/12\/La-imprenta-jxfiare-36-1-scaled.jpg')\">\n                            <div class=\"tile\">\n                    <h1 class=\"image-title\"> La Imprenta: cultura para transformar el mundo <\/h1>\n                <\/div>             <!-- end .tile -->\n            <div class=\"bottom-content\">\n                            <\/div> <!-- end .button-content -->\n        <\/div> <!-- end .block-background -->\n    <\/div> <!-- end .container -->\n<\/div> <!-- end wp-block-bancaetica-blocks-blocks-block-06 -->\n<div class=\"wrapper-crispybacon-class wrapper-crispybacon-class-wide \">\n    \n\n<h3 class=\"wp-block-heading\"><\/h3>\n\n\n\n<p><strong>M\u00e1s que una librer\u00eda, una comunidad\u00a0<\/strong><\/p>\n\n\n\n<p>La Imprenta no es una tienda ni una librer\u00eda al uso; es, ante todo, una apuesta por la cultura como motor de transformaci\u00f3n social en Madrid. Aunque funciona como librer\u00eda asociativa \u2014con una cuidada selecci\u00f3n de poes\u00eda, narrativa, ensayo, infantil y sellos independientes\u2014, su filosof\u00eda trasciende la venta de libros: busca difundir obras que sirvan de herramientas para cambiar la realidad.<\/p>\n\n\n\n<p>Pero su actividad no acaba en las estanter\u00edas. Cada semana, el espacio cobra vida y se convierte en un centro cultural de barrio que acoge conciertos, recitales y actividades vecinales. Como definen sus propios creadores, es un lugar de \u201cestrategias y artefactos culturales\u201d para intervenir en el presente.<\/p>\n\n\n\n<p><strong>Independencia gracias a los &#8220;c\u00f3mplices&#8221;\u00a0<\/strong><\/p>\n\n\n\n<div class=\"wp-block-media-text is-stacked-on-mobile\"><figure class=\"wp-block-media-text__media\"><img loading=\"lazy\" decoding=\"async\" width=\"1024\" height=\"683\" src=\"https:\/\/www.fiarebancaetica.coop\/app\/uploads\/sites\/2\/2025\/12\/La-imprenta-jxfiare-42-1-1024x683.jpg\" alt=\"\" class=\"wp-image-389784 size-full\" srcset=\"https:\/\/www.fiarebancaetica.coop\/app\/uploads\/sites\/2\/2025\/12\/La-imprenta-jxfiare-42-1-1024x683.jpg 1024w, https:\/\/www.fiarebancaetica.coop\/app\/uploads\/sites\/2\/2025\/12\/La-imprenta-jxfiare-42-1-300x200.jpg 300w, https:\/\/www.fiarebancaetica.coop\/app\/uploads\/sites\/2\/2025\/12\/La-imprenta-jxfiare-42-1-768x512.jpg 768w, https:\/\/www.fiarebancaetica.coop\/app\/uploads\/sites\/2\/2025\/12\/La-imprenta-jxfiare-42-1-1536x1024.jpg 1536w, https:\/\/www.fiarebancaetica.coop\/app\/uploads\/sites\/2\/2025\/12\/La-imprenta-jxfiare-42-1-2048x1365.jpg 2048w\" sizes=\"auto, (max-width: 1024px) 100vw, 1024px\" \/><\/figure><div class=\"wp-block-media-text__content\">\n<p>Lejos de depender de subvenciones o de la pura l\u00f3gica de mercado, La Imprenta sostiene su independencia gracias a sus \u201cc\u00f3mplices\u201d. No son solo clientes, sino personas que voluntariamente aportan una peque\u00f1a donaci\u00f3n mensual para garantizar la continuidad del proyecto. Es un modelo basado en la confianza y en una red de afectos donde cada aportaci\u00f3n consolida este espacio colectivo.<\/p>\n<\/div><\/div>\n\n\n\n<p><strong>Resistencia cultural a contracorriente\u00a0<\/strong><\/p>\n\n\n\n<p>En una \u00e9poca marcada por la inmediatez y el consumo r\u00e1pido, La Imprenta representa un modelo de resistencia. Nos recuerda que la cultura tambi\u00e9n sirve para detenerse, respirar en medio de la vor\u00e1gine cotidiana y cultivar el esp\u00edritu cr\u00edtico. Sostener esta iniciativa significa fortalecer el tejido asociativo que da vida humana a nuestras ciudades.<\/p>\n\n\n\n<p><a href=\"https:\/\/somoslaimprenta.org\/\">Inicio &#8211; La Imprenta<\/a><\/p>\n\n\n\n<p>                                    <\/p>\n\n\n\n<p><\/p>\n\n\n\n<figure class=\"wp-block-gallery has-nested-images columns-default is-cropped wp-block-gallery-1 is-layout-flex wp-block-gallery-is-layout-flex\">\n<figure class=\"wp-block-image size-large\"><img loading=\"lazy\" decoding=\"async\" width=\"1024\" height=\"683\" data-id=\"389790\" src=\"https:\/\/www.fiarebancaetica.coop\/app\/uploads\/sites\/2\/2025\/12\/La-imprenta-jxfiare-27-1024x683.jpg\" alt=\"\" class=\"wp-image-389790\" srcset=\"https:\/\/www.fiarebancaetica.coop\/app\/uploads\/sites\/2\/2025\/12\/La-imprenta-jxfiare-27-1024x683.jpg 1024w, https:\/\/www.fiarebancaetica.coop\/app\/uploads\/sites\/2\/2025\/12\/La-imprenta-jxfiare-27-300x200.jpg 300w, https:\/\/www.fiarebancaetica.coop\/app\/uploads\/sites\/2\/2025\/12\/La-imprenta-jxfiare-27-768x512.jpg 768w, https:\/\/www.fiarebancaetica.coop\/app\/uploads\/sites\/2\/2025\/12\/La-imprenta-jxfiare-27-1536x1024.jpg 1536w, https:\/\/www.fiarebancaetica.coop\/app\/uploads\/sites\/2\/2025\/12\/La-imprenta-jxfiare-27-2048x1365.jpg 2048w\" sizes=\"auto, (max-width: 1024px) 100vw, 1024px\" \/><\/figure>\n\n\n\n<figure class=\"wp-block-image size-large\"><img loading=\"lazy\" decoding=\"async\" width=\"1024\" height=\"683\" data-id=\"389765\" src=\"https:\/\/www.fiarebancaetica.coop\/app\/uploads\/sites\/2\/2025\/12\/La-imprenta-jxfiare-47-1024x683.jpg\" alt=\"\" class=\"wp-image-389765\" srcset=\"https:\/\/www.fiarebancaetica.coop\/app\/uploads\/sites\/2\/2025\/12\/La-imprenta-jxfiare-47-1024x683.jpg 1024w, https:\/\/www.fiarebancaetica.coop\/app\/uploads\/sites\/2\/2025\/12\/La-imprenta-jxfiare-47-300x200.jpg 300w, https:\/\/www.fiarebancaetica.coop\/app\/uploads\/sites\/2\/2025\/12\/La-imprenta-jxfiare-47-768x512.jpg 768w, https:\/\/www.fiarebancaetica.coop\/app\/uploads\/sites\/2\/2025\/12\/La-imprenta-jxfiare-47-1536x1024.jpg 1536w, https:\/\/www.fiarebancaetica.coop\/app\/uploads\/sites\/2\/2025\/12\/La-imprenta-jxfiare-47-2048x1365.jpg 2048w\" sizes=\"auto, (max-width: 1024px) 100vw, 1024px\" \/><\/figure>\n\n\n\n<figure class=\"wp-block-image size-large\"><img loading=\"lazy\" decoding=\"async\" width=\"1024\" height=\"683\" data-id=\"389773\" src=\"https:\/\/www.fiarebancaetica.coop\/app\/uploads\/sites\/2\/2025\/12\/La-imprenta-jxfiare-29-1024x683.jpg\" alt=\"\" class=\"wp-image-389773\" srcset=\"https:\/\/www.fiarebancaetica.coop\/app\/uploads\/sites\/2\/2025\/12\/La-imprenta-jxfiare-29-1024x683.jpg 1024w, https:\/\/www.fiarebancaetica.coop\/app\/uploads\/sites\/2\/2025\/12\/La-imprenta-jxfiare-29-300x200.jpg 300w, https:\/\/www.fiarebancaetica.coop\/app\/uploads\/sites\/2\/2025\/12\/La-imprenta-jxfiare-29-768x512.jpg 768w, https:\/\/www.fiarebancaetica.coop\/app\/uploads\/sites\/2\/2025\/12\/La-imprenta-jxfiare-29-1536x1024.jpg 1536w, https:\/\/www.fiarebancaetica.coop\/app\/uploads\/sites\/2\/2025\/12\/La-imprenta-jxfiare-29-2048x1365.jpg 2048w\" sizes=\"auto, (max-width: 1024px) 100vw, 1024px\" \/><\/figure>\n<\/figure>\n\n\n\n<div style=\"height:29px\" aria-hidden=\"true\" class=\"wp-block-spacer\"><\/div>\n\n\n\n<div style=\"height:22px\" aria-hidden=\"true\" class=\"wp-block-spacer\"><\/div>\n\n\n<\/div>","protected":false},"excerpt":{"rendered":"","protected":false},"author":1774,"featured_media":389771,"comment_status":"closed","ping_status":"closed","sticky":false,"template":"","format":"standard","meta":{"_acf_changed":false,"footnotes":""},"categories":[11642,11635,11643,11614,11610,11662],"tags":[],"coauthors":[5579],"class_list":["post-389758","post","type-post","status-publish","format-standard","has-post-thumbnail","hentry","category-etica-i-cooperativa","category-etica-y-cooperativa","category-finances-etiques","category-finanzas-eticas","category-historias-de-impacto-positivo","category-histories-dimpacte-positiu"],"acf":[],"yoast_head":"<!-- This site is optimized with the Yoast SEO plugin v26.9 - https:\/\/yoast.com\/product\/yoast-seo-wordpress\/ -->\n<title>La Imprenta: cultura per transformar el m\u00f3n - Fiare Banca Etica<\/title>\n<meta name=\"robots\" content=\"index, follow, max-snippet:-1, max-image-preview:large, max-video-preview:-1\" \/>\n<link rel=\"canonical\" href=\"https:\/\/www.fiarebancaetica.coop\/ca\/la-imprenta-cultura-per-transformar-el-mon\/\" \/>\n<meta property=\"og:locale\" content=\"ca_ES\" \/>\n<meta property=\"og:type\" content=\"article\" \/>\n<meta property=\"og:title\" content=\"La Imprenta: cultura per transformar el m\u00f3n - Fiare Banca Etica\" \/>\n<meta property=\"og:url\" content=\"https:\/\/www.fiarebancaetica.coop\/ca\/la-imprenta-cultura-per-transformar-el-mon\/\" \/>\n<meta property=\"og:site_name\" content=\"Fiare Banca Etica\" \/>\n<meta property=\"article:published_time\" content=\"2025-12-11T11:26:20+00:00\" \/>\n<meta property=\"article:modified_time\" content=\"2026-01-22T14:16:45+00:00\" \/>\n<meta property=\"og:image\" content=\"https:\/\/www.fiarebancaetica.coop\/app\/uploads\/sites\/2\/2025\/12\/La-imprenta-jxfiare-42-scaled.jpg\" \/>\n\t<meta property=\"og:image:width\" content=\"2560\" \/>\n\t<meta property=\"og:image:height\" content=\"1707\" \/>\n\t<meta property=\"og:image:type\" content=\"image\/jpeg\" \/>\n<meta name=\"author\" content=\"clara\" \/>\n<meta name=\"twitter:card\" content=\"summary_large_image\" \/>\n<script type=\"application\/ld+json\" class=\"yoast-schema-graph\">{\"@context\":\"https:\/\/schema.org\",\"@graph\":[{\"@type\":\"Article\",\"@id\":\"https:\/\/www.fiarebancaetica.coop\/ca\/la-imprenta-cultura-per-transformar-el-mon\/#article\",\"isPartOf\":{\"@id\":\"https:\/\/www.fiarebancaetica.coop\/ca\/la-imprenta-cultura-per-transformar-el-mon\/\"},\"author\":{\"name\":\"clara\",\"@id\":\"https:\/\/www.fiarebancaetica.coop\/ca\/#\/schema\/person\/5b96261107d1cc0141f68d1a780b4ed7\"},\"headline\":\"La Imprenta: cultura per transformar el m\u00f3n\",\"datePublished\":\"2025-12-11T11:26:20+00:00\",\"dateModified\":\"2026-01-22T14:16:45+00:00\",\"mainEntityOfPage\":{\"@id\":\"https:\/\/www.fiarebancaetica.coop\/ca\/la-imprenta-cultura-per-transformar-el-mon\/\"},\"wordCount\":270,\"image\":{\"@id\":\"https:\/\/www.fiarebancaetica.coop\/ca\/la-imprenta-cultura-per-transformar-el-mon\/#primaryimage\"},\"thumbnailUrl\":\"https:\/\/www.fiarebancaetica.coop\/app\/uploads\/sites\/2\/2025\/12\/La-imprenta-jxfiare-42-scaled.jpg\",\"articleSection\":[\"\u00c8tica i cooperativa\",\"\u00c9tica y cooperativa\",\"Finances \u00e8tiques\",\"Finanzas \u00c9ticas\",\"Historias de impacto positivo\",\"Hist\u00f2ries d'impacte positiu\"],\"inLanguage\":\"ca\"},{\"@type\":\"WebPage\",\"@id\":\"https:\/\/www.fiarebancaetica.coop\/ca\/la-imprenta-cultura-per-transformar-el-mon\/\",\"url\":\"https:\/\/www.fiarebancaetica.coop\/ca\/la-imprenta-cultura-per-transformar-el-mon\/\",\"name\":\"La Imprenta: cultura per transformar el m\u00f3n - Fiare Banca Etica\",\"isPartOf\":{\"@id\":\"https:\/\/www.fiarebancaetica.coop\/ca\/#website\"},\"primaryImageOfPage\":{\"@id\":\"https:\/\/www.fiarebancaetica.coop\/ca\/la-imprenta-cultura-per-transformar-el-mon\/#primaryimage\"},\"image\":{\"@id\":\"https:\/\/www.fiarebancaetica.coop\/ca\/la-imprenta-cultura-per-transformar-el-mon\/#primaryimage\"},\"thumbnailUrl\":\"https:\/\/www.fiarebancaetica.coop\/app\/uploads\/sites\/2\/2025\/12\/La-imprenta-jxfiare-42-scaled.jpg\",\"datePublished\":\"2025-12-11T11:26:20+00:00\",\"dateModified\":\"2026-01-22T14:16:45+00:00\",\"author\":{\"@id\":\"https:\/\/www.fiarebancaetica.coop\/ca\/#\/schema\/person\/5b96261107d1cc0141f68d1a780b4ed7\"},\"breadcrumb\":{\"@id\":\"https:\/\/www.fiarebancaetica.coop\/ca\/la-imprenta-cultura-per-transformar-el-mon\/#breadcrumb\"},\"inLanguage\":\"ca\",\"potentialAction\":[{\"@type\":\"ReadAction\",\"target\":[\"https:\/\/www.fiarebancaetica.coop\/ca\/la-imprenta-cultura-per-transformar-el-mon\/\"]}]},{\"@type\":\"ImageObject\",\"inLanguage\":\"ca\",\"@id\":\"https:\/\/www.fiarebancaetica.coop\/ca\/la-imprenta-cultura-per-transformar-el-mon\/#primaryimage\",\"url\":\"https:\/\/www.fiarebancaetica.coop\/app\/uploads\/sites\/2\/2025\/12\/La-imprenta-jxfiare-42-scaled.jpg\",\"contentUrl\":\"https:\/\/www.fiarebancaetica.coop\/app\/uploads\/sites\/2\/2025\/12\/La-imprenta-jxfiare-42-scaled.jpg\",\"width\":2560,\"height\":1707},{\"@type\":\"BreadcrumbList\",\"@id\":\"https:\/\/www.fiarebancaetica.coop\/ca\/la-imprenta-cultura-per-transformar-el-mon\/#breadcrumb\",\"itemListElement\":[{\"@type\":\"ListItem\",\"position\":1,\"name\":\"Home\",\"item\":\"https:\/\/www.fiarebancaetica.coop\/ca\/\"},{\"@type\":\"ListItem\",\"position\":2,\"name\":\"La Imprenta: cultura per transformar el m\u00f3n\"}]},{\"@type\":\"WebSite\",\"@id\":\"https:\/\/www.fiarebancaetica.coop\/ca\/#website\",\"url\":\"https:\/\/www.fiarebancaetica.coop\/ca\/\",\"name\":\"Fiare Banca Etica\",\"description\":\"\",\"potentialAction\":[{\"@type\":\"SearchAction\",\"target\":{\"@type\":\"EntryPoint\",\"urlTemplate\":\"https:\/\/www.fiarebancaetica.coop\/ca\/?s={search_term_string}\"},\"query-input\":{\"@type\":\"PropertyValueSpecification\",\"valueRequired\":true,\"valueName\":\"search_term_string\"}}],\"inLanguage\":\"ca\"},{\"@type\":\"Person\",\"@id\":\"https:\/\/www.fiarebancaetica.coop\/ca\/#\/schema\/person\/5b96261107d1cc0141f68d1a780b4ed7\",\"name\":\"clara\",\"image\":{\"@type\":\"ImageObject\",\"inLanguage\":\"ca\",\"@id\":\"https:\/\/www.fiarebancaetica.coop\/ca\/#\/schema\/person\/image\/87a072d868c9be98a56db488836f4132\",\"url\":\"https:\/\/secure.gravatar.com\/avatar\/267db4d1eb94caf852df949ed721a52f76c9fbf9c14c602801e01f0ab306c22b?s=96&d=mm&r=g\",\"contentUrl\":\"https:\/\/secure.gravatar.com\/avatar\/267db4d1eb94caf852df949ed721a52f76c9fbf9c14c602801e01f0ab306c22b?s=96&d=mm&r=g\",\"caption\":\"clara\"}}]}<\/script>\n<!-- \/ Yoast SEO plugin. -->","yoast_head_json":{"title":"La Imprenta: cultura per transformar el m\u00f3n - Fiare Banca Etica","robots":{"index":"index","follow":"follow","max-snippet":"max-snippet:-1","max-image-preview":"max-image-preview:large","max-video-preview":"max-video-preview:-1"},"canonical":"https:\/\/www.fiarebancaetica.coop\/ca\/la-imprenta-cultura-per-transformar-el-mon\/","og_locale":"ca_ES","og_type":"article","og_title":"La Imprenta: cultura per transformar el m\u00f3n - Fiare Banca Etica","og_url":"https:\/\/www.fiarebancaetica.coop\/ca\/la-imprenta-cultura-per-transformar-el-mon\/","og_site_name":"Fiare Banca Etica","article_published_time":"2025-12-11T11:26:20+00:00","article_modified_time":"2026-01-22T14:16:45+00:00","og_image":[{"width":2560,"height":1707,"url":"https:\/\/www.fiarebancaetica.coop\/app\/uploads\/sites\/2\/2025\/12\/La-imprenta-jxfiare-42-scaled.jpg","type":"image\/jpeg"}],"author":"clara","twitter_card":"summary_large_image","schema":{"@context":"https:\/\/schema.org","@graph":[{"@type":"Article","@id":"https:\/\/www.fiarebancaetica.coop\/ca\/la-imprenta-cultura-per-transformar-el-mon\/#article","isPartOf":{"@id":"https:\/\/www.fiarebancaetica.coop\/ca\/la-imprenta-cultura-per-transformar-el-mon\/"},"author":{"name":"clara","@id":"https:\/\/www.fiarebancaetica.coop\/ca\/#\/schema\/person\/5b96261107d1cc0141f68d1a780b4ed7"},"headline":"La Imprenta: cultura per transformar el m\u00f3n","datePublished":"2025-12-11T11:26:20+00:00","dateModified":"2026-01-22T14:16:45+00:00","mainEntityOfPage":{"@id":"https:\/\/www.fiarebancaetica.coop\/ca\/la-imprenta-cultura-per-transformar-el-mon\/"},"wordCount":270,"image":{"@id":"https:\/\/www.fiarebancaetica.coop\/ca\/la-imprenta-cultura-per-transformar-el-mon\/#primaryimage"},"thumbnailUrl":"https:\/\/www.fiarebancaetica.coop\/app\/uploads\/sites\/2\/2025\/12\/La-imprenta-jxfiare-42-scaled.jpg","articleSection":["\u00c8tica i cooperativa","\u00c9tica y cooperativa","Finances \u00e8tiques","Finanzas \u00c9ticas","Historias de impacto positivo","Hist\u00f2ries d'impacte positiu"],"inLanguage":"ca"},{"@type":"WebPage","@id":"https:\/\/www.fiarebancaetica.coop\/ca\/la-imprenta-cultura-per-transformar-el-mon\/","url":"https:\/\/www.fiarebancaetica.coop\/ca\/la-imprenta-cultura-per-transformar-el-mon\/","name":"La Imprenta: cultura per transformar el m\u00f3n - Fiare Banca Etica","isPartOf":{"@id":"https:\/\/www.fiarebancaetica.coop\/ca\/#website"},"primaryImageOfPage":{"@id":"https:\/\/www.fiarebancaetica.coop\/ca\/la-imprenta-cultura-per-transformar-el-mon\/#primaryimage"},"image":{"@id":"https:\/\/www.fiarebancaetica.coop\/ca\/la-imprenta-cultura-per-transformar-el-mon\/#primaryimage"},"thumbnailUrl":"https:\/\/www.fiarebancaetica.coop\/app\/uploads\/sites\/2\/2025\/12\/La-imprenta-jxfiare-42-scaled.jpg","datePublished":"2025-12-11T11:26:20+00:00","dateModified":"2026-01-22T14:16:45+00:00","author":{"@id":"https:\/\/www.fiarebancaetica.coop\/ca\/#\/schema\/person\/5b96261107d1cc0141f68d1a780b4ed7"},"breadcrumb":{"@id":"https:\/\/www.fiarebancaetica.coop\/ca\/la-imprenta-cultura-per-transformar-el-mon\/#breadcrumb"},"inLanguage":"ca","potentialAction":[{"@type":"ReadAction","target":["https:\/\/www.fiarebancaetica.coop\/ca\/la-imprenta-cultura-per-transformar-el-mon\/"]}]},{"@type":"ImageObject","inLanguage":"ca","@id":"https:\/\/www.fiarebancaetica.coop\/ca\/la-imprenta-cultura-per-transformar-el-mon\/#primaryimage","url":"https:\/\/www.fiarebancaetica.coop\/app\/uploads\/sites\/2\/2025\/12\/La-imprenta-jxfiare-42-scaled.jpg","contentUrl":"https:\/\/www.fiarebancaetica.coop\/app\/uploads\/sites\/2\/2025\/12\/La-imprenta-jxfiare-42-scaled.jpg","width":2560,"height":1707},{"@type":"BreadcrumbList","@id":"https:\/\/www.fiarebancaetica.coop\/ca\/la-imprenta-cultura-per-transformar-el-mon\/#breadcrumb","itemListElement":[{"@type":"ListItem","position":1,"name":"Home","item":"https:\/\/www.fiarebancaetica.coop\/ca\/"},{"@type":"ListItem","position":2,"name":"La Imprenta: cultura per transformar el m\u00f3n"}]},{"@type":"WebSite","@id":"https:\/\/www.fiarebancaetica.coop\/ca\/#website","url":"https:\/\/www.fiarebancaetica.coop\/ca\/","name":"Fiare Banca Etica","description":"","potentialAction":[{"@type":"SearchAction","target":{"@type":"EntryPoint","urlTemplate":"https:\/\/www.fiarebancaetica.coop\/ca\/?s={search_term_string}"},"query-input":{"@type":"PropertyValueSpecification","valueRequired":true,"valueName":"search_term_string"}}],"inLanguage":"ca"},{"@type":"Person","@id":"https:\/\/www.fiarebancaetica.coop\/ca\/#\/schema\/person\/5b96261107d1cc0141f68d1a780b4ed7","name":"clara","image":{"@type":"ImageObject","inLanguage":"ca","@id":"https:\/\/www.fiarebancaetica.coop\/ca\/#\/schema\/person\/image\/87a072d868c9be98a56db488836f4132","url":"https:\/\/secure.gravatar.com\/avatar\/267db4d1eb94caf852df949ed721a52f76c9fbf9c14c602801e01f0ab306c22b?s=96&d=mm&r=g","contentUrl":"https:\/\/secure.gravatar.com\/avatar\/267db4d1eb94caf852df949ed721a52f76c9fbf9c14c602801e01f0ab306c22b?s=96&d=mm&r=g","caption":"clara"}}]}},"_links":{"self":[{"href":"https:\/\/www.fiarebancaetica.coop\/ca\/wp-json\/wp\/v2\/posts\/389758","targetHints":{"allow":["GET"]}}],"collection":[{"href":"https:\/\/www.fiarebancaetica.coop\/ca\/wp-json\/wp\/v2\/posts"}],"about":[{"href":"https:\/\/www.fiarebancaetica.coop\/ca\/wp-json\/wp\/v2\/types\/post"}],"author":[{"embeddable":true,"href":"https:\/\/www.fiarebancaetica.coop\/ca\/wp-json\/wp\/v2\/users\/1774"}],"replies":[{"embeddable":true,"href":"https:\/\/www.fiarebancaetica.coop\/ca\/wp-json\/wp\/v2\/comments?post=389758"}],"version-history":[{"count":2,"href":"https:\/\/www.fiarebancaetica.coop\/ca\/wp-json\/wp\/v2\/posts\/389758\/revisions"}],"predecessor-version":[{"id":390369,"href":"https:\/\/www.fiarebancaetica.coop\/ca\/wp-json\/wp\/v2\/posts\/389758\/revisions\/390369"}],"wp:featuredmedia":[{"embeddable":true,"href":"https:\/\/www.fiarebancaetica.coop\/ca\/wp-json\/wp\/v2\/media\/389771"}],"wp:attachment":[{"href":"https:\/\/www.fiarebancaetica.coop\/ca\/wp-json\/wp\/v2\/media?parent=389758"}],"wp:term":[{"taxonomy":"category","embeddable":true,"href":"https:\/\/www.fiarebancaetica.coop\/ca\/wp-json\/wp\/v2\/categories?post=389758"},{"taxonomy":"post_tag","embeddable":true,"href":"https:\/\/www.fiarebancaetica.coop\/ca\/wp-json\/wp\/v2\/tags?post=389758"},{"taxonomy":"author","embeddable":true,"href":"https:\/\/www.fiarebancaetica.coop\/ca\/wp-json\/wp\/v2\/coauthors?post=389758"}],"curies":[{"name":"wp","href":"https:\/\/api.w.org\/{rel}","templated":true}]}}