{"id":390426,"date":"2026-01-21T14:46:27","date_gmt":"2026-01-21T13:46:27","guid":{"rendered":"https:\/\/www.fiarebancaetica.coop\/?p=390426"},"modified":"2026-01-29T14:58:54","modified_gmt":"2026-01-29T13:58:54","slug":"fiare-banca-etica-i-elkargi-una-alianca-per-impulsar-el-financament-amb-valors","status":"publish","type":"post","link":"https:\/\/www.fiarebancaetica.coop\/ca\/fiare-banca-etica-i-elkargi-una-alianca-per-impulsar-el-financament-amb-valors\/","title":{"rendered":"Fiare Banca \u00c8tica i Elkargi: una alian\u00e7a per impulsar el finan\u00e7ament amb valors"},"content":{"rendered":"\n\n<div class=\"wp-block-bancaetica-blocks-blocks-block-49\">\n    <div class=\"container-block-49\">\n\n        <div class=\"header-section \">\n                            <h1 class=\"section-title\"> Fiare Banca \u00c8tica i Elkargi: una alian\u00e7a per impulsar el finan\u00e7ament amb valors <\/h1>\n                                        <p class=\"section-content\"> Fiare Banca \u00c8tica i Elkargi: una alian\u00e7a per impulsar el finan\u00e7ament amb valors <\/p>\n                                <\/div>\n\n        \n        <div class=\"block-background\" style=\"background-image: url('https:\/\/www.fiarebancaetica.coop\/app\/uploads\/sites\/2\/2026\/01\/Foto-Firma-Convenio-1-1-scaled.jpg')\">\n                            <div class=\"tile\">\n                    <h1 class=\"image-title\"> Fiare Banca \u00c8tica i Elkargi: una alian\u00e7a per impulsar el finan\u00e7ament amb valors <\/h1>\n                <\/div>             <!-- end .tile -->\n            <div class=\"bottom-content\">\n                            <\/div> <!-- end .button-content -->\n        <\/div> <!-- end .block-background -->\n    <\/div> <!-- end .container -->\n<\/div> <!-- end wp-block-bancaetica-blocks-blocks-block-06 -->\n\n\n<div class=\"wrapper-crispybacon-class wrapper-crispybacon-class-wide \">\n    \n\n<p>A <strong>Fiare Banca \u00c8tica<\/strong> entenem que l\u2019economia ha d\u2019estar al servei de les persones. Per aix\u00f2, busquem aliances amb entitats que comparteixin la nostra visi\u00f3 d\u2019un teixit empresarial s\u00f2lid, responsable i transformador. En aquest context, ens plau anunciar la signatura d\u2019un nou conveni de col\u00b7laboraci\u00f3 amb <strong>Elkargi<\/strong>, la societat de garantia (SGR) de refer\u00e8ncia del sector.<\/p>\n\n\n\n<div style=\"height:20px\" aria-hidden=\"true\" class=\"wp-block-spacer\"><\/div>\n\n\n\n<p>Aquest acord, fruit d\u2019anys de col\u00b7laboraci\u00f3 entre ambdues entitats, ha estat ratificat recentment per <strong>Juan Garibi Soga<\/strong>, director comercial i d\u2019estrat\u00e8gia de Fiare Banca \u00c8tica, i <strong>Zen\u00f3n V\u00e1zquez Irizar<\/strong>, director general d\u2019Elkargi. Tots dos han coincidit en la import\u00e0ncia d\u2019unir esfor\u00e7os per facilitar que el cr\u00e8dit arribi all\u00e0 on realment importa i fa falta: <strong>a l\u2019economia real.<\/strong><\/p>\n\n\n\n<div style=\"height:20px\" aria-hidden=\"true\" class=\"wp-block-spacer\"><\/div>\n\n\n\n<h2 class=\"wp-block-heading\">Un pont cap al creixement sostenible<\/h2>\n\n\n\n<p>La col\u00b7laboraci\u00f3 entre ambdues entitats t\u00e9 com a objectiu eliminar barreres financeres per a les pimes, les cooperatives i les entitats del tercer sector. Gr\u00e0cies a aquest conveni, les organitzacions podran accedir a l\u00ednies de finan\u00e7ament en condicions preferents, comptant amb l\u2019aval i l\u2019assessorament especialitzat d\u2019Elkargi.<\/p>\n\n\n\n<h2 class=\"wp-block-heading\">Quins s\u00f3n els punts clau d\u2019aquest acord?<\/h2>\n\n\n\n<p>\u25cf <strong>Facilitat d\u2019acc\u00e9s al cr\u00e8dit:<\/strong> l\u2019aval d\u2019Elkargi permet que projectes amb impacte social positiu puguin obtenir el finan\u00e7ament necessari de Fiare Banca \u00c8tica amb m\u00e9s garanties i agilitat.<br>\u25cf <strong>Condicions competitives:<\/strong> s\u2019estableixen marcs financers avantatjosos tant per a la inversi\u00f3 en actius fixos com per a la millora del circulant.<br>\u25cf <strong>Foment de l\u2019Economia Social:<\/strong> ambdues institucions reforcen el seu comprom\u00eds amb les empreses que situen la sostenibilitat i l\u2019\u00e8tica al centre de la seva gesti\u00f3.<\/p>\n\n\n\n<div style=\"height:20px\" aria-hidden=\"true\" class=\"wp-block-spacer\"><\/div>\n\n\n\n<p>Durant la signatura, <strong>Juan Garibi<\/strong> va destacar que aquesta alian\u00e7a <em>\u201crefor\u00e7a la nostra capacitat de donar resposta a les necessitats financeres de les entitats de l\u2019economia social, aportant la seguretat d\u2019una garantia com la d\u2019Elkargi\u201d.<\/em><\/p>\n\n\n\n<h2 class=\"wp-block-heading\">Construint futur, activant projectes<\/h2>\n\n\n\n<p>Amb aquest pas, <strong>Fiare Banca \u00c8tica<\/strong> i <strong>Elkargi<\/strong> consoliden un ecosistema de suport financer que prioritza la transpar\u00e8ncia, la sostenibilitat i el desenvolupament local. Continuem treballant perqu\u00e8 cada euro dipositat a la nostra entitat esdevingui una eina real de transformaci\u00f3 social, al servei d\u2019empreses i iniciatives compromeses amb un impacte positiu.<\/p>\n\n\n\n<div style=\"height:20px\" aria-hidden=\"true\" class=\"wp-block-spacer\"><\/div>\n\n\n\n<p><strong>Si formes part d\u2019una empresa, cooperativa o entitat del tercer sector i busques finan\u00e7ament alineat amb els teus valors<\/strong>, t\u2019animem a informar-te sobre aquest conveni i a explorar com pot impulsar el teu projecte. <strong>Contacta amb nosaltres<\/strong> <strong>i fem possible, plegats, una economia al servei de les persones.<\/strong><\/p>\n\n\n\n<div style=\"height:100px\" aria-hidden=\"true\" class=\"wp-block-spacer\"><\/div>\n\n\n<\/div>","protected":false},"excerpt":{"rendered":"","protected":false},"author":14,"featured_media":390436,"comment_status":"closed","ping_status":"closed","sticky":false,"template":"","format":"standard","meta":{"_acf_changed":false,"footnotes":""},"categories":[11643],"tags":[11854],"coauthors":[2879],"class_list":["post-390426","post","type-post","status-publish","format-standard","has-post-thumbnail","hentry","category-finances-etiques","tag-noticies"],"acf":[],"yoast_head":"<!-- This site is optimized with the Yoast SEO plugin v26.9 - https:\/\/yoast.com\/product\/yoast-seo-wordpress\/ -->\n<title>Fiare Banca \u00c8tica i Elkargi: una alian\u00e7a per impulsar el finan\u00e7ament amb valors - Fiare Banca Etica<\/title>\n<meta name=\"robots\" content=\"index, follow, max-snippet:-1, max-image-preview:large, max-video-preview:-1\" \/>\n<link rel=\"canonical\" href=\"https:\/\/www.fiarebancaetica.coop\/ca\/fiare-banca-etica-i-elkargi-una-alianca-per-impulsar-el-financament-amb-valors\/\" \/>\n<meta property=\"og:locale\" content=\"ca_ES\" \/>\n<meta property=\"og:type\" content=\"article\" \/>\n<meta property=\"og:title\" content=\"Fiare Banca \u00c8tica i Elkargi: una alian\u00e7a per impulsar el finan\u00e7ament amb valors - Fiare Banca Etica\" \/>\n<meta property=\"og:url\" content=\"https:\/\/www.fiarebancaetica.coop\/ca\/fiare-banca-etica-i-elkargi-una-alianca-per-impulsar-el-financament-amb-valors\/\" \/>\n<meta property=\"og:site_name\" content=\"Fiare Banca Etica\" \/>\n<meta property=\"article:published_time\" content=\"2026-01-21T13:46:27+00:00\" \/>\n<meta property=\"article:modified_time\" content=\"2026-01-29T13:58:54+00:00\" \/>\n<meta property=\"og:image\" content=\"https:\/\/www.fiarebancaetica.coop\/app\/uploads\/sites\/2\/2026\/01\/Foto-Firma-Convenio-1-1-scaled.jpg\" \/>\n\t<meta property=\"og:image:width\" content=\"2560\" \/>\n\t<meta property=\"og:image:height\" content=\"1707\" \/>\n\t<meta property=\"og:image:type\" content=\"image\/jpeg\" \/>\n<meta name=\"author\" content=\"Roberta Banca Etica\" \/>\n<meta name=\"twitter:card\" content=\"summary_large_image\" \/>\n<script type=\"application\/ld+json\" class=\"yoast-schema-graph\">{\"@context\":\"https:\/\/schema.org\",\"@graph\":[{\"@type\":\"Article\",\"@id\":\"https:\/\/www.fiarebancaetica.coop\/ca\/fiare-banca-etica-i-elkargi-una-alianca-per-impulsar-el-financament-amb-valors\/#article\",\"isPartOf\":{\"@id\":\"https:\/\/www.fiarebancaetica.coop\/ca\/fiare-banca-etica-i-elkargi-una-alianca-per-impulsar-el-financament-amb-valors\/\"},\"author\":{\"name\":\"Roberta Banca Etica\",\"@id\":\"https:\/\/www.fiarebancaetica.coop\/ca\/#\/schema\/person\/25c79daf8ebbdbf67ba9339da41273bc\"},\"headline\":\"Fiare Banca \u00c8tica i Elkargi: una alian\u00e7a per impulsar el finan\u00e7ament amb valors\",\"datePublished\":\"2026-01-21T13:46:27+00:00\",\"dateModified\":\"2026-01-29T13:58:54+00:00\",\"mainEntityOfPage\":{\"@id\":\"https:\/\/www.fiarebancaetica.coop\/ca\/fiare-banca-etica-i-elkargi-una-alianca-per-impulsar-el-financament-amb-valors\/\"},\"wordCount\":447,\"image\":{\"@id\":\"https:\/\/www.fiarebancaetica.coop\/ca\/fiare-banca-etica-i-elkargi-una-alianca-per-impulsar-el-financament-amb-valors\/#primaryimage\"},\"thumbnailUrl\":\"https:\/\/www.fiarebancaetica.coop\/app\/uploads\/sites\/2\/2026\/01\/Foto-Firma-Convenio-1-1-scaled.jpg\",\"keywords\":[\"Not\u00edcies\"],\"articleSection\":[\"Finances \u00e8tiques\"],\"inLanguage\":\"ca\"},{\"@type\":\"WebPage\",\"@id\":\"https:\/\/www.fiarebancaetica.coop\/ca\/fiare-banca-etica-i-elkargi-una-alianca-per-impulsar-el-financament-amb-valors\/\",\"url\":\"https:\/\/www.fiarebancaetica.coop\/ca\/fiare-banca-etica-i-elkargi-una-alianca-per-impulsar-el-financament-amb-valors\/\",\"name\":\"Fiare Banca \u00c8tica i Elkargi: una alian\u00e7a per impulsar el finan\u00e7ament amb valors - Fiare Banca Etica\",\"isPartOf\":{\"@id\":\"https:\/\/www.fiarebancaetica.coop\/ca\/#website\"},\"primaryImageOfPage\":{\"@id\":\"https:\/\/www.fiarebancaetica.coop\/ca\/fiare-banca-etica-i-elkargi-una-alianca-per-impulsar-el-financament-amb-valors\/#primaryimage\"},\"image\":{\"@id\":\"https:\/\/www.fiarebancaetica.coop\/ca\/fiare-banca-etica-i-elkargi-una-alianca-per-impulsar-el-financament-amb-valors\/#primaryimage\"},\"thumbnailUrl\":\"https:\/\/www.fiarebancaetica.coop\/app\/uploads\/sites\/2\/2026\/01\/Foto-Firma-Convenio-1-1-scaled.jpg\",\"datePublished\":\"2026-01-21T13:46:27+00:00\",\"dateModified\":\"2026-01-29T13:58:54+00:00\",\"author\":{\"@id\":\"https:\/\/www.fiarebancaetica.coop\/ca\/#\/schema\/person\/25c79daf8ebbdbf67ba9339da41273bc\"},\"breadcrumb\":{\"@id\":\"https:\/\/www.fiarebancaetica.coop\/ca\/fiare-banca-etica-i-elkargi-una-alianca-per-impulsar-el-financament-amb-valors\/#breadcrumb\"},\"inLanguage\":\"ca\",\"potentialAction\":[{\"@type\":\"ReadAction\",\"target\":[\"https:\/\/www.fiarebancaetica.coop\/ca\/fiare-banca-etica-i-elkargi-una-alianca-per-impulsar-el-financament-amb-valors\/\"]}]},{\"@type\":\"ImageObject\",\"inLanguage\":\"ca\",\"@id\":\"https:\/\/www.fiarebancaetica.coop\/ca\/fiare-banca-etica-i-elkargi-una-alianca-per-impulsar-el-financament-amb-valors\/#primaryimage\",\"url\":\"https:\/\/www.fiarebancaetica.coop\/app\/uploads\/sites\/2\/2026\/01\/Foto-Firma-Convenio-1-1-scaled.jpg\",\"contentUrl\":\"https:\/\/www.fiarebancaetica.coop\/app\/uploads\/sites\/2\/2026\/01\/Foto-Firma-Convenio-1-1-scaled.jpg\",\"width\":2560,\"height\":1707,\"caption\":\"firma de la convenci\u00f3n\"},{\"@type\":\"BreadcrumbList\",\"@id\":\"https:\/\/www.fiarebancaetica.coop\/ca\/fiare-banca-etica-i-elkargi-una-alianca-per-impulsar-el-financament-amb-valors\/#breadcrumb\",\"itemListElement\":[{\"@type\":\"ListItem\",\"position\":1,\"name\":\"Home\",\"item\":\"https:\/\/www.fiarebancaetica.coop\/ca\/\"},{\"@type\":\"ListItem\",\"position\":2,\"name\":\"Fiare Banca \u00c8tica i Elkargi: una alian\u00e7a per impulsar el finan\u00e7ament amb valors\"}]},{\"@type\":\"WebSite\",\"@id\":\"https:\/\/www.fiarebancaetica.coop\/ca\/#website\",\"url\":\"https:\/\/www.fiarebancaetica.coop\/ca\/\",\"name\":\"Fiare Banca Etica\",\"description\":\"\",\"potentialAction\":[{\"@type\":\"SearchAction\",\"target\":{\"@type\":\"EntryPoint\",\"urlTemplate\":\"https:\/\/www.fiarebancaetica.coop\/ca\/?s={search_term_string}\"},\"query-input\":{\"@type\":\"PropertyValueSpecification\",\"valueRequired\":true,\"valueName\":\"search_term_string\"}}],\"inLanguage\":\"ca\"},{\"@type\":\"Person\",\"@id\":\"https:\/\/www.fiarebancaetica.coop\/ca\/#\/schema\/person\/25c79daf8ebbdbf67ba9339da41273bc\",\"name\":\"Roberta Banca Etica\",\"image\":{\"@type\":\"ImageObject\",\"inLanguage\":\"ca\",\"@id\":\"https:\/\/www.fiarebancaetica.coop\/ca\/#\/schema\/person\/image\/3b7b1a002d552c3516d59b07a03afe70\",\"url\":\"https:\/\/secure.gravatar.com\/avatar\/522f6c240a292a8788857bc2e01f3c78f2c7d7d6d51a385c315b1ac6a0ad810d?s=96&d=mm&r=g\",\"contentUrl\":\"https:\/\/secure.gravatar.com\/avatar\/522f6c240a292a8788857bc2e01f3c78f2c7d7d6d51a385c315b1ac6a0ad810d?s=96&d=mm&r=g\",\"caption\":\"Roberta Banca Etica\"}}]}<\/script>\n<!-- \/ Yoast SEO plugin. -->","yoast_head_json":{"title":"Fiare Banca \u00c8tica i Elkargi: una alian\u00e7a per impulsar el finan\u00e7ament amb valors - Fiare Banca Etica","robots":{"index":"index","follow":"follow","max-snippet":"max-snippet:-1","max-image-preview":"max-image-preview:large","max-video-preview":"max-video-preview:-1"},"canonical":"https:\/\/www.fiarebancaetica.coop\/ca\/fiare-banca-etica-i-elkargi-una-alianca-per-impulsar-el-financament-amb-valors\/","og_locale":"ca_ES","og_type":"article","og_title":"Fiare Banca \u00c8tica i Elkargi: una alian\u00e7a per impulsar el finan\u00e7ament amb valors - Fiare Banca Etica","og_url":"https:\/\/www.fiarebancaetica.coop\/ca\/fiare-banca-etica-i-elkargi-una-alianca-per-impulsar-el-financament-amb-valors\/","og_site_name":"Fiare Banca Etica","article_published_time":"2026-01-21T13:46:27+00:00","article_modified_time":"2026-01-29T13:58:54+00:00","og_image":[{"width":2560,"height":1707,"url":"https:\/\/www.fiarebancaetica.coop\/app\/uploads\/sites\/2\/2026\/01\/Foto-Firma-Convenio-1-1-scaled.jpg","type":"image\/jpeg"}],"author":"Roberta Banca Etica","twitter_card":"summary_large_image","schema":{"@context":"https:\/\/schema.org","@graph":[{"@type":"Article","@id":"https:\/\/www.fiarebancaetica.coop\/ca\/fiare-banca-etica-i-elkargi-una-alianca-per-impulsar-el-financament-amb-valors\/#article","isPartOf":{"@id":"https:\/\/www.fiarebancaetica.coop\/ca\/fiare-banca-etica-i-elkargi-una-alianca-per-impulsar-el-financament-amb-valors\/"},"author":{"name":"Roberta Banca Etica","@id":"https:\/\/www.fiarebancaetica.coop\/ca\/#\/schema\/person\/25c79daf8ebbdbf67ba9339da41273bc"},"headline":"Fiare Banca \u00c8tica i Elkargi: una alian\u00e7a per impulsar el finan\u00e7ament amb valors","datePublished":"2026-01-21T13:46:27+00:00","dateModified":"2026-01-29T13:58:54+00:00","mainEntityOfPage":{"@id":"https:\/\/www.fiarebancaetica.coop\/ca\/fiare-banca-etica-i-elkargi-una-alianca-per-impulsar-el-financament-amb-valors\/"},"wordCount":447,"image":{"@id":"https:\/\/www.fiarebancaetica.coop\/ca\/fiare-banca-etica-i-elkargi-una-alianca-per-impulsar-el-financament-amb-valors\/#primaryimage"},"thumbnailUrl":"https:\/\/www.fiarebancaetica.coop\/app\/uploads\/sites\/2\/2026\/01\/Foto-Firma-Convenio-1-1-scaled.jpg","keywords":["Not\u00edcies"],"articleSection":["Finances \u00e8tiques"],"inLanguage":"ca"},{"@type":"WebPage","@id":"https:\/\/www.fiarebancaetica.coop\/ca\/fiare-banca-etica-i-elkargi-una-alianca-per-impulsar-el-financament-amb-valors\/","url":"https:\/\/www.fiarebancaetica.coop\/ca\/fiare-banca-etica-i-elkargi-una-alianca-per-impulsar-el-financament-amb-valors\/","name":"Fiare Banca \u00c8tica i Elkargi: una alian\u00e7a per impulsar el finan\u00e7ament amb valors - Fiare Banca Etica","isPartOf":{"@id":"https:\/\/www.fiarebancaetica.coop\/ca\/#website"},"primaryImageOfPage":{"@id":"https:\/\/www.fiarebancaetica.coop\/ca\/fiare-banca-etica-i-elkargi-una-alianca-per-impulsar-el-financament-amb-valors\/#primaryimage"},"image":{"@id":"https:\/\/www.fiarebancaetica.coop\/ca\/fiare-banca-etica-i-elkargi-una-alianca-per-impulsar-el-financament-amb-valors\/#primaryimage"},"thumbnailUrl":"https:\/\/www.fiarebancaetica.coop\/app\/uploads\/sites\/2\/2026\/01\/Foto-Firma-Convenio-1-1-scaled.jpg","datePublished":"2026-01-21T13:46:27+00:00","dateModified":"2026-01-29T13:58:54+00:00","author":{"@id":"https:\/\/www.fiarebancaetica.coop\/ca\/#\/schema\/person\/25c79daf8ebbdbf67ba9339da41273bc"},"breadcrumb":{"@id":"https:\/\/www.fiarebancaetica.coop\/ca\/fiare-banca-etica-i-elkargi-una-alianca-per-impulsar-el-financament-amb-valors\/#breadcrumb"},"inLanguage":"ca","potentialAction":[{"@type":"ReadAction","target":["https:\/\/www.fiarebancaetica.coop\/ca\/fiare-banca-etica-i-elkargi-una-alianca-per-impulsar-el-financament-amb-valors\/"]}]},{"@type":"ImageObject","inLanguage":"ca","@id":"https:\/\/www.fiarebancaetica.coop\/ca\/fiare-banca-etica-i-elkargi-una-alianca-per-impulsar-el-financament-amb-valors\/#primaryimage","url":"https:\/\/www.fiarebancaetica.coop\/app\/uploads\/sites\/2\/2026\/01\/Foto-Firma-Convenio-1-1-scaled.jpg","contentUrl":"https:\/\/www.fiarebancaetica.coop\/app\/uploads\/sites\/2\/2026\/01\/Foto-Firma-Convenio-1-1-scaled.jpg","width":2560,"height":1707,"caption":"firma de la convenci\u00f3n"},{"@type":"BreadcrumbList","@id":"https:\/\/www.fiarebancaetica.coop\/ca\/fiare-banca-etica-i-elkargi-una-alianca-per-impulsar-el-financament-amb-valors\/#breadcrumb","itemListElement":[{"@type":"ListItem","position":1,"name":"Home","item":"https:\/\/www.fiarebancaetica.coop\/ca\/"},{"@type":"ListItem","position":2,"name":"Fiare Banca \u00c8tica i Elkargi: una alian\u00e7a per impulsar el finan\u00e7ament amb valors"}]},{"@type":"WebSite","@id":"https:\/\/www.fiarebancaetica.coop\/ca\/#website","url":"https:\/\/www.fiarebancaetica.coop\/ca\/","name":"Fiare Banca Etica","description":"","potentialAction":[{"@type":"SearchAction","target":{"@type":"EntryPoint","urlTemplate":"https:\/\/www.fiarebancaetica.coop\/ca\/?s={search_term_string}"},"query-input":{"@type":"PropertyValueSpecification","valueRequired":true,"valueName":"search_term_string"}}],"inLanguage":"ca"},{"@type":"Person","@id":"https:\/\/www.fiarebancaetica.coop\/ca\/#\/schema\/person\/25c79daf8ebbdbf67ba9339da41273bc","name":"Roberta Banca Etica","image":{"@type":"ImageObject","inLanguage":"ca","@id":"https:\/\/www.fiarebancaetica.coop\/ca\/#\/schema\/person\/image\/3b7b1a002d552c3516d59b07a03afe70","url":"https:\/\/secure.gravatar.com\/avatar\/522f6c240a292a8788857bc2e01f3c78f2c7d7d6d51a385c315b1ac6a0ad810d?s=96&d=mm&r=g","contentUrl":"https:\/\/secure.gravatar.com\/avatar\/522f6c240a292a8788857bc2e01f3c78f2c7d7d6d51a385c315b1ac6a0ad810d?s=96&d=mm&r=g","caption":"Roberta Banca Etica"}}]}},"_links":{"self":[{"href":"https:\/\/www.fiarebancaetica.coop\/ca\/wp-json\/wp\/v2\/posts\/390426","targetHints":{"allow":["GET"]}}],"collection":[{"href":"https:\/\/www.fiarebancaetica.coop\/ca\/wp-json\/wp\/v2\/posts"}],"about":[{"href":"https:\/\/www.fiarebancaetica.coop\/ca\/wp-json\/wp\/v2\/types\/post"}],"author":[{"embeddable":true,"href":"https:\/\/www.fiarebancaetica.coop\/ca\/wp-json\/wp\/v2\/users\/14"}],"replies":[{"embeddable":true,"href":"https:\/\/www.fiarebancaetica.coop\/ca\/wp-json\/wp\/v2\/comments?post=390426"}],"version-history":[{"count":2,"href":"https:\/\/www.fiarebancaetica.coop\/ca\/wp-json\/wp\/v2\/posts\/390426\/revisions"}],"predecessor-version":[{"id":390453,"href":"https:\/\/www.fiarebancaetica.coop\/ca\/wp-json\/wp\/v2\/posts\/390426\/revisions\/390453"}],"wp:featuredmedia":[{"embeddable":true,"href":"https:\/\/www.fiarebancaetica.coop\/ca\/wp-json\/wp\/v2\/media\/390436"}],"wp:attachment":[{"href":"https:\/\/www.fiarebancaetica.coop\/ca\/wp-json\/wp\/v2\/media?parent=390426"}],"wp:term":[{"taxonomy":"category","embeddable":true,"href":"https:\/\/www.fiarebancaetica.coop\/ca\/wp-json\/wp\/v2\/categories?post=390426"},{"taxonomy":"post_tag","embeddable":true,"href":"https:\/\/www.fiarebancaetica.coop\/ca\/wp-json\/wp\/v2\/tags?post=390426"},{"taxonomy":"author","embeddable":true,"href":"https:\/\/www.fiarebancaetica.coop\/ca\/wp-json\/wp\/v2\/coauthors?post=390426"}],"curies":[{"name":"wp","href":"https:\/\/api.w.org\/{rel}","templated":true}]}}