{"id":392433,"date":"2026-04-27T11:10:45","date_gmt":"2026-04-27T09:10:45","guid":{"rendered":"https:\/\/www.fiarebancaetica.coop\/?p=392433"},"modified":"2026-04-27T11:22:28","modified_gmt":"2026-04-27T09:22:28","slug":"balance-2025-beneficios","status":"publish","type":"post","link":"https:\/\/www.fiarebancaetica.coop\/ca\/balance-2025-beneficios\/","title":{"rendered":"Balan\u00e7 2025: com s&#8217;han utilitzat els beneficis?"},"content":{"rendered":"\n\n<div class=\"wp-block-bancaetica-blocks-blocks-block-49\">\n    <div class=\"container-block-49\">\n\n        <div class=\"header-section \">\n                            <h1 class=\"section-title\"> Balan\u00e7 2025: com s&#8217;han utilitzat els beneficis? <\/h1>\n                                        <p class=\"section-content\"> Balan\u00e7 2025: com s&#8217;han utilitzat els beneficis? <\/p>\n                                <\/div>\n\n        \n        <div class=\"block-background\" style=\"background-image: url('https:\/\/www.fiarebancaetica.coop\/app\/uploads\/sites\/2\/2026\/04\/Captura-de-pantalla-2026-04-24-133633.png')\">\n                            <div class=\"tile\">\n                    <h1 class=\"image-title\"> Balan\u00e7 2025: com s&#8217;han utilitzat els beneficis? <\/h1>\n                <\/div>             <!-- end .tile -->\n            <div class=\"bottom-content\">\n                            <\/div> <!-- end .button-content -->\n        <\/div> <!-- end .block-background -->\n    <\/div> <!-- end .container -->\n<\/div> <!-- end wp-block-bancaetica-blocks-blocks-block-06 -->\n\n\n<div class=\"wrapper-crispybacon-class wrapper-crispybacon-class-wide \">\n    \n\n<p>Cada any, quan Banca Etica tanca el seu balan\u00e7, una part del benefici es destina a projectes i iniciatives per difondre la cultura de les finances \u00e8tiques. Despr\u00e9s de l&#8217;aprovaci\u00f3 de l&#8217;assemblea, aquests recursos s&#8217;assignen a projectes de les dues fundacions del Grup, que treballen de manera coordinada a It\u00e0lia i Espanya amb l&#8217;objectiu de fer m\u00e9s comprensible el funcionament de les finances i construir eines per orientar-les.<\/p>\n\n\n\n<p>Per entendre millor com funciona aquest mecanisme i, sobretot, qu\u00e8 produeix en la pr\u00e0ctica, hem plantejat tres preguntes a<strong> Teresa Masciopinto<\/strong>, presidenta de la <em>Fondazione Finanza Etica <\/em>i vicepresidenta de la <em>Fundaci\u00f3n Finanzas \u00c9ticas.<\/em><\/p>\n\n\n<\/div>\n\n\n<h4 class=\"wp-block-heading\"><strong><strong>Teresa, comencem pel b\u00e0sic: d&#8217;on venen aquests fons i qu\u00e8 significa, en la pr\u00e0ctica, que una part dels beneficis es destini a les fundacions del Grup?<\/strong><\/strong><\/h4>\n\n\n\n<p>Provenen dels beneficis de Banca Etica. Una part es destina a l&#8217;enfortiment del patrimoni, que \u00e9s una elecci\u00f3 necess\u00e0ria per a l&#8217;estabilitat, mentre que una altra es dirigeix a fins socials i culturals. Quan parlem de &#8220;liberalitats&#8221; utilitzem un terme t\u00e8cnic que pot sonar una mica estrany, per\u00f2 el significat \u00e9s senzill: s\u00f3n recursos que el banc posa a disposici\u00f3 per a activitats que no tenen un retorn econ\u00f2mic directe, per\u00f2 que s\u00f3n coherents amb la seva missi\u00f3. Aquests recursos es confien a les dues fundacions del Grup (<em>Fondazione Finanza Etica<\/em> i <em>Fundaci\u00f3n Finanzas \u00c9ticas<\/em>), que els utilitzen per construir projectes, itineraris formatius, activitats de recerca i iniciatives als territoris.<\/p>\n\n\n\n<p>El fet que aquesta assignaci\u00f3 sigui estable en el temps marca una difer\u00e8ncia clara, perqu\u00e8 permet treballar amb continu\u00eftat en projectes plurianuals, consolidar xarxes i desenvolupar recerca i formaci\u00f3 sense haver de comen\u00e7ar de zero cada vegada.<\/p>\n\n\n\n<h4 class=\"wp-block-heading\"><strong><strong>Si haguessis d&#8217;assenyalar les activitats que millor expliquen com han utilitzat aquests recursos les dues fundacions el 2025, per on comen\u00e7aries?<\/strong><\/strong><\/h4>\n\n\n\n<p>Comen\u00e7aria per una idea: aquests recursos serveixen per fer possible un treball continuat que uneix recerca, formaci\u00f3, producci\u00f3 cultural i treball en xarxa.<\/p>\n\n\n\n<p>Un exemple \u00e9s <strong>l&#8217;Informe sobre les finances \u00e8tiques a Europa<\/strong>, que les dues fundacions realitzen juntes des de fa anys amb la FEBEA. \u00c9s un treball de recerca que ajuda a orientar el debat i a q\u00fcestionar algunes idees dominants sobre les finances.<\/p>\n\n\n\n<p>A m\u00e9s, hi ha tot el treball d&#8217;educaci\u00f3 i divulgaci\u00f3, que es canalitza a trav\u00e9s de diferents eines i projectes. A It\u00e0lia, per exemple, hi ha <em>Valorilab<\/em>, <em>EtiCall<\/em>, la S<em>ummer School <\/em>de la Fundaci\u00f3 (que ja va per la seva tercera edici\u00f3) i, a Espanya, <strong>lab.valorsocial<\/strong>. S\u00f3n espais que recullen continguts i itineraris pensats per ensenyar les finances de manera cr\u00edtica. Aquest treball s&#8217;entrella\u00e7a amb l&#8217;activitat a escoles, universitats i centres de formaci\u00f3, on oferim eines per interpretar la relaci\u00f3 entre els diners, els drets, el treball, el medi ambient i la pau. A Espanya, aquest mateix treball es desenvolupa tamb\u00e9 a trav\u00e9s del<strong> Premi Arcadi Oliveras<\/strong> i la<strong> Xarxa per a l&#8217;Educaci\u00f3 en les Finances \u00c8tiques i Solid\u00e0ries, <\/strong>una xarxa que involucra centres educatius de tot el pa\u00eds, juntament amb cursos, confer\u00e8ncies i col\u00b7laboracions culturals que continuen creixent cada any.<\/p>\n\n\n\n<p>Una altra dimensi\u00f3 important \u00e9s la de <strong>l&#8217;accionariat cr\u00edtic<\/strong> i les xarxes d\u2019implicaci\u00f3. Penso en l&#8217;experi\u00e8ncia de <em>SfC-Shareholders for Change, <\/em>per exemple, que permet treballar al costat d&#8217;altres inversors responsables europeus en temes complexos com els drets humans, el clima, la fiscalitat o les tecnologies d&#8217;alt impacte, incloses les armes aut\u00f2nomes.<\/p>\n\n\n\n<p>A aix\u00f2 s\u2019hi suma la tasca editorial i cultural, que a It\u00e0lia es realitza a trav\u00e9s de<em> Valori.it <\/em>i a Espanya mitjan\u00e7ant <strong>ValorSocial<\/strong>, i que t\u00e9 un paper essencial en la construcci\u00f3 d&#8217;informaci\u00f3 i llenguatges accessibles, ampliant l&#8217;inter\u00e8s del p\u00fablic en aquests temes.<\/p>\n\n\n\n<p>Finalment, hi ha experi\u00e8ncies m\u00e9s espec\u00edfiques que ajuden a entendre com aquest treball es tradueix tamb\u00e9 en espais de debat concrets. A It\u00e0lia, el col\u00b7lectiu <em>D!F<\/em>.<em> Donne in<\/em> <em>finanza <\/em>(Dones en finances) s&#8217;ha consolidat com un espai de reflexi\u00f3 i disseny. A Espanya, la&nbsp; <em>Fundaci\u00f3n Finanzas \u00c9ticas<\/em> ha acompanyat la posada en marxa del<strong> Grup de Dones per Fiare.<\/strong><\/p>\n\n\n\n<h4 class=\"wp-block-heading\"><strong><strong>Un \u00e0mbit que travessa moltes de les activitats de les fundacions \u00e9s la relaci\u00f3 entre les finances i la pau, que tamb\u00e9 es concreta en el treball sobre la ind\u00fastria armament\u00edstica. Entre els diversos projectes que s&#8217;estan realitzant, qu\u00e8 et sembla m\u00e9s \u00fatil destacar?<\/strong><\/strong><\/h4>\n\n\n\n<p>\u00c9s un treball que portem temps impulsant i que es desenvolupa de formes diferents en tots dos contextos.<\/p>\n\n\n\n<p>A Espanya, la Fundaci\u00f3n Finanzas \u00c9ticas col\u00b7labora des de fa anys amb el <strong>Centre Del\u00e0s d\u2019Estudis per a la Pau, <\/strong>un centre de recerca independent que estudia el comer\u00e7 d&#8217;armes, la despesa militar i el paper de les finances en el sosteniment de la ind\u00fastria b\u00e8l\u00b7lica. \u00c9s una labor d&#8217;an\u00e0lisi que aporta dades i eines al debat p\u00fablic.<\/p>\n\n\n\n<p>A It\u00e0lia, aquest comprom\u00eds es tradueix en projectes com<em> ZeroArmi<\/em>, desenvolupat per ajudar a comprendre el vincle entre les finances i la producci\u00f3 d&#8217;armament. Amb el temps, aquest treball ha guanyat espai en contextos molt diversos: les edicions de 2024 i 2025 han estat descarregades per m\u00e9s de 3.500 persones i hem realitzat m\u00e9s de 20 trobades p\u00fabliques. L&#8217;objectiu \u00e9s construir eines per analitzar la relaci\u00f3 entre les finances i la pau i, quan sigui possible, contribuir a orientar-la.<\/p>\n\n\n\n<div style=\"height:100px\" aria-hidden=\"true\" class=\"wp-block-spacer\"><\/div>\n\n\n\n<p><strong>Gr\u00e0cies, Teresa!<\/strong><\/p>\n\n\n\n<p><strong>Cita destacada: <\/strong>Pr\u00f2xima Assemblea de persones s\u00f2cies de Banca Etica el <strong>16 de maig de 2026<\/strong> a Ancona (It\u00e0lia), a<strong> Vigo (Pontevedra)<\/strong> i en l\u00ednia.&nbsp;<\/p>\n\n\n\n<div style=\"height:100px\" aria-hidden=\"true\" class=\"wp-block-spacer\"><\/div>\n\n\n\n<div class=\"wrapper-crispybacon-class wrapper-crispybacon-class-wide \">\n    \n\n<p><em>Photo credits<\/em><\/p>\n\n\n\n<ul class=\"wp-block-list\">\n<li><em>Luca Gariboldi<\/em><\/li>\n<\/ul>\n\n\n<\/div>\n\n\n<div style=\"height:48px\" aria-hidden=\"true\" class=\"wp-block-spacer\"><\/div>\n\n\n\n<div style=\"height:47px\" aria-hidden=\"true\" class=\"wp-block-spacer\"><\/div>\n\n\n\n<p><\/p>\n","protected":false},"excerpt":{"rendered":"<p>Teresa, comencem pel b\u00e0sic: d&#8217;on venen aquests fons i qu\u00e8 significa, en la pr\u00e0ctica, que una part dels beneficis es destini a les fundacions del Grup? Provenen dels beneficis de Banca Etica. Una part es destina a l&#8217;enfortiment del patrimoni, que \u00e9s una elecci\u00f3 necess\u00e0ria per a l&#8217;estabilitat, mentre que una altra es dirigeix a [&hellip;]<\/p>\n","protected":false},"author":15668,"featured_media":392443,"comment_status":"closed","ping_status":"closed","sticky":false,"template":"","format":"standard","meta":{"_acf_changed":false,"footnotes":""},"categories":[11642,11643],"tags":[11854],"coauthors":[14760],"class_list":["post-392433","post","type-post","status-publish","format-standard","has-post-thumbnail","hentry","category-etica-i-cooperativa","category-finances-etiques","tag-noticies"],"acf":[],"yoast_head":"<!-- This site is optimized with the Yoast SEO plugin v26.9 - https:\/\/yoast.com\/product\/yoast-seo-wordpress\/ -->\n<title>Balan\u00e7 2025: com s&#039;han utilitzat els beneficis?- Fiare Banca Etica<\/title>\n<meta name=\"description\" content=\"Balan\u00e7 2025: l&#039;objectiu \u00e9s construir eines per analitzar la relaci\u00f3 entre les finances i la pau.\" \/>\n<meta name=\"robots\" content=\"index, follow, max-snippet:-1, max-image-preview:large, max-video-preview:-1\" \/>\n<link rel=\"canonical\" href=\"https:\/\/www.fiarebancaetica.coop\/ca\/balance-2025-beneficios\/\" \/>\n<meta property=\"og:locale\" content=\"ca_ES\" \/>\n<meta property=\"og:type\" content=\"article\" \/>\n<meta property=\"og:title\" content=\"Balan\u00e7 2025: com s&#039;han utilitzat els beneficis?\" \/>\n<meta property=\"og:description\" content=\"Balan\u00e7 2025: l&#039;objectiu \u00e9s construir eines per analitzar la relaci\u00f3 entre les finances i la pau.\" \/>\n<meta property=\"og:url\" content=\"https:\/\/www.fiarebancaetica.coop\/ca\/balance-2025-beneficios\/\" \/>\n<meta property=\"og:site_name\" content=\"Fiare Banca Etica\" \/>\n<meta property=\"article:published_time\" content=\"2026-04-27T09:10:45+00:00\" \/>\n<meta property=\"article:modified_time\" content=\"2026-04-27T09:22:28+00:00\" \/>\n<meta property=\"og:image\" content=\"https:\/\/www.fiarebancaetica.coop\/app\/uploads\/sites\/2\/2026\/04\/Captura-de-pantalla-2026-04-24-133633.png\" \/>\n\t<meta property=\"og:image:width\" content=\"955\" \/>\n\t<meta property=\"og:image:height\" content=\"553\" \/>\n\t<meta property=\"og:image:type\" content=\"image\/png\" \/>\n<meta name=\"author\" content=\"cguzman\" \/>\n<meta name=\"twitter:card\" content=\"summary_large_image\" \/>\n<meta name=\"twitter:title\" content=\"Balan\u00e7 2025: com s&#039;han utilitzat els beneficis?\" \/>\n<meta name=\"twitter:description\" content=\"Balan\u00e7 2025: l&#039;objectiu \u00e9s construir eines per analitzar la relaci\u00f3 entre les finances i la pau.\" \/>\n<meta name=\"twitter:image\" content=\"https:\/\/www.fiarebancaetica.coop\/app\/uploads\/sites\/2\/2026\/04\/Captura-de-pantalla-2026-04-24-133633.png\" \/>\n<script type=\"application\/ld+json\" class=\"yoast-schema-graph\">{\"@context\":\"https:\/\/schema.org\",\"@graph\":[{\"@type\":\"Article\",\"@id\":\"https:\/\/www.fiarebancaetica.coop\/ca\/balance-2025-beneficios\/#article\",\"isPartOf\":{\"@id\":\"https:\/\/www.fiarebancaetica.coop\/ca\/balance-2025-beneficios\/\"},\"author\":{\"name\":\"cguzman\",\"@id\":\"https:\/\/www.fiarebancaetica.coop\/ca\/#\/schema\/person\/3e85a8533b6113671fb36bf823ef5480\"},\"headline\":\"Balan\u00e7 2025: com s&#8217;han utilitzat els beneficis?\",\"datePublished\":\"2026-04-27T09:10:45+00:00\",\"dateModified\":\"2026-04-27T09:22:28+00:00\",\"mainEntityOfPage\":{\"@id\":\"https:\/\/www.fiarebancaetica.coop\/ca\/balance-2025-beneficios\/\"},\"wordCount\":984,\"image\":{\"@id\":\"https:\/\/www.fiarebancaetica.coop\/ca\/balance-2025-beneficios\/#primaryimage\"},\"thumbnailUrl\":\"https:\/\/www.fiarebancaetica.coop\/app\/uploads\/sites\/2\/2026\/04\/Captura-de-pantalla-2026-04-24-133633.png\",\"keywords\":[\"Not\u00edcies\"],\"articleSection\":[\"\u00c8tica i cooperativa\",\"Finances \u00e8tiques\"],\"inLanguage\":\"ca\"},{\"@type\":\"WebPage\",\"@id\":\"https:\/\/www.fiarebancaetica.coop\/ca\/balance-2025-beneficios\/\",\"url\":\"https:\/\/www.fiarebancaetica.coop\/ca\/balance-2025-beneficios\/\",\"name\":\"Balan\u00e7 2025: com s'han utilitzat els beneficis?- Fiare Banca Etica\",\"isPartOf\":{\"@id\":\"https:\/\/www.fiarebancaetica.coop\/ca\/#website\"},\"primaryImageOfPage\":{\"@id\":\"https:\/\/www.fiarebancaetica.coop\/ca\/balance-2025-beneficios\/#primaryimage\"},\"image\":{\"@id\":\"https:\/\/www.fiarebancaetica.coop\/ca\/balance-2025-beneficios\/#primaryimage\"},\"thumbnailUrl\":\"https:\/\/www.fiarebancaetica.coop\/app\/uploads\/sites\/2\/2026\/04\/Captura-de-pantalla-2026-04-24-133633.png\",\"datePublished\":\"2026-04-27T09:10:45+00:00\",\"dateModified\":\"2026-04-27T09:22:28+00:00\",\"author\":{\"@id\":\"https:\/\/www.fiarebancaetica.coop\/ca\/#\/schema\/person\/3e85a8533b6113671fb36bf823ef5480\"},\"description\":\"Balan\u00e7 2025: l'objectiu \u00e9s construir eines per analitzar la relaci\u00f3 entre les finances i la pau.\",\"breadcrumb\":{\"@id\":\"https:\/\/www.fiarebancaetica.coop\/ca\/balance-2025-beneficios\/#breadcrumb\"},\"inLanguage\":\"ca\",\"potentialAction\":[{\"@type\":\"ReadAction\",\"target\":[\"https:\/\/www.fiarebancaetica.coop\/ca\/balance-2025-beneficios\/\"]}]},{\"@type\":\"ImageObject\",\"inLanguage\":\"ca\",\"@id\":\"https:\/\/www.fiarebancaetica.coop\/ca\/balance-2025-beneficios\/#primaryimage\",\"url\":\"https:\/\/www.fiarebancaetica.coop\/app\/uploads\/sites\/2\/2026\/04\/Captura-de-pantalla-2026-04-24-133633.png\",\"contentUrl\":\"https:\/\/www.fiarebancaetica.coop\/app\/uploads\/sites\/2\/2026\/04\/Captura-de-pantalla-2026-04-24-133633.png\",\"width\":955,\"height\":553,\"caption\":\"Balance 2025\"},{\"@type\":\"BreadcrumbList\",\"@id\":\"https:\/\/www.fiarebancaetica.coop\/ca\/balance-2025-beneficios\/#breadcrumb\",\"itemListElement\":[{\"@type\":\"ListItem\",\"position\":1,\"name\":\"Home\",\"item\":\"https:\/\/www.fiarebancaetica.coop\/ca\/\"},{\"@type\":\"ListItem\",\"position\":2,\"name\":\"Balan\u00e7 2025: com s&#8217;han utilitzat els beneficis?\"}]},{\"@type\":\"WebSite\",\"@id\":\"https:\/\/www.fiarebancaetica.coop\/ca\/#website\",\"url\":\"https:\/\/www.fiarebancaetica.coop\/ca\/\",\"name\":\"Fiare Banca Etica\",\"description\":\"\",\"potentialAction\":[{\"@type\":\"SearchAction\",\"target\":{\"@type\":\"EntryPoint\",\"urlTemplate\":\"https:\/\/www.fiarebancaetica.coop\/ca\/?s={search_term_string}\"},\"query-input\":{\"@type\":\"PropertyValueSpecification\",\"valueRequired\":true,\"valueName\":\"search_term_string\"}}],\"inLanguage\":\"ca\"},{\"@type\":\"Person\",\"@id\":\"https:\/\/www.fiarebancaetica.coop\/ca\/#\/schema\/person\/3e85a8533b6113671fb36bf823ef5480\",\"name\":\"cguzman\",\"image\":{\"@type\":\"ImageObject\",\"inLanguage\":\"ca\",\"@id\":\"https:\/\/www.fiarebancaetica.coop\/ca\/#\/schema\/person\/image\/0d5ea637d4f04650fcb3d8a50830024e\",\"url\":\"https:\/\/secure.gravatar.com\/avatar\/647d19fc2343ebc66b20cf610b024c66e104fbb4c4cc0ab353af7e882daedb82?s=96&d=mm&r=g\",\"contentUrl\":\"https:\/\/secure.gravatar.com\/avatar\/647d19fc2343ebc66b20cf610b024c66e104fbb4c4cc0ab353af7e882daedb82?s=96&d=mm&r=g\",\"caption\":\"cguzman\"}}]}<\/script>\n<!-- \/ Yoast SEO plugin. -->","yoast_head_json":{"title":"Balan\u00e7 2025: com s'han utilitzat els beneficis?- Fiare Banca Etica","description":"Balan\u00e7 2025: l'objectiu \u00e9s construir eines per analitzar la relaci\u00f3 entre les finances i la pau.","robots":{"index":"index","follow":"follow","max-snippet":"max-snippet:-1","max-image-preview":"max-image-preview:large","max-video-preview":"max-video-preview:-1"},"canonical":"https:\/\/www.fiarebancaetica.coop\/ca\/balance-2025-beneficios\/","og_locale":"ca_ES","og_type":"article","og_title":"Balan\u00e7 2025: com s'han utilitzat els beneficis?","og_description":"Balan\u00e7 2025: l'objectiu \u00e9s construir eines per analitzar la relaci\u00f3 entre les finances i la pau.","og_url":"https:\/\/www.fiarebancaetica.coop\/ca\/balance-2025-beneficios\/","og_site_name":"Fiare Banca Etica","article_published_time":"2026-04-27T09:10:45+00:00","article_modified_time":"2026-04-27T09:22:28+00:00","og_image":[{"width":955,"height":553,"url":"https:\/\/www.fiarebancaetica.coop\/app\/uploads\/sites\/2\/2026\/04\/Captura-de-pantalla-2026-04-24-133633.png","type":"image\/png"}],"author":"cguzman","twitter_card":"summary_large_image","twitter_title":"Balan\u00e7 2025: com s'han utilitzat els beneficis?","twitter_description":"Balan\u00e7 2025: l'objectiu \u00e9s construir eines per analitzar la relaci\u00f3 entre les finances i la pau.","twitter_image":"https:\/\/www.fiarebancaetica.coop\/app\/uploads\/sites\/2\/2026\/04\/Captura-de-pantalla-2026-04-24-133633.png","schema":{"@context":"https:\/\/schema.org","@graph":[{"@type":"Article","@id":"https:\/\/www.fiarebancaetica.coop\/ca\/balance-2025-beneficios\/#article","isPartOf":{"@id":"https:\/\/www.fiarebancaetica.coop\/ca\/balance-2025-beneficios\/"},"author":{"name":"cguzman","@id":"https:\/\/www.fiarebancaetica.coop\/ca\/#\/schema\/person\/3e85a8533b6113671fb36bf823ef5480"},"headline":"Balan\u00e7 2025: com s&#8217;han utilitzat els beneficis?","datePublished":"2026-04-27T09:10:45+00:00","dateModified":"2026-04-27T09:22:28+00:00","mainEntityOfPage":{"@id":"https:\/\/www.fiarebancaetica.coop\/ca\/balance-2025-beneficios\/"},"wordCount":984,"image":{"@id":"https:\/\/www.fiarebancaetica.coop\/ca\/balance-2025-beneficios\/#primaryimage"},"thumbnailUrl":"https:\/\/www.fiarebancaetica.coop\/app\/uploads\/sites\/2\/2026\/04\/Captura-de-pantalla-2026-04-24-133633.png","keywords":["Not\u00edcies"],"articleSection":["\u00c8tica i cooperativa","Finances \u00e8tiques"],"inLanguage":"ca"},{"@type":"WebPage","@id":"https:\/\/www.fiarebancaetica.coop\/ca\/balance-2025-beneficios\/","url":"https:\/\/www.fiarebancaetica.coop\/ca\/balance-2025-beneficios\/","name":"Balan\u00e7 2025: com s'han utilitzat els beneficis?- Fiare Banca Etica","isPartOf":{"@id":"https:\/\/www.fiarebancaetica.coop\/ca\/#website"},"primaryImageOfPage":{"@id":"https:\/\/www.fiarebancaetica.coop\/ca\/balance-2025-beneficios\/#primaryimage"},"image":{"@id":"https:\/\/www.fiarebancaetica.coop\/ca\/balance-2025-beneficios\/#primaryimage"},"thumbnailUrl":"https:\/\/www.fiarebancaetica.coop\/app\/uploads\/sites\/2\/2026\/04\/Captura-de-pantalla-2026-04-24-133633.png","datePublished":"2026-04-27T09:10:45+00:00","dateModified":"2026-04-27T09:22:28+00:00","author":{"@id":"https:\/\/www.fiarebancaetica.coop\/ca\/#\/schema\/person\/3e85a8533b6113671fb36bf823ef5480"},"description":"Balan\u00e7 2025: l'objectiu \u00e9s construir eines per analitzar la relaci\u00f3 entre les finances i la pau.","breadcrumb":{"@id":"https:\/\/www.fiarebancaetica.coop\/ca\/balance-2025-beneficios\/#breadcrumb"},"inLanguage":"ca","potentialAction":[{"@type":"ReadAction","target":["https:\/\/www.fiarebancaetica.coop\/ca\/balance-2025-beneficios\/"]}]},{"@type":"ImageObject","inLanguage":"ca","@id":"https:\/\/www.fiarebancaetica.coop\/ca\/balance-2025-beneficios\/#primaryimage","url":"https:\/\/www.fiarebancaetica.coop\/app\/uploads\/sites\/2\/2026\/04\/Captura-de-pantalla-2026-04-24-133633.png","contentUrl":"https:\/\/www.fiarebancaetica.coop\/app\/uploads\/sites\/2\/2026\/04\/Captura-de-pantalla-2026-04-24-133633.png","width":955,"height":553,"caption":"Balance 2025"},{"@type":"BreadcrumbList","@id":"https:\/\/www.fiarebancaetica.coop\/ca\/balance-2025-beneficios\/#breadcrumb","itemListElement":[{"@type":"ListItem","position":1,"name":"Home","item":"https:\/\/www.fiarebancaetica.coop\/ca\/"},{"@type":"ListItem","position":2,"name":"Balan\u00e7 2025: com s&#8217;han utilitzat els beneficis?"}]},{"@type":"WebSite","@id":"https:\/\/www.fiarebancaetica.coop\/ca\/#website","url":"https:\/\/www.fiarebancaetica.coop\/ca\/","name":"Fiare Banca Etica","description":"","potentialAction":[{"@type":"SearchAction","target":{"@type":"EntryPoint","urlTemplate":"https:\/\/www.fiarebancaetica.coop\/ca\/?s={search_term_string}"},"query-input":{"@type":"PropertyValueSpecification","valueRequired":true,"valueName":"search_term_string"}}],"inLanguage":"ca"},{"@type":"Person","@id":"https:\/\/www.fiarebancaetica.coop\/ca\/#\/schema\/person\/3e85a8533b6113671fb36bf823ef5480","name":"cguzman","image":{"@type":"ImageObject","inLanguage":"ca","@id":"https:\/\/www.fiarebancaetica.coop\/ca\/#\/schema\/person\/image\/0d5ea637d4f04650fcb3d8a50830024e","url":"https:\/\/secure.gravatar.com\/avatar\/647d19fc2343ebc66b20cf610b024c66e104fbb4c4cc0ab353af7e882daedb82?s=96&d=mm&r=g","contentUrl":"https:\/\/secure.gravatar.com\/avatar\/647d19fc2343ebc66b20cf610b024c66e104fbb4c4cc0ab353af7e882daedb82?s=96&d=mm&r=g","caption":"cguzman"}}]}},"_links":{"self":[{"href":"https:\/\/www.fiarebancaetica.coop\/ca\/wp-json\/wp\/v2\/posts\/392433","targetHints":{"allow":["GET"]}}],"collection":[{"href":"https:\/\/www.fiarebancaetica.coop\/ca\/wp-json\/wp\/v2\/posts"}],"about":[{"href":"https:\/\/www.fiarebancaetica.coop\/ca\/wp-json\/wp\/v2\/types\/post"}],"author":[{"embeddable":true,"href":"https:\/\/www.fiarebancaetica.coop\/ca\/wp-json\/wp\/v2\/users\/15668"}],"replies":[{"embeddable":true,"href":"https:\/\/www.fiarebancaetica.coop\/ca\/wp-json\/wp\/v2\/comments?post=392433"}],"version-history":[{"count":3,"href":"https:\/\/www.fiarebancaetica.coop\/ca\/wp-json\/wp\/v2\/posts\/392433\/revisions"}],"predecessor-version":[{"id":392553,"href":"https:\/\/www.fiarebancaetica.coop\/ca\/wp-json\/wp\/v2\/posts\/392433\/revisions\/392553"}],"wp:featuredmedia":[{"embeddable":true,"href":"https:\/\/www.fiarebancaetica.coop\/ca\/wp-json\/wp\/v2\/media\/392443"}],"wp:attachment":[{"href":"https:\/\/www.fiarebancaetica.coop\/ca\/wp-json\/wp\/v2\/media?parent=392433"}],"wp:term":[{"taxonomy":"category","embeddable":true,"href":"https:\/\/www.fiarebancaetica.coop\/ca\/wp-json\/wp\/v2\/categories?post=392433"},{"taxonomy":"post_tag","embeddable":true,"href":"https:\/\/www.fiarebancaetica.coop\/ca\/wp-json\/wp\/v2\/tags?post=392433"},{"taxonomy":"author","embeddable":true,"href":"https:\/\/www.fiarebancaetica.coop\/ca\/wp-json\/wp\/v2\/coauthors?post=392433"}],"curies":[{"name":"wp","href":"https:\/\/api.w.org\/{rel}","templated":true}]}}