{"id":348520,"date":"2021-04-03T10:33:04","date_gmt":"2021-04-03T08:33:04","guid":{"rendered":"https:\/\/www.fiarebancaetica.coop\/articolo\/composicio-del-git-dalacat-castello-i-valencia-despres-de-lultima-assemblea\/"},"modified":"2024-02-21T09:18:56","modified_gmt":"2024-02-21T08:18:56","slug":"composicio-del-git-dalacat-castello-i-valencia-despres-de-lultima-assemblea","status":"publish","type":"cbwpt_git_posts","link":"https:\/\/www.fiarebancaetica.coop\/eu\/articolo\/composicio-del-git-dalacat-castello-i-valencia-despres-de-lultima-assemblea\/","title":{"rendered":"Composici\u00f3 del GIT d&#8217;Alacat, Castell\u00f3 i Val\u00e8ncia despr\u00e9s de l&#8217;\u00faltima Assemblea"},"author":1,"featured_media":0,"parent":0,"template":"","meta":{"_acf_changed":false},"git_tags":[11230],"coauthors":[2888],"class_list":["post-348520","cbwpt_git_posts","type-cbwpt_git_posts","status-publish","hentry"],"acf":[],"yoast_head":"<!-- This site is optimized with the Yoast SEO plugin v26.9 - https:\/\/yoast.com\/product\/yoast-seo-wordpress\/ -->\n<title>Composici\u00f3 del GIT d&#039;Alacat, Castell\u00f3 i Val\u00e8ncia despr\u00e9s de l&#039;\u00faltima Assemblea - Fiare Banca Etica<\/title>\n<meta name=\"robots\" content=\"index, follow, max-snippet:-1, max-image-preview:large, max-video-preview:-1\" \/>\n<link rel=\"canonical\" href=\"https:\/\/www.fiarebancaetica.coop\/eu\/articolo\/composicio-del-git-dalacat-castello-i-valencia-despres-de-lultima-assemblea\/\" \/>\n<meta property=\"og:locale\" content=\"eu_ES\" \/>\n<meta property=\"og:type\" content=\"article\" \/>\n<meta property=\"og:title\" content=\"Composici\u00f3 del GIT d&#039;Alacat, Castell\u00f3 i Val\u00e8ncia despr\u00e9s de l&#039;\u00faltima Assemblea - Fiare Banca Etica\" \/>\n<meta property=\"og:description\" content=\"Benvolgudes s\u00f2cies i socis. Despr\u00e9s de l&#8217;\u00faltima Assemblea telem\u00e0tica celebrada el passat 2021.01.27, en la primera reuni\u00f3 del GIT es van assignar les diferents responsabilitats de gesti\u00f3 interna, tenint en compte que es tracta \u00a0d&#8217;un \u00a0treball \u00a0en \u00a0equip. \u00a0En \u00a0aquest \u00a0sentit, \u00a0la \u00a0composici\u00f3 \u00a0del \u00a0GIT \u00a0va \u00a0quedar \u00a0de \u00a0la \u00a0seg\u00fcent \u00a0manera: AHMED MOHAMED, VOCAL DANIEL [&hellip;]\" \/>\n<meta property=\"og:url\" content=\"https:\/\/www.fiarebancaetica.coop\/eu\/articolo\/composicio-del-git-dalacat-castello-i-valencia-despres-de-lultima-assemblea\/\" \/>\n<meta property=\"og:site_name\" content=\"Fiare Banca Etica\" \/>\n<meta property=\"article:modified_time\" content=\"2024-02-21T08:18:56+00:00\" \/>\n<meta name=\"twitter:card\" content=\"summary_large_image\" \/>\n<script type=\"application\/ld+json\" class=\"yoast-schema-graph\">{\"@context\":\"https:\/\/schema.org\",\"@graph\":[{\"@type\":\"WebPage\",\"@id\":\"https:\/\/www.fiarebancaetica.coop\/eu\/articolo\/composicio-del-git-dalacat-castello-i-valencia-despres-de-lultima-assemblea\/\",\"url\":\"https:\/\/www.fiarebancaetica.coop\/eu\/articolo\/composicio-del-git-dalacat-castello-i-valencia-despres-de-lultima-assemblea\/\",\"name\":\"Composici\u00f3 del GIT d'Alacat, Castell\u00f3 i Val\u00e8ncia despr\u00e9s de l'\u00faltima Assemblea - Fiare Banca Etica\",\"isPartOf\":{\"@id\":\"https:\/\/www.fiarebancaetica.coop\/eu\/#website\"},\"datePublished\":\"2021-04-03T08:33:04+00:00\",\"dateModified\":\"2024-02-21T08:18:56+00:00\",\"breadcrumb\":{\"@id\":\"https:\/\/www.fiarebancaetica.coop\/eu\/articolo\/composicio-del-git-dalacat-castello-i-valencia-despres-de-lultima-assemblea\/#breadcrumb\"},\"inLanguage\":\"eu\",\"potentialAction\":[{\"@type\":\"ReadAction\",\"target\":[\"https:\/\/www.fiarebancaetica.coop\/eu\/articolo\/composicio-del-git-dalacat-castello-i-valencia-despres-de-lultima-assemblea\/\"]}]},{\"@type\":\"BreadcrumbList\",\"@id\":\"https:\/\/www.fiarebancaetica.coop\/eu\/articolo\/composicio-del-git-dalacat-castello-i-valencia-despres-de-lultima-assemblea\/#breadcrumb\",\"itemListElement\":[{\"@type\":\"ListItem\",\"position\":1,\"name\":\"Home\",\"item\":\"https:\/\/www.fiarebancaetica.coop\/eu\/\"},{\"@type\":\"ListItem\",\"position\":2,\"name\":\"Composici\u00f3 del GIT d&#8217;Alacat, Castell\u00f3 i Val\u00e8ncia despr\u00e9s de l&#8217;\u00faltima Assemblea\"}]},{\"@type\":\"WebSite\",\"@id\":\"https:\/\/www.fiarebancaetica.coop\/eu\/#website\",\"url\":\"https:\/\/www.fiarebancaetica.coop\/eu\/\",\"name\":\"Fiare Banca Etica\",\"description\":\"\",\"potentialAction\":[{\"@type\":\"SearchAction\",\"target\":{\"@type\":\"EntryPoint\",\"urlTemplate\":\"https:\/\/www.fiarebancaetica.coop\/eu\/?s={search_term_string}\"},\"query-input\":{\"@type\":\"PropertyValueSpecification\",\"valueRequired\":true,\"valueName\":\"search_term_string\"}}],\"inLanguage\":\"eu\"}]}<\/script>\n<!-- \/ Yoast SEO plugin. -->","yoast_head_json":{"title":"Composici\u00f3 del GIT d'Alacat, Castell\u00f3 i Val\u00e8ncia despr\u00e9s de l'\u00faltima Assemblea - Fiare Banca Etica","robots":{"index":"index","follow":"follow","max-snippet":"max-snippet:-1","max-image-preview":"max-image-preview:large","max-video-preview":"max-video-preview:-1"},"canonical":"https:\/\/www.fiarebancaetica.coop\/eu\/articolo\/composicio-del-git-dalacat-castello-i-valencia-despres-de-lultima-assemblea\/","og_locale":"eu_ES","og_type":"article","og_title":"Composici\u00f3 del GIT d'Alacat, Castell\u00f3 i Val\u00e8ncia despr\u00e9s de l'\u00faltima Assemblea - Fiare Banca Etica","og_description":"Benvolgudes s\u00f2cies i socis. Despr\u00e9s de l&#8217;\u00faltima Assemblea telem\u00e0tica celebrada el passat 2021.01.27, en la primera reuni\u00f3 del GIT es van assignar les diferents responsabilitats de gesti\u00f3 interna, tenint en compte que es tracta \u00a0d&#8217;un \u00a0treball \u00a0en \u00a0equip. \u00a0En \u00a0aquest \u00a0sentit, \u00a0la \u00a0composici\u00f3 \u00a0del \u00a0GIT \u00a0va \u00a0quedar \u00a0de \u00a0la \u00a0seg\u00fcent \u00a0manera: AHMED MOHAMED, VOCAL DANIEL [&hellip;]","og_url":"https:\/\/www.fiarebancaetica.coop\/eu\/articolo\/composicio-del-git-dalacat-castello-i-valencia-despres-de-lultima-assemblea\/","og_site_name":"Fiare Banca Etica","article_modified_time":"2024-02-21T08:18:56+00:00","twitter_card":"summary_large_image","schema":{"@context":"https:\/\/schema.org","@graph":[{"@type":"WebPage","@id":"https:\/\/www.fiarebancaetica.coop\/eu\/articolo\/composicio-del-git-dalacat-castello-i-valencia-despres-de-lultima-assemblea\/","url":"https:\/\/www.fiarebancaetica.coop\/eu\/articolo\/composicio-del-git-dalacat-castello-i-valencia-despres-de-lultima-assemblea\/","name":"Composici\u00f3 del GIT d'Alacat, Castell\u00f3 i Val\u00e8ncia despr\u00e9s de l'\u00faltima Assemblea - Fiare Banca Etica","isPartOf":{"@id":"https:\/\/www.fiarebancaetica.coop\/eu\/#website"},"datePublished":"2021-04-03T08:33:04+00:00","dateModified":"2024-02-21T08:18:56+00:00","breadcrumb":{"@id":"https:\/\/www.fiarebancaetica.coop\/eu\/articolo\/composicio-del-git-dalacat-castello-i-valencia-despres-de-lultima-assemblea\/#breadcrumb"},"inLanguage":"eu","potentialAction":[{"@type":"ReadAction","target":["https:\/\/www.fiarebancaetica.coop\/eu\/articolo\/composicio-del-git-dalacat-castello-i-valencia-despres-de-lultima-assemblea\/"]}]},{"@type":"BreadcrumbList","@id":"https:\/\/www.fiarebancaetica.coop\/eu\/articolo\/composicio-del-git-dalacat-castello-i-valencia-despres-de-lultima-assemblea\/#breadcrumb","itemListElement":[{"@type":"ListItem","position":1,"name":"Home","item":"https:\/\/www.fiarebancaetica.coop\/eu\/"},{"@type":"ListItem","position":2,"name":"Composici\u00f3 del GIT d&#8217;Alacat, Castell\u00f3 i Val\u00e8ncia despr\u00e9s de l&#8217;\u00faltima Assemblea"}]},{"@type":"WebSite","@id":"https:\/\/www.fiarebancaetica.coop\/eu\/#website","url":"https:\/\/www.fiarebancaetica.coop\/eu\/","name":"Fiare Banca Etica","description":"","potentialAction":[{"@type":"SearchAction","target":{"@type":"EntryPoint","urlTemplate":"https:\/\/www.fiarebancaetica.coop\/eu\/?s={search_term_string}"},"query-input":{"@type":"PropertyValueSpecification","valueRequired":true,"valueName":"search_term_string"}}],"inLanguage":"eu"}]}},"_links":{"self":[{"href":"https:\/\/www.fiarebancaetica.coop\/eu\/wp-json\/wp\/v2\/cbwpt_git_posts\/348520","targetHints":{"allow":["GET"]}}],"collection":[{"href":"https:\/\/www.fiarebancaetica.coop\/eu\/wp-json\/wp\/v2\/cbwpt_git_posts"}],"about":[{"href":"https:\/\/www.fiarebancaetica.coop\/eu\/wp-json\/wp\/v2\/types\/cbwpt_git_posts"}],"author":[{"embeddable":true,"href":"https:\/\/www.fiarebancaetica.coop\/eu\/wp-json\/wp\/v2\/users\/1"}],"version-history":[{"count":1,"href":"https:\/\/www.fiarebancaetica.coop\/eu\/wp-json\/wp\/v2\/cbwpt_git_posts\/348520\/revisions"}],"predecessor-version":[{"id":348524,"href":"https:\/\/www.fiarebancaetica.coop\/eu\/wp-json\/wp\/v2\/cbwpt_git_posts\/348520\/revisions\/348524"}],"wp:attachment":[{"href":"https:\/\/www.fiarebancaetica.coop\/eu\/wp-json\/wp\/v2\/media?parent=348520"}],"wp:term":[{"taxonomy":"cbwpt_tags","embeddable":true,"href":"https:\/\/www.fiarebancaetica.coop\/eu\/wp-json\/wp\/v2\/git_tags?post=348520"},{"taxonomy":"author","embeddable":true,"href":"https:\/\/www.fiarebancaetica.coop\/eu\/wp-json\/wp\/v2\/coauthors?post=348520"}],"curies":[{"name":"wp","href":"https:\/\/api.w.org\/{rel}","templated":true}]}}