{"id":348528,"date":"2021-03-15T10:34:56","date_gmt":"2021-03-15T09:34:56","guid":{"rendered":"https:\/\/www.fiarebancaetica.coop\/articolo\/joves-x-fiare-visita-al-projecte-els-cirerers\/"},"modified":"2024-02-21T09:19:08","modified_gmt":"2024-02-21T08:19:08","slug":"joves-x-fiare-visita-al-projecte-els-cirerers","status":"publish","type":"cbwpt_git_posts","link":"https:\/\/www.fiarebancaetica.coop\/eu\/articolo\/joves-x-fiare-visita-al-projecte-els-cirerers\/","title":{"rendered":"Joves x Fiare &#8211; Visita al projecte &#8220;Els Cirerers&#8221;"},"author":1,"featured_media":361962,"parent":0,"template":"","meta":{"_acf_changed":false},"git_tags":[11225],"coauthors":[2888],"class_list":["post-348528","cbwpt_git_posts","type-cbwpt_git_posts","status-publish","has-post-thumbnail","hentry"],"acf":[],"yoast_head":"<!-- This site is optimized with the Yoast SEO plugin v26.9 - https:\/\/yoast.com\/product\/yoast-seo-wordpress\/ -->\n<title>Joves x Fiare - Visita al projecte &quot;Els Cirerers&quot; - Fiare Banca Etica<\/title>\n<meta name=\"robots\" content=\"index, follow, max-snippet:-1, max-image-preview:large, max-video-preview:-1\" \/>\n<link rel=\"canonical\" href=\"https:\/\/www.fiarebancaetica.coop\/eu\/articolo\/joves-x-fiare-visita-al-projecte-els-cirerers\/\" \/>\n<meta property=\"og:locale\" content=\"eu_ES\" \/>\n<meta property=\"og:type\" content=\"article\" \/>\n<meta property=\"og:title\" content=\"Joves x Fiare - Visita al projecte &quot;Els Cirerers&quot; - Fiare Banca Etica\" \/>\n<meta property=\"og:description\" content=\"El 10 de mar\u00e7 el grup de Joves x Fiare, que compta amb membres de del GIT de Barcelona va fer una visita al projecte &#8220;Els Cirerers&#8221;, cooperativa de vivenda en cessi\u00f3 d&#8217;\u00fas promoguda per Sostre C\u00edvic i finan\u00e7ada per Fiare Banca Etica. Es tracta d&#8217;un edifici constru\u00eft amb materials ecol\u00f2gics, amb t\u00e8cniques de sostenibilitat [&hellip;]\" \/>\n<meta property=\"og:url\" content=\"https:\/\/www.fiarebancaetica.coop\/eu\/articolo\/joves-x-fiare-visita-al-projecte-els-cirerers\/\" \/>\n<meta property=\"og:site_name\" content=\"Fiare Banca Etica\" \/>\n<meta property=\"article:modified_time\" content=\"2024-02-21T08:19:08+00:00\" \/>\n<meta property=\"og:image\" content=\"https:\/\/www.fiarebancaetica.coop\/app\/uploads\/sites\/2\/2024\/01\/cover-68.jpg\" \/>\n\t<meta property=\"og:image:width\" content=\"1200\" \/>\n\t<meta property=\"og:image:height\" content=\"1600\" \/>\n\t<meta property=\"og:image:type\" content=\"image\/jpeg\" \/>\n<meta name=\"twitter:card\" content=\"summary_large_image\" \/>\n<script type=\"application\/ld+json\" class=\"yoast-schema-graph\">{\"@context\":\"https:\/\/schema.org\",\"@graph\":[{\"@type\":\"WebPage\",\"@id\":\"https:\/\/www.fiarebancaetica.coop\/eu\/articolo\/joves-x-fiare-visita-al-projecte-els-cirerers\/\",\"url\":\"https:\/\/www.fiarebancaetica.coop\/eu\/articolo\/joves-x-fiare-visita-al-projecte-els-cirerers\/\",\"name\":\"Joves x Fiare - Visita al projecte \\\"Els Cirerers\\\" - Fiare Banca Etica\",\"isPartOf\":{\"@id\":\"https:\/\/www.fiarebancaetica.coop\/eu\/#website\"},\"primaryImageOfPage\":{\"@id\":\"https:\/\/www.fiarebancaetica.coop\/eu\/articolo\/joves-x-fiare-visita-al-projecte-els-cirerers\/#primaryimage\"},\"image\":{\"@id\":\"https:\/\/www.fiarebancaetica.coop\/eu\/articolo\/joves-x-fiare-visita-al-projecte-els-cirerers\/#primaryimage\"},\"thumbnailUrl\":\"https:\/\/www.fiarebancaetica.coop\/app\/uploads\/sites\/2\/2024\/01\/cover-68.jpg\",\"datePublished\":\"2021-03-15T09:34:56+00:00\",\"dateModified\":\"2024-02-21T08:19:08+00:00\",\"breadcrumb\":{\"@id\":\"https:\/\/www.fiarebancaetica.coop\/eu\/articolo\/joves-x-fiare-visita-al-projecte-els-cirerers\/#breadcrumb\"},\"inLanguage\":\"eu\",\"potentialAction\":[{\"@type\":\"ReadAction\",\"target\":[\"https:\/\/www.fiarebancaetica.coop\/eu\/articolo\/joves-x-fiare-visita-al-projecte-els-cirerers\/\"]}]},{\"@type\":\"ImageObject\",\"inLanguage\":\"eu\",\"@id\":\"https:\/\/www.fiarebancaetica.coop\/eu\/articolo\/joves-x-fiare-visita-al-projecte-els-cirerers\/#primaryimage\",\"url\":\"https:\/\/www.fiarebancaetica.coop\/app\/uploads\/sites\/2\/2024\/01\/cover-68.jpg\",\"contentUrl\":\"https:\/\/www.fiarebancaetica.coop\/app\/uploads\/sites\/2\/2024\/01\/cover-68.jpg\",\"width\":1200,\"height\":1600},{\"@type\":\"BreadcrumbList\",\"@id\":\"https:\/\/www.fiarebancaetica.coop\/eu\/articolo\/joves-x-fiare-visita-al-projecte-els-cirerers\/#breadcrumb\",\"itemListElement\":[{\"@type\":\"ListItem\",\"position\":1,\"name\":\"Home\",\"item\":\"https:\/\/www.fiarebancaetica.coop\/eu\/\"},{\"@type\":\"ListItem\",\"position\":2,\"name\":\"Joves x Fiare &#8211; Visita al projecte &#8220;Els Cirerers&#8221;\"}]},{\"@type\":\"WebSite\",\"@id\":\"https:\/\/www.fiarebancaetica.coop\/eu\/#website\",\"url\":\"https:\/\/www.fiarebancaetica.coop\/eu\/\",\"name\":\"Fiare Banca Etica\",\"description\":\"\",\"potentialAction\":[{\"@type\":\"SearchAction\",\"target\":{\"@type\":\"EntryPoint\",\"urlTemplate\":\"https:\/\/www.fiarebancaetica.coop\/eu\/?s={search_term_string}\"},\"query-input\":{\"@type\":\"PropertyValueSpecification\",\"valueRequired\":true,\"valueName\":\"search_term_string\"}}],\"inLanguage\":\"eu\"}]}<\/script>\n<!-- \/ Yoast SEO plugin. -->","yoast_head_json":{"title":"Joves x Fiare - Visita al projecte \"Els Cirerers\" - Fiare Banca Etica","robots":{"index":"index","follow":"follow","max-snippet":"max-snippet:-1","max-image-preview":"max-image-preview:large","max-video-preview":"max-video-preview:-1"},"canonical":"https:\/\/www.fiarebancaetica.coop\/eu\/articolo\/joves-x-fiare-visita-al-projecte-els-cirerers\/","og_locale":"eu_ES","og_type":"article","og_title":"Joves x Fiare - Visita al projecte \"Els Cirerers\" - Fiare Banca Etica","og_description":"El 10 de mar\u00e7 el grup de Joves x Fiare, que compta amb membres de del GIT de Barcelona va fer una visita al projecte &#8220;Els Cirerers&#8221;, cooperativa de vivenda en cessi\u00f3 d&#8217;\u00fas promoguda per Sostre C\u00edvic i finan\u00e7ada per Fiare Banca Etica. Es tracta d&#8217;un edifici constru\u00eft amb materials ecol\u00f2gics, amb t\u00e8cniques de sostenibilitat [&hellip;]","og_url":"https:\/\/www.fiarebancaetica.coop\/eu\/articolo\/joves-x-fiare-visita-al-projecte-els-cirerers\/","og_site_name":"Fiare Banca Etica","article_modified_time":"2024-02-21T08:19:08+00:00","og_image":[{"width":1200,"height":1600,"url":"https:\/\/www.fiarebancaetica.coop\/app\/uploads\/sites\/2\/2024\/01\/cover-68.jpg","type":"image\/jpeg"}],"twitter_card":"summary_large_image","schema":{"@context":"https:\/\/schema.org","@graph":[{"@type":"WebPage","@id":"https:\/\/www.fiarebancaetica.coop\/eu\/articolo\/joves-x-fiare-visita-al-projecte-els-cirerers\/","url":"https:\/\/www.fiarebancaetica.coop\/eu\/articolo\/joves-x-fiare-visita-al-projecte-els-cirerers\/","name":"Joves x Fiare - Visita al projecte \"Els Cirerers\" - Fiare Banca Etica","isPartOf":{"@id":"https:\/\/www.fiarebancaetica.coop\/eu\/#website"},"primaryImageOfPage":{"@id":"https:\/\/www.fiarebancaetica.coop\/eu\/articolo\/joves-x-fiare-visita-al-projecte-els-cirerers\/#primaryimage"},"image":{"@id":"https:\/\/www.fiarebancaetica.coop\/eu\/articolo\/joves-x-fiare-visita-al-projecte-els-cirerers\/#primaryimage"},"thumbnailUrl":"https:\/\/www.fiarebancaetica.coop\/app\/uploads\/sites\/2\/2024\/01\/cover-68.jpg","datePublished":"2021-03-15T09:34:56+00:00","dateModified":"2024-02-21T08:19:08+00:00","breadcrumb":{"@id":"https:\/\/www.fiarebancaetica.coop\/eu\/articolo\/joves-x-fiare-visita-al-projecte-els-cirerers\/#breadcrumb"},"inLanguage":"eu","potentialAction":[{"@type":"ReadAction","target":["https:\/\/www.fiarebancaetica.coop\/eu\/articolo\/joves-x-fiare-visita-al-projecte-els-cirerers\/"]}]},{"@type":"ImageObject","inLanguage":"eu","@id":"https:\/\/www.fiarebancaetica.coop\/eu\/articolo\/joves-x-fiare-visita-al-projecte-els-cirerers\/#primaryimage","url":"https:\/\/www.fiarebancaetica.coop\/app\/uploads\/sites\/2\/2024\/01\/cover-68.jpg","contentUrl":"https:\/\/www.fiarebancaetica.coop\/app\/uploads\/sites\/2\/2024\/01\/cover-68.jpg","width":1200,"height":1600},{"@type":"BreadcrumbList","@id":"https:\/\/www.fiarebancaetica.coop\/eu\/articolo\/joves-x-fiare-visita-al-projecte-els-cirerers\/#breadcrumb","itemListElement":[{"@type":"ListItem","position":1,"name":"Home","item":"https:\/\/www.fiarebancaetica.coop\/eu\/"},{"@type":"ListItem","position":2,"name":"Joves x Fiare &#8211; Visita al projecte &#8220;Els Cirerers&#8221;"}]},{"@type":"WebSite","@id":"https:\/\/www.fiarebancaetica.coop\/eu\/#website","url":"https:\/\/www.fiarebancaetica.coop\/eu\/","name":"Fiare Banca Etica","description":"","potentialAction":[{"@type":"SearchAction","target":{"@type":"EntryPoint","urlTemplate":"https:\/\/www.fiarebancaetica.coop\/eu\/?s={search_term_string}"},"query-input":{"@type":"PropertyValueSpecification","valueRequired":true,"valueName":"search_term_string"}}],"inLanguage":"eu"}]}},"_links":{"self":[{"href":"https:\/\/www.fiarebancaetica.coop\/eu\/wp-json\/wp\/v2\/cbwpt_git_posts\/348528","targetHints":{"allow":["GET"]}}],"collection":[{"href":"https:\/\/www.fiarebancaetica.coop\/eu\/wp-json\/wp\/v2\/cbwpt_git_posts"}],"about":[{"href":"https:\/\/www.fiarebancaetica.coop\/eu\/wp-json\/wp\/v2\/types\/cbwpt_git_posts"}],"author":[{"embeddable":true,"href":"https:\/\/www.fiarebancaetica.coop\/eu\/wp-json\/wp\/v2\/users\/1"}],"version-history":[{"count":1,"href":"https:\/\/www.fiarebancaetica.coop\/eu\/wp-json\/wp\/v2\/cbwpt_git_posts\/348528\/revisions"}],"predecessor-version":[{"id":351437,"href":"https:\/\/www.fiarebancaetica.coop\/eu\/wp-json\/wp\/v2\/cbwpt_git_posts\/348528\/revisions\/351437"}],"wp:featuredmedia":[{"embeddable":true,"href":"https:\/\/www.fiarebancaetica.coop\/eu\/wp-json\/wp\/v2\/media\/361962"}],"wp:attachment":[{"href":"https:\/\/www.fiarebancaetica.coop\/eu\/wp-json\/wp\/v2\/media?parent=348528"}],"wp:term":[{"taxonomy":"cbwpt_tags","embeddable":true,"href":"https:\/\/www.fiarebancaetica.coop\/eu\/wp-json\/wp\/v2\/git_tags?post=348528"},{"taxonomy":"author","embeddable":true,"href":"https:\/\/www.fiarebancaetica.coop\/eu\/wp-json\/wp\/v2\/coauthors?post=348528"}],"curies":[{"name":"wp","href":"https:\/\/api.w.org\/{rel}","templated":true}]}}