{"id":348721,"date":"2020-01-27T20:14:16","date_gmt":"2020-01-27T19:14:16","guid":{"rendered":"https:\/\/www.fiarebancaetica.coop\/articolo\/iniciativas-cooperativas-en-valladolid\/"},"modified":"2024-02-21T09:27:59","modified_gmt":"2024-02-21T08:27:59","slug":"iniciativas-cooperativas-en-valladolid","status":"publish","type":"cbwpt_git_posts","link":"https:\/\/www.fiarebancaetica.coop\/eu\/articolo\/iniciativas-cooperativas-en-valladolid\/","title":{"rendered":"Iniciativas Cooperativas en Valladolid"},"author":1,"featured_media":362180,"parent":0,"template":"","meta":{"_acf_changed":false},"git_tags":[11220],"coauthors":[2888],"class_list":["post-348721","cbwpt_git_posts","type-cbwpt_git_posts","status-publish","has-post-thumbnail","hentry"],"acf":[],"yoast_head":"<!-- This site is optimized with the Yoast SEO plugin v26.9 - https:\/\/yoast.com\/product\/yoast-seo-wordpress\/ -->\n<title>Iniciativas Cooperativas en Valladolid - Fiare Banca Etica<\/title>\n<meta name=\"robots\" content=\"index, follow, max-snippet:-1, max-image-preview:large, max-video-preview:-1\" \/>\n<link rel=\"canonical\" href=\"https:\/\/www.fiarebancaetica.coop\/eu\/articolo\/iniciativas-cooperativas-en-valladolid\/\" \/>\n<meta property=\"og:locale\" content=\"eu_ES\" \/>\n<meta property=\"og:type\" content=\"article\" \/>\n<meta property=\"og:title\" content=\"Iniciativas Cooperativas en Valladolid - Fiare Banca Etica\" \/>\n<meta property=\"og:description\" content=\"Este jueves, en el Centro C\u00edvico B.V.E. ante unas 50 personas asistentes, hemos compartido charla junto con compas de Energ\u00e9tica y la reci\u00e9n creada Cooperativa de Movilidad Sostenible CyL. Interesante encuentro donde se visualiz\u00f3 n\u00edtidamente las sinergias y mutualidad del Cooperativismo de Econom\u00eda Solidaria en nuestra ciudad. Gracias a Greenpeace por la organizaci\u00f3n de esta [&hellip;]\" \/>\n<meta property=\"og:url\" content=\"https:\/\/www.fiarebancaetica.coop\/eu\/articolo\/iniciativas-cooperativas-en-valladolid\/\" \/>\n<meta property=\"og:site_name\" content=\"Fiare Banca Etica\" \/>\n<meta property=\"article:modified_time\" content=\"2024-02-21T08:27:59+00:00\" \/>\n<meta property=\"og:image\" content=\"https:\/\/www.fiarebancaetica.coop\/app\/uploads\/sites\/2\/2024\/01\/cover-112.jpg\" \/>\n\t<meta property=\"og:image:width\" content=\"1600\" \/>\n\t<meta property=\"og:image:height\" content=\"900\" \/>\n\t<meta property=\"og:image:type\" content=\"image\/jpeg\" \/>\n<meta name=\"twitter:card\" content=\"summary_large_image\" \/>\n<script type=\"application\/ld+json\" class=\"yoast-schema-graph\">{\"@context\":\"https:\/\/schema.org\",\"@graph\":[{\"@type\":\"WebPage\",\"@id\":\"https:\/\/www.fiarebancaetica.coop\/eu\/articolo\/iniciativas-cooperativas-en-valladolid\/\",\"url\":\"https:\/\/www.fiarebancaetica.coop\/eu\/articolo\/iniciativas-cooperativas-en-valladolid\/\",\"name\":\"Iniciativas Cooperativas en Valladolid - Fiare Banca Etica\",\"isPartOf\":{\"@id\":\"https:\/\/www.fiarebancaetica.coop\/eu\/#website\"},\"primaryImageOfPage\":{\"@id\":\"https:\/\/www.fiarebancaetica.coop\/eu\/articolo\/iniciativas-cooperativas-en-valladolid\/#primaryimage\"},\"image\":{\"@id\":\"https:\/\/www.fiarebancaetica.coop\/eu\/articolo\/iniciativas-cooperativas-en-valladolid\/#primaryimage\"},\"thumbnailUrl\":\"https:\/\/www.fiarebancaetica.coop\/app\/uploads\/sites\/2\/2024\/01\/cover-112.jpg\",\"datePublished\":\"2020-01-27T19:14:16+00:00\",\"dateModified\":\"2024-02-21T08:27:59+00:00\",\"breadcrumb\":{\"@id\":\"https:\/\/www.fiarebancaetica.coop\/eu\/articolo\/iniciativas-cooperativas-en-valladolid\/#breadcrumb\"},\"inLanguage\":\"eu\",\"potentialAction\":[{\"@type\":\"ReadAction\",\"target\":[\"https:\/\/www.fiarebancaetica.coop\/eu\/articolo\/iniciativas-cooperativas-en-valladolid\/\"]}]},{\"@type\":\"ImageObject\",\"inLanguage\":\"eu\",\"@id\":\"https:\/\/www.fiarebancaetica.coop\/eu\/articolo\/iniciativas-cooperativas-en-valladolid\/#primaryimage\",\"url\":\"https:\/\/www.fiarebancaetica.coop\/app\/uploads\/sites\/2\/2024\/01\/cover-112.jpg\",\"contentUrl\":\"https:\/\/www.fiarebancaetica.coop\/app\/uploads\/sites\/2\/2024\/01\/cover-112.jpg\",\"width\":1600,\"height\":900},{\"@type\":\"BreadcrumbList\",\"@id\":\"https:\/\/www.fiarebancaetica.coop\/eu\/articolo\/iniciativas-cooperativas-en-valladolid\/#breadcrumb\",\"itemListElement\":[{\"@type\":\"ListItem\",\"position\":1,\"name\":\"Home\",\"item\":\"https:\/\/www.fiarebancaetica.coop\/eu\/\"},{\"@type\":\"ListItem\",\"position\":2,\"name\":\"Iniciativas Cooperativas en Valladolid\"}]},{\"@type\":\"WebSite\",\"@id\":\"https:\/\/www.fiarebancaetica.coop\/eu\/#website\",\"url\":\"https:\/\/www.fiarebancaetica.coop\/eu\/\",\"name\":\"Fiare Banca Etica\",\"description\":\"\",\"potentialAction\":[{\"@type\":\"SearchAction\",\"target\":{\"@type\":\"EntryPoint\",\"urlTemplate\":\"https:\/\/www.fiarebancaetica.coop\/eu\/?s={search_term_string}\"},\"query-input\":{\"@type\":\"PropertyValueSpecification\",\"valueRequired\":true,\"valueName\":\"search_term_string\"}}],\"inLanguage\":\"eu\"}]}<\/script>\n<!-- \/ Yoast SEO plugin. -->","yoast_head_json":{"title":"Iniciativas Cooperativas en Valladolid - Fiare Banca Etica","robots":{"index":"index","follow":"follow","max-snippet":"max-snippet:-1","max-image-preview":"max-image-preview:large","max-video-preview":"max-video-preview:-1"},"canonical":"https:\/\/www.fiarebancaetica.coop\/eu\/articolo\/iniciativas-cooperativas-en-valladolid\/","og_locale":"eu_ES","og_type":"article","og_title":"Iniciativas Cooperativas en Valladolid - Fiare Banca Etica","og_description":"Este jueves, en el Centro C\u00edvico B.V.E. ante unas 50 personas asistentes, hemos compartido charla junto con compas de Energ\u00e9tica y la reci\u00e9n creada Cooperativa de Movilidad Sostenible CyL. Interesante encuentro donde se visualiz\u00f3 n\u00edtidamente las sinergias y mutualidad del Cooperativismo de Econom\u00eda Solidaria en nuestra ciudad. Gracias a Greenpeace por la organizaci\u00f3n de esta [&hellip;]","og_url":"https:\/\/www.fiarebancaetica.coop\/eu\/articolo\/iniciativas-cooperativas-en-valladolid\/","og_site_name":"Fiare Banca Etica","article_modified_time":"2024-02-21T08:27:59+00:00","og_image":[{"width":1600,"height":900,"url":"https:\/\/www.fiarebancaetica.coop\/app\/uploads\/sites\/2\/2024\/01\/cover-112.jpg","type":"image\/jpeg"}],"twitter_card":"summary_large_image","schema":{"@context":"https:\/\/schema.org","@graph":[{"@type":"WebPage","@id":"https:\/\/www.fiarebancaetica.coop\/eu\/articolo\/iniciativas-cooperativas-en-valladolid\/","url":"https:\/\/www.fiarebancaetica.coop\/eu\/articolo\/iniciativas-cooperativas-en-valladolid\/","name":"Iniciativas Cooperativas en Valladolid - Fiare Banca Etica","isPartOf":{"@id":"https:\/\/www.fiarebancaetica.coop\/eu\/#website"},"primaryImageOfPage":{"@id":"https:\/\/www.fiarebancaetica.coop\/eu\/articolo\/iniciativas-cooperativas-en-valladolid\/#primaryimage"},"image":{"@id":"https:\/\/www.fiarebancaetica.coop\/eu\/articolo\/iniciativas-cooperativas-en-valladolid\/#primaryimage"},"thumbnailUrl":"https:\/\/www.fiarebancaetica.coop\/app\/uploads\/sites\/2\/2024\/01\/cover-112.jpg","datePublished":"2020-01-27T19:14:16+00:00","dateModified":"2024-02-21T08:27:59+00:00","breadcrumb":{"@id":"https:\/\/www.fiarebancaetica.coop\/eu\/articolo\/iniciativas-cooperativas-en-valladolid\/#breadcrumb"},"inLanguage":"eu","potentialAction":[{"@type":"ReadAction","target":["https:\/\/www.fiarebancaetica.coop\/eu\/articolo\/iniciativas-cooperativas-en-valladolid\/"]}]},{"@type":"ImageObject","inLanguage":"eu","@id":"https:\/\/www.fiarebancaetica.coop\/eu\/articolo\/iniciativas-cooperativas-en-valladolid\/#primaryimage","url":"https:\/\/www.fiarebancaetica.coop\/app\/uploads\/sites\/2\/2024\/01\/cover-112.jpg","contentUrl":"https:\/\/www.fiarebancaetica.coop\/app\/uploads\/sites\/2\/2024\/01\/cover-112.jpg","width":1600,"height":900},{"@type":"BreadcrumbList","@id":"https:\/\/www.fiarebancaetica.coop\/eu\/articolo\/iniciativas-cooperativas-en-valladolid\/#breadcrumb","itemListElement":[{"@type":"ListItem","position":1,"name":"Home","item":"https:\/\/www.fiarebancaetica.coop\/eu\/"},{"@type":"ListItem","position":2,"name":"Iniciativas Cooperativas en Valladolid"}]},{"@type":"WebSite","@id":"https:\/\/www.fiarebancaetica.coop\/eu\/#website","url":"https:\/\/www.fiarebancaetica.coop\/eu\/","name":"Fiare Banca Etica","description":"","potentialAction":[{"@type":"SearchAction","target":{"@type":"EntryPoint","urlTemplate":"https:\/\/www.fiarebancaetica.coop\/eu\/?s={search_term_string}"},"query-input":{"@type":"PropertyValueSpecification","valueRequired":true,"valueName":"search_term_string"}}],"inLanguage":"eu"}]}},"_links":{"self":[{"href":"https:\/\/www.fiarebancaetica.coop\/eu\/wp-json\/wp\/v2\/cbwpt_git_posts\/348721","targetHints":{"allow":["GET"]}}],"collection":[{"href":"https:\/\/www.fiarebancaetica.coop\/eu\/wp-json\/wp\/v2\/cbwpt_git_posts"}],"about":[{"href":"https:\/\/www.fiarebancaetica.coop\/eu\/wp-json\/wp\/v2\/types\/cbwpt_git_posts"}],"author":[{"embeddable":true,"href":"https:\/\/www.fiarebancaetica.coop\/eu\/wp-json\/wp\/v2\/users\/1"}],"version-history":[{"count":1,"href":"https:\/\/www.fiarebancaetica.coop\/eu\/wp-json\/wp\/v2\/cbwpt_git_posts\/348721\/revisions"}],"predecessor-version":[{"id":348725,"href":"https:\/\/www.fiarebancaetica.coop\/eu\/wp-json\/wp\/v2\/cbwpt_git_posts\/348721\/revisions\/348725"}],"wp:featuredmedia":[{"embeddable":true,"href":"https:\/\/www.fiarebancaetica.coop\/eu\/wp-json\/wp\/v2\/media\/362180"}],"wp:attachment":[{"href":"https:\/\/www.fiarebancaetica.coop\/eu\/wp-json\/wp\/v2\/media?parent=348721"}],"wp:term":[{"taxonomy":"cbwpt_tags","embeddable":true,"href":"https:\/\/www.fiarebancaetica.coop\/eu\/wp-json\/wp\/v2\/git_tags?post=348721"},{"taxonomy":"author","embeddable":true,"href":"https:\/\/www.fiarebancaetica.coop\/eu\/wp-json\/wp\/v2\/coauthors?post=348721"}],"curies":[{"name":"wp","href":"https:\/\/api.w.org\/{rel}","templated":true}]}}