{"id":348969,"date":"2018-06-18T15:35:02","date_gmt":"2018-06-18T13:35:02","guid":{"rendered":"https:\/\/www.fiarebancaetica.coop\/articolo\/portem-la-banca-etica-a-la-jornada-de-consum-responsable-per-la-republica-gracia\/"},"modified":"2024-02-21T09:38:41","modified_gmt":"2024-02-21T08:38:41","slug":"portem-la-banca-etica-a-la-jornada-de-consum-responsable-per-la-republica-gracia","status":"publish","type":"cbwpt_git_posts","link":"https:\/\/www.fiarebancaetica.coop\/eu\/articolo\/portem-la-banca-etica-a-la-jornada-de-consum-responsable-per-la-republica-gracia\/","title":{"rendered":"Portem la banca \u00e8tica a la Jornada de Consum Responsable per la Rep\u00fablica (Gr\u00e0cia)"},"author":1,"featured_media":361927,"parent":0,"template":"","meta":{"_acf_changed":false},"git_tags":[11225],"coauthors":[2888],"class_list":["post-348969","cbwpt_git_posts","type-cbwpt_git_posts","status-publish","has-post-thumbnail","hentry"],"acf":[],"yoast_head":"<!-- This site is optimized with the Yoast SEO plugin v26.9 - https:\/\/yoast.com\/product\/yoast-seo-wordpress\/ -->\n<title>Portem la banca \u00e8tica a la Jornada de Consum Responsable per la Rep\u00fablica (Gr\u00e0cia) - Fiare Banca Etica<\/title>\n<meta name=\"robots\" content=\"index, follow, max-snippet:-1, max-image-preview:large, max-video-preview:-1\" \/>\n<link rel=\"canonical\" href=\"https:\/\/www.fiarebancaetica.coop\/eu\/articolo\/portem-la-banca-etica-a-la-jornada-de-consum-responsable-per-la-republica-gracia\/\" \/>\n<meta property=\"og:locale\" content=\"eu_ES\" \/>\n<meta property=\"og:type\" content=\"article\" \/>\n<meta property=\"og:title\" content=\"Portem la banca \u00e8tica a la Jornada de Consum Responsable per la Rep\u00fablica (Gr\u00e0cia) - Fiare Banca Etica\" \/>\n<meta property=\"og:description\" content=\"El dissabte 16 de juny al mat\u00ed vam participar a la Jornada de Consum Responsable per la Rep\u00fablica organitzada per l&#8217;ANC de Gr\u00e0cia i el CDR de Gr\u00e0cia a la pla\u00e7a de la Virreina. Vam compartir fira amb altres entitats de l&#8217;economia social i solid\u00e0ria com Som Energia, Oikocr\u00e8dit, M\u00e9s opcions, el Llevat, etc. La [&hellip;]\" \/>\n<meta property=\"og:url\" content=\"https:\/\/www.fiarebancaetica.coop\/eu\/articolo\/portem-la-banca-etica-a-la-jornada-de-consum-responsable-per-la-republica-gracia\/\" \/>\n<meta property=\"og:site_name\" content=\"Fiare Banca Etica\" \/>\n<meta property=\"article:modified_time\" content=\"2024-02-21T08:38:41+00:00\" \/>\n<meta property=\"og:image\" content=\"https:\/\/www.fiarebancaetica.coop\/app\/uploads\/sites\/2\/2024\/01\/cover-61.jpg\" \/>\n\t<meta property=\"og:image:width\" content=\"1288\" \/>\n\t<meta property=\"og:image:height\" content=\"724\" \/>\n\t<meta property=\"og:image:type\" content=\"image\/jpeg\" \/>\n<meta name=\"twitter:card\" content=\"summary_large_image\" \/>\n<script type=\"application\/ld+json\" class=\"yoast-schema-graph\">{\"@context\":\"https:\/\/schema.org\",\"@graph\":[{\"@type\":\"WebPage\",\"@id\":\"https:\/\/www.fiarebancaetica.coop\/eu\/articolo\/portem-la-banca-etica-a-la-jornada-de-consum-responsable-per-la-republica-gracia\/\",\"url\":\"https:\/\/www.fiarebancaetica.coop\/eu\/articolo\/portem-la-banca-etica-a-la-jornada-de-consum-responsable-per-la-republica-gracia\/\",\"name\":\"Portem la banca \u00e8tica a la Jornada de Consum Responsable per la Rep\u00fablica (Gr\u00e0cia) - Fiare Banca Etica\",\"isPartOf\":{\"@id\":\"https:\/\/www.fiarebancaetica.coop\/eu\/#website\"},\"primaryImageOfPage\":{\"@id\":\"https:\/\/www.fiarebancaetica.coop\/eu\/articolo\/portem-la-banca-etica-a-la-jornada-de-consum-responsable-per-la-republica-gracia\/#primaryimage\"},\"image\":{\"@id\":\"https:\/\/www.fiarebancaetica.coop\/eu\/articolo\/portem-la-banca-etica-a-la-jornada-de-consum-responsable-per-la-republica-gracia\/#primaryimage\"},\"thumbnailUrl\":\"https:\/\/www.fiarebancaetica.coop\/app\/uploads\/sites\/2\/2024\/01\/cover-61.jpg\",\"datePublished\":\"2018-06-18T13:35:02+00:00\",\"dateModified\":\"2024-02-21T08:38:41+00:00\",\"breadcrumb\":{\"@id\":\"https:\/\/www.fiarebancaetica.coop\/eu\/articolo\/portem-la-banca-etica-a-la-jornada-de-consum-responsable-per-la-republica-gracia\/#breadcrumb\"},\"inLanguage\":\"eu\",\"potentialAction\":[{\"@type\":\"ReadAction\",\"target\":[\"https:\/\/www.fiarebancaetica.coop\/eu\/articolo\/portem-la-banca-etica-a-la-jornada-de-consum-responsable-per-la-republica-gracia\/\"]}]},{\"@type\":\"ImageObject\",\"inLanguage\":\"eu\",\"@id\":\"https:\/\/www.fiarebancaetica.coop\/eu\/articolo\/portem-la-banca-etica-a-la-jornada-de-consum-responsable-per-la-republica-gracia\/#primaryimage\",\"url\":\"https:\/\/www.fiarebancaetica.coop\/app\/uploads\/sites\/2\/2024\/01\/cover-61.jpg\",\"contentUrl\":\"https:\/\/www.fiarebancaetica.coop\/app\/uploads\/sites\/2\/2024\/01\/cover-61.jpg\",\"width\":1288,\"height\":724},{\"@type\":\"BreadcrumbList\",\"@id\":\"https:\/\/www.fiarebancaetica.coop\/eu\/articolo\/portem-la-banca-etica-a-la-jornada-de-consum-responsable-per-la-republica-gracia\/#breadcrumb\",\"itemListElement\":[{\"@type\":\"ListItem\",\"position\":1,\"name\":\"Home\",\"item\":\"https:\/\/www.fiarebancaetica.coop\/eu\/\"},{\"@type\":\"ListItem\",\"position\":2,\"name\":\"Portem la banca \u00e8tica a la Jornada de Consum Responsable per la Rep\u00fablica (Gr\u00e0cia)\"}]},{\"@type\":\"WebSite\",\"@id\":\"https:\/\/www.fiarebancaetica.coop\/eu\/#website\",\"url\":\"https:\/\/www.fiarebancaetica.coop\/eu\/\",\"name\":\"Fiare Banca Etica\",\"description\":\"\",\"potentialAction\":[{\"@type\":\"SearchAction\",\"target\":{\"@type\":\"EntryPoint\",\"urlTemplate\":\"https:\/\/www.fiarebancaetica.coop\/eu\/?s={search_term_string}\"},\"query-input\":{\"@type\":\"PropertyValueSpecification\",\"valueRequired\":true,\"valueName\":\"search_term_string\"}}],\"inLanguage\":\"eu\"}]}<\/script>\n<!-- \/ Yoast SEO plugin. -->","yoast_head_json":{"title":"Portem la banca \u00e8tica a la Jornada de Consum Responsable per la Rep\u00fablica (Gr\u00e0cia) - Fiare Banca Etica","robots":{"index":"index","follow":"follow","max-snippet":"max-snippet:-1","max-image-preview":"max-image-preview:large","max-video-preview":"max-video-preview:-1"},"canonical":"https:\/\/www.fiarebancaetica.coop\/eu\/articolo\/portem-la-banca-etica-a-la-jornada-de-consum-responsable-per-la-republica-gracia\/","og_locale":"eu_ES","og_type":"article","og_title":"Portem la banca \u00e8tica a la Jornada de Consum Responsable per la Rep\u00fablica (Gr\u00e0cia) - Fiare Banca Etica","og_description":"El dissabte 16 de juny al mat\u00ed vam participar a la Jornada de Consum Responsable per la Rep\u00fablica organitzada per l&#8217;ANC de Gr\u00e0cia i el CDR de Gr\u00e0cia a la pla\u00e7a de la Virreina. Vam compartir fira amb altres entitats de l&#8217;economia social i solid\u00e0ria com Som Energia, Oikocr\u00e8dit, M\u00e9s opcions, el Llevat, etc. La [&hellip;]","og_url":"https:\/\/www.fiarebancaetica.coop\/eu\/articolo\/portem-la-banca-etica-a-la-jornada-de-consum-responsable-per-la-republica-gracia\/","og_site_name":"Fiare Banca Etica","article_modified_time":"2024-02-21T08:38:41+00:00","og_image":[{"width":1288,"height":724,"url":"https:\/\/www.fiarebancaetica.coop\/app\/uploads\/sites\/2\/2024\/01\/cover-61.jpg","type":"image\/jpeg"}],"twitter_card":"summary_large_image","schema":{"@context":"https:\/\/schema.org","@graph":[{"@type":"WebPage","@id":"https:\/\/www.fiarebancaetica.coop\/eu\/articolo\/portem-la-banca-etica-a-la-jornada-de-consum-responsable-per-la-republica-gracia\/","url":"https:\/\/www.fiarebancaetica.coop\/eu\/articolo\/portem-la-banca-etica-a-la-jornada-de-consum-responsable-per-la-republica-gracia\/","name":"Portem la banca \u00e8tica a la Jornada de Consum Responsable per la Rep\u00fablica (Gr\u00e0cia) - Fiare Banca Etica","isPartOf":{"@id":"https:\/\/www.fiarebancaetica.coop\/eu\/#website"},"primaryImageOfPage":{"@id":"https:\/\/www.fiarebancaetica.coop\/eu\/articolo\/portem-la-banca-etica-a-la-jornada-de-consum-responsable-per-la-republica-gracia\/#primaryimage"},"image":{"@id":"https:\/\/www.fiarebancaetica.coop\/eu\/articolo\/portem-la-banca-etica-a-la-jornada-de-consum-responsable-per-la-republica-gracia\/#primaryimage"},"thumbnailUrl":"https:\/\/www.fiarebancaetica.coop\/app\/uploads\/sites\/2\/2024\/01\/cover-61.jpg","datePublished":"2018-06-18T13:35:02+00:00","dateModified":"2024-02-21T08:38:41+00:00","breadcrumb":{"@id":"https:\/\/www.fiarebancaetica.coop\/eu\/articolo\/portem-la-banca-etica-a-la-jornada-de-consum-responsable-per-la-republica-gracia\/#breadcrumb"},"inLanguage":"eu","potentialAction":[{"@type":"ReadAction","target":["https:\/\/www.fiarebancaetica.coop\/eu\/articolo\/portem-la-banca-etica-a-la-jornada-de-consum-responsable-per-la-republica-gracia\/"]}]},{"@type":"ImageObject","inLanguage":"eu","@id":"https:\/\/www.fiarebancaetica.coop\/eu\/articolo\/portem-la-banca-etica-a-la-jornada-de-consum-responsable-per-la-republica-gracia\/#primaryimage","url":"https:\/\/www.fiarebancaetica.coop\/app\/uploads\/sites\/2\/2024\/01\/cover-61.jpg","contentUrl":"https:\/\/www.fiarebancaetica.coop\/app\/uploads\/sites\/2\/2024\/01\/cover-61.jpg","width":1288,"height":724},{"@type":"BreadcrumbList","@id":"https:\/\/www.fiarebancaetica.coop\/eu\/articolo\/portem-la-banca-etica-a-la-jornada-de-consum-responsable-per-la-republica-gracia\/#breadcrumb","itemListElement":[{"@type":"ListItem","position":1,"name":"Home","item":"https:\/\/www.fiarebancaetica.coop\/eu\/"},{"@type":"ListItem","position":2,"name":"Portem la banca \u00e8tica a la Jornada de Consum Responsable per la Rep\u00fablica (Gr\u00e0cia)"}]},{"@type":"WebSite","@id":"https:\/\/www.fiarebancaetica.coop\/eu\/#website","url":"https:\/\/www.fiarebancaetica.coop\/eu\/","name":"Fiare Banca Etica","description":"","potentialAction":[{"@type":"SearchAction","target":{"@type":"EntryPoint","urlTemplate":"https:\/\/www.fiarebancaetica.coop\/eu\/?s={search_term_string}"},"query-input":{"@type":"PropertyValueSpecification","valueRequired":true,"valueName":"search_term_string"}}],"inLanguage":"eu"}]}},"_links":{"self":[{"href":"https:\/\/www.fiarebancaetica.coop\/eu\/wp-json\/wp\/v2\/cbwpt_git_posts\/348969","targetHints":{"allow":["GET"]}}],"collection":[{"href":"https:\/\/www.fiarebancaetica.coop\/eu\/wp-json\/wp\/v2\/cbwpt_git_posts"}],"about":[{"href":"https:\/\/www.fiarebancaetica.coop\/eu\/wp-json\/wp\/v2\/types\/cbwpt_git_posts"}],"author":[{"embeddable":true,"href":"https:\/\/www.fiarebancaetica.coop\/eu\/wp-json\/wp\/v2\/users\/1"}],"version-history":[{"count":1,"href":"https:\/\/www.fiarebancaetica.coop\/eu\/wp-json\/wp\/v2\/cbwpt_git_posts\/348969\/revisions"}],"predecessor-version":[{"id":351625,"href":"https:\/\/www.fiarebancaetica.coop\/eu\/wp-json\/wp\/v2\/cbwpt_git_posts\/348969\/revisions\/351625"}],"wp:featuredmedia":[{"embeddable":true,"href":"https:\/\/www.fiarebancaetica.coop\/eu\/wp-json\/wp\/v2\/media\/361927"}],"wp:attachment":[{"href":"https:\/\/www.fiarebancaetica.coop\/eu\/wp-json\/wp\/v2\/media?parent=348969"}],"wp:term":[{"taxonomy":"cbwpt_tags","embeddable":true,"href":"https:\/\/www.fiarebancaetica.coop\/eu\/wp-json\/wp\/v2\/git_tags?post=348969"},{"taxonomy":"author","embeddable":true,"href":"https:\/\/www.fiarebancaetica.coop\/eu\/wp-json\/wp\/v2\/coauthors?post=348969"}],"curies":[{"name":"wp","href":"https:\/\/api.w.org\/{rel}","templated":true}]}}