{"id":349179,"date":"2017-11-07T20:32:12","date_gmt":"2017-11-07T19:32:12","guid":{"rendered":"https:\/\/www.fiarebancaetica.coop\/articolo\/participem-a-la-trobada-e-gia-domani-a-mila\/"},"modified":"2024-02-21T10:02:26","modified_gmt":"2024-02-21T09:02:26","slug":"participem-a-la-trobada-e-gia-domani-a-mila","status":"publish","type":"cbwpt_git_posts","link":"https:\/\/www.fiarebancaetica.coop\/eu\/articolo\/participem-a-la-trobada-e-gia-domani-a-mila\/","title":{"rendered":"Participem a la trobada  E&#8217; gi\u00e0 domani! a Mil\u00e0"},"author":1,"featured_media":361892,"parent":0,"template":"","meta":{"_acf_changed":false},"git_tags":[11225],"coauthors":[2888],"class_list":["post-349179","cbwpt_git_posts","type-cbwpt_git_posts","status-publish","has-post-thumbnail","hentry"],"acf":[],"yoast_head":"<!-- This site is optimized with the Yoast SEO plugin v26.9 - https:\/\/yoast.com\/product\/yoast-seo-wordpress\/ -->\n<title>Participem a la trobada E&#039; gi\u00e0 domani! a Mil\u00e0 - Fiare Banca Etica<\/title>\n<meta name=\"robots\" content=\"index, follow, max-snippet:-1, max-image-preview:large, max-video-preview:-1\" \/>\n<link rel=\"canonical\" href=\"https:\/\/www.fiarebancaetica.coop\/eu\/articolo\/participem-a-la-trobada-e-gia-domani-a-mila\/\" \/>\n<meta property=\"og:locale\" content=\"eu_ES\" \/>\n<meta property=\"og:type\" content=\"article\" \/>\n<meta property=\"og:title\" content=\"Participem a la trobada E&#039; gi\u00e0 domani! a Mil\u00e0 - Fiare Banca Etica\" \/>\n<meta property=\"og:description\" content=\"Els dies 27 i 28 d&#8217;octubre vam ser a la trobada de la xarxa E&#8217; gi\u00e0 domani! a Mil\u00e0, on van participar els portadors de valor de Banca Etica: administradors, representants dels socis i s\u00f2cies, socis de refer\u00e8ncia, treballadors i treballadores i representants dels GITs. L&#8217;objectiu de la trobada era la discussi\u00f3 del pla estrat\u00e8gic [&hellip;]\" \/>\n<meta property=\"og:url\" content=\"https:\/\/www.fiarebancaetica.coop\/eu\/articolo\/participem-a-la-trobada-e-gia-domani-a-mila\/\" \/>\n<meta property=\"og:site_name\" content=\"Fiare Banca Etica\" \/>\n<meta property=\"article:modified_time\" content=\"2024-02-21T09:02:26+00:00\" \/>\n<meta property=\"og:image\" content=\"https:\/\/www.fiarebancaetica.coop\/app\/uploads\/sites\/2\/2024\/01\/cover-54.jpg\" \/>\n\t<meta property=\"og:image:width\" content=\"1200\" \/>\n\t<meta property=\"og:image:height\" content=\"1071\" \/>\n\t<meta property=\"og:image:type\" content=\"image\/jpeg\" \/>\n<meta name=\"twitter:card\" content=\"summary_large_image\" \/>\n<script type=\"application\/ld+json\" class=\"yoast-schema-graph\">{\"@context\":\"https:\/\/schema.org\",\"@graph\":[{\"@type\":\"WebPage\",\"@id\":\"https:\/\/www.fiarebancaetica.coop\/eu\/articolo\/participem-a-la-trobada-e-gia-domani-a-mila\/\",\"url\":\"https:\/\/www.fiarebancaetica.coop\/eu\/articolo\/participem-a-la-trobada-e-gia-domani-a-mila\/\",\"name\":\"Participem a la trobada E' gi\u00e0 domani! a Mil\u00e0 - Fiare Banca Etica\",\"isPartOf\":{\"@id\":\"https:\/\/www.fiarebancaetica.coop\/eu\/#website\"},\"primaryImageOfPage\":{\"@id\":\"https:\/\/www.fiarebancaetica.coop\/eu\/articolo\/participem-a-la-trobada-e-gia-domani-a-mila\/#primaryimage\"},\"image\":{\"@id\":\"https:\/\/www.fiarebancaetica.coop\/eu\/articolo\/participem-a-la-trobada-e-gia-domani-a-mila\/#primaryimage\"},\"thumbnailUrl\":\"https:\/\/www.fiarebancaetica.coop\/app\/uploads\/sites\/2\/2024\/01\/cover-54.jpg\",\"datePublished\":\"2017-11-07T19:32:12+00:00\",\"dateModified\":\"2024-02-21T09:02:26+00:00\",\"breadcrumb\":{\"@id\":\"https:\/\/www.fiarebancaetica.coop\/eu\/articolo\/participem-a-la-trobada-e-gia-domani-a-mila\/#breadcrumb\"},\"inLanguage\":\"eu\",\"potentialAction\":[{\"@type\":\"ReadAction\",\"target\":[\"https:\/\/www.fiarebancaetica.coop\/eu\/articolo\/participem-a-la-trobada-e-gia-domani-a-mila\/\"]}]},{\"@type\":\"ImageObject\",\"inLanguage\":\"eu\",\"@id\":\"https:\/\/www.fiarebancaetica.coop\/eu\/articolo\/participem-a-la-trobada-e-gia-domani-a-mila\/#primaryimage\",\"url\":\"https:\/\/www.fiarebancaetica.coop\/app\/uploads\/sites\/2\/2024\/01\/cover-54.jpg\",\"contentUrl\":\"https:\/\/www.fiarebancaetica.coop\/app\/uploads\/sites\/2\/2024\/01\/cover-54.jpg\",\"width\":1200,\"height\":1071},{\"@type\":\"BreadcrumbList\",\"@id\":\"https:\/\/www.fiarebancaetica.coop\/eu\/articolo\/participem-a-la-trobada-e-gia-domani-a-mila\/#breadcrumb\",\"itemListElement\":[{\"@type\":\"ListItem\",\"position\":1,\"name\":\"Home\",\"item\":\"https:\/\/www.fiarebancaetica.coop\/eu\/\"},{\"@type\":\"ListItem\",\"position\":2,\"name\":\"Participem a la trobada E&#8217; gi\u00e0 domani! a Mil\u00e0\"}]},{\"@type\":\"WebSite\",\"@id\":\"https:\/\/www.fiarebancaetica.coop\/eu\/#website\",\"url\":\"https:\/\/www.fiarebancaetica.coop\/eu\/\",\"name\":\"Fiare Banca Etica\",\"description\":\"\",\"potentialAction\":[{\"@type\":\"SearchAction\",\"target\":{\"@type\":\"EntryPoint\",\"urlTemplate\":\"https:\/\/www.fiarebancaetica.coop\/eu\/?s={search_term_string}\"},\"query-input\":{\"@type\":\"PropertyValueSpecification\",\"valueRequired\":true,\"valueName\":\"search_term_string\"}}],\"inLanguage\":\"eu\"}]}<\/script>\n<!-- \/ Yoast SEO plugin. -->","yoast_head_json":{"title":"Participem a la trobada E' gi\u00e0 domani! a Mil\u00e0 - Fiare Banca Etica","robots":{"index":"index","follow":"follow","max-snippet":"max-snippet:-1","max-image-preview":"max-image-preview:large","max-video-preview":"max-video-preview:-1"},"canonical":"https:\/\/www.fiarebancaetica.coop\/eu\/articolo\/participem-a-la-trobada-e-gia-domani-a-mila\/","og_locale":"eu_ES","og_type":"article","og_title":"Participem a la trobada E' gi\u00e0 domani! a Mil\u00e0 - Fiare Banca Etica","og_description":"Els dies 27 i 28 d&#8217;octubre vam ser a la trobada de la xarxa E&#8217; gi\u00e0 domani! a Mil\u00e0, on van participar els portadors de valor de Banca Etica: administradors, representants dels socis i s\u00f2cies, socis de refer\u00e8ncia, treballadors i treballadores i representants dels GITs. L&#8217;objectiu de la trobada era la discussi\u00f3 del pla estrat\u00e8gic [&hellip;]","og_url":"https:\/\/www.fiarebancaetica.coop\/eu\/articolo\/participem-a-la-trobada-e-gia-domani-a-mila\/","og_site_name":"Fiare Banca Etica","article_modified_time":"2024-02-21T09:02:26+00:00","og_image":[{"width":1200,"height":1071,"url":"https:\/\/www.fiarebancaetica.coop\/app\/uploads\/sites\/2\/2024\/01\/cover-54.jpg","type":"image\/jpeg"}],"twitter_card":"summary_large_image","schema":{"@context":"https:\/\/schema.org","@graph":[{"@type":"WebPage","@id":"https:\/\/www.fiarebancaetica.coop\/eu\/articolo\/participem-a-la-trobada-e-gia-domani-a-mila\/","url":"https:\/\/www.fiarebancaetica.coop\/eu\/articolo\/participem-a-la-trobada-e-gia-domani-a-mila\/","name":"Participem a la trobada E' gi\u00e0 domani! a Mil\u00e0 - Fiare Banca Etica","isPartOf":{"@id":"https:\/\/www.fiarebancaetica.coop\/eu\/#website"},"primaryImageOfPage":{"@id":"https:\/\/www.fiarebancaetica.coop\/eu\/articolo\/participem-a-la-trobada-e-gia-domani-a-mila\/#primaryimage"},"image":{"@id":"https:\/\/www.fiarebancaetica.coop\/eu\/articolo\/participem-a-la-trobada-e-gia-domani-a-mila\/#primaryimage"},"thumbnailUrl":"https:\/\/www.fiarebancaetica.coop\/app\/uploads\/sites\/2\/2024\/01\/cover-54.jpg","datePublished":"2017-11-07T19:32:12+00:00","dateModified":"2024-02-21T09:02:26+00:00","breadcrumb":{"@id":"https:\/\/www.fiarebancaetica.coop\/eu\/articolo\/participem-a-la-trobada-e-gia-domani-a-mila\/#breadcrumb"},"inLanguage":"eu","potentialAction":[{"@type":"ReadAction","target":["https:\/\/www.fiarebancaetica.coop\/eu\/articolo\/participem-a-la-trobada-e-gia-domani-a-mila\/"]}]},{"@type":"ImageObject","inLanguage":"eu","@id":"https:\/\/www.fiarebancaetica.coop\/eu\/articolo\/participem-a-la-trobada-e-gia-domani-a-mila\/#primaryimage","url":"https:\/\/www.fiarebancaetica.coop\/app\/uploads\/sites\/2\/2024\/01\/cover-54.jpg","contentUrl":"https:\/\/www.fiarebancaetica.coop\/app\/uploads\/sites\/2\/2024\/01\/cover-54.jpg","width":1200,"height":1071},{"@type":"BreadcrumbList","@id":"https:\/\/www.fiarebancaetica.coop\/eu\/articolo\/participem-a-la-trobada-e-gia-domani-a-mila\/#breadcrumb","itemListElement":[{"@type":"ListItem","position":1,"name":"Home","item":"https:\/\/www.fiarebancaetica.coop\/eu\/"},{"@type":"ListItem","position":2,"name":"Participem a la trobada E&#8217; gi\u00e0 domani! a Mil\u00e0"}]},{"@type":"WebSite","@id":"https:\/\/www.fiarebancaetica.coop\/eu\/#website","url":"https:\/\/www.fiarebancaetica.coop\/eu\/","name":"Fiare Banca Etica","description":"","potentialAction":[{"@type":"SearchAction","target":{"@type":"EntryPoint","urlTemplate":"https:\/\/www.fiarebancaetica.coop\/eu\/?s={search_term_string}"},"query-input":{"@type":"PropertyValueSpecification","valueRequired":true,"valueName":"search_term_string"}}],"inLanguage":"eu"}]}},"_links":{"self":[{"href":"https:\/\/www.fiarebancaetica.coop\/eu\/wp-json\/wp\/v2\/cbwpt_git_posts\/349179","targetHints":{"allow":["GET"]}}],"collection":[{"href":"https:\/\/www.fiarebancaetica.coop\/eu\/wp-json\/wp\/v2\/cbwpt_git_posts"}],"about":[{"href":"https:\/\/www.fiarebancaetica.coop\/eu\/wp-json\/wp\/v2\/types\/cbwpt_git_posts"}],"author":[{"embeddable":true,"href":"https:\/\/www.fiarebancaetica.coop\/eu\/wp-json\/wp\/v2\/users\/1"}],"version-history":[{"count":1,"href":"https:\/\/www.fiarebancaetica.coop\/eu\/wp-json\/wp\/v2\/cbwpt_git_posts\/349179\/revisions"}],"predecessor-version":[{"id":351717,"href":"https:\/\/www.fiarebancaetica.coop\/eu\/wp-json\/wp\/v2\/cbwpt_git_posts\/349179\/revisions\/351717"}],"wp:featuredmedia":[{"embeddable":true,"href":"https:\/\/www.fiarebancaetica.coop\/eu\/wp-json\/wp\/v2\/media\/361892"}],"wp:attachment":[{"href":"https:\/\/www.fiarebancaetica.coop\/eu\/wp-json\/wp\/v2\/media?parent=349179"}],"wp:term":[{"taxonomy":"cbwpt_tags","embeddable":true,"href":"https:\/\/www.fiarebancaetica.coop\/eu\/wp-json\/wp\/v2\/git_tags?post=349179"},{"taxonomy":"author","embeddable":true,"href":"https:\/\/www.fiarebancaetica.coop\/eu\/wp-json\/wp\/v2\/coauthors?post=349179"}],"curies":[{"name":"wp","href":"https:\/\/api.w.org\/{rel}","templated":true}]}}