{"id":349309,"date":"2017-03-09T11:39:13","date_gmt":"2017-03-09T10:39:13","guid":{"rendered":"https:\/\/www.fiarebancaetica.coop\/articolo\/participacio-a-mediterrania-radio-arenys\/"},"modified":"2024-02-21T10:09:09","modified_gmt":"2024-02-21T09:09:09","slug":"participacio-a-mediterrania-radio-arenys","status":"publish","type":"cbwpt_git_posts","link":"https:\/\/www.fiarebancaetica.coop\/eu\/articolo\/participacio-a-mediterrania-radio-arenys\/","title":{"rendered":"Participaci\u00f3 a Mediterr\u00e0nia (R\u00e0dio Arenys)"},"author":1,"featured_media":361857,"parent":0,"template":"","meta":{"_acf_changed":false},"git_tags":[11225],"coauthors":[2888],"class_list":["post-349309","cbwpt_git_posts","type-cbwpt_git_posts","status-publish","has-post-thumbnail","hentry"],"acf":[],"yoast_head":"<!-- This site is optimized with the Yoast SEO plugin v26.9 - https:\/\/yoast.com\/product\/yoast-seo-wordpress\/ -->\n<title>Participaci\u00f3 a Mediterr\u00e0nia (R\u00e0dio Arenys) - Fiare Banca Etica<\/title>\n<meta name=\"robots\" content=\"index, follow, max-snippet:-1, max-image-preview:large, max-video-preview:-1\" \/>\n<link rel=\"canonical\" href=\"https:\/\/www.fiarebancaetica.coop\/eu\/articolo\/participacio-a-mediterrania-radio-arenys\/\" \/>\n<meta property=\"og:locale\" content=\"eu_ES\" \/>\n<meta property=\"og:type\" content=\"article\" \/>\n<meta property=\"og:title\" content=\"Participaci\u00f3 a Mediterr\u00e0nia (R\u00e0dio Arenys) - Fiare Banca Etica\" \/>\n<meta property=\"og:description\" content=\"Fiare Banca Etica va participar fa uns dies al programa Mediterr\u00e0nia de R\u00e0dio Arenys. Durant l&#8217;entrevista el coordinador del GIT de Barcelona, Arturo de las Heras, va poder explicar el projecte i els reptes que la cooperativa t\u00e9 per aquest 2017. D&#8217;altra banda, Albert Gasch, responsable cultural de Fiare Banca Etica, va poder resoldre dubtes [&hellip;]\" \/>\n<meta property=\"og:url\" content=\"https:\/\/www.fiarebancaetica.coop\/eu\/articolo\/participacio-a-mediterrania-radio-arenys\/\" \/>\n<meta property=\"og:site_name\" content=\"Fiare Banca Etica\" \/>\n<meta property=\"article:modified_time\" content=\"2024-02-21T09:09:09+00:00\" \/>\n<meta property=\"og:image\" content=\"https:\/\/www.fiarebancaetica.coop\/app\/uploads\/sites\/2\/2024\/01\/cover-47.jpg\" \/>\n\t<meta property=\"og:image:width\" content=\"960\" \/>\n\t<meta property=\"og:image:height\" content=\"656\" \/>\n\t<meta property=\"og:image:type\" content=\"image\/jpeg\" \/>\n<meta name=\"twitter:card\" content=\"summary_large_image\" \/>\n<script type=\"application\/ld+json\" class=\"yoast-schema-graph\">{\"@context\":\"https:\/\/schema.org\",\"@graph\":[{\"@type\":\"WebPage\",\"@id\":\"https:\/\/www.fiarebancaetica.coop\/eu\/articolo\/participacio-a-mediterrania-radio-arenys\/\",\"url\":\"https:\/\/www.fiarebancaetica.coop\/eu\/articolo\/participacio-a-mediterrania-radio-arenys\/\",\"name\":\"Participaci\u00f3 a Mediterr\u00e0nia (R\u00e0dio Arenys) - Fiare Banca Etica\",\"isPartOf\":{\"@id\":\"https:\/\/www.fiarebancaetica.coop\/eu\/#website\"},\"primaryImageOfPage\":{\"@id\":\"https:\/\/www.fiarebancaetica.coop\/eu\/articolo\/participacio-a-mediterrania-radio-arenys\/#primaryimage\"},\"image\":{\"@id\":\"https:\/\/www.fiarebancaetica.coop\/eu\/articolo\/participacio-a-mediterrania-radio-arenys\/#primaryimage\"},\"thumbnailUrl\":\"https:\/\/www.fiarebancaetica.coop\/app\/uploads\/sites\/2\/2024\/01\/cover-47.jpg\",\"datePublished\":\"2017-03-09T10:39:13+00:00\",\"dateModified\":\"2024-02-21T09:09:09+00:00\",\"breadcrumb\":{\"@id\":\"https:\/\/www.fiarebancaetica.coop\/eu\/articolo\/participacio-a-mediterrania-radio-arenys\/#breadcrumb\"},\"inLanguage\":\"eu\",\"potentialAction\":[{\"@type\":\"ReadAction\",\"target\":[\"https:\/\/www.fiarebancaetica.coop\/eu\/articolo\/participacio-a-mediterrania-radio-arenys\/\"]}]},{\"@type\":\"ImageObject\",\"inLanguage\":\"eu\",\"@id\":\"https:\/\/www.fiarebancaetica.coop\/eu\/articolo\/participacio-a-mediterrania-radio-arenys\/#primaryimage\",\"url\":\"https:\/\/www.fiarebancaetica.coop\/app\/uploads\/sites\/2\/2024\/01\/cover-47.jpg\",\"contentUrl\":\"https:\/\/www.fiarebancaetica.coop\/app\/uploads\/sites\/2\/2024\/01\/cover-47.jpg\",\"width\":960,\"height\":656},{\"@type\":\"BreadcrumbList\",\"@id\":\"https:\/\/www.fiarebancaetica.coop\/eu\/articolo\/participacio-a-mediterrania-radio-arenys\/#breadcrumb\",\"itemListElement\":[{\"@type\":\"ListItem\",\"position\":1,\"name\":\"Home\",\"item\":\"https:\/\/www.fiarebancaetica.coop\/eu\/\"},{\"@type\":\"ListItem\",\"position\":2,\"name\":\"Participaci\u00f3 a Mediterr\u00e0nia (R\u00e0dio Arenys)\"}]},{\"@type\":\"WebSite\",\"@id\":\"https:\/\/www.fiarebancaetica.coop\/eu\/#website\",\"url\":\"https:\/\/www.fiarebancaetica.coop\/eu\/\",\"name\":\"Fiare Banca Etica\",\"description\":\"\",\"potentialAction\":[{\"@type\":\"SearchAction\",\"target\":{\"@type\":\"EntryPoint\",\"urlTemplate\":\"https:\/\/www.fiarebancaetica.coop\/eu\/?s={search_term_string}\"},\"query-input\":{\"@type\":\"PropertyValueSpecification\",\"valueRequired\":true,\"valueName\":\"search_term_string\"}}],\"inLanguage\":\"eu\"}]}<\/script>\n<!-- \/ Yoast SEO plugin. -->","yoast_head_json":{"title":"Participaci\u00f3 a Mediterr\u00e0nia (R\u00e0dio Arenys) - Fiare Banca Etica","robots":{"index":"index","follow":"follow","max-snippet":"max-snippet:-1","max-image-preview":"max-image-preview:large","max-video-preview":"max-video-preview:-1"},"canonical":"https:\/\/www.fiarebancaetica.coop\/eu\/articolo\/participacio-a-mediterrania-radio-arenys\/","og_locale":"eu_ES","og_type":"article","og_title":"Participaci\u00f3 a Mediterr\u00e0nia (R\u00e0dio Arenys) - Fiare Banca Etica","og_description":"Fiare Banca Etica va participar fa uns dies al programa Mediterr\u00e0nia de R\u00e0dio Arenys. Durant l&#8217;entrevista el coordinador del GIT de Barcelona, Arturo de las Heras, va poder explicar el projecte i els reptes que la cooperativa t\u00e9 per aquest 2017. D&#8217;altra banda, Albert Gasch, responsable cultural de Fiare Banca Etica, va poder resoldre dubtes [&hellip;]","og_url":"https:\/\/www.fiarebancaetica.coop\/eu\/articolo\/participacio-a-mediterrania-radio-arenys\/","og_site_name":"Fiare Banca Etica","article_modified_time":"2024-02-21T09:09:09+00:00","og_image":[{"width":960,"height":656,"url":"https:\/\/www.fiarebancaetica.coop\/app\/uploads\/sites\/2\/2024\/01\/cover-47.jpg","type":"image\/jpeg"}],"twitter_card":"summary_large_image","schema":{"@context":"https:\/\/schema.org","@graph":[{"@type":"WebPage","@id":"https:\/\/www.fiarebancaetica.coop\/eu\/articolo\/participacio-a-mediterrania-radio-arenys\/","url":"https:\/\/www.fiarebancaetica.coop\/eu\/articolo\/participacio-a-mediterrania-radio-arenys\/","name":"Participaci\u00f3 a Mediterr\u00e0nia (R\u00e0dio Arenys) - Fiare Banca Etica","isPartOf":{"@id":"https:\/\/www.fiarebancaetica.coop\/eu\/#website"},"primaryImageOfPage":{"@id":"https:\/\/www.fiarebancaetica.coop\/eu\/articolo\/participacio-a-mediterrania-radio-arenys\/#primaryimage"},"image":{"@id":"https:\/\/www.fiarebancaetica.coop\/eu\/articolo\/participacio-a-mediterrania-radio-arenys\/#primaryimage"},"thumbnailUrl":"https:\/\/www.fiarebancaetica.coop\/app\/uploads\/sites\/2\/2024\/01\/cover-47.jpg","datePublished":"2017-03-09T10:39:13+00:00","dateModified":"2024-02-21T09:09:09+00:00","breadcrumb":{"@id":"https:\/\/www.fiarebancaetica.coop\/eu\/articolo\/participacio-a-mediterrania-radio-arenys\/#breadcrumb"},"inLanguage":"eu","potentialAction":[{"@type":"ReadAction","target":["https:\/\/www.fiarebancaetica.coop\/eu\/articolo\/participacio-a-mediterrania-radio-arenys\/"]}]},{"@type":"ImageObject","inLanguage":"eu","@id":"https:\/\/www.fiarebancaetica.coop\/eu\/articolo\/participacio-a-mediterrania-radio-arenys\/#primaryimage","url":"https:\/\/www.fiarebancaetica.coop\/app\/uploads\/sites\/2\/2024\/01\/cover-47.jpg","contentUrl":"https:\/\/www.fiarebancaetica.coop\/app\/uploads\/sites\/2\/2024\/01\/cover-47.jpg","width":960,"height":656},{"@type":"BreadcrumbList","@id":"https:\/\/www.fiarebancaetica.coop\/eu\/articolo\/participacio-a-mediterrania-radio-arenys\/#breadcrumb","itemListElement":[{"@type":"ListItem","position":1,"name":"Home","item":"https:\/\/www.fiarebancaetica.coop\/eu\/"},{"@type":"ListItem","position":2,"name":"Participaci\u00f3 a Mediterr\u00e0nia (R\u00e0dio Arenys)"}]},{"@type":"WebSite","@id":"https:\/\/www.fiarebancaetica.coop\/eu\/#website","url":"https:\/\/www.fiarebancaetica.coop\/eu\/","name":"Fiare Banca Etica","description":"","potentialAction":[{"@type":"SearchAction","target":{"@type":"EntryPoint","urlTemplate":"https:\/\/www.fiarebancaetica.coop\/eu\/?s={search_term_string}"},"query-input":{"@type":"PropertyValueSpecification","valueRequired":true,"valueName":"search_term_string"}}],"inLanguage":"eu"}]}},"_links":{"self":[{"href":"https:\/\/www.fiarebancaetica.coop\/eu\/wp-json\/wp\/v2\/cbwpt_git_posts\/349309","targetHints":{"allow":["GET"]}}],"collection":[{"href":"https:\/\/www.fiarebancaetica.coop\/eu\/wp-json\/wp\/v2\/cbwpt_git_posts"}],"about":[{"href":"https:\/\/www.fiarebancaetica.coop\/eu\/wp-json\/wp\/v2\/types\/cbwpt_git_posts"}],"author":[{"embeddable":true,"href":"https:\/\/www.fiarebancaetica.coop\/eu\/wp-json\/wp\/v2\/users\/1"}],"version-history":[{"count":1,"href":"https:\/\/www.fiarebancaetica.coop\/eu\/wp-json\/wp\/v2\/cbwpt_git_posts\/349309\/revisions"}],"predecessor-version":[{"id":349313,"href":"https:\/\/www.fiarebancaetica.coop\/eu\/wp-json\/wp\/v2\/cbwpt_git_posts\/349309\/revisions\/349313"}],"wp:featuredmedia":[{"embeddable":true,"href":"https:\/\/www.fiarebancaetica.coop\/eu\/wp-json\/wp\/v2\/media\/361857"}],"wp:attachment":[{"href":"https:\/\/www.fiarebancaetica.coop\/eu\/wp-json\/wp\/v2\/media?parent=349309"}],"wp:term":[{"taxonomy":"cbwpt_tags","embeddable":true,"href":"https:\/\/www.fiarebancaetica.coop\/eu\/wp-json\/wp\/v2\/git_tags?post=349309"},{"taxonomy":"author","embeddable":true,"href":"https:\/\/www.fiarebancaetica.coop\/eu\/wp-json\/wp\/v2\/coauthors?post=349309"}],"curies":[{"name":"wp","href":"https:\/\/api.w.org\/{rel}","templated":true}]}}