{"id":349476,"date":"2016-07-18T20:10:38","date_gmt":"2016-07-18T18:10:38","guid":{"rendered":"https:\/\/www.fiarebancaetica.coop\/articolo\/balanc-social-de-2015-de-fiare-banca-etica\/"},"modified":"2024-02-21T10:14:18","modified_gmt":"2024-02-21T09:14:18","slug":"balanc-social-de-2015-de-fiare-banca-etica","status":"publish","type":"cbwpt_git_posts","link":"https:\/\/www.fiarebancaetica.coop\/eu\/articolo\/balanc-social-de-2015-de-fiare-banca-etica\/","title":{"rendered":"Balan\u00e7 Social de 2015 de Fiare Banca Etica"},"author":1,"featured_media":362569,"parent":0,"template":"","meta":{"_acf_changed":false},"git_tags":[11224],"coauthors":[2888,3598],"class_list":["post-349476","cbwpt_git_posts","type-cbwpt_git_posts","status-publish","has-post-thumbnail","hentry"],"acf":[],"yoast_head":"<!-- This site is optimized with the Yoast SEO plugin v26.9 - https:\/\/yoast.com\/product\/yoast-seo-wordpress\/ -->\n<title>Balan\u00e7 Social de 2015 de Fiare Banca Etica - Fiare Banca Etica<\/title>\n<meta name=\"robots\" content=\"index, follow, max-snippet:-1, max-image-preview:large, max-video-preview:-1\" \/>\n<link rel=\"canonical\" href=\"https:\/\/www.fiarebancaetica.coop\/eu\/articolo\/balanc-social-de-2015-de-fiare-banca-etica\/\" \/>\n<meta property=\"og:locale\" content=\"eu_ES\" \/>\n<meta property=\"og:type\" content=\"article\" \/>\n<meta property=\"og:title\" content=\"Balan\u00e7 Social de 2015 de Fiare Banca Etica - Fiare Banca Etica\" \/>\n<meta property=\"og:description\" content=\"Un dels principis inspiradors de les finances \u00e8tiques \u00e9s la transpar\u00e8ncia, el que obliga l&#8217;entitat a, entre d&#8217;altres coses, publicar que fa amb els doblers que els estalviadors els han dipositat. Una altre dels principis b\u00e0sics de les finances \u00e8tiques \u00e9s tenir especial cura de les conseq\u00fc\u00e8ncies no econ\u00f2miques dels actes econ\u00f2mics. Qualsevol activitat que [&hellip;]\" \/>\n<meta property=\"og:url\" content=\"https:\/\/www.fiarebancaetica.coop\/eu\/articolo\/balanc-social-de-2015-de-fiare-banca-etica\/\" \/>\n<meta property=\"og:site_name\" content=\"Fiare Banca Etica\" \/>\n<meta property=\"article:modified_time\" content=\"2024-02-21T09:14:18+00:00\" \/>\n<meta property=\"og:image\" content=\"https:\/\/www.fiarebancaetica.coop\/app\/uploads\/sites\/2\/2024\/01\/cover-190.jpg\" \/>\n\t<meta property=\"og:image:width\" content=\"1132\" \/>\n\t<meta property=\"og:image:height\" content=\"825\" \/>\n\t<meta property=\"og:image:type\" content=\"image\/jpeg\" \/>\n<meta name=\"twitter:card\" content=\"summary_large_image\" \/>\n<script type=\"application\/ld+json\" class=\"yoast-schema-graph\">{\"@context\":\"https:\/\/schema.org\",\"@graph\":[{\"@type\":\"WebPage\",\"@id\":\"https:\/\/www.fiarebancaetica.coop\/eu\/articolo\/balanc-social-de-2015-de-fiare-banca-etica\/\",\"url\":\"https:\/\/www.fiarebancaetica.coop\/eu\/articolo\/balanc-social-de-2015-de-fiare-banca-etica\/\",\"name\":\"Balan\u00e7 Social de 2015 de Fiare Banca Etica - Fiare Banca Etica\",\"isPartOf\":{\"@id\":\"https:\/\/www.fiarebancaetica.coop\/eu\/#website\"},\"primaryImageOfPage\":{\"@id\":\"https:\/\/www.fiarebancaetica.coop\/eu\/articolo\/balanc-social-de-2015-de-fiare-banca-etica\/#primaryimage\"},\"image\":{\"@id\":\"https:\/\/www.fiarebancaetica.coop\/eu\/articolo\/balanc-social-de-2015-de-fiare-banca-etica\/#primaryimage\"},\"thumbnailUrl\":\"https:\/\/www.fiarebancaetica.coop\/app\/uploads\/sites\/2\/2024\/01\/cover-190.jpg\",\"datePublished\":\"2016-07-18T18:10:38+00:00\",\"dateModified\":\"2024-02-21T09:14:18+00:00\",\"breadcrumb\":{\"@id\":\"https:\/\/www.fiarebancaetica.coop\/eu\/articolo\/balanc-social-de-2015-de-fiare-banca-etica\/#breadcrumb\"},\"inLanguage\":\"eu\",\"potentialAction\":[{\"@type\":\"ReadAction\",\"target\":[\"https:\/\/www.fiarebancaetica.coop\/eu\/articolo\/balanc-social-de-2015-de-fiare-banca-etica\/\"]}]},{\"@type\":\"ImageObject\",\"inLanguage\":\"eu\",\"@id\":\"https:\/\/www.fiarebancaetica.coop\/eu\/articolo\/balanc-social-de-2015-de-fiare-banca-etica\/#primaryimage\",\"url\":\"https:\/\/www.fiarebancaetica.coop\/app\/uploads\/sites\/2\/2024\/01\/cover-190.jpg\",\"contentUrl\":\"https:\/\/www.fiarebancaetica.coop\/app\/uploads\/sites\/2\/2024\/01\/cover-190.jpg\",\"width\":1132,\"height\":825},{\"@type\":\"BreadcrumbList\",\"@id\":\"https:\/\/www.fiarebancaetica.coop\/eu\/articolo\/balanc-social-de-2015-de-fiare-banca-etica\/#breadcrumb\",\"itemListElement\":[{\"@type\":\"ListItem\",\"position\":1,\"name\":\"Home\",\"item\":\"https:\/\/www.fiarebancaetica.coop\/eu\/\"},{\"@type\":\"ListItem\",\"position\":2,\"name\":\"Balan\u00e7 Social de 2015 de Fiare Banca Etica\"}]},{\"@type\":\"WebSite\",\"@id\":\"https:\/\/www.fiarebancaetica.coop\/eu\/#website\",\"url\":\"https:\/\/www.fiarebancaetica.coop\/eu\/\",\"name\":\"Fiare Banca Etica\",\"description\":\"\",\"potentialAction\":[{\"@type\":\"SearchAction\",\"target\":{\"@type\":\"EntryPoint\",\"urlTemplate\":\"https:\/\/www.fiarebancaetica.coop\/eu\/?s={search_term_string}\"},\"query-input\":{\"@type\":\"PropertyValueSpecification\",\"valueRequired\":true,\"valueName\":\"search_term_string\"}}],\"inLanguage\":\"eu\"}]}<\/script>\n<!-- \/ Yoast SEO plugin. -->","yoast_head_json":{"title":"Balan\u00e7 Social de 2015 de Fiare Banca Etica - Fiare Banca Etica","robots":{"index":"index","follow":"follow","max-snippet":"max-snippet:-1","max-image-preview":"max-image-preview:large","max-video-preview":"max-video-preview:-1"},"canonical":"https:\/\/www.fiarebancaetica.coop\/eu\/articolo\/balanc-social-de-2015-de-fiare-banca-etica\/","og_locale":"eu_ES","og_type":"article","og_title":"Balan\u00e7 Social de 2015 de Fiare Banca Etica - Fiare Banca Etica","og_description":"Un dels principis inspiradors de les finances \u00e8tiques \u00e9s la transpar\u00e8ncia, el que obliga l&#8217;entitat a, entre d&#8217;altres coses, publicar que fa amb els doblers que els estalviadors els han dipositat. Una altre dels principis b\u00e0sics de les finances \u00e8tiques \u00e9s tenir especial cura de les conseq\u00fc\u00e8ncies no econ\u00f2miques dels actes econ\u00f2mics. Qualsevol activitat que [&hellip;]","og_url":"https:\/\/www.fiarebancaetica.coop\/eu\/articolo\/balanc-social-de-2015-de-fiare-banca-etica\/","og_site_name":"Fiare Banca Etica","article_modified_time":"2024-02-21T09:14:18+00:00","og_image":[{"width":1132,"height":825,"url":"https:\/\/www.fiarebancaetica.coop\/app\/uploads\/sites\/2\/2024\/01\/cover-190.jpg","type":"image\/jpeg"}],"twitter_card":"summary_large_image","schema":{"@context":"https:\/\/schema.org","@graph":[{"@type":"WebPage","@id":"https:\/\/www.fiarebancaetica.coop\/eu\/articolo\/balanc-social-de-2015-de-fiare-banca-etica\/","url":"https:\/\/www.fiarebancaetica.coop\/eu\/articolo\/balanc-social-de-2015-de-fiare-banca-etica\/","name":"Balan\u00e7 Social de 2015 de Fiare Banca Etica - Fiare Banca Etica","isPartOf":{"@id":"https:\/\/www.fiarebancaetica.coop\/eu\/#website"},"primaryImageOfPage":{"@id":"https:\/\/www.fiarebancaetica.coop\/eu\/articolo\/balanc-social-de-2015-de-fiare-banca-etica\/#primaryimage"},"image":{"@id":"https:\/\/www.fiarebancaetica.coop\/eu\/articolo\/balanc-social-de-2015-de-fiare-banca-etica\/#primaryimage"},"thumbnailUrl":"https:\/\/www.fiarebancaetica.coop\/app\/uploads\/sites\/2\/2024\/01\/cover-190.jpg","datePublished":"2016-07-18T18:10:38+00:00","dateModified":"2024-02-21T09:14:18+00:00","breadcrumb":{"@id":"https:\/\/www.fiarebancaetica.coop\/eu\/articolo\/balanc-social-de-2015-de-fiare-banca-etica\/#breadcrumb"},"inLanguage":"eu","potentialAction":[{"@type":"ReadAction","target":["https:\/\/www.fiarebancaetica.coop\/eu\/articolo\/balanc-social-de-2015-de-fiare-banca-etica\/"]}]},{"@type":"ImageObject","inLanguage":"eu","@id":"https:\/\/www.fiarebancaetica.coop\/eu\/articolo\/balanc-social-de-2015-de-fiare-banca-etica\/#primaryimage","url":"https:\/\/www.fiarebancaetica.coop\/app\/uploads\/sites\/2\/2024\/01\/cover-190.jpg","contentUrl":"https:\/\/www.fiarebancaetica.coop\/app\/uploads\/sites\/2\/2024\/01\/cover-190.jpg","width":1132,"height":825},{"@type":"BreadcrumbList","@id":"https:\/\/www.fiarebancaetica.coop\/eu\/articolo\/balanc-social-de-2015-de-fiare-banca-etica\/#breadcrumb","itemListElement":[{"@type":"ListItem","position":1,"name":"Home","item":"https:\/\/www.fiarebancaetica.coop\/eu\/"},{"@type":"ListItem","position":2,"name":"Balan\u00e7 Social de 2015 de Fiare Banca Etica"}]},{"@type":"WebSite","@id":"https:\/\/www.fiarebancaetica.coop\/eu\/#website","url":"https:\/\/www.fiarebancaetica.coop\/eu\/","name":"Fiare Banca Etica","description":"","potentialAction":[{"@type":"SearchAction","target":{"@type":"EntryPoint","urlTemplate":"https:\/\/www.fiarebancaetica.coop\/eu\/?s={search_term_string}"},"query-input":{"@type":"PropertyValueSpecification","valueRequired":true,"valueName":"search_term_string"}}],"inLanguage":"eu"}]}},"_links":{"self":[{"href":"https:\/\/www.fiarebancaetica.coop\/eu\/wp-json\/wp\/v2\/cbwpt_git_posts\/349476","targetHints":{"allow":["GET"]}}],"collection":[{"href":"https:\/\/www.fiarebancaetica.coop\/eu\/wp-json\/wp\/v2\/cbwpt_git_posts"}],"about":[{"href":"https:\/\/www.fiarebancaetica.coop\/eu\/wp-json\/wp\/v2\/types\/cbwpt_git_posts"}],"author":[{"embeddable":true,"href":"https:\/\/www.fiarebancaetica.coop\/eu\/wp-json\/wp\/v2\/users\/1"}],"version-history":[{"count":1,"href":"https:\/\/www.fiarebancaetica.coop\/eu\/wp-json\/wp\/v2\/cbwpt_git_posts\/349476\/revisions"}],"predecessor-version":[{"id":351844,"href":"https:\/\/www.fiarebancaetica.coop\/eu\/wp-json\/wp\/v2\/cbwpt_git_posts\/349476\/revisions\/351844"}],"wp:featuredmedia":[{"embeddable":true,"href":"https:\/\/www.fiarebancaetica.coop\/eu\/wp-json\/wp\/v2\/media\/362569"}],"wp:attachment":[{"href":"https:\/\/www.fiarebancaetica.coop\/eu\/wp-json\/wp\/v2\/media?parent=349476"}],"wp:term":[{"taxonomy":"cbwpt_tags","embeddable":true,"href":"https:\/\/www.fiarebancaetica.coop\/eu\/wp-json\/wp\/v2\/git_tags?post=349476"},{"taxonomy":"author","embeddable":true,"href":"https:\/\/www.fiarebancaetica.coop\/eu\/wp-json\/wp\/v2\/coauthors?post=349476"}],"curies":[{"name":"wp","href":"https:\/\/api.w.org\/{rel}","templated":true}]}}