{"id":342963,"date":"2023-12-04T00:00:00","date_gmt":"2023-12-03T23:00:00","guid":{"rendered":"https:\/\/www.fiarebancaetica.coop\/montes-du-couso-de-escombrera-a-ejemplo-de-sostenibilidad\/"},"modified":"2024-02-21T14:41:05","modified_gmt":"2024-02-21T13:41:05","slug":"montes-du-couso-de-escombrera-a-ejemplo-de-sostenibilidad","status":"publish","type":"post","link":"https:\/\/www.fiarebancaetica.coop\/eu\/montes-du-couso-de-escombrera-a-ejemplo-de-sostenibilidad\/","title":{"rendered":"Montes du Couso, de escombrera a ejemplo de sostenibilidad"},"content":{"rendered":"\n\n<div class=\"wp-block-bancaetica-blocks-blocks-block-49\">\n    <div class=\"container-block-49\">\n\n        <div class=\"header-section \">\n                            <h1 class=\"section-title\"> Etica e cooperativa <\/h1>\n                                            <\/div>\n\n        \n        <div class=\"block-background\" style=\"background-image: url('https:\/\/www.fiarebancaetica.coop\/app\/uploads\/sites\/2\/2023\/12\/montes-du-couso.jpg')\">\n                            <div class=\"tile\">\n                    <h1 class=\"image-title\"> Montes du Couso, de escombrera a ejemplo de sostenibilidad <\/h1>\n                <\/div>             <!-- end .tile -->\n            <div class=\"bottom-content\">\n                            <\/div> <!-- end .button-content -->\n        <\/div> <!-- end .block-background -->\n    <\/div> <!-- end .container -->\n<\/div> <!-- end wp-block-bancaetica-blocks-blocks-block-06 -->\n\n\n<div class=\"wrapper-crispybacon-class wrapper-crispybacon-class-boxed \">\n    <p>\n\t<a href=\"#\">Galego<\/a>&nbsp; <a href=\"#ca\">Catal\u00e0<\/a><\/p>\n<p>\n\tEntrevistamos a Xos\u00e9 Ant\u00f3n Ara\u00faxo,&nbsp;presidente de la Comunidad de Montes de Couso, reconocida por la ONU como referente ecol\u00f3gico por su ambicioso proyecto de restauraci\u00f3n forestal, promoviendo otra forma de vivir. Sus terrenos pasaron de ser una escombrera donde se tiraban todo tipo de basuras a recuperar el bosque aut\u00f3ctono.<br \/>\n\tHan puesto en marcha muchas iniciativas y buenas pr\u00e1cticas para recuperar el entorno y dar un valor a\u00f1adido al monte m\u00e1s acorde con los nuevos tiempos que corren.<\/p>\n<h2>\n\t\u00bfPor qu\u00e9 os hic\u00edsteis socios de Fiare Banca Etica?<\/h2>\n<p>\n\tPorque compartimos muchos valores. Porque somos un elemento de transformaci\u00f3n social en nuestro \u00e1mbito. Porque nuestras actividades y proyectos solo tienen un beneficiario: el conjunto de los habitantes de nuestra localidad. Porque nuestra forma de actuaci\u00f3n es di\u00e1fana para todos los comuneros. Las decisiones sobre las l\u00edneas estrat\u00e9gicas de actuaci\u00f3n son debatidas y&nbsp; aprobadas por el conjunto de nuestra masa social. Porque queremos contribuir a una sociedad de relaciones m\u00e1s justas, donde el producto de cercan\u00eda de los cultivos ecol\u00f3gicos favorezcan h\u00e1bitos m\u00e1s saludables.<\/p>\n<h2>\n\t\u00bfQu\u00e9 importancia tiene para vuestra entidad que vuestro banco tenga los mismos valores?<\/h2>\n<p>\n\tEs primordial sumar proyectos y entidades que caminen en la misma direcci\u00f3n con el objetivo de producir transformaciones sociales hac\u00eda sociedades m\u00e1s justas, m\u00e1s cohesionadas, m\u00e1s respetuosas con nuestro entorno\u2026 Las entidades financieras cl\u00e1sicas se mueven en otras din\u00e1micas con el \u00fanico objetivo de&nbsp; lograr el m\u00e1ximo de beneficios, sin reparar en el impacto social que producen sus actuaciones. Fiare Banca Etica trabaja en nuestra misma direcci\u00f3n, compartimos muchos valores y objetivos, al tiempo que favorece un clima de mutua confianza que impulsa nuestro trabajo.<\/p>\n<h2>\n\t&nbsp;\u00bfCual es el objetivo de vuestra entidad? \u00bf Y cuales son vuestras prioridades en este momento?<\/h2>\n<p>\n\tNuestro objetivo primordial es contribuir al bienestar de nuestra comunidad haciendo uso racional de nuestros recursos naturales. Para avanzar en esta direcci\u00f3n disponemos de tres motores: La innovaci\u00f3n e investigaci\u00f3n, la recuperaci\u00f3n de ecosistemas productivos aut\u00f3ctonos y el cultivo de especies de mayor demanda.<\/p>\n<p>\n\tEn el \u00faltimo bienio nos hemos centrado en la aprobaci\u00f3n de un plan de ordenaci\u00f3n del monte a largo plazo, producir y comercializar setas \u201cshitakis\u201d, ar\u00e1ndanos y frambuesas. La extracci\u00f3n de resina de nuestros pinos. La creaci\u00f3n de una comunidad energ\u00e9tica aut\u00f3noma. El cultivo de un bosque comestible, un bosque de la lengua, un refugio de anfibios y cultivo de acu\u00edferos.<\/p>\n<h2>\n\t\u00bfCuales crees que podr\u00edan ser las sinergias entre las dos entidades para enfrentarse a los retos?&nbsp;&nbsp;<\/h2>\n<p>\n\tUno de los aspectos m\u00e1s complicados de nuestra gesti\u00f3n es conseguir financiaci\u00f3n para desarrollar los proyectos de innovaci\u00f3n que articulamos. No somos una administraci\u00f3n estatal, somos s\u00f3lo una fr\u00e1gil entidad comunitaria rural. Para agilizar la ejecuci\u00f3n de los proyectos y disponer de liquidez monetaria, en ocasiones hemos recurrido a microcr\u00e9ditos otorgados por los vecinos. Encontrar financiaci\u00f3n a nuestra nutrida cartera de proyectos agilizar\u00eda y multiplicar\u00eda nuestra capacidad ejecutiva de dotaci\u00f3n de servicios a la comunidad.<\/p>\n<h2>\n\t\u00bfPor qu\u00e9 es urgente cambiar nuestros h\u00e1bitos y consumo para cuidar nuestro medio ambiente?\u00bfEstamos llegando tarde?<\/h2>\n<p>\n\tPorque estamos gastando recursos naturales que no necesitamos, estrangulando la capacidad del planeta para suministrarlos. Porque reduciendo la cantidad de pl\u00e1sticos que el mercado nos ofrece y acaban dilapidados en nuestros hogares, podemos aminorar la dependencia de los combustibles f\u00f3siles. Porque los que promovemos el comercio justo proveemos de productos de proximidad, m\u00e1s ecol\u00f3gicos, saludables y que generan econom\u00eda circular. Todo indica que llegaremos tarde para detener el colapso del planeta, pero va a depender de la cantidad de poblaci\u00f3n mundial que se sume al cambio de sus h\u00e1bitos de consumo.<\/p>\n<p>\n\t___________________________________________________________<\/p>\n<h1>\n\t<a id=\"ga\" name=\"ga\"><\/a>Montes de Couso, de vertedoiro a exemplo de sustentabilidade<\/h1>\n<p>\n\tEntrevistamos a Xos\u00e9 Ant\u00f3n Ara\u00faxo, presidente da Comunidade Montes de Couso, organizaci\u00f3n reco\u00f1ecida pola ONU como referente ecol\u00f3xico polo seu ambicioso proxecto de restauraci\u00f3n forestal, impulsando outra forma de vivir. Os seus montes pasaron de ser un vertedoiro onde se botaba todo tipo de lixo a recuperar o bosque aut\u00f3ctono.<\/p>\n<p>\n\tPuxeron en marcha moitas iniciativas e boas pr\u00e1cticas para recuperar o medio ambiente e po\u00f1er en valor o monte m\u00e1is acorde aos novos tempos.<\/p>\n<h2>\n\tPor qu\u00e9 se fixo socio de Fiare Banca Etica?<\/h2>\n<p>\n\tPorque compartimos moitos valores. Porque somos un elemento de transformaci\u00f3n social da nosa zona. Porque as nosas actividades e proxectos s\u00f3 te\u00f1en un beneficiario: a totalidade dos habitantes da nosa vila. Porque a nosa forma de actuar \u00e9 clara para todos os membros da comunidade. As decisi\u00f3ns sobre li\u00f1as estrat\u00e9xicas de actuaci\u00f3n son debatidas e aprobadas por toda a nosa masa social. Porque queremos contribu\u00edr a unha sociedade de relaci\u00f3ns m\u00e1is xustas, onde o produto local dos cultivos ecol\u00f3xicos promova h\u00e1bitos m\u00e1is saudables.<\/p>\n<h2>\n\tQu\u00e9 importancia ten para a s\u00faa entidade que o seu banco te\u00f1a os mesmos valores?<\/h2>\n<p>\n\t\u00c9 fundamental sumar proxectos e entidades que avancen na mesma direcci\u00f3n co obxectivo de producir transformaci\u00f3ns sociais cara a sociedades m\u00e1is xustas, m\u00e1is cohesionadas, m\u00e1is respectuosas co noso medio&#8230; As entidades financeiras cl\u00e1sicas m\u00f3vense noutras din\u00e1micas co \u00fanico obxectivo de conseguir o m\u00e1ximo de beneficios, sen ter en conta o impacto social producido polas s\u00faas actuaci\u00f3ns. Fiare Banca Etica traballa na mesma direcci\u00f3n, compartimos moitos valores e obxectivos, ao tempo que promovemos un clima de confianza mutua que impulse o noso traballo.<\/p>\n<h2>\n\tCal \u00e9 o obxectivo da s\u00faa entidade? E cales son as t\u00faas prioridades neste momento?<\/h2>\n<p>\n\tO noso obxectivo primordial \u00e9 contribu\u00edr ao benestar da nosa comunidade facendo un uso racional dos nosos recursos naturais. Para avanzar nesta direcci\u00f3n contamos con tres motores: a innovaci\u00f3n e a investigaci\u00f3n, a recuperaci\u00f3n de ecosistemas produtivos aut\u00f3ctonos e o cultivo das especies de maior demanda.<\/p>\n<p>\n\tNos \u00faltimos dous anos centr\u00e1monos na aprobaci\u00f3n dun plan de ordenaci\u00f3n forestal a longo prazo, producindo e comercializando cogomelos shitake, ar\u00e1ndanos e framboesas. A extracci\u00f3n de resina dos nosos pi\u00f1eiros. A creaci\u00f3n dunha comunidade aut\u00f3noma enerx\u00e9tica. O cultivo dun bosque comestible, un bosque de linguas, un refuxio de anfibios e o cultivo de acu\u00edferos.<\/p>\n<h2>\n\tCales cres que poder\u00edan ser as sinerx\u00edas entre as d\u00faas entidades para afrontar os retos?<\/h2>\n<p>\n\tUn dos aspectos m\u00e1is complicados da nosa xesti\u00f3n \u00e9 conseguir financiamento para desenvolver os proxectos de innovaci\u00f3n que articulamos. Non somos unha administraci\u00f3n estatal, s\u00f3 somos unha fr\u00e1xil entidade comunitaria rural. Para axilizar a execuci\u00f3n dos proxectos e dispo\u00f1er de liquidez monetaria recorremos \u00e1s veces aos microcr\u00e9ditos concedidos polos veci\u00f1os. Buscar financiamento para a nosa gran carteira de proxectos racionalizar\u00eda e multiplicar\u00eda a nosa capacidade executiva para prestar servizos \u00e1 comunidade.<\/p>\n<h2>\n\tPor que urxe cambiar os nosos h\u00e1bitos e consumos para coidar o noso medio ambiente?, chegamos tarde?<\/h2>\n<p>\n\tPorque estamos malgastando recursos naturais que non precisamos, estrangulando a capacidade do planeta para abastecelos. Porque reducindo a cantidade de pl\u00e1sticos que nos ofrece o mercado e que acaban desperdici\u00e1ndose nas nosas casas, podemos reducir a dependencia dos combustibles f\u00f3siles. Porque os que promovemos o comercio xusto achegamos produtos locais, m\u00e1is ecol\u00f3xicos, saudables e que xeran econom\u00eda circular. Todo indica que chegaremos tarde para frear o colapso do planeta, pero depender\u00e1 da cantidade de poboaci\u00f3n mundial que se sume ao cambio nos seus h\u00e1bitos de consumo.<\/p>\n<p>\n\t<a id=\"ca\" name=\"ca\"><\/a>___________________________________________________________<\/p>\n<h1>\n\tMontes du Couso, de runam a exemple de sostenibilitat<\/h1>\n<p>\n\t<br \/>\n\tEntrevistem a Xos\u00e9 Ant\u00f3n Ara\u00faxo, president de la Comunitat de Muntanyes de Couso, reconeguda per l&#8217;ONU com a referent ecol\u00f2gic pel seu ambici\u00f3s projecte de restauraci\u00f3 forestal, promovent una altra manera de viure. Els seus terrenys van passar de ser un runam on es tiraven tota mena d&#8217;escombraries a recuperar el bosc aut\u00f2cton.<br \/>\n\tHan posat en marxa moltes iniciatives i bones pr\u00e0ctiques per a recuperar l&#8217;entorn i donar un valor afegit a la muntanya m\u00e9s d&#8217;acord amb els nous temps que corren.<\/p>\n<h2>\n\tPer qu\u00e8 us vau fer socis de Fiare Banca Etica?<\/h2>\n<p>\n\tPerqu\u00e8 compartim molts valors. Perqu\u00e8 som un element de transformaci\u00f3 social en el nostre \u00e0mbit. Perqu\u00e8 les nostres activitats i projectes nom\u00e9s tenen un beneficiari: el conjunt dels habitants de la nostra localitat. Perqu\u00e8 la nostra manera d&#8217;actuar \u00e9s di\u00e0fana per a tots els comuners. Les decisions sobre les l\u00ednies estrat\u00e8giques d&#8217;actuaci\u00f3 s\u00f3n debatudes i aprovades pel conjunt de la nostra massa social. Perqu\u00e8 volem contribuir a una societat de relacions m\u00e9s justes, on el producte de proximitat dels cultius ecol\u00f2gics afavoreixin h\u00e0bits m\u00e9s saludables.<\/p>\n<h2>\n\tQuina import\u00e0ncia t\u00e9 per a la vostra entitat que el vostre banc tingui els mateixos valors?<\/h2>\n<p>\n\t\u00c9s primordial sumar projectes i entitats que caminin en la mateixa direcci\u00f3 amb l&#8217;objectiu de produir transformacions socials feia societats m\u00e9s justes, m\u00e9s cohesionades, m\u00e9s respectuoses amb el nostre entorn\u2026 Les entitats financeres cl\u00e0ssiques es mouen en altres din\u00e0miques amb l&#8217;\u00fanic objectiu d&#8217;aconseguir el m\u00e0xim de beneficis, sense reparar en l&#8217;impacte social que produeixen les seves actuacions. Fiare Banca Etica treballa en la nostra mateixa direcci\u00f3, compartim molts valors i objectius, al mateix temps que afavoreix un clima de m\u00fatua confian\u00e7a que impulsa el nostre treball.<\/p>\n<h2>\n\tQuin \u00e9s l&#8217;objectiu de la vostra entitat? I quines s\u00f3n les vostres prioritats en aquest moment?<\/h2>\n<p>\n\tEl nostre objectiu primordial \u00e9s contribuir al benestar de la nostra comunitat fent \u00fas racional dels nostres recursos naturals. Per a avan\u00e7ar en aquesta direcci\u00f3 disposem de tres motors: La innovaci\u00f3 i recerca, la recuperaci\u00f3 d&#8217;ecosistemes productius aut\u00f2ctons i el cultiu d&#8217;esp\u00e8cies de major demanda.<\/p>\n<p>\n\tEn l&#8217;\u00faltim bienni ens hem centrat en l&#8217;aprovaci\u00f3 d&#8217;un pla d&#8217;ordenaci\u00f3 de la muntanya a llarg termini, produir i comercialitzar bolets \u201cshitakis\u201d, nabius i gerds. L&#8217;extracci\u00f3 de resina dels nostres pins. La creaci\u00f3 d&#8217;una comunitat energ\u00e8tica aut\u00f2noma. El cultiu d&#8217;un bosc comestible, un bosc de la llengua, un refugi d&#8217;amfibis i cultiu d&#8217;aq\u00fc\u00edfers.<\/p>\n<h2>\n\tQuines creus que podrien ser les sinergies entre les dues entitats per a enfrontar-se als reptes?<\/h2>\n<p>\n\tUn dels aspectes m\u00e9s complicats de la nostra gesti\u00f3 \u00e9s aconseguir finan\u00e7ament per a desenvolupar els projectes d&#8217;innovaci\u00f3 que articulem. No som una administraci\u00f3 estatal, som nom\u00e9s una fr\u00e0gil entitat comunit\u00e0ria rural. Per a agilitzar l&#8217;execuci\u00f3 dels projectes i disposar de liquiditat monet\u00e0ria, a vegades hem recorregut a microcr\u00e8dits atorgats pels ve\u00efns. Trobar finan\u00e7ament a la nostra nodrida cartera de projectes agilitzaria i multiplicaria la nostra capacitat executiva de dotaci\u00f3 de serveis a la comunitat.<\/p>\n<h2>\n\tPer qu\u00e8 \u00e9s urgent canviar els nostres h\u00e0bits i consum per a cuidar el nostre medi ambient? Estem arribant tard?<\/h2>\n<p>\n\t<br \/>\n\tPerqu\u00e8 estem gastant recursos naturals que no necessitem, escanyant la capacitat del planeta per a subministrar-los. Perqu\u00e8 reduint la quantitat de pl\u00e0stics que el mercat ens ofereix i acaben dilapidats en les nostres llars, podem minorar la depend\u00e8ncia dels combustibles f\u00f2ssils. Perqu\u00e8 els que promovem el comer\u00e7 just prove\u00efm de productes de proximitat, m\u00e9s ecol\u00f2gics, saludables i que generen economia circular. Tot indica que arribarem tard per a detenir el col\u00b7lapse del planeta, per\u00f2 dependr\u00e0 de la quantitat de poblaci\u00f3 mundial que se sumi al canvi dels seus h\u00e0bits de consum.<\/p>\n<p>\n\t&nbsp;<\/p>\n<\/div>","protected":false},"excerpt":{"rendered":"<p>\n\tEntrevistamos a Xos\u00e9 Ant\u00f3n Ara\u00faxo, presidente de la Comunidad de Montes de Couso, reconocida por la ONU como referente ecol\u00f3gico por su ambicioso proyecto de restauraci\u00f3n forestal, promoviendo otra forma de vivir. Sus terrenos pasaron de ser una escombrera donde se tiraban todo tipo de basuras a recuperar el bosque aut\u00f3ctono.<\/p>\n","protected":false},"author":2,"featured_media":330629,"comment_status":"open","ping_status":"closed","sticky":false,"template":"","format":"standard","meta":{"_acf_changed":false,"footnotes":""},"categories":[11644],"tags":[],"coauthors":[],"class_list":["post-342963","post","type-post","status-publish","format-standard","has-post-thumbnail","hentry","category-finantza-etikoak"],"acf":[],"yoast_head":"<!-- This site is optimized with the Yoast SEO plugin v26.9 - https:\/\/yoast.com\/product\/yoast-seo-wordpress\/ -->\n<title>Montes du Couso, de escombrera a ejemplo de sostenibilidad - Fiare Banca Etica<\/title>\n<meta name=\"robots\" content=\"index, follow, max-snippet:-1, max-image-preview:large, max-video-preview:-1\" \/>\n<link rel=\"canonical\" href=\"https:\/\/www.fiarebancaetica.coop\/eu\/montes-du-couso-de-escombrera-a-ejemplo-de-sostenibilidad\/\" \/>\n<meta property=\"og:locale\" content=\"eu_ES\" \/>\n<meta property=\"og:type\" content=\"article\" \/>\n<meta property=\"og:title\" content=\"Montes du Couso, de escombrera a ejemplo de sostenibilidad - Fiare Banca Etica\" \/>\n<meta property=\"og:description\" content=\"Entrevistamos a Xos\u00e9 Ant\u00f3n Ara\u00faxo, presidente de la Comunidad de Montes de Couso, reconocida por la ONU como referente ecol\u00f3gico por su ambicioso proyecto de restauraci\u00f3n forestal, promoviendo otra forma de vivir. Sus terrenos pasaron de ser una escombrera donde se tiraban todo tipo de basuras a recuperar el bosque aut\u00f3ctono.\" \/>\n<meta property=\"og:url\" content=\"https:\/\/www.fiarebancaetica.coop\/eu\/montes-du-couso-de-escombrera-a-ejemplo-de-sostenibilidad\/\" \/>\n<meta property=\"og:site_name\" content=\"Fiare Banca Etica\" \/>\n<meta property=\"article:published_time\" content=\"2023-12-03T23:00:00+00:00\" \/>\n<meta property=\"article:modified_time\" content=\"2024-02-21T13:41:05+00:00\" \/>\n<meta property=\"og:image\" content=\"https:\/\/www.fiarebancaetica.coop\/app\/uploads\/sites\/2\/2023\/12\/montes-du-couso.jpg\" \/>\n\t<meta property=\"og:image:width\" content=\"580\" \/>\n\t<meta property=\"og:image:height\" content=\"366\" \/>\n\t<meta property=\"og:image:type\" content=\"image\/jpeg\" \/>\n<meta name=\"author\" content=\"crispyadmin0\" \/>\n<meta name=\"twitter:card\" content=\"summary_large_image\" \/>\n<script type=\"application\/ld+json\" class=\"yoast-schema-graph\">{\"@context\":\"https:\/\/schema.org\",\"@graph\":[{\"@type\":\"Article\",\"@id\":\"https:\/\/www.fiarebancaetica.coop\/eu\/montes-du-couso-de-escombrera-a-ejemplo-de-sostenibilidad\/#article\",\"isPartOf\":{\"@id\":\"https:\/\/www.fiarebancaetica.coop\/eu\/montes-du-couso-de-escombrera-a-ejemplo-de-sostenibilidad\/\"},\"author\":{\"name\":\"crispyadmin0\",\"@id\":\"https:\/\/www.fiarebancaetica.coop\/eu\/#\/schema\/person\/579841e89c804b5db05d9141bd9b8272\"},\"headline\":\"Montes du Couso, de escombrera a ejemplo de sostenibilidad\",\"datePublished\":\"2023-12-03T23:00:00+00:00\",\"dateModified\":\"2024-02-21T13:41:05+00:00\",\"mainEntityOfPage\":{\"@id\":\"https:\/\/www.fiarebancaetica.coop\/eu\/montes-du-couso-de-escombrera-a-ejemplo-de-sostenibilidad\/\"},\"wordCount\":1997,\"commentCount\":0,\"image\":{\"@id\":\"https:\/\/www.fiarebancaetica.coop\/eu\/montes-du-couso-de-escombrera-a-ejemplo-de-sostenibilidad\/#primaryimage\"},\"thumbnailUrl\":\"https:\/\/www.fiarebancaetica.coop\/app\/uploads\/sites\/2\/2023\/12\/montes-du-couso.jpg\",\"articleSection\":[\"Finantza etikoak\"],\"inLanguage\":\"eu\",\"potentialAction\":[{\"@type\":\"CommentAction\",\"name\":\"Comment\",\"target\":[\"https:\/\/www.fiarebancaetica.coop\/eu\/montes-du-couso-de-escombrera-a-ejemplo-de-sostenibilidad\/#respond\"]}]},{\"@type\":\"WebPage\",\"@id\":\"https:\/\/www.fiarebancaetica.coop\/eu\/montes-du-couso-de-escombrera-a-ejemplo-de-sostenibilidad\/\",\"url\":\"https:\/\/www.fiarebancaetica.coop\/eu\/montes-du-couso-de-escombrera-a-ejemplo-de-sostenibilidad\/\",\"name\":\"Montes du Couso, de escombrera a ejemplo de sostenibilidad - Fiare Banca Etica\",\"isPartOf\":{\"@id\":\"https:\/\/www.fiarebancaetica.coop\/eu\/#website\"},\"primaryImageOfPage\":{\"@id\":\"https:\/\/www.fiarebancaetica.coop\/eu\/montes-du-couso-de-escombrera-a-ejemplo-de-sostenibilidad\/#primaryimage\"},\"image\":{\"@id\":\"https:\/\/www.fiarebancaetica.coop\/eu\/montes-du-couso-de-escombrera-a-ejemplo-de-sostenibilidad\/#primaryimage\"},\"thumbnailUrl\":\"https:\/\/www.fiarebancaetica.coop\/app\/uploads\/sites\/2\/2023\/12\/montes-du-couso.jpg\",\"datePublished\":\"2023-12-03T23:00:00+00:00\",\"dateModified\":\"2024-02-21T13:41:05+00:00\",\"author\":{\"@id\":\"https:\/\/www.fiarebancaetica.coop\/eu\/#\/schema\/person\/579841e89c804b5db05d9141bd9b8272\"},\"breadcrumb\":{\"@id\":\"https:\/\/www.fiarebancaetica.coop\/eu\/montes-du-couso-de-escombrera-a-ejemplo-de-sostenibilidad\/#breadcrumb\"},\"inLanguage\":\"eu\",\"potentialAction\":[{\"@type\":\"ReadAction\",\"target\":[\"https:\/\/www.fiarebancaetica.coop\/eu\/montes-du-couso-de-escombrera-a-ejemplo-de-sostenibilidad\/\"]}]},{\"@type\":\"ImageObject\",\"inLanguage\":\"eu\",\"@id\":\"https:\/\/www.fiarebancaetica.coop\/eu\/montes-du-couso-de-escombrera-a-ejemplo-de-sostenibilidad\/#primaryimage\",\"url\":\"https:\/\/www.fiarebancaetica.coop\/app\/uploads\/sites\/2\/2023\/12\/montes-du-couso.jpg\",\"contentUrl\":\"https:\/\/www.fiarebancaetica.coop\/app\/uploads\/sites\/2\/2023\/12\/montes-du-couso.jpg\",\"width\":580,\"height\":366},{\"@type\":\"BreadcrumbList\",\"@id\":\"https:\/\/www.fiarebancaetica.coop\/eu\/montes-du-couso-de-escombrera-a-ejemplo-de-sostenibilidad\/#breadcrumb\",\"itemListElement\":[{\"@type\":\"ListItem\",\"position\":1,\"name\":\"Home\",\"item\":\"https:\/\/www.fiarebancaetica.coop\/eu\/\"},{\"@type\":\"ListItem\",\"position\":2,\"name\":\"Montes du Couso, de escombrera a ejemplo de sostenibilidad\"}]},{\"@type\":\"WebSite\",\"@id\":\"https:\/\/www.fiarebancaetica.coop\/eu\/#website\",\"url\":\"https:\/\/www.fiarebancaetica.coop\/eu\/\",\"name\":\"Fiare Banca Etica\",\"description\":\"\",\"potentialAction\":[{\"@type\":\"SearchAction\",\"target\":{\"@type\":\"EntryPoint\",\"urlTemplate\":\"https:\/\/www.fiarebancaetica.coop\/eu\/?s={search_term_string}\"},\"query-input\":{\"@type\":\"PropertyValueSpecification\",\"valueRequired\":true,\"valueName\":\"search_term_string\"}}],\"inLanguage\":\"eu\"},{\"@type\":\"Person\",\"@id\":\"https:\/\/www.fiarebancaetica.coop\/eu\/#\/schema\/person\/579841e89c804b5db05d9141bd9b8272\",\"name\":\"crispyadmin0\",\"image\":{\"@type\":\"ImageObject\",\"inLanguage\":\"eu\",\"@id\":\"https:\/\/www.fiarebancaetica.coop\/eu\/#\/schema\/person\/image\/5f3a6b7786f32f4c35bd2b1a5a4698ea\",\"url\":\"https:\/\/secure.gravatar.com\/avatar\/4d2cfb499d497b6d49da659fab7404b243a87fe8e40d2cf97a1cae48f677f5b2?s=96&d=mm&r=g\",\"contentUrl\":\"https:\/\/secure.gravatar.com\/avatar\/4d2cfb499d497b6d49da659fab7404b243a87fe8e40d2cf97a1cae48f677f5b2?s=96&d=mm&r=g\",\"caption\":\"crispyadmin0\"},\"sameAs\":[\"crispyadmin0\"]}]}<\/script>\n<!-- \/ Yoast SEO plugin. -->","yoast_head_json":{"title":"Montes du Couso, de escombrera a ejemplo de sostenibilidad - Fiare Banca Etica","robots":{"index":"index","follow":"follow","max-snippet":"max-snippet:-1","max-image-preview":"max-image-preview:large","max-video-preview":"max-video-preview:-1"},"canonical":"https:\/\/www.fiarebancaetica.coop\/eu\/montes-du-couso-de-escombrera-a-ejemplo-de-sostenibilidad\/","og_locale":"eu_ES","og_type":"article","og_title":"Montes du Couso, de escombrera a ejemplo de sostenibilidad - Fiare Banca Etica","og_description":"Entrevistamos a Xos\u00e9 Ant\u00f3n Ara\u00faxo, presidente de la Comunidad de Montes de Couso, reconocida por la ONU como referente ecol\u00f3gico por su ambicioso proyecto de restauraci\u00f3n forestal, promoviendo otra forma de vivir. Sus terrenos pasaron de ser una escombrera donde se tiraban todo tipo de basuras a recuperar el bosque aut\u00f3ctono.","og_url":"https:\/\/www.fiarebancaetica.coop\/eu\/montes-du-couso-de-escombrera-a-ejemplo-de-sostenibilidad\/","og_site_name":"Fiare Banca Etica","article_published_time":"2023-12-03T23:00:00+00:00","article_modified_time":"2024-02-21T13:41:05+00:00","og_image":[{"width":580,"height":366,"url":"https:\/\/www.fiarebancaetica.coop\/app\/uploads\/sites\/2\/2023\/12\/montes-du-couso.jpg","type":"image\/jpeg"}],"author":"crispyadmin0","twitter_card":"summary_large_image","schema":{"@context":"https:\/\/schema.org","@graph":[{"@type":"Article","@id":"https:\/\/www.fiarebancaetica.coop\/eu\/montes-du-couso-de-escombrera-a-ejemplo-de-sostenibilidad\/#article","isPartOf":{"@id":"https:\/\/www.fiarebancaetica.coop\/eu\/montes-du-couso-de-escombrera-a-ejemplo-de-sostenibilidad\/"},"author":{"name":"crispyadmin0","@id":"https:\/\/www.fiarebancaetica.coop\/eu\/#\/schema\/person\/579841e89c804b5db05d9141bd9b8272"},"headline":"Montes du Couso, de escombrera a ejemplo de sostenibilidad","datePublished":"2023-12-03T23:00:00+00:00","dateModified":"2024-02-21T13:41:05+00:00","mainEntityOfPage":{"@id":"https:\/\/www.fiarebancaetica.coop\/eu\/montes-du-couso-de-escombrera-a-ejemplo-de-sostenibilidad\/"},"wordCount":1997,"commentCount":0,"image":{"@id":"https:\/\/www.fiarebancaetica.coop\/eu\/montes-du-couso-de-escombrera-a-ejemplo-de-sostenibilidad\/#primaryimage"},"thumbnailUrl":"https:\/\/www.fiarebancaetica.coop\/app\/uploads\/sites\/2\/2023\/12\/montes-du-couso.jpg","articleSection":["Finantza etikoak"],"inLanguage":"eu","potentialAction":[{"@type":"CommentAction","name":"Comment","target":["https:\/\/www.fiarebancaetica.coop\/eu\/montes-du-couso-de-escombrera-a-ejemplo-de-sostenibilidad\/#respond"]}]},{"@type":"WebPage","@id":"https:\/\/www.fiarebancaetica.coop\/eu\/montes-du-couso-de-escombrera-a-ejemplo-de-sostenibilidad\/","url":"https:\/\/www.fiarebancaetica.coop\/eu\/montes-du-couso-de-escombrera-a-ejemplo-de-sostenibilidad\/","name":"Montes du Couso, de escombrera a ejemplo de sostenibilidad - Fiare Banca Etica","isPartOf":{"@id":"https:\/\/www.fiarebancaetica.coop\/eu\/#website"},"primaryImageOfPage":{"@id":"https:\/\/www.fiarebancaetica.coop\/eu\/montes-du-couso-de-escombrera-a-ejemplo-de-sostenibilidad\/#primaryimage"},"image":{"@id":"https:\/\/www.fiarebancaetica.coop\/eu\/montes-du-couso-de-escombrera-a-ejemplo-de-sostenibilidad\/#primaryimage"},"thumbnailUrl":"https:\/\/www.fiarebancaetica.coop\/app\/uploads\/sites\/2\/2023\/12\/montes-du-couso.jpg","datePublished":"2023-12-03T23:00:00+00:00","dateModified":"2024-02-21T13:41:05+00:00","author":{"@id":"https:\/\/www.fiarebancaetica.coop\/eu\/#\/schema\/person\/579841e89c804b5db05d9141bd9b8272"},"breadcrumb":{"@id":"https:\/\/www.fiarebancaetica.coop\/eu\/montes-du-couso-de-escombrera-a-ejemplo-de-sostenibilidad\/#breadcrumb"},"inLanguage":"eu","potentialAction":[{"@type":"ReadAction","target":["https:\/\/www.fiarebancaetica.coop\/eu\/montes-du-couso-de-escombrera-a-ejemplo-de-sostenibilidad\/"]}]},{"@type":"ImageObject","inLanguage":"eu","@id":"https:\/\/www.fiarebancaetica.coop\/eu\/montes-du-couso-de-escombrera-a-ejemplo-de-sostenibilidad\/#primaryimage","url":"https:\/\/www.fiarebancaetica.coop\/app\/uploads\/sites\/2\/2023\/12\/montes-du-couso.jpg","contentUrl":"https:\/\/www.fiarebancaetica.coop\/app\/uploads\/sites\/2\/2023\/12\/montes-du-couso.jpg","width":580,"height":366},{"@type":"BreadcrumbList","@id":"https:\/\/www.fiarebancaetica.coop\/eu\/montes-du-couso-de-escombrera-a-ejemplo-de-sostenibilidad\/#breadcrumb","itemListElement":[{"@type":"ListItem","position":1,"name":"Home","item":"https:\/\/www.fiarebancaetica.coop\/eu\/"},{"@type":"ListItem","position":2,"name":"Montes du Couso, de escombrera a ejemplo de sostenibilidad"}]},{"@type":"WebSite","@id":"https:\/\/www.fiarebancaetica.coop\/eu\/#website","url":"https:\/\/www.fiarebancaetica.coop\/eu\/","name":"Fiare Banca Etica","description":"","potentialAction":[{"@type":"SearchAction","target":{"@type":"EntryPoint","urlTemplate":"https:\/\/www.fiarebancaetica.coop\/eu\/?s={search_term_string}"},"query-input":{"@type":"PropertyValueSpecification","valueRequired":true,"valueName":"search_term_string"}}],"inLanguage":"eu"},{"@type":"Person","@id":"https:\/\/www.fiarebancaetica.coop\/eu\/#\/schema\/person\/579841e89c804b5db05d9141bd9b8272","name":"crispyadmin0","image":{"@type":"ImageObject","inLanguage":"eu","@id":"https:\/\/www.fiarebancaetica.coop\/eu\/#\/schema\/person\/image\/5f3a6b7786f32f4c35bd2b1a5a4698ea","url":"https:\/\/secure.gravatar.com\/avatar\/4d2cfb499d497b6d49da659fab7404b243a87fe8e40d2cf97a1cae48f677f5b2?s=96&d=mm&r=g","contentUrl":"https:\/\/secure.gravatar.com\/avatar\/4d2cfb499d497b6d49da659fab7404b243a87fe8e40d2cf97a1cae48f677f5b2?s=96&d=mm&r=g","caption":"crispyadmin0"},"sameAs":["crispyadmin0"]}]}},"_links":{"self":[{"href":"https:\/\/www.fiarebancaetica.coop\/eu\/wp-json\/wp\/v2\/posts\/342963","targetHints":{"allow":["GET"]}}],"collection":[{"href":"https:\/\/www.fiarebancaetica.coop\/eu\/wp-json\/wp\/v2\/posts"}],"about":[{"href":"https:\/\/www.fiarebancaetica.coop\/eu\/wp-json\/wp\/v2\/types\/post"}],"author":[{"embeddable":true,"href":"https:\/\/www.fiarebancaetica.coop\/eu\/wp-json\/wp\/v2\/users\/2"}],"replies":[{"embeddable":true,"href":"https:\/\/www.fiarebancaetica.coop\/eu\/wp-json\/wp\/v2\/comments?post=342963"}],"version-history":[{"count":3,"href":"https:\/\/www.fiarebancaetica.coop\/eu\/wp-json\/wp\/v2\/posts\/342963\/revisions"}],"predecessor-version":[{"id":370642,"href":"https:\/\/www.fiarebancaetica.coop\/eu\/wp-json\/wp\/v2\/posts\/342963\/revisions\/370642"}],"wp:featuredmedia":[{"embeddable":true,"href":"https:\/\/www.fiarebancaetica.coop\/eu\/wp-json\/wp\/v2\/media\/330629"}],"wp:attachment":[{"href":"https:\/\/www.fiarebancaetica.coop\/eu\/wp-json\/wp\/v2\/media?parent=342963"}],"wp:term":[{"taxonomy":"category","embeddable":true,"href":"https:\/\/www.fiarebancaetica.coop\/eu\/wp-json\/wp\/v2\/categories?post=342963"},{"taxonomy":"post_tag","embeddable":true,"href":"https:\/\/www.fiarebancaetica.coop\/eu\/wp-json\/wp\/v2\/tags?post=342963"},{"taxonomy":"author","embeddable":true,"href":"https:\/\/www.fiarebancaetica.coop\/eu\/wp-json\/wp\/v2\/coauthors?post=342963"}],"curies":[{"name":"wp","href":"https:\/\/api.w.org\/{rel}","templated":true}]}}