{"id":343079,"date":"2023-06-22T00:00:00","date_gmt":"2023-06-21T22:00:00","guid":{"rendered":"https:\/\/www.fiarebancaetica.coop\/el-orgullo-de-nuestras-vidas\/"},"modified":"2024-02-21T14:45:29","modified_gmt":"2024-02-21T13:45:29","slug":"el-orgullo-de-nuestras-vidas","status":"publish","type":"post","link":"https:\/\/www.fiarebancaetica.coop\/eu\/el-orgullo-de-nuestras-vidas\/","title":{"rendered":"El orgullo de nuestras vidas"},"content":{"rendered":"\n\n<div class=\"wp-block-bancaetica-blocks-blocks-block-49\">\n    <div class=\"container-block-49\">\n\n        <div class=\"header-section \">\n                            <h1 class=\"section-title\"> Etica e cooperativa <\/h1>\n                                            <\/div>\n\n        \n        <div class=\"block-background\" style=\"background-image: url('https:\/\/www.fiarebancaetica.coop\/app\/uploads\/sites\/2\/2023\/12\/el-orgullo-de-nuestras-vidas.jpg')\">\n                            <div class=\"tile\">\n                    <h1 class=\"image-title\"> El orgullo de nuestras vidas <\/h1>\n                <\/div>             <!-- end .tile -->\n            <div class=\"bottom-content\">\n                            <\/div> <!-- end .button-content -->\n        <\/div> <!-- end .block-background -->\n    <\/div> <!-- end .container -->\n<\/div> <!-- end wp-block-bancaetica-blocks-blocks-block-06 -->\n\n\n<div class=\"wrapper-crispybacon-class wrapper-crispybacon-class-boxed \">\n    <p>\n\t<a href=\"#ca\">Catal\u00e0<\/a><\/p>\n<p>\n\tEste a\u00f1o, el <strong><a href=\"https:\/\/www.pridebarcelona.org\/\">Pride Barcelona<\/a><\/strong>, que cuenta con el <strong>apoyo financiero de Fiare Banca Etica<\/strong>, llega bajo el lema<strong> \u201cEl orgullo de nuestras vidas<\/strong>\u201d y pondr\u00e1 el acento en la necesidad de reivindicar la diversidad en todas las edades.<\/p>\n<p>\n\tEl Pride! BCN aspira a incluir e invitar a todas las personas a la celebraci\u00f3n y reivindicaci\u00f3n, desde el inicio de la vida, hasta una vejez digna LGTBIQ+, con sus particulares retos.<\/p>\n<h2>\n\tS\u00famate a la fiesta<\/h2>\n<p>\n\tEste festival de <strong>reivindicaci\u00f3n y celebraci\u00f3n<\/strong>,&nbsp; se celebrar\u00e1 del <strong>3 al 16 de julio<\/strong> con diversas actividades, mientras que los platos fuertes llegar\u00e1n el 14 y 15 de julio, cuando habr\u00e1 conciertos y propuestas en diferentes espacios de Barcelona. El \u00faltimo d\u00eda de la celebraci\u00f3n tendr\u00e1 lugar la tradicional manifestaci\u00f3n del Orgullo. La mayor\u00eda de eventos tendr\u00e1n lugar en la plaza Universitat como epicentro. \u00c9sta tendr\u00e1 como novedad un espacio village que ocupar\u00e1 5.000 metros cuadrados.<\/p>\n<p>\n\tLa edici\u00f3n de este a\u00f1o quiere situar el foco en las personas y su proceso vital y subrayar la necesidad de promover la empat\u00eda y la solidaridad en cada una de las etapas en plenitud de derecho y libre de estereotipos y prejuicios. En su programa de actividades, se promover\u00e1 el<strong> di\u00e1logo entre generaciones<\/strong> y permitir\u00e1 poner en com\u00fan lo compartido y c\u00f3mo unas personas pueden cuidar de otras en funci\u00f3n de sus necesidades.<\/p>\n<p>\n\tLa comunidad LGTBIQ+, quiere aprovechar esta oportunidad para poner en com\u00fan los retos y dilemas que afronta, as\u00ed como saber transmitirlos al resto de la sociedad, y que la celebraci\u00f3n se convierta en una oportunidad para que la ciudadan\u00eda tome conciencia de que la defensa de los derechos humanos es responsabilidad de todas las personas.. El Pride! BCN est\u00e1 <strong>coorganizado por m\u00e1s de 35 entidades sociales<\/strong>, y cuenta con el apoyo institucional de la Generalitat de Catalunya y el Ayuntamiento de Barcelona.<\/p>\n<p>\n\tAqu\u00ed encontrar\u00e1s el <a href=\"https:\/\/www.pridebarcelona.org\/programa-pride-bcn-2023\/\"><strong>programa detallado de actividades<\/strong><\/a>.<\/p>\n<p>\n\t____________________________________________________________<\/p>\n<h1>\n\t<a id=\"ca\" name=\"ca\"><\/a>L&#8217;orgull de les nostres vides<\/h1>\n<p>\n\tEnguany, el Pride Barcelona, que compta amb el suport financer de Fiare Banca Etica, arriba sota el lema \u201cL&#8217;orgull de les nostres vides\u201d i posar\u00e0 l&#8217;accent en la necessitat de reivindicar la diversitat a totes les edats.<\/p>\n<p>\n\tEl Pride! BCN aspira a incloure i convidar a totes les persones a la celebraci\u00f3 i reivindicaci\u00f3, des de l&#8217;inici de la vida, fins a una vellesa digna LGTBIQ+, amb els seus particulars reptes.<\/p>\n<h2>\n\tSuma&#8217;t a la festa<\/h2>\n<p>\n\tAquest festival de reivindicaci\u00f3 i celebraci\u00f3, se celebrar\u00e0 del 3 al 16 de juliol amb diverses activitats, mentre que els plats forts arribaran el 14 i 15 de juliol, quan hi haur\u00e0 concerts i propostes en diferents espais de Barcelona. L&#8217;\u00faltim dia de la celebraci\u00f3 tindr\u00e0 lloc la tradicional manifestaci\u00f3 de l&#8217;Orgull. La majoria d&#8217;esdeveniments tindran lloc en la pla\u00e7a Universitat com a epicentre. Aquesta tindr\u00e0 com a novetat un espai village que ocupar\u00e0 5.000 metres quadrats.<\/p>\n<p>\n\tL&#8217;edici\u00f3 d&#8217;enguany vol situar el focus en les persones i el seu proc\u00e9s vital i subratllar la necessitat de promoure l&#8217;empatia i la solidaritat en cadascuna de les etapes en plenitud de dret i lliure d&#8217;estereotips i prejudicis. En el seu programa d&#8217;activitats, es promour\u00e0 el di\u00e0leg entre generacions i permetr\u00e0 posar en com\u00fa com unes persones poden cuidar d&#8217;altres en funci\u00f3 de les seves necessitats.<\/p>\n<p>\n\tLa comunitat LGTBIQ+ vol aprofitar aquesta oportunitat per comaprtir els reptes i dilemes que afronta, aix\u00ed com saber transmetre&#8217;ls a la resta de la societat, i que la celebraci\u00f3 es converteixi en una oportunitat perqu\u00e8 la ciutadania prengui consci\u00e8ncia que la defensa dels drets humans \u00e9s responsabilitat de totes les persones.. El Pride! BCN est\u00e0 coorganitzat per m\u00e9s de 35 entitats socials, i compta amb el suport institucional de la Generalitat de Catalunya i l&#8217;Ajuntament de Barcelona.<\/p>\n<p>\n\tFoto de <a href=\"https:\/\/unsplash.com\/es\/fotos\/wuxdtGMNYaU\">Raphael Renter de Unsplash<\/a><\/p>\n<\/div>","protected":false},"excerpt":{"rendered":"<p>\n\tEste a\u00f1o, el Pride Barcelona, que cuenta con el apoyo financiero de Fiare Banca&nbsp; Etica, llega bajo el lema \u201cEl orgullo de nuestras vidas\u201d y pondr\u00e1 el acento en la necesidad de reivindicar la diversidad en todas las edades.<\/p>\n","protected":false},"author":2,"featured_media":330472,"comment_status":"open","ping_status":"closed","sticky":false,"template":"","format":"standard","meta":{"_acf_changed":false,"footnotes":""},"categories":[11663],"tags":[11902],"coauthors":[2891],"class_list":["post-343079","post","type-post","status-publish","format-standard","has-post-thumbnail","hentry","category-eragin-positiboa-duten-istorioak","tag-errealitate-finantzatuak"],"acf":[],"yoast_head":"<!-- This site is optimized with the Yoast SEO plugin v26.9 - https:\/\/yoast.com\/product\/yoast-seo-wordpress\/ -->\n<title>El orgullo de nuestras vidas - Fiare Banca Etica<\/title>\n<meta name=\"robots\" content=\"index, follow, max-snippet:-1, max-image-preview:large, max-video-preview:-1\" \/>\n<link rel=\"canonical\" href=\"https:\/\/www.fiarebancaetica.coop\/eu\/el-orgullo-de-nuestras-vidas\/\" \/>\n<meta property=\"og:locale\" content=\"eu_ES\" \/>\n<meta property=\"og:type\" content=\"article\" \/>\n<meta property=\"og:title\" content=\"El orgullo de nuestras vidas - Fiare Banca Etica\" \/>\n<meta property=\"og:description\" content=\"Este a\u00f1o, el Pride Barcelona, que cuenta con el apoyo financiero de Fiare Banca&nbsp; Etica, llega bajo el lema \u201cEl orgullo de nuestras vidas\u201d y pondr\u00e1 el acento en la necesidad de reivindicar la diversidad en todas las edades.\" \/>\n<meta property=\"og:url\" content=\"https:\/\/www.fiarebancaetica.coop\/eu\/el-orgullo-de-nuestras-vidas\/\" \/>\n<meta property=\"og:site_name\" content=\"Fiare Banca Etica\" \/>\n<meta property=\"article:published_time\" content=\"2023-06-21T22:00:00+00:00\" \/>\n<meta property=\"article:modified_time\" content=\"2024-02-21T13:45:29+00:00\" \/>\n<meta property=\"og:image\" content=\"https:\/\/www.fiarebancaetica.coop\/app\/uploads\/sites\/2\/2023\/12\/el-orgullo-de-nuestras-vidas.jpg\" \/>\n\t<meta property=\"og:image:width\" content=\"540\" \/>\n\t<meta property=\"og:image:height\" content=\"240\" \/>\n\t<meta property=\"og:image:type\" content=\"image\/jpeg\" \/>\n<meta name=\"author\" content=\"crispyadmin0\" \/>\n<meta name=\"twitter:card\" content=\"summary_large_image\" \/>\n<script type=\"application\/ld+json\" class=\"yoast-schema-graph\">{\"@context\":\"https:\/\/schema.org\",\"@graph\":[{\"@type\":\"Article\",\"@id\":\"https:\/\/www.fiarebancaetica.coop\/eu\/el-orgullo-de-nuestras-vidas\/#article\",\"isPartOf\":{\"@id\":\"https:\/\/www.fiarebancaetica.coop\/eu\/el-orgullo-de-nuestras-vidas\/\"},\"author\":{\"name\":\"crispyadmin0\",\"@id\":\"https:\/\/www.fiarebancaetica.coop\/eu\/#\/schema\/person\/579841e89c804b5db05d9141bd9b8272\"},\"headline\":\"El orgullo de nuestras vidas\",\"datePublished\":\"2023-06-21T22:00:00+00:00\",\"dateModified\":\"2024-02-21T13:45:29+00:00\",\"mainEntityOfPage\":{\"@id\":\"https:\/\/www.fiarebancaetica.coop\/eu\/el-orgullo-de-nuestras-vidas\/\"},\"wordCount\":660,\"commentCount\":0,\"image\":{\"@id\":\"https:\/\/www.fiarebancaetica.coop\/eu\/el-orgullo-de-nuestras-vidas\/#primaryimage\"},\"thumbnailUrl\":\"https:\/\/www.fiarebancaetica.coop\/app\/uploads\/sites\/2\/2023\/12\/el-orgullo-de-nuestras-vidas.jpg\",\"keywords\":[\"Errealitate finantzatuak\"],\"articleSection\":[\"Eragin positiboa duten istorioak\"],\"inLanguage\":\"eu\",\"potentialAction\":[{\"@type\":\"CommentAction\",\"name\":\"Comment\",\"target\":[\"https:\/\/www.fiarebancaetica.coop\/eu\/el-orgullo-de-nuestras-vidas\/#respond\"]}]},{\"@type\":\"WebPage\",\"@id\":\"https:\/\/www.fiarebancaetica.coop\/eu\/el-orgullo-de-nuestras-vidas\/\",\"url\":\"https:\/\/www.fiarebancaetica.coop\/eu\/el-orgullo-de-nuestras-vidas\/\",\"name\":\"El orgullo de nuestras vidas - Fiare Banca Etica\",\"isPartOf\":{\"@id\":\"https:\/\/www.fiarebancaetica.coop\/eu\/#website\"},\"primaryImageOfPage\":{\"@id\":\"https:\/\/www.fiarebancaetica.coop\/eu\/el-orgullo-de-nuestras-vidas\/#primaryimage\"},\"image\":{\"@id\":\"https:\/\/www.fiarebancaetica.coop\/eu\/el-orgullo-de-nuestras-vidas\/#primaryimage\"},\"thumbnailUrl\":\"https:\/\/www.fiarebancaetica.coop\/app\/uploads\/sites\/2\/2023\/12\/el-orgullo-de-nuestras-vidas.jpg\",\"datePublished\":\"2023-06-21T22:00:00+00:00\",\"dateModified\":\"2024-02-21T13:45:29+00:00\",\"author\":{\"@id\":\"https:\/\/www.fiarebancaetica.coop\/eu\/#\/schema\/person\/579841e89c804b5db05d9141bd9b8272\"},\"breadcrumb\":{\"@id\":\"https:\/\/www.fiarebancaetica.coop\/eu\/el-orgullo-de-nuestras-vidas\/#breadcrumb\"},\"inLanguage\":\"eu\",\"potentialAction\":[{\"@type\":\"ReadAction\",\"target\":[\"https:\/\/www.fiarebancaetica.coop\/eu\/el-orgullo-de-nuestras-vidas\/\"]}]},{\"@type\":\"ImageObject\",\"inLanguage\":\"eu\",\"@id\":\"https:\/\/www.fiarebancaetica.coop\/eu\/el-orgullo-de-nuestras-vidas\/#primaryimage\",\"url\":\"https:\/\/www.fiarebancaetica.coop\/app\/uploads\/sites\/2\/2023\/12\/el-orgullo-de-nuestras-vidas.jpg\",\"contentUrl\":\"https:\/\/www.fiarebancaetica.coop\/app\/uploads\/sites\/2\/2023\/12\/el-orgullo-de-nuestras-vidas.jpg\",\"width\":540,\"height\":240},{\"@type\":\"BreadcrumbList\",\"@id\":\"https:\/\/www.fiarebancaetica.coop\/eu\/el-orgullo-de-nuestras-vidas\/#breadcrumb\",\"itemListElement\":[{\"@type\":\"ListItem\",\"position\":1,\"name\":\"Home\",\"item\":\"https:\/\/www.fiarebancaetica.coop\/eu\/\"},{\"@type\":\"ListItem\",\"position\":2,\"name\":\"El orgullo de nuestras vidas\"}]},{\"@type\":\"WebSite\",\"@id\":\"https:\/\/www.fiarebancaetica.coop\/eu\/#website\",\"url\":\"https:\/\/www.fiarebancaetica.coop\/eu\/\",\"name\":\"Fiare Banca Etica\",\"description\":\"\",\"potentialAction\":[{\"@type\":\"SearchAction\",\"target\":{\"@type\":\"EntryPoint\",\"urlTemplate\":\"https:\/\/www.fiarebancaetica.coop\/eu\/?s={search_term_string}\"},\"query-input\":{\"@type\":\"PropertyValueSpecification\",\"valueRequired\":true,\"valueName\":\"search_term_string\"}}],\"inLanguage\":\"eu\"},{\"@type\":\"Person\",\"@id\":\"https:\/\/www.fiarebancaetica.coop\/eu\/#\/schema\/person\/579841e89c804b5db05d9141bd9b8272\",\"name\":\"crispyadmin0\",\"image\":{\"@type\":\"ImageObject\",\"inLanguage\":\"eu\",\"@id\":\"https:\/\/www.fiarebancaetica.coop\/eu\/#\/schema\/person\/image\/5f3a6b7786f32f4c35bd2b1a5a4698ea\",\"url\":\"https:\/\/secure.gravatar.com\/avatar\/4d2cfb499d497b6d49da659fab7404b243a87fe8e40d2cf97a1cae48f677f5b2?s=96&d=mm&r=g\",\"contentUrl\":\"https:\/\/secure.gravatar.com\/avatar\/4d2cfb499d497b6d49da659fab7404b243a87fe8e40d2cf97a1cae48f677f5b2?s=96&d=mm&r=g\",\"caption\":\"crispyadmin0\"},\"sameAs\":[\"crispyadmin0\"]}]}<\/script>\n<!-- \/ Yoast SEO plugin. -->","yoast_head_json":{"title":"El orgullo de nuestras vidas - Fiare Banca Etica","robots":{"index":"index","follow":"follow","max-snippet":"max-snippet:-1","max-image-preview":"max-image-preview:large","max-video-preview":"max-video-preview:-1"},"canonical":"https:\/\/www.fiarebancaetica.coop\/eu\/el-orgullo-de-nuestras-vidas\/","og_locale":"eu_ES","og_type":"article","og_title":"El orgullo de nuestras vidas - Fiare Banca Etica","og_description":"Este a\u00f1o, el Pride Barcelona, que cuenta con el apoyo financiero de Fiare Banca&nbsp; Etica, llega bajo el lema \u201cEl orgullo de nuestras vidas\u201d y pondr\u00e1 el acento en la necesidad de reivindicar la diversidad en todas las edades.","og_url":"https:\/\/www.fiarebancaetica.coop\/eu\/el-orgullo-de-nuestras-vidas\/","og_site_name":"Fiare Banca Etica","article_published_time":"2023-06-21T22:00:00+00:00","article_modified_time":"2024-02-21T13:45:29+00:00","og_image":[{"width":540,"height":240,"url":"https:\/\/www.fiarebancaetica.coop\/app\/uploads\/sites\/2\/2023\/12\/el-orgullo-de-nuestras-vidas.jpg","type":"image\/jpeg"}],"author":"crispyadmin0","twitter_card":"summary_large_image","schema":{"@context":"https:\/\/schema.org","@graph":[{"@type":"Article","@id":"https:\/\/www.fiarebancaetica.coop\/eu\/el-orgullo-de-nuestras-vidas\/#article","isPartOf":{"@id":"https:\/\/www.fiarebancaetica.coop\/eu\/el-orgullo-de-nuestras-vidas\/"},"author":{"name":"crispyadmin0","@id":"https:\/\/www.fiarebancaetica.coop\/eu\/#\/schema\/person\/579841e89c804b5db05d9141bd9b8272"},"headline":"El orgullo de nuestras vidas","datePublished":"2023-06-21T22:00:00+00:00","dateModified":"2024-02-21T13:45:29+00:00","mainEntityOfPage":{"@id":"https:\/\/www.fiarebancaetica.coop\/eu\/el-orgullo-de-nuestras-vidas\/"},"wordCount":660,"commentCount":0,"image":{"@id":"https:\/\/www.fiarebancaetica.coop\/eu\/el-orgullo-de-nuestras-vidas\/#primaryimage"},"thumbnailUrl":"https:\/\/www.fiarebancaetica.coop\/app\/uploads\/sites\/2\/2023\/12\/el-orgullo-de-nuestras-vidas.jpg","keywords":["Errealitate finantzatuak"],"articleSection":["Eragin positiboa duten istorioak"],"inLanguage":"eu","potentialAction":[{"@type":"CommentAction","name":"Comment","target":["https:\/\/www.fiarebancaetica.coop\/eu\/el-orgullo-de-nuestras-vidas\/#respond"]}]},{"@type":"WebPage","@id":"https:\/\/www.fiarebancaetica.coop\/eu\/el-orgullo-de-nuestras-vidas\/","url":"https:\/\/www.fiarebancaetica.coop\/eu\/el-orgullo-de-nuestras-vidas\/","name":"El orgullo de nuestras vidas - Fiare Banca Etica","isPartOf":{"@id":"https:\/\/www.fiarebancaetica.coop\/eu\/#website"},"primaryImageOfPage":{"@id":"https:\/\/www.fiarebancaetica.coop\/eu\/el-orgullo-de-nuestras-vidas\/#primaryimage"},"image":{"@id":"https:\/\/www.fiarebancaetica.coop\/eu\/el-orgullo-de-nuestras-vidas\/#primaryimage"},"thumbnailUrl":"https:\/\/www.fiarebancaetica.coop\/app\/uploads\/sites\/2\/2023\/12\/el-orgullo-de-nuestras-vidas.jpg","datePublished":"2023-06-21T22:00:00+00:00","dateModified":"2024-02-21T13:45:29+00:00","author":{"@id":"https:\/\/www.fiarebancaetica.coop\/eu\/#\/schema\/person\/579841e89c804b5db05d9141bd9b8272"},"breadcrumb":{"@id":"https:\/\/www.fiarebancaetica.coop\/eu\/el-orgullo-de-nuestras-vidas\/#breadcrumb"},"inLanguage":"eu","potentialAction":[{"@type":"ReadAction","target":["https:\/\/www.fiarebancaetica.coop\/eu\/el-orgullo-de-nuestras-vidas\/"]}]},{"@type":"ImageObject","inLanguage":"eu","@id":"https:\/\/www.fiarebancaetica.coop\/eu\/el-orgullo-de-nuestras-vidas\/#primaryimage","url":"https:\/\/www.fiarebancaetica.coop\/app\/uploads\/sites\/2\/2023\/12\/el-orgullo-de-nuestras-vidas.jpg","contentUrl":"https:\/\/www.fiarebancaetica.coop\/app\/uploads\/sites\/2\/2023\/12\/el-orgullo-de-nuestras-vidas.jpg","width":540,"height":240},{"@type":"BreadcrumbList","@id":"https:\/\/www.fiarebancaetica.coop\/eu\/el-orgullo-de-nuestras-vidas\/#breadcrumb","itemListElement":[{"@type":"ListItem","position":1,"name":"Home","item":"https:\/\/www.fiarebancaetica.coop\/eu\/"},{"@type":"ListItem","position":2,"name":"El orgullo de nuestras vidas"}]},{"@type":"WebSite","@id":"https:\/\/www.fiarebancaetica.coop\/eu\/#website","url":"https:\/\/www.fiarebancaetica.coop\/eu\/","name":"Fiare Banca Etica","description":"","potentialAction":[{"@type":"SearchAction","target":{"@type":"EntryPoint","urlTemplate":"https:\/\/www.fiarebancaetica.coop\/eu\/?s={search_term_string}"},"query-input":{"@type":"PropertyValueSpecification","valueRequired":true,"valueName":"search_term_string"}}],"inLanguage":"eu"},{"@type":"Person","@id":"https:\/\/www.fiarebancaetica.coop\/eu\/#\/schema\/person\/579841e89c804b5db05d9141bd9b8272","name":"crispyadmin0","image":{"@type":"ImageObject","inLanguage":"eu","@id":"https:\/\/www.fiarebancaetica.coop\/eu\/#\/schema\/person\/image\/5f3a6b7786f32f4c35bd2b1a5a4698ea","url":"https:\/\/secure.gravatar.com\/avatar\/4d2cfb499d497b6d49da659fab7404b243a87fe8e40d2cf97a1cae48f677f5b2?s=96&d=mm&r=g","contentUrl":"https:\/\/secure.gravatar.com\/avatar\/4d2cfb499d497b6d49da659fab7404b243a87fe8e40d2cf97a1cae48f677f5b2?s=96&d=mm&r=g","caption":"crispyadmin0"},"sameAs":["crispyadmin0"]}]}},"_links":{"self":[{"href":"https:\/\/www.fiarebancaetica.coop\/eu\/wp-json\/wp\/v2\/posts\/343079","targetHints":{"allow":["GET"]}}],"collection":[{"href":"https:\/\/www.fiarebancaetica.coop\/eu\/wp-json\/wp\/v2\/posts"}],"about":[{"href":"https:\/\/www.fiarebancaetica.coop\/eu\/wp-json\/wp\/v2\/types\/post"}],"author":[{"embeddable":true,"href":"https:\/\/www.fiarebancaetica.coop\/eu\/wp-json\/wp\/v2\/users\/2"}],"replies":[{"embeddable":true,"href":"https:\/\/www.fiarebancaetica.coop\/eu\/wp-json\/wp\/v2\/comments?post=343079"}],"version-history":[{"count":1,"href":"https:\/\/www.fiarebancaetica.coop\/eu\/wp-json\/wp\/v2\/posts\/343079\/revisions"}],"predecessor-version":[{"id":355446,"href":"https:\/\/www.fiarebancaetica.coop\/eu\/wp-json\/wp\/v2\/posts\/343079\/revisions\/355446"}],"wp:featuredmedia":[{"embeddable":true,"href":"https:\/\/www.fiarebancaetica.coop\/eu\/wp-json\/wp\/v2\/media\/330472"}],"wp:attachment":[{"href":"https:\/\/www.fiarebancaetica.coop\/eu\/wp-json\/wp\/v2\/media?parent=343079"}],"wp:term":[{"taxonomy":"category","embeddable":true,"href":"https:\/\/www.fiarebancaetica.coop\/eu\/wp-json\/wp\/v2\/categories?post=343079"},{"taxonomy":"post_tag","embeddable":true,"href":"https:\/\/www.fiarebancaetica.coop\/eu\/wp-json\/wp\/v2\/tags?post=343079"},{"taxonomy":"author","embeddable":true,"href":"https:\/\/www.fiarebancaetica.coop\/eu\/wp-json\/wp\/v2\/coauthors?post=343079"}],"curies":[{"name":"wp","href":"https:\/\/api.w.org\/{rel}","templated":true}]}}