{"id":343131,"date":"2023-02-01T10:41:00","date_gmt":"2023-02-01T09:41:00","guid":{"rendered":"https:\/\/www.fiarebancaetica.coop\/javier-martinez-contreras-candidato-al-comite-etico\/"},"modified":"2024-02-21T14:49:34","modified_gmt":"2024-02-21T13:49:34","slug":"javier-martinez-contreras-candidato-al-comite-etico","status":"publish","type":"post","link":"https:\/\/www.fiarebancaetica.coop\/eu\/javier-martinez-contreras-candidato-al-comite-etico\/","title":{"rendered":"Javier Mart\u00ednez Contreras &#8211; candidato al Comit\u00e9 \u00c9tico"},"content":{"rendered":"\n\n<div class=\"wp-block-bancaetica-blocks-blocks-block-49\">\n    <div class=\"container-block-49\">\n\n        <div class=\"header-section \">\n                            <h1 class=\"section-title\"> Etica e cooperativa <\/h1>\n                                            <\/div>\n\n        \n        <div class=\"block-background\" style=\"background-image: url('https:\/\/www.fiarebancaetica.coop\/app\/uploads\/sites\/2\/2023\/12\/11-1.png')\">\n                            <div class=\"tile\">\n                    <h1 class=\"image-title\"> Javier Mart\u00ednez Contreras &#8211; candidato al Comit\u00e9 \u00c9tico <\/h1>\n                <\/div>             <!-- end .tile -->\n            <div class=\"bottom-content\">\n                            <\/div> <!-- end .button-content -->\n        <\/div> <!-- end .block-background -->\n    <\/div> <!-- end .container -->\n<\/div> <!-- end wp-block-bancaetica-blocks-blocks-block-06 -->\n\n\n<div class=\"wrapper-crispybacon-class wrapper-crispybacon-class-boxed \">\n    \n<p><strong>Cu&eacute;ntanos algo sobre ti que consideres importante de cara a tu candidatura<\/strong><\/p>\n\n<p>&nbsp;<\/p>\n\n<p><span style=\"color:#434343\">Soy profesor de &eacute;tica c&iacute;vica y profesional en la Universidad de Deusto, en Bilbao. Tengo experiencia acad&eacute;mica en &eacute;tica aplicada y &eacute;tica social y pol&iacute;tica, tanto docente como investigadora. Adem&aacute;s, mi trayectoria personal est&aacute; marcada por la vinculaci&oacute;n y militancia en ONGs de Desarrollo, sobre todo en relaci&oacute;n con Am&eacute;rica Latina, as&iacute; como a trabajo social realizado desde diferentes plataformas eclesiales en Bizkaia. Creo que ambos elementos pueden ayudar a desarrollar las tareas propias del Comit&eacute; de &Eacute;tica de Banca &Eacute;tica.<\/span><\/p>\n\n<p>&nbsp;<\/p>\n\n<p>&nbsp;<\/p>\n\n<p><strong>&iquest;Qu&eacute; te motiva a ser candidato al Comit&eacute; &Eacute;tico de Banca Etica?<\/strong><\/p>\n\n<p>&nbsp;<\/p>\n\n<p><span style=\"color:#434343\">Me vincul&eacute; a Fiare como socio y cliente ya en 2005. Diferentes situaciones familiares y personales me han impedido una mayor implicaci&oacute;n personal en los GIT o en las estructuras de Fiare. Desde hace a&ntilde;os quer&iacute;a contribuir a la marcha del banco, y ahora que tengo disponibilidad de tiempo y ganas de hacerlo, me propusieron presentar mi candidatura. Fue una coincidencia muy feliz, toda vez que me permite realizar una aportaci&oacute;n que usa tanto mi experiencia personal como el conocimiento del que dispongo. Creo que Fiare es una palanca de transformaci&oacute;n social de primer orden, y me siento muy feliz de poder ayudar en su consolidaci&oacute;n y su desarrollo.<\/span><\/p>\n\n<p>&nbsp;<\/p>\n\n<p>&nbsp;<\/p>\n\n<p><strong>En un momento de grandes retos externos sociales, culturales, medioambientales, desde tu experiencia &iquest;qu&eacute; contribuci&oacute;n crees que puedes hacer y crees que puede hacer el Comit&eacute; de &Eacute;tica para acompa&ntilde;ar la evoluci&oacute;n de un banco que naci&oacute; para poner el dinero al servicio de las personas y del planeta?<\/strong><\/p>\n\n<p>&nbsp;<\/p>\n\n<p><span style=\"color:#434343\">A mi parecer, la econom&iacute;a tiene sentido cuando sirve a las personas y a sus necesidades, lo cual implica cuidar del entorno, de la naturaleza, y hacerlo de forma consciente y, por supuesto, sostenible en t&eacute;rminos tanto ambientales como sociales adem&aacute;s de econ&oacute;micos. Creo que el Comitato puede servir de orientaci&oacute;n a las acciones del banco en este sentido, adem&aacute;s de brindar una mirada anal&iacute;tica y propositiva sobre los asuntos que se nos planteen desde el consejo de administraci&oacute;n. As&iacute; mismo, creo que es un foro muy adecuado para analizar las propuestas e inquietudes de nuestra base social, de manera que haya una mayor implicaci&oacute;n de las tareas del comitato en la base social del banco.<\/span><\/p>\n\n<\/div>","protected":false},"excerpt":{"rendered":"","protected":false},"author":1,"featured_media":336837,"comment_status":"open","ping_status":"closed","sticky":false,"template":"","format":"standard","meta":{"_acf_changed":false,"footnotes":""},"categories":[1],"tags":[],"coauthors":[],"class_list":["post-343131","post","type-post","status-publish","format-standard","has-post-thumbnail","hentry","category-proyectos-colectivos"],"acf":[],"yoast_head":"<!-- This site is optimized with the Yoast SEO plugin v26.9 - https:\/\/yoast.com\/product\/yoast-seo-wordpress\/ -->\n<title>Javier Mart\u00ednez Contreras - candidato al Comit\u00e9 \u00c9tico - Fiare Banca Etica<\/title>\n<meta name=\"robots\" content=\"index, follow, max-snippet:-1, max-image-preview:large, max-video-preview:-1\" \/>\n<link rel=\"canonical\" href=\"https:\/\/www.fiarebancaetica.coop\/eu\/javier-martinez-contreras-candidato-al-comite-etico\/\" \/>\n<meta property=\"og:locale\" content=\"eu_ES\" \/>\n<meta property=\"og:type\" content=\"article\" \/>\n<meta property=\"og:title\" content=\"Javier Mart\u00ednez Contreras - candidato al Comit\u00e9 \u00c9tico - Fiare Banca Etica\" \/>\n<meta property=\"og:url\" content=\"https:\/\/www.fiarebancaetica.coop\/eu\/javier-martinez-contreras-candidato-al-comite-etico\/\" \/>\n<meta property=\"og:site_name\" content=\"Fiare Banca Etica\" \/>\n<meta property=\"article:published_time\" content=\"2023-02-01T09:41:00+00:00\" \/>\n<meta property=\"article:modified_time\" content=\"2024-02-21T13:49:34+00:00\" \/>\n<meta property=\"og:image\" content=\"https:\/\/www.fiarebancaetica.coop\/app\/uploads\/sites\/2\/2023\/12\/11-1.png\" \/>\n\t<meta property=\"og:image:width\" content=\"1000\" \/>\n\t<meta property=\"og:image:height\" content=\"600\" \/>\n\t<meta property=\"og:image:type\" content=\"image\/png\" \/>\n<meta name=\"author\" content=\"DINOVA ES PF SOCIO\" \/>\n<meta name=\"twitter:card\" content=\"summary_large_image\" \/>\n<script type=\"application\/ld+json\" class=\"yoast-schema-graph\">{\"@context\":\"https:\/\/schema.org\",\"@graph\":[{\"@type\":\"Article\",\"@id\":\"https:\/\/www.fiarebancaetica.coop\/eu\/javier-martinez-contreras-candidato-al-comite-etico\/#article\",\"isPartOf\":{\"@id\":\"https:\/\/www.fiarebancaetica.coop\/eu\/javier-martinez-contreras-candidato-al-comite-etico\/\"},\"author\":{\"name\":\"DINOVA ES PF SOCIO\",\"@id\":\"https:\/\/www.fiarebancaetica.coop\/eu\/#\/schema\/person\/ace3bdacff4456335cf9d9d0f5b2da36\"},\"headline\":\"Javier Mart\u00ednez Contreras &#8211; candidato al Comit\u00e9 \u00c9tico\",\"datePublished\":\"2023-02-01T09:41:00+00:00\",\"dateModified\":\"2024-02-21T13:49:34+00:00\",\"mainEntityOfPage\":{\"@id\":\"https:\/\/www.fiarebancaetica.coop\/eu\/javier-martinez-contreras-candidato-al-comite-etico\/\"},\"wordCount\":465,\"commentCount\":0,\"image\":{\"@id\":\"https:\/\/www.fiarebancaetica.coop\/eu\/javier-martinez-contreras-candidato-al-comite-etico\/#primaryimage\"},\"thumbnailUrl\":\"https:\/\/www.fiarebancaetica.coop\/app\/uploads\/sites\/2\/2023\/12\/11-1.png\",\"articleSection\":[\"Proyectos colectivos\"],\"inLanguage\":\"eu\",\"potentialAction\":[{\"@type\":\"CommentAction\",\"name\":\"Comment\",\"target\":[\"https:\/\/www.fiarebancaetica.coop\/eu\/javier-martinez-contreras-candidato-al-comite-etico\/#respond\"]}]},{\"@type\":\"WebPage\",\"@id\":\"https:\/\/www.fiarebancaetica.coop\/eu\/javier-martinez-contreras-candidato-al-comite-etico\/\",\"url\":\"https:\/\/www.fiarebancaetica.coop\/eu\/javier-martinez-contreras-candidato-al-comite-etico\/\",\"name\":\"Javier Mart\u00ednez Contreras - candidato al Comit\u00e9 \u00c9tico - Fiare Banca Etica\",\"isPartOf\":{\"@id\":\"https:\/\/www.fiarebancaetica.coop\/eu\/#website\"},\"primaryImageOfPage\":{\"@id\":\"https:\/\/www.fiarebancaetica.coop\/eu\/javier-martinez-contreras-candidato-al-comite-etico\/#primaryimage\"},\"image\":{\"@id\":\"https:\/\/www.fiarebancaetica.coop\/eu\/javier-martinez-contreras-candidato-al-comite-etico\/#primaryimage\"},\"thumbnailUrl\":\"https:\/\/www.fiarebancaetica.coop\/app\/uploads\/sites\/2\/2023\/12\/11-1.png\",\"datePublished\":\"2023-02-01T09:41:00+00:00\",\"dateModified\":\"2024-02-21T13:49:34+00:00\",\"author\":{\"@id\":\"https:\/\/www.fiarebancaetica.coop\/eu\/#\/schema\/person\/ace3bdacff4456335cf9d9d0f5b2da36\"},\"breadcrumb\":{\"@id\":\"https:\/\/www.fiarebancaetica.coop\/eu\/javier-martinez-contreras-candidato-al-comite-etico\/#breadcrumb\"},\"inLanguage\":\"eu\",\"potentialAction\":[{\"@type\":\"ReadAction\",\"target\":[\"https:\/\/www.fiarebancaetica.coop\/eu\/javier-martinez-contreras-candidato-al-comite-etico\/\"]}]},{\"@type\":\"ImageObject\",\"inLanguage\":\"eu\",\"@id\":\"https:\/\/www.fiarebancaetica.coop\/eu\/javier-martinez-contreras-candidato-al-comite-etico\/#primaryimage\",\"url\":\"https:\/\/www.fiarebancaetica.coop\/app\/uploads\/sites\/2\/2023\/12\/11-1.png\",\"contentUrl\":\"https:\/\/www.fiarebancaetica.coop\/app\/uploads\/sites\/2\/2023\/12\/11-1.png\",\"width\":1000,\"height\":600},{\"@type\":\"BreadcrumbList\",\"@id\":\"https:\/\/www.fiarebancaetica.coop\/eu\/javier-martinez-contreras-candidato-al-comite-etico\/#breadcrumb\",\"itemListElement\":[{\"@type\":\"ListItem\",\"position\":1,\"name\":\"Home\",\"item\":\"https:\/\/www.fiarebancaetica.coop\/eu\/\"},{\"@type\":\"ListItem\",\"position\":2,\"name\":\"Javier Mart\u00ednez Contreras &#8211; candidato al Comit\u00e9 \u00c9tico\"}]},{\"@type\":\"WebSite\",\"@id\":\"https:\/\/www.fiarebancaetica.coop\/eu\/#website\",\"url\":\"https:\/\/www.fiarebancaetica.coop\/eu\/\",\"name\":\"Fiare Banca Etica\",\"description\":\"\",\"potentialAction\":[{\"@type\":\"SearchAction\",\"target\":{\"@type\":\"EntryPoint\",\"urlTemplate\":\"https:\/\/www.fiarebancaetica.coop\/eu\/?s={search_term_string}\"},\"query-input\":{\"@type\":\"PropertyValueSpecification\",\"valueRequired\":true,\"valueName\":\"search_term_string\"}}],\"inLanguage\":\"eu\"},{\"@type\":\"Person\",\"@id\":\"https:\/\/www.fiarebancaetica.coop\/eu\/#\/schema\/person\/ace3bdacff4456335cf9d9d0f5b2da36\",\"name\":\"DINOVA ES PF SOCIO\",\"image\":{\"@type\":\"ImageObject\",\"inLanguage\":\"eu\",\"@id\":\"https:\/\/www.fiarebancaetica.coop\/eu\/#\/schema\/person\/image\/d840c429252bc61049c4e64c1994d981\",\"url\":\"https:\/\/secure.gravatar.com\/avatar\/1ff124ae11584284b1a9b4fd44081c816c4e8746a16f7ea5c348c48fe02e7fce?s=96&d=mm&r=g\",\"contentUrl\":\"https:\/\/secure.gravatar.com\/avatar\/1ff124ae11584284b1a9b4fd44081c816c4e8746a16f7ea5c348c48fe02e7fce?s=96&d=mm&r=g\",\"caption\":\"DINOVA ES PF SOCIO\"},\"sameAs\":[\"https:\/\/wwwcoll.bancaetica.it\/wp\"]}]}<\/script>\n<!-- \/ Yoast SEO plugin. -->","yoast_head_json":{"title":"Javier Mart\u00ednez Contreras - candidato al Comit\u00e9 \u00c9tico - Fiare Banca Etica","robots":{"index":"index","follow":"follow","max-snippet":"max-snippet:-1","max-image-preview":"max-image-preview:large","max-video-preview":"max-video-preview:-1"},"canonical":"https:\/\/www.fiarebancaetica.coop\/eu\/javier-martinez-contreras-candidato-al-comite-etico\/","og_locale":"eu_ES","og_type":"article","og_title":"Javier Mart\u00ednez Contreras - candidato al Comit\u00e9 \u00c9tico - Fiare Banca Etica","og_url":"https:\/\/www.fiarebancaetica.coop\/eu\/javier-martinez-contreras-candidato-al-comite-etico\/","og_site_name":"Fiare Banca Etica","article_published_time":"2023-02-01T09:41:00+00:00","article_modified_time":"2024-02-21T13:49:34+00:00","og_image":[{"width":1000,"height":600,"url":"https:\/\/www.fiarebancaetica.coop\/app\/uploads\/sites\/2\/2023\/12\/11-1.png","type":"image\/png"}],"author":"DINOVA ES PF SOCIO","twitter_card":"summary_large_image","schema":{"@context":"https:\/\/schema.org","@graph":[{"@type":"Article","@id":"https:\/\/www.fiarebancaetica.coop\/eu\/javier-martinez-contreras-candidato-al-comite-etico\/#article","isPartOf":{"@id":"https:\/\/www.fiarebancaetica.coop\/eu\/javier-martinez-contreras-candidato-al-comite-etico\/"},"author":{"name":"DINOVA ES PF SOCIO","@id":"https:\/\/www.fiarebancaetica.coop\/eu\/#\/schema\/person\/ace3bdacff4456335cf9d9d0f5b2da36"},"headline":"Javier Mart\u00ednez Contreras &#8211; candidato al Comit\u00e9 \u00c9tico","datePublished":"2023-02-01T09:41:00+00:00","dateModified":"2024-02-21T13:49:34+00:00","mainEntityOfPage":{"@id":"https:\/\/www.fiarebancaetica.coop\/eu\/javier-martinez-contreras-candidato-al-comite-etico\/"},"wordCount":465,"commentCount":0,"image":{"@id":"https:\/\/www.fiarebancaetica.coop\/eu\/javier-martinez-contreras-candidato-al-comite-etico\/#primaryimage"},"thumbnailUrl":"https:\/\/www.fiarebancaetica.coop\/app\/uploads\/sites\/2\/2023\/12\/11-1.png","articleSection":["Proyectos colectivos"],"inLanguage":"eu","potentialAction":[{"@type":"CommentAction","name":"Comment","target":["https:\/\/www.fiarebancaetica.coop\/eu\/javier-martinez-contreras-candidato-al-comite-etico\/#respond"]}]},{"@type":"WebPage","@id":"https:\/\/www.fiarebancaetica.coop\/eu\/javier-martinez-contreras-candidato-al-comite-etico\/","url":"https:\/\/www.fiarebancaetica.coop\/eu\/javier-martinez-contreras-candidato-al-comite-etico\/","name":"Javier Mart\u00ednez Contreras - candidato al Comit\u00e9 \u00c9tico - Fiare Banca Etica","isPartOf":{"@id":"https:\/\/www.fiarebancaetica.coop\/eu\/#website"},"primaryImageOfPage":{"@id":"https:\/\/www.fiarebancaetica.coop\/eu\/javier-martinez-contreras-candidato-al-comite-etico\/#primaryimage"},"image":{"@id":"https:\/\/www.fiarebancaetica.coop\/eu\/javier-martinez-contreras-candidato-al-comite-etico\/#primaryimage"},"thumbnailUrl":"https:\/\/www.fiarebancaetica.coop\/app\/uploads\/sites\/2\/2023\/12\/11-1.png","datePublished":"2023-02-01T09:41:00+00:00","dateModified":"2024-02-21T13:49:34+00:00","author":{"@id":"https:\/\/www.fiarebancaetica.coop\/eu\/#\/schema\/person\/ace3bdacff4456335cf9d9d0f5b2da36"},"breadcrumb":{"@id":"https:\/\/www.fiarebancaetica.coop\/eu\/javier-martinez-contreras-candidato-al-comite-etico\/#breadcrumb"},"inLanguage":"eu","potentialAction":[{"@type":"ReadAction","target":["https:\/\/www.fiarebancaetica.coop\/eu\/javier-martinez-contreras-candidato-al-comite-etico\/"]}]},{"@type":"ImageObject","inLanguage":"eu","@id":"https:\/\/www.fiarebancaetica.coop\/eu\/javier-martinez-contreras-candidato-al-comite-etico\/#primaryimage","url":"https:\/\/www.fiarebancaetica.coop\/app\/uploads\/sites\/2\/2023\/12\/11-1.png","contentUrl":"https:\/\/www.fiarebancaetica.coop\/app\/uploads\/sites\/2\/2023\/12\/11-1.png","width":1000,"height":600},{"@type":"BreadcrumbList","@id":"https:\/\/www.fiarebancaetica.coop\/eu\/javier-martinez-contreras-candidato-al-comite-etico\/#breadcrumb","itemListElement":[{"@type":"ListItem","position":1,"name":"Home","item":"https:\/\/www.fiarebancaetica.coop\/eu\/"},{"@type":"ListItem","position":2,"name":"Javier Mart\u00ednez Contreras &#8211; candidato al Comit\u00e9 \u00c9tico"}]},{"@type":"WebSite","@id":"https:\/\/www.fiarebancaetica.coop\/eu\/#website","url":"https:\/\/www.fiarebancaetica.coop\/eu\/","name":"Fiare Banca Etica","description":"","potentialAction":[{"@type":"SearchAction","target":{"@type":"EntryPoint","urlTemplate":"https:\/\/www.fiarebancaetica.coop\/eu\/?s={search_term_string}"},"query-input":{"@type":"PropertyValueSpecification","valueRequired":true,"valueName":"search_term_string"}}],"inLanguage":"eu"},{"@type":"Person","@id":"https:\/\/www.fiarebancaetica.coop\/eu\/#\/schema\/person\/ace3bdacff4456335cf9d9d0f5b2da36","name":"DINOVA ES PF SOCIO","image":{"@type":"ImageObject","inLanguage":"eu","@id":"https:\/\/www.fiarebancaetica.coop\/eu\/#\/schema\/person\/image\/d840c429252bc61049c4e64c1994d981","url":"https:\/\/secure.gravatar.com\/avatar\/1ff124ae11584284b1a9b4fd44081c816c4e8746a16f7ea5c348c48fe02e7fce?s=96&d=mm&r=g","contentUrl":"https:\/\/secure.gravatar.com\/avatar\/1ff124ae11584284b1a9b4fd44081c816c4e8746a16f7ea5c348c48fe02e7fce?s=96&d=mm&r=g","caption":"DINOVA ES PF SOCIO"},"sameAs":["https:\/\/wwwcoll.bancaetica.it\/wp"]}]}},"_links":{"self":[{"href":"https:\/\/www.fiarebancaetica.coop\/eu\/wp-json\/wp\/v2\/posts\/343131","targetHints":{"allow":["GET"]}}],"collection":[{"href":"https:\/\/www.fiarebancaetica.coop\/eu\/wp-json\/wp\/v2\/posts"}],"about":[{"href":"https:\/\/www.fiarebancaetica.coop\/eu\/wp-json\/wp\/v2\/types\/post"}],"author":[{"embeddable":true,"href":"https:\/\/www.fiarebancaetica.coop\/eu\/wp-json\/wp\/v2\/users\/1"}],"replies":[{"embeddable":true,"href":"https:\/\/www.fiarebancaetica.coop\/eu\/wp-json\/wp\/v2\/comments?post=343131"}],"version-history":[{"count":3,"href":"https:\/\/www.fiarebancaetica.coop\/eu\/wp-json\/wp\/v2\/posts\/343131\/revisions"}],"predecessor-version":[{"id":370694,"href":"https:\/\/www.fiarebancaetica.coop\/eu\/wp-json\/wp\/v2\/posts\/343131\/revisions\/370694"}],"wp:featuredmedia":[{"embeddable":true,"href":"https:\/\/www.fiarebancaetica.coop\/eu\/wp-json\/wp\/v2\/media\/336837"}],"wp:attachment":[{"href":"https:\/\/www.fiarebancaetica.coop\/eu\/wp-json\/wp\/v2\/media?parent=343131"}],"wp:term":[{"taxonomy":"category","embeddable":true,"href":"https:\/\/www.fiarebancaetica.coop\/eu\/wp-json\/wp\/v2\/categories?post=343131"},{"taxonomy":"post_tag","embeddable":true,"href":"https:\/\/www.fiarebancaetica.coop\/eu\/wp-json\/wp\/v2\/tags?post=343131"},{"taxonomy":"author","embeddable":true,"href":"https:\/\/www.fiarebancaetica.coop\/eu\/wp-json\/wp\/v2\/coauthors?post=343131"}],"curies":[{"name":"wp","href":"https:\/\/api.w.org\/{rel}","templated":true}]}}