{"id":343163,"date":"2023-02-01T10:19:00","date_gmt":"2023-02-01T09:19:00","guid":{"rendered":"https:\/\/www.fiarebancaetica.coop\/antonio-loffredo-candidato-al-comite-etico\/"},"modified":"2024-02-21T14:49:35","modified_gmt":"2024-02-21T13:49:35","slug":"antonio-loffredo-candidato-al-comite-etico","status":"publish","type":"post","link":"https:\/\/www.fiarebancaetica.coop\/eu\/antonio-loffredo-candidato-al-comite-etico\/","title":{"rendered":"Antonio Loffredo &#8211; candidato al Comit\u00e9 \u00c9tico"},"content":{"rendered":"\n\n<div class=\"wp-block-bancaetica-blocks-blocks-block-49\">\n    <div class=\"container-block-49\">\n\n        <div class=\"header-section \">\n                            <h1 class=\"section-title\"> Etica e cooperativa <\/h1>\n                                            <\/div>\n\n        \n        <div class=\"block-background\" style=\"background-image: url('https:\/\/www.fiarebancaetica.coop\/app\/uploads\/sites\/2\/2023\/12\/Loffredo-1.png')\">\n                            <div class=\"tile\">\n                    <h1 class=\"image-title\"> Antonio Loffredo &#8211; candidato al Comit\u00e9 \u00c9tico <\/h1>\n                <\/div>             <!-- end .tile -->\n            <div class=\"bottom-content\">\n                            <\/div> <!-- end .button-content -->\n        <\/div> <!-- end .block-background -->\n    <\/div> <!-- end .container -->\n<\/div> <!-- end wp-block-bancaetica-blocks-blocks-block-06 -->\n\n<p><span style=\"color: #000000\"><strong>Cu\u00e9ntanos algo sobre ti\u00a0 que consideres importante en vistas a tu candidatura<\/strong><\/span><\/p>\n<p><span style=\"color: #000000\">Soy hijo de un empresario, y de adolescente luch\u00e9 mucho por entender y ser entendido por mi padre. Ambos nos esforzamos por no ajustarnos a las expectativas del otro y nunca dejamos que nuestras diferencias nos separaran. Recorrimos caminos dif\u00edciles, que s\u00f3lo ahora, al cabo del tiempo, me parecen paralelos.<\/span><\/p>\n<p><span style=\"color: #000000\">Soy el hijo mayor y fue un duro golpe para mi padre cuando decid\u00ed hacerme sacerdote. No entend\u00eda c\u00f3mo pod\u00eda tomar tal decisi\u00f3n. No pod\u00eda aceptar que se echaran por tierra todos sus sue\u00f1os, que yo deb\u00eda encarnar y realizar para \u00e9l. Habr\u00eda aceptado que tomara otro camino, pero \u00bfqu\u00e9 puede so\u00f1ar un sacerdote? \u00bfQu\u00e9 produce? Pero las cosas casi nunca salen como se planean.\u00a0<\/span><\/p>\n<p><span style=\"color: #000000\">Hay muchas maneras de ser sacerdote, como hay muchas maneras de ser hombre. En el camino que segu\u00ed encontr\u00e9 pocas pero claras indicaciones que me sugirieron el m\u00edo. Una me invitaba a interpretar el sentido de lo que hac\u00eda, otra me suger\u00eda no oponerse nunca a la corriente, sino dejarme llevar y estar dispuesto a descubrir ad\u00f3nde me llevar\u00eda, una tercera me instaba a no rendirme, independientemente de la naturaleza del obst\u00e1culo que se interpusiera en mi camino.<\/span><\/p>\n<p><span style=\"color: #000000\">Equipado de este modo, comenc\u00e9 mi aventura hace treinta y ocho a\u00f1os y aprend\u00ed muchas cosas.\u00a0<\/span><\/p>\n<p><span style=\"color: #000000\">He vivido muchas experiencias especiales, pero una, la de p\u00e1rroco en Rione Sanit\u00e0, me ha marcado especialmente. Quiz\u00e1 porque all\u00ed, m\u00e1s que en ning\u00fan otro sitio, he seguido sus pasos. Aqu\u00ed <\/span><span style=\"color: #000000\">el desaf\u00edo<\/span><span style=\"color: #000000\"> era precisamente \u00e9ste: hacer empresa. Por supuesto, no seg\u00fan la l\u00f3gica de mi padre, sino de la \u00fanica manera, toda nueva, que pod\u00eda hacerme encajar en el modelo que \u00e9l quer\u00eda que siguiera.<\/span><\/p>\n<p><span style=\"color: #000000\">La iron\u00eda del destino fue que precisamente en estas \u00faltimas d\u00e9cadas se desarrollaron las ideas innovadoras que han consolidado la existencia de lo que llaman el Tercer Sector. Una feliz intuici\u00f3n de quienes, insatisfechos con las carencias de la intervenci\u00f3n p\u00fablica y desinteresados por el beneficio privado como fin en s\u00ed mismo, se han dedicado al &#8220;emprendimiento social y no comercial&#8221; y trabajan para &#8220;satisfacer los intereses generales&#8221;. A menudo imagino, ahora que mi padre ha muerto, su escepticismo ante palabras como &#8220;sin \u00e1nimo de lucro&#8221;, &#8220;solidaridad&#8221;, &#8220;subsidiariedad horizontal&#8221;.<\/span><\/p>\n<p><span style=\"color: #000000\">Como napolitano, ciertamente no pod\u00eda desconocer el barrio de la Sanit\u00e0, y sin embargo decid\u00ed redescubrirla, recorrerla palmo a palmo, respirarla y dejarse impregnar por ella hasta el punto de conocerla \u00edntimamente. Intent\u00e9 penetrar en sus mecanismos, sostener sus contradicciones, contener y sostener la impotencia y la incredulidad ante la par\u00e1lisis de tantos recursos. Hasta que apareci\u00f3 un destello, surgi\u00f3 un punto de apoyo y encontramos la forma de desbloquear la vitalidad inundada de este barrio.\u00a0<\/span><\/p>\n<p><span style=\"color: #000000\">En Rione Sanit\u00e0, sobre todo los m\u00e1s j\u00f3venes se est\u00e1n cambiando de ropa, est\u00e1n guap\u00edsimos: una fiesta para los ojos y el coraz\u00f3n. Se alejan de los viejos h\u00e1bitos con los que se levantaban cada ma\u00f1ana, se esfuerzan por aprender lo que hace falta para salir adelante y triunfar, renuncian a la desilusi\u00f3n, se liberan de sus historias, renuncian a la pereza para crecer. Para actuar, para esperar con confianza. Yo, a lo largo de estos a\u00f1os, me he limitado a estar a su lado, a compartir sus retos, a apoyarles en sus dificultades y a acompa\u00f1arlos en la conquista de la tierra prometida, la tierra habitada por gigantes. Juntos nos hemos enfrentado a ellos, al igual que hemos dominado el miedo que infunden. La empresa no ha hecho m\u00e1s que empezar, pero para que un solo sue\u00f1o se haga realidad, vale la pena arriesgarse, siempre y en todo caso.<\/span><br \/>\u00a0<\/p>\n<p><span style=\"color: #000000\">Aqu\u00ed, \u00e9sta es la mejor inversi\u00f3n que he podido hacer. Sinceramente, no s\u00e9 si, al final, mi padre seguir\u00e1 creyendo que me equivoqu\u00e9 de camino. Quiz\u00e1 ahora est\u00e9 dispuesto a reconocer que, bien mirado, yo tambi\u00e9n ten\u00eda aptitudes para los negocios, aunque el campo al que me dediqu\u00e9 no estuviera en sus planes.<\/span><\/p>\n<p>\u00a0<\/p>\n<p>\u00a0<\/p>\n<p><span style=\"color: #000000\"><strong>\u00bfQu\u00e9 te motiva para ser candidato al Comit\u00e9 \u00c9tico de Banca \u00c9tica?<\/strong><\/span><\/p>\n<p>\u00a0<\/p>\n<p><span style=\"color: #000000\">Creo que ya es hora de revolucionar el sistema, para que genere una econom\u00eda por fin civilizada, es decir, preocupada ante todo por la felicidad del hombre, por la riqueza universal y por tanto a compartir. S\u00f3lo una &#8220;nueva cultura&#8221;, atenta sobre todo a la educaci\u00f3n de cada persona, podr\u00e1 generar esta &#8220;nueva econom\u00eda&#8221;, capaz de anteponer a cualquier otra prioridad el cuidado de la creaci\u00f3n y la ayuda a los m\u00e1s d\u00e9biles, \u00fanicos depositarios del futuro.<\/span><br \/>\u00a0<\/p>\n<p><span style=\"color: #000000\">La afirmaci\u00f3n &#8220;Nada de lo humano puede ser diferente a los disc\u00edpulos de Cristo&#8221; del Concilio Vaticano II ha sido siempre para m\u00ed una clara indicaci\u00f3n. En N\u00e1poles, pues, es tradici\u00f3n que los sacerdotes hagan suyos los gozos y las esperanzas, las penas y las angustias de los hombres. <\/span><br \/><br \/><span style=\"color: #000000\">Menciono uno para todos: el sacerdote Antonio Genovesi que en 1754, en la Universidad Federico II de N\u00e1poles, obtuvo la primera, y entonces \u00fanica, c\u00e1tedra de econom\u00eda del mundo. Sus obras hablaban de la felicidad p\u00fablica y de las virtudes civiles.\u00a0<\/span><\/p>\n<p><span style=\"color: #000000\">Los sacerdotes, en N\u00e1poles, saben tradicionalmente que no hay dos historias, una de la salvaci\u00f3n y otra de la humanidad. La historia es &#8220;la historia de la salvaci\u00f3n&#8221;, es &#8220;el lento y doloroso camino de la familia humana hacia la plenitud&#8221; y hacia su transformaci\u00f3n en &#8220;familia&#8221;.<\/span><\/p>\n<p>\u00a0<\/p>\n<p>\u00a0<\/p>\n<p><span style=\"color: #000000\"><strong>En un momento de grandes retos externos sociales, culturales y medioambientales, desde tu propia experiencia, \u00bfqu\u00e9 contribuci\u00f3n crees que puede hacer el Comit\u00e9 de \u00c9tica para acompa\u00f1ar la evoluci\u00f3n de un banco que naci\u00f3 para poner el dinero al servicio de las personas y del planeta?\u00a0<\/strong><\/span><\/p>\n<p>\u00a0<\/p>\n<p><span style=\"color: #000000\">A lo largo de los a\u00f1os me he preguntado a menudo c\u00f3mo y con qu\u00e9 modelos sociales y econ\u00f3micos ser\u00eda realmente posible mejorar la calidad de vida de cada ser humano. He trabajado con j\u00f3venes sin esperanza, convencidos de que s\u00f3lo la afiliaci\u00f3n a un clan podr\u00eda ofrecerles una oportunidad en la vida. Armar a estos j\u00f3venes con esperanza, fe y cultura ha producido un proceso virtuoso que ha hecho de Rione Sanit\u00e0 de N\u00e1poles uno de los 10 lugares del mundo que no hay que perderse. La burocracia, el progreso y las limitaciones legales pueden convertirse en obst\u00e1culos para la realizaci\u00f3n del &#8220;sue\u00f1o&#8221;. Tener en cuenta las limitaciones y compararlas con los valores, a menudo conduce a soluciones inesperadas y factibles a pesar de quienes las consideran perdedoras. Incluso un banco como el nuestro est\u00e1 sujeto a constantes limitaciones y retos, y espero poder aportar mi granito de arena. Con la experiencia que he tenido con las muchas &#8220;empresas imposibles&#8221;, realizadas siempre teniendo en cuenta el impacto socioecon\u00f3mico y medioambiental de cada una, las limitaciones se han convertido en oportunidades: interceptar redes activas, participar en colaboraciones informales, estudiar y lidiar con teor\u00edas y tecnicismos puede producir herramientas para superar las limitaciones y ver c\u00f3mo el sue\u00f1o se convierte en realidad. Vengo de padre empresario y para m\u00ed, obtener beneficios es esencial para proporcionar dignidad, oportunidades y esperanza. Creer en la contaminaci\u00f3n de valores y sistemas significa afrontar los retos del futuro con las \u00fanicas armas que se pueden construir: educaci\u00f3n, belleza, cultura, fe, confianza y compromiso.<\/span><br \/>\u00a0<\/p>\n<p><span style=\"color: #000000\">Es en estos espacios concretos y multiformes donde pueden crecer finalmente las virtudes civiles, la vida relacional, la &#8220;civilizaci\u00f3n del amor&#8221; y la espiritualidad. En Banca Etica coexisten todas las dimensiones de nuestro fecundo humanismo: el respeto por la creaci\u00f3n, la cultura, la econom\u00eda y la pol\u00edtica, dimensiones que deben contaminarse mutuamente, generando el bien com\u00fan de manera que responda a las necesidades reales de cada ser humano.\u00a0 Permanecer fieles a nuestra gran tradici\u00f3n, que se inspira en una econom\u00eda social y no pol\u00edtica, es la \u00fanica manera de favorecer un mercado comunitario y no capitalista.<\/span><\/p>\n<p>\u00a0<\/p>","protected":false},"excerpt":{"rendered":"<p>Cu\u00e9ntanos algo sobre ti\u00a0 que consideres importante en vistas a tu candidatura Soy hijo de un empresario, y de adolescente luch\u00e9 mucho por entender y ser entendido por mi padre. Ambos nos esforzamos por no ajustarnos a las expectativas del otro y nunca dejamos que nuestras diferencias nos separaran. Recorrimos caminos dif\u00edciles, que s\u00f3lo ahora, [&hellip;]<\/p>\n","protected":false},"author":1,"featured_media":336877,"comment_status":"open","ping_status":"closed","sticky":false,"template":"","format":"standard","meta":{"_acf_changed":false,"footnotes":""},"categories":[1],"tags":[],"coauthors":[],"class_list":["post-343163","post","type-post","status-publish","format-standard","has-post-thumbnail","hentry","category-proyectos-colectivos"],"acf":[],"yoast_head":"<!-- This site is optimized with the Yoast SEO plugin v26.9 - https:\/\/yoast.com\/product\/yoast-seo-wordpress\/ -->\n<title>Antonio Loffredo - candidato al Comit\u00e9 \u00c9tico - Fiare Banca Etica<\/title>\n<meta name=\"robots\" content=\"index, follow, max-snippet:-1, max-image-preview:large, max-video-preview:-1\" \/>\n<link rel=\"canonical\" href=\"https:\/\/www.fiarebancaetica.coop\/eu\/antonio-loffredo-candidato-al-comite-etico\/\" \/>\n<meta property=\"og:locale\" content=\"eu_ES\" \/>\n<meta property=\"og:type\" content=\"article\" \/>\n<meta property=\"og:title\" content=\"Antonio Loffredo - candidato al Comit\u00e9 \u00c9tico - Fiare Banca Etica\" \/>\n<meta property=\"og:description\" content=\"Cu\u00e9ntanos algo sobre ti\u00a0 que consideres importante en vistas a tu candidatura Soy hijo de un empresario, y de adolescente luch\u00e9 mucho por entender y ser entendido por mi padre. Ambos nos esforzamos por no ajustarnos a las expectativas del otro y nunca dejamos que nuestras diferencias nos separaran. Recorrimos caminos dif\u00edciles, que s\u00f3lo ahora, [&hellip;]\" \/>\n<meta property=\"og:url\" content=\"https:\/\/www.fiarebancaetica.coop\/eu\/antonio-loffredo-candidato-al-comite-etico\/\" \/>\n<meta property=\"og:site_name\" content=\"Fiare Banca Etica\" \/>\n<meta property=\"article:published_time\" content=\"2023-02-01T09:19:00+00:00\" \/>\n<meta property=\"article:modified_time\" content=\"2024-02-21T13:49:35+00:00\" \/>\n<meta property=\"og:image\" content=\"https:\/\/www.fiarebancaetica.coop\/app\/uploads\/sites\/2\/2023\/12\/Loffredo-1.png\" \/>\n\t<meta property=\"og:image:width\" content=\"1200\" \/>\n\t<meta property=\"og:image:height\" content=\"800\" \/>\n\t<meta property=\"og:image:type\" content=\"image\/png\" \/>\n<meta name=\"author\" content=\"DINOVA ES PF SOCIO\" \/>\n<meta name=\"twitter:card\" content=\"summary_large_image\" \/>\n<script type=\"application\/ld+json\" class=\"yoast-schema-graph\">{\"@context\":\"https:\/\/schema.org\",\"@graph\":[{\"@type\":\"Article\",\"@id\":\"https:\/\/www.fiarebancaetica.coop\/eu\/antonio-loffredo-candidato-al-comite-etico\/#article\",\"isPartOf\":{\"@id\":\"https:\/\/www.fiarebancaetica.coop\/eu\/antonio-loffredo-candidato-al-comite-etico\/\"},\"author\":{\"name\":\"DINOVA ES PF SOCIO\",\"@id\":\"https:\/\/www.fiarebancaetica.coop\/eu\/#\/schema\/person\/ace3bdacff4456335cf9d9d0f5b2da36\"},\"headline\":\"Antonio Loffredo &#8211; candidato al Comit\u00e9 \u00c9tico\",\"datePublished\":\"2023-02-01T09:19:00+00:00\",\"dateModified\":\"2024-02-21T13:49:35+00:00\",\"mainEntityOfPage\":{\"@id\":\"https:\/\/www.fiarebancaetica.coop\/eu\/antonio-loffredo-candidato-al-comite-etico\/\"},\"wordCount\":1385,\"commentCount\":0,\"image\":{\"@id\":\"https:\/\/www.fiarebancaetica.coop\/eu\/antonio-loffredo-candidato-al-comite-etico\/#primaryimage\"},\"thumbnailUrl\":\"https:\/\/www.fiarebancaetica.coop\/app\/uploads\/sites\/2\/2023\/12\/Loffredo-1.png\",\"articleSection\":[\"Proyectos colectivos\"],\"inLanguage\":\"eu\",\"potentialAction\":[{\"@type\":\"CommentAction\",\"name\":\"Comment\",\"target\":[\"https:\/\/www.fiarebancaetica.coop\/eu\/antonio-loffredo-candidato-al-comite-etico\/#respond\"]}]},{\"@type\":\"WebPage\",\"@id\":\"https:\/\/www.fiarebancaetica.coop\/eu\/antonio-loffredo-candidato-al-comite-etico\/\",\"url\":\"https:\/\/www.fiarebancaetica.coop\/eu\/antonio-loffredo-candidato-al-comite-etico\/\",\"name\":\"Antonio Loffredo - candidato al Comit\u00e9 \u00c9tico - Fiare Banca Etica\",\"isPartOf\":{\"@id\":\"https:\/\/www.fiarebancaetica.coop\/eu\/#website\"},\"primaryImageOfPage\":{\"@id\":\"https:\/\/www.fiarebancaetica.coop\/eu\/antonio-loffredo-candidato-al-comite-etico\/#primaryimage\"},\"image\":{\"@id\":\"https:\/\/www.fiarebancaetica.coop\/eu\/antonio-loffredo-candidato-al-comite-etico\/#primaryimage\"},\"thumbnailUrl\":\"https:\/\/www.fiarebancaetica.coop\/app\/uploads\/sites\/2\/2023\/12\/Loffredo-1.png\",\"datePublished\":\"2023-02-01T09:19:00+00:00\",\"dateModified\":\"2024-02-21T13:49:35+00:00\",\"author\":{\"@id\":\"https:\/\/www.fiarebancaetica.coop\/eu\/#\/schema\/person\/ace3bdacff4456335cf9d9d0f5b2da36\"},\"breadcrumb\":{\"@id\":\"https:\/\/www.fiarebancaetica.coop\/eu\/antonio-loffredo-candidato-al-comite-etico\/#breadcrumb\"},\"inLanguage\":\"eu\",\"potentialAction\":[{\"@type\":\"ReadAction\",\"target\":[\"https:\/\/www.fiarebancaetica.coop\/eu\/antonio-loffredo-candidato-al-comite-etico\/\"]}]},{\"@type\":\"ImageObject\",\"inLanguage\":\"eu\",\"@id\":\"https:\/\/www.fiarebancaetica.coop\/eu\/antonio-loffredo-candidato-al-comite-etico\/#primaryimage\",\"url\":\"https:\/\/www.fiarebancaetica.coop\/app\/uploads\/sites\/2\/2023\/12\/Loffredo-1.png\",\"contentUrl\":\"https:\/\/www.fiarebancaetica.coop\/app\/uploads\/sites\/2\/2023\/12\/Loffredo-1.png\",\"width\":1200,\"height\":800},{\"@type\":\"BreadcrumbList\",\"@id\":\"https:\/\/www.fiarebancaetica.coop\/eu\/antonio-loffredo-candidato-al-comite-etico\/#breadcrumb\",\"itemListElement\":[{\"@type\":\"ListItem\",\"position\":1,\"name\":\"Home\",\"item\":\"https:\/\/www.fiarebancaetica.coop\/eu\/\"},{\"@type\":\"ListItem\",\"position\":2,\"name\":\"Antonio Loffredo &#8211; candidato al Comit\u00e9 \u00c9tico\"}]},{\"@type\":\"WebSite\",\"@id\":\"https:\/\/www.fiarebancaetica.coop\/eu\/#website\",\"url\":\"https:\/\/www.fiarebancaetica.coop\/eu\/\",\"name\":\"Fiare Banca Etica\",\"description\":\"\",\"potentialAction\":[{\"@type\":\"SearchAction\",\"target\":{\"@type\":\"EntryPoint\",\"urlTemplate\":\"https:\/\/www.fiarebancaetica.coop\/eu\/?s={search_term_string}\"},\"query-input\":{\"@type\":\"PropertyValueSpecification\",\"valueRequired\":true,\"valueName\":\"search_term_string\"}}],\"inLanguage\":\"eu\"},{\"@type\":\"Person\",\"@id\":\"https:\/\/www.fiarebancaetica.coop\/eu\/#\/schema\/person\/ace3bdacff4456335cf9d9d0f5b2da36\",\"name\":\"DINOVA ES PF SOCIO\",\"image\":{\"@type\":\"ImageObject\",\"inLanguage\":\"eu\",\"@id\":\"https:\/\/www.fiarebancaetica.coop\/eu\/#\/schema\/person\/image\/d840c429252bc61049c4e64c1994d981\",\"url\":\"https:\/\/secure.gravatar.com\/avatar\/1ff124ae11584284b1a9b4fd44081c816c4e8746a16f7ea5c348c48fe02e7fce?s=96&d=mm&r=g\",\"contentUrl\":\"https:\/\/secure.gravatar.com\/avatar\/1ff124ae11584284b1a9b4fd44081c816c4e8746a16f7ea5c348c48fe02e7fce?s=96&d=mm&r=g\",\"caption\":\"DINOVA ES PF SOCIO\"},\"sameAs\":[\"https:\/\/wwwcoll.bancaetica.it\/wp\"]}]}<\/script>\n<!-- \/ Yoast SEO plugin. -->","yoast_head_json":{"title":"Antonio Loffredo - candidato al Comit\u00e9 \u00c9tico - Fiare Banca Etica","robots":{"index":"index","follow":"follow","max-snippet":"max-snippet:-1","max-image-preview":"max-image-preview:large","max-video-preview":"max-video-preview:-1"},"canonical":"https:\/\/www.fiarebancaetica.coop\/eu\/antonio-loffredo-candidato-al-comite-etico\/","og_locale":"eu_ES","og_type":"article","og_title":"Antonio Loffredo - candidato al Comit\u00e9 \u00c9tico - Fiare Banca Etica","og_description":"Cu\u00e9ntanos algo sobre ti\u00a0 que consideres importante en vistas a tu candidatura Soy hijo de un empresario, y de adolescente luch\u00e9 mucho por entender y ser entendido por mi padre. Ambos nos esforzamos por no ajustarnos a las expectativas del otro y nunca dejamos que nuestras diferencias nos separaran. Recorrimos caminos dif\u00edciles, que s\u00f3lo ahora, [&hellip;]","og_url":"https:\/\/www.fiarebancaetica.coop\/eu\/antonio-loffredo-candidato-al-comite-etico\/","og_site_name":"Fiare Banca Etica","article_published_time":"2023-02-01T09:19:00+00:00","article_modified_time":"2024-02-21T13:49:35+00:00","og_image":[{"width":1200,"height":800,"url":"https:\/\/www.fiarebancaetica.coop\/app\/uploads\/sites\/2\/2023\/12\/Loffredo-1.png","type":"image\/png"}],"author":"DINOVA ES PF SOCIO","twitter_card":"summary_large_image","schema":{"@context":"https:\/\/schema.org","@graph":[{"@type":"Article","@id":"https:\/\/www.fiarebancaetica.coop\/eu\/antonio-loffredo-candidato-al-comite-etico\/#article","isPartOf":{"@id":"https:\/\/www.fiarebancaetica.coop\/eu\/antonio-loffredo-candidato-al-comite-etico\/"},"author":{"name":"DINOVA ES PF SOCIO","@id":"https:\/\/www.fiarebancaetica.coop\/eu\/#\/schema\/person\/ace3bdacff4456335cf9d9d0f5b2da36"},"headline":"Antonio Loffredo &#8211; candidato al Comit\u00e9 \u00c9tico","datePublished":"2023-02-01T09:19:00+00:00","dateModified":"2024-02-21T13:49:35+00:00","mainEntityOfPage":{"@id":"https:\/\/www.fiarebancaetica.coop\/eu\/antonio-loffredo-candidato-al-comite-etico\/"},"wordCount":1385,"commentCount":0,"image":{"@id":"https:\/\/www.fiarebancaetica.coop\/eu\/antonio-loffredo-candidato-al-comite-etico\/#primaryimage"},"thumbnailUrl":"https:\/\/www.fiarebancaetica.coop\/app\/uploads\/sites\/2\/2023\/12\/Loffredo-1.png","articleSection":["Proyectos colectivos"],"inLanguage":"eu","potentialAction":[{"@type":"CommentAction","name":"Comment","target":["https:\/\/www.fiarebancaetica.coop\/eu\/antonio-loffredo-candidato-al-comite-etico\/#respond"]}]},{"@type":"WebPage","@id":"https:\/\/www.fiarebancaetica.coop\/eu\/antonio-loffredo-candidato-al-comite-etico\/","url":"https:\/\/www.fiarebancaetica.coop\/eu\/antonio-loffredo-candidato-al-comite-etico\/","name":"Antonio Loffredo - candidato al Comit\u00e9 \u00c9tico - Fiare Banca Etica","isPartOf":{"@id":"https:\/\/www.fiarebancaetica.coop\/eu\/#website"},"primaryImageOfPage":{"@id":"https:\/\/www.fiarebancaetica.coop\/eu\/antonio-loffredo-candidato-al-comite-etico\/#primaryimage"},"image":{"@id":"https:\/\/www.fiarebancaetica.coop\/eu\/antonio-loffredo-candidato-al-comite-etico\/#primaryimage"},"thumbnailUrl":"https:\/\/www.fiarebancaetica.coop\/app\/uploads\/sites\/2\/2023\/12\/Loffredo-1.png","datePublished":"2023-02-01T09:19:00+00:00","dateModified":"2024-02-21T13:49:35+00:00","author":{"@id":"https:\/\/www.fiarebancaetica.coop\/eu\/#\/schema\/person\/ace3bdacff4456335cf9d9d0f5b2da36"},"breadcrumb":{"@id":"https:\/\/www.fiarebancaetica.coop\/eu\/antonio-loffredo-candidato-al-comite-etico\/#breadcrumb"},"inLanguage":"eu","potentialAction":[{"@type":"ReadAction","target":["https:\/\/www.fiarebancaetica.coop\/eu\/antonio-loffredo-candidato-al-comite-etico\/"]}]},{"@type":"ImageObject","inLanguage":"eu","@id":"https:\/\/www.fiarebancaetica.coop\/eu\/antonio-loffredo-candidato-al-comite-etico\/#primaryimage","url":"https:\/\/www.fiarebancaetica.coop\/app\/uploads\/sites\/2\/2023\/12\/Loffredo-1.png","contentUrl":"https:\/\/www.fiarebancaetica.coop\/app\/uploads\/sites\/2\/2023\/12\/Loffredo-1.png","width":1200,"height":800},{"@type":"BreadcrumbList","@id":"https:\/\/www.fiarebancaetica.coop\/eu\/antonio-loffredo-candidato-al-comite-etico\/#breadcrumb","itemListElement":[{"@type":"ListItem","position":1,"name":"Home","item":"https:\/\/www.fiarebancaetica.coop\/eu\/"},{"@type":"ListItem","position":2,"name":"Antonio Loffredo &#8211; candidato al Comit\u00e9 \u00c9tico"}]},{"@type":"WebSite","@id":"https:\/\/www.fiarebancaetica.coop\/eu\/#website","url":"https:\/\/www.fiarebancaetica.coop\/eu\/","name":"Fiare Banca Etica","description":"","potentialAction":[{"@type":"SearchAction","target":{"@type":"EntryPoint","urlTemplate":"https:\/\/www.fiarebancaetica.coop\/eu\/?s={search_term_string}"},"query-input":{"@type":"PropertyValueSpecification","valueRequired":true,"valueName":"search_term_string"}}],"inLanguage":"eu"},{"@type":"Person","@id":"https:\/\/www.fiarebancaetica.coop\/eu\/#\/schema\/person\/ace3bdacff4456335cf9d9d0f5b2da36","name":"DINOVA ES PF SOCIO","image":{"@type":"ImageObject","inLanguage":"eu","@id":"https:\/\/www.fiarebancaetica.coop\/eu\/#\/schema\/person\/image\/d840c429252bc61049c4e64c1994d981","url":"https:\/\/secure.gravatar.com\/avatar\/1ff124ae11584284b1a9b4fd44081c816c4e8746a16f7ea5c348c48fe02e7fce?s=96&d=mm&r=g","contentUrl":"https:\/\/secure.gravatar.com\/avatar\/1ff124ae11584284b1a9b4fd44081c816c4e8746a16f7ea5c348c48fe02e7fce?s=96&d=mm&r=g","caption":"DINOVA ES PF SOCIO"},"sameAs":["https:\/\/wwwcoll.bancaetica.it\/wp"]}]}},"_links":{"self":[{"href":"https:\/\/www.fiarebancaetica.coop\/eu\/wp-json\/wp\/v2\/posts\/343163","targetHints":{"allow":["GET"]}}],"collection":[{"href":"https:\/\/www.fiarebancaetica.coop\/eu\/wp-json\/wp\/v2\/posts"}],"about":[{"href":"https:\/\/www.fiarebancaetica.coop\/eu\/wp-json\/wp\/v2\/types\/post"}],"author":[{"embeddable":true,"href":"https:\/\/www.fiarebancaetica.coop\/eu\/wp-json\/wp\/v2\/users\/1"}],"replies":[{"embeddable":true,"href":"https:\/\/www.fiarebancaetica.coop\/eu\/wp-json\/wp\/v2\/comments?post=343163"}],"version-history":[{"count":3,"href":"https:\/\/www.fiarebancaetica.coop\/eu\/wp-json\/wp\/v2\/posts\/343163\/revisions"}],"predecessor-version":[{"id":370696,"href":"https:\/\/www.fiarebancaetica.coop\/eu\/wp-json\/wp\/v2\/posts\/343163\/revisions\/370696"}],"wp:featuredmedia":[{"embeddable":true,"href":"https:\/\/www.fiarebancaetica.coop\/eu\/wp-json\/wp\/v2\/media\/336877"}],"wp:attachment":[{"href":"https:\/\/www.fiarebancaetica.coop\/eu\/wp-json\/wp\/v2\/media?parent=343163"}],"wp:term":[{"taxonomy":"category","embeddable":true,"href":"https:\/\/www.fiarebancaetica.coop\/eu\/wp-json\/wp\/v2\/categories?post=343163"},{"taxonomy":"post_tag","embeddable":true,"href":"https:\/\/www.fiarebancaetica.coop\/eu\/wp-json\/wp\/v2\/tags?post=343163"},{"taxonomy":"author","embeddable":true,"href":"https:\/\/www.fiarebancaetica.coop\/eu\/wp-json\/wp\/v2\/coauthors?post=343163"}],"curies":[{"name":"wp","href":"https:\/\/api.w.org\/{rel}","templated":true}]}}