{"id":343184,"date":"2023-03-20T00:00:00","date_gmt":"2023-03-19T23:00:00","guid":{"rendered":"https:\/\/www.fiarebancaetica.coop\/primavera-en-sevilla-con-la-asamblea-de-fiare-banca-etica-te-animas\/"},"modified":"2024-02-21T14:48:49","modified_gmt":"2024-02-21T13:48:49","slug":"primavera-en-sevilla-con-la-asamblea-de-fiare-banca-etica-te-animas","status":"publish","type":"post","link":"https:\/\/www.fiarebancaetica.coop\/eu\/primavera-en-sevilla-con-la-asamblea-de-fiare-banca-etica-te-animas\/","title":{"rendered":"Primavera en Sevilla con la Asamblea de Fiare Banca Etica. \u00bfTe animas?"},"content":{"rendered":"\n\n<div class=\"wp-block-bancaetica-blocks-blocks-block-49\">\n    <div class=\"container-block-49\">\n\n        <div class=\"header-section \">\n                            <h1 class=\"section-title\"> Etica e cooperativa <\/h1>\n                                            <\/div>\n\n        \n        <div class=\"block-background\" style=\"background-image: url('https:\/\/www.fiarebancaetica.coop\/app\/uploads\/sites\/2\/2023\/12\/primavera-en-sevilla-asamblea-de-fiare-banca-etica-te-animas.jpg')\">\n                            <div class=\"tile\">\n                    <h1 class=\"image-title\"> Primavera en Sevilla con la Asamblea de Fiare Banca Etica. \u00bfTe animas? <\/h1>\n                <\/div>             <!-- end .tile -->\n            <div class=\"bottom-content\">\n                            <\/div> <!-- end .button-content -->\n        <\/div> <!-- end .block-background -->\n    <\/div> <!-- end .container -->\n<\/div> <!-- end wp-block-bancaetica-blocks-blocks-block-06 -->\n\n\n<div class=\"wrapper-crispybacon-class wrapper-crispybacon-class-boxed \">\n    <p>\n\t<em><strong>Por Albert Gasch, coordinador Relaciones asociativas<\/strong><\/em><\/p>\n<p>\n\tDijo una conocida actriz que la &#8220;lluvia en Sevilla, es una maravilla&#8221;, y aunque en realidad no dijo eso ni lo dijo ella, Sevilla es una maravilla siempre, tambi\u00e9n en el mes de mayo, cuando nunca llueve.<\/p>\n<p>\n\tY as\u00ed, la asamblea de este a\u00f1o ser\u00e1 en Sevilla en el mes de mayo, el mejor mes de todos los tiempos, del 19 al 21. Una fecha fija en el calendario. Un fin de semana de primavera donde lo tendremos todo.<\/p>\n<p>\n\tEmpezaremos el viernes por la tarde con un evento especial dirigido a j\u00f3venes, que llenar\u00e1 la ciudad de nuestros J\u00f3venes x Fiare, una fotograf\u00eda que, aunque se est\u00e1 convirtiendo en muy habitual, nos sigue llenando los ojos de ilusi\u00f3n. Continuaremos con una conferencia de uno de los m\u00e1ximos referentes entre los economistas cr\u00edticos de este pa\u00eds: el catedr\u00e1tico Juan Torres. Y lo har\u00e1 debajo del mirador de uno de los edificios m\u00e1s visitados de Sevilla, el edificio de las Setas. Luego haremos un cocktail de bienvenida all\u00ed, con la cl\u00e1sica actuaci\u00f3n musical propuesta por nuestro grupo local de Sevilla.<\/p>\n<p>\n\tEl s\u00e1bado tendremos la asamblea. La formal ser\u00e1 m\u00e1s corta, y tendremos espacio para hablar y discutir, preguntando lo que nunca tenemos tiempo de preguntar, y discutiendo de lo que cualquier otro banco no discute. Luego por la tarde, entrando en esas suaves tardes de mayo, tomaremos perspectiva, y desde el huerto ecol\u00f3gico de Bioalverde, veremos el atardecer de Sevilla a lo lejos, mientras degustamos una cerveza artesana, escuchamos flamenco y descubrimos ese proyecto, tambi\u00e9n maravilloso.<\/p>\n<p>\n\tVolveremos a la ciudad, acerc\u00e1ndonos a su r\u00edo y su torre enjaezada, no para contar olas, sino para visitar con nocturnidad y alevos\u00eda, una de las perlas de la ciudad: Los Reales Alc\u00e1zares de Sevilla, palacio real en uso m\u00e1s antiguo de Europa, Patrimonio de la Humanidad.<\/p>\n<p>\n\tDec\u00eda un poeta que en &#8220;la primavera universal, suele el para\u00edso descender hasta Sevilla&#8221;. Pues si quer\u00e9is, all\u00ed andaremos, envueltos en el para\u00edso, felices de salir del invierno de soledad, deseosos de encuentros.<\/p>\n<p>\n\tPhoto by <a href=\"https:\/\/unsplash.com\/it\/foto\/PWrNP4bQHB4?utm_source=unsplash&amp;utm_medium=referral&amp;utm_content=creditCopyText\">Joan Oger on Unsplash<\/a><\/p>\n<p>\n\t<a href=\"https:\/\/www.fiarebancaetica.coop\/sites\/fiarebancaetica.com\/files\/documenti\/programa-asamblea-2023.pdf\">Descarga el programa de la Asamblea<\/a><\/p>\n<p>\n\t<img decoding=\"async\" alt=\"\" src=\"http:\/\/www.fiarebancaetica.coop\/app\/uploads\/sites\/2\/2023\/12\/programa-asamblea-scaled.jpg\" style=\"width: 500px; height: 707px;\" \/><\/p>\n<p>\n\t&nbsp;<\/p>\n<\/div>","protected":false},"excerpt":{"rendered":"<p>\n\tLa asamblea de este a\u00f1o ser\u00e1 en Sevilla en el mes de mayo, el mejor mes de todos los tiempos, del 19 al 21. Una fecha fija en el calendario. Un fin de semana de primavera donde lo tendremos todo.<\/p>\n","protected":false},"author":2,"featured_media":330382,"comment_status":"open","ping_status":"closed","sticky":false,"template":"","format":"standard","meta":{"_acf_changed":false,"footnotes":""},"categories":[1],"tags":[],"coauthors":[],"class_list":["post-343184","post","type-post","status-publish","format-standard","has-post-thumbnail","hentry","category-proyectos-colectivos"],"acf":[],"yoast_head":"<!-- This site is optimized with the Yoast SEO plugin v26.9 - https:\/\/yoast.com\/product\/yoast-seo-wordpress\/ -->\n<title>Primavera en Sevilla con la Asamblea de Fiare Banca Etica. \u00bfTe animas? - Fiare Banca Etica<\/title>\n<meta name=\"robots\" content=\"index, follow, max-snippet:-1, max-image-preview:large, max-video-preview:-1\" \/>\n<link rel=\"canonical\" href=\"https:\/\/www.fiarebancaetica.coop\/eu\/primavera-en-sevilla-con-la-asamblea-de-fiare-banca-etica-te-animas\/\" \/>\n<meta property=\"og:locale\" content=\"eu_ES\" \/>\n<meta property=\"og:type\" content=\"article\" \/>\n<meta property=\"og:title\" content=\"Primavera en Sevilla con la Asamblea de Fiare Banca Etica. \u00bfTe animas? - Fiare Banca Etica\" \/>\n<meta property=\"og:description\" content=\"La asamblea de este a\u00f1o ser\u00e1 en Sevilla en el mes de mayo, el mejor mes de todos los tiempos, del 19 al 21. Una fecha fija en el calendario. Un fin de semana de primavera donde lo tendremos todo.\" \/>\n<meta property=\"og:url\" content=\"https:\/\/www.fiarebancaetica.coop\/eu\/primavera-en-sevilla-con-la-asamblea-de-fiare-banca-etica-te-animas\/\" \/>\n<meta property=\"og:site_name\" content=\"Fiare Banca Etica\" \/>\n<meta property=\"article:published_time\" content=\"2023-03-19T23:00:00+00:00\" \/>\n<meta property=\"article:modified_time\" content=\"2024-02-21T13:48:49+00:00\" \/>\n<meta property=\"og:image\" content=\"https:\/\/www.fiarebancaetica.coop\/app\/uploads\/sites\/2\/2023\/12\/primavera-en-sevilla-asamblea-de-fiare-banca-etica-te-animas.jpg\" \/>\n\t<meta property=\"og:image:width\" content=\"640\" \/>\n\t<meta property=\"og:image:height\" content=\"427\" \/>\n\t<meta property=\"og:image:type\" content=\"image\/jpeg\" \/>\n<meta name=\"author\" content=\"crispyadmin0\" \/>\n<meta name=\"twitter:card\" content=\"summary_large_image\" \/>\n<script type=\"application\/ld+json\" class=\"yoast-schema-graph\">{\"@context\":\"https:\/\/schema.org\",\"@graph\":[{\"@type\":\"Article\",\"@id\":\"https:\/\/www.fiarebancaetica.coop\/eu\/primavera-en-sevilla-con-la-asamblea-de-fiare-banca-etica-te-animas\/#article\",\"isPartOf\":{\"@id\":\"https:\/\/www.fiarebancaetica.coop\/eu\/primavera-en-sevilla-con-la-asamblea-de-fiare-banca-etica-te-animas\/\"},\"author\":{\"name\":\"crispyadmin0\",\"@id\":\"https:\/\/www.fiarebancaetica.coop\/eu\/#\/schema\/person\/579841e89c804b5db05d9141bd9b8272\"},\"headline\":\"Primavera en Sevilla con la Asamblea de Fiare Banca Etica. \u00bfTe animas?\",\"datePublished\":\"2023-03-19T23:00:00+00:00\",\"dateModified\":\"2024-02-21T13:48:49+00:00\",\"mainEntityOfPage\":{\"@id\":\"https:\/\/www.fiarebancaetica.coop\/eu\/primavera-en-sevilla-con-la-asamblea-de-fiare-banca-etica-te-animas\/\"},\"wordCount\":389,\"commentCount\":0,\"image\":{\"@id\":\"https:\/\/www.fiarebancaetica.coop\/eu\/primavera-en-sevilla-con-la-asamblea-de-fiare-banca-etica-te-animas\/#primaryimage\"},\"thumbnailUrl\":\"https:\/\/www.fiarebancaetica.coop\/app\/uploads\/sites\/2\/2023\/12\/primavera-en-sevilla-asamblea-de-fiare-banca-etica-te-animas.jpg\",\"articleSection\":[\"Proyectos colectivos\"],\"inLanguage\":\"eu\",\"potentialAction\":[{\"@type\":\"CommentAction\",\"name\":\"Comment\",\"target\":[\"https:\/\/www.fiarebancaetica.coop\/eu\/primavera-en-sevilla-con-la-asamblea-de-fiare-banca-etica-te-animas\/#respond\"]}]},{\"@type\":\"WebPage\",\"@id\":\"https:\/\/www.fiarebancaetica.coop\/eu\/primavera-en-sevilla-con-la-asamblea-de-fiare-banca-etica-te-animas\/\",\"url\":\"https:\/\/www.fiarebancaetica.coop\/eu\/primavera-en-sevilla-con-la-asamblea-de-fiare-banca-etica-te-animas\/\",\"name\":\"Primavera en Sevilla con la Asamblea de Fiare Banca Etica. \u00bfTe animas? - Fiare Banca Etica\",\"isPartOf\":{\"@id\":\"https:\/\/www.fiarebancaetica.coop\/eu\/#website\"},\"primaryImageOfPage\":{\"@id\":\"https:\/\/www.fiarebancaetica.coop\/eu\/primavera-en-sevilla-con-la-asamblea-de-fiare-banca-etica-te-animas\/#primaryimage\"},\"image\":{\"@id\":\"https:\/\/www.fiarebancaetica.coop\/eu\/primavera-en-sevilla-con-la-asamblea-de-fiare-banca-etica-te-animas\/#primaryimage\"},\"thumbnailUrl\":\"https:\/\/www.fiarebancaetica.coop\/app\/uploads\/sites\/2\/2023\/12\/primavera-en-sevilla-asamblea-de-fiare-banca-etica-te-animas.jpg\",\"datePublished\":\"2023-03-19T23:00:00+00:00\",\"dateModified\":\"2024-02-21T13:48:49+00:00\",\"author\":{\"@id\":\"https:\/\/www.fiarebancaetica.coop\/eu\/#\/schema\/person\/579841e89c804b5db05d9141bd9b8272\"},\"breadcrumb\":{\"@id\":\"https:\/\/www.fiarebancaetica.coop\/eu\/primavera-en-sevilla-con-la-asamblea-de-fiare-banca-etica-te-animas\/#breadcrumb\"},\"inLanguage\":\"eu\",\"potentialAction\":[{\"@type\":\"ReadAction\",\"target\":[\"https:\/\/www.fiarebancaetica.coop\/eu\/primavera-en-sevilla-con-la-asamblea-de-fiare-banca-etica-te-animas\/\"]}]},{\"@type\":\"ImageObject\",\"inLanguage\":\"eu\",\"@id\":\"https:\/\/www.fiarebancaetica.coop\/eu\/primavera-en-sevilla-con-la-asamblea-de-fiare-banca-etica-te-animas\/#primaryimage\",\"url\":\"https:\/\/www.fiarebancaetica.coop\/app\/uploads\/sites\/2\/2023\/12\/primavera-en-sevilla-asamblea-de-fiare-banca-etica-te-animas.jpg\",\"contentUrl\":\"https:\/\/www.fiarebancaetica.coop\/app\/uploads\/sites\/2\/2023\/12\/primavera-en-sevilla-asamblea-de-fiare-banca-etica-te-animas.jpg\",\"width\":640,\"height\":427},{\"@type\":\"BreadcrumbList\",\"@id\":\"https:\/\/www.fiarebancaetica.coop\/eu\/primavera-en-sevilla-con-la-asamblea-de-fiare-banca-etica-te-animas\/#breadcrumb\",\"itemListElement\":[{\"@type\":\"ListItem\",\"position\":1,\"name\":\"Home\",\"item\":\"https:\/\/www.fiarebancaetica.coop\/eu\/\"},{\"@type\":\"ListItem\",\"position\":2,\"name\":\"Primavera en Sevilla con la Asamblea de Fiare Banca Etica. \u00bfTe animas?\"}]},{\"@type\":\"WebSite\",\"@id\":\"https:\/\/www.fiarebancaetica.coop\/eu\/#website\",\"url\":\"https:\/\/www.fiarebancaetica.coop\/eu\/\",\"name\":\"Fiare Banca Etica\",\"description\":\"\",\"potentialAction\":[{\"@type\":\"SearchAction\",\"target\":{\"@type\":\"EntryPoint\",\"urlTemplate\":\"https:\/\/www.fiarebancaetica.coop\/eu\/?s={search_term_string}\"},\"query-input\":{\"@type\":\"PropertyValueSpecification\",\"valueRequired\":true,\"valueName\":\"search_term_string\"}}],\"inLanguage\":\"eu\"},{\"@type\":\"Person\",\"@id\":\"https:\/\/www.fiarebancaetica.coop\/eu\/#\/schema\/person\/579841e89c804b5db05d9141bd9b8272\",\"name\":\"crispyadmin0\",\"image\":{\"@type\":\"ImageObject\",\"inLanguage\":\"eu\",\"@id\":\"https:\/\/www.fiarebancaetica.coop\/eu\/#\/schema\/person\/image\/5f3a6b7786f32f4c35bd2b1a5a4698ea\",\"url\":\"https:\/\/secure.gravatar.com\/avatar\/4d2cfb499d497b6d49da659fab7404b243a87fe8e40d2cf97a1cae48f677f5b2?s=96&d=mm&r=g\",\"contentUrl\":\"https:\/\/secure.gravatar.com\/avatar\/4d2cfb499d497b6d49da659fab7404b243a87fe8e40d2cf97a1cae48f677f5b2?s=96&d=mm&r=g\",\"caption\":\"crispyadmin0\"},\"sameAs\":[\"crispyadmin0\"]}]}<\/script>\n<!-- \/ Yoast SEO plugin. -->","yoast_head_json":{"title":"Primavera en Sevilla con la Asamblea de Fiare Banca Etica. \u00bfTe animas? - Fiare Banca Etica","robots":{"index":"index","follow":"follow","max-snippet":"max-snippet:-1","max-image-preview":"max-image-preview:large","max-video-preview":"max-video-preview:-1"},"canonical":"https:\/\/www.fiarebancaetica.coop\/eu\/primavera-en-sevilla-con-la-asamblea-de-fiare-banca-etica-te-animas\/","og_locale":"eu_ES","og_type":"article","og_title":"Primavera en Sevilla con la Asamblea de Fiare Banca Etica. \u00bfTe animas? - Fiare Banca Etica","og_description":"La asamblea de este a\u00f1o ser\u00e1 en Sevilla en el mes de mayo, el mejor mes de todos los tiempos, del 19 al 21. Una fecha fija en el calendario. Un fin de semana de primavera donde lo tendremos todo.","og_url":"https:\/\/www.fiarebancaetica.coop\/eu\/primavera-en-sevilla-con-la-asamblea-de-fiare-banca-etica-te-animas\/","og_site_name":"Fiare Banca Etica","article_published_time":"2023-03-19T23:00:00+00:00","article_modified_time":"2024-02-21T13:48:49+00:00","og_image":[{"width":640,"height":427,"url":"https:\/\/www.fiarebancaetica.coop\/app\/uploads\/sites\/2\/2023\/12\/primavera-en-sevilla-asamblea-de-fiare-banca-etica-te-animas.jpg","type":"image\/jpeg"}],"author":"crispyadmin0","twitter_card":"summary_large_image","schema":{"@context":"https:\/\/schema.org","@graph":[{"@type":"Article","@id":"https:\/\/www.fiarebancaetica.coop\/eu\/primavera-en-sevilla-con-la-asamblea-de-fiare-banca-etica-te-animas\/#article","isPartOf":{"@id":"https:\/\/www.fiarebancaetica.coop\/eu\/primavera-en-sevilla-con-la-asamblea-de-fiare-banca-etica-te-animas\/"},"author":{"name":"crispyadmin0","@id":"https:\/\/www.fiarebancaetica.coop\/eu\/#\/schema\/person\/579841e89c804b5db05d9141bd9b8272"},"headline":"Primavera en Sevilla con la Asamblea de Fiare Banca Etica. \u00bfTe animas?","datePublished":"2023-03-19T23:00:00+00:00","dateModified":"2024-02-21T13:48:49+00:00","mainEntityOfPage":{"@id":"https:\/\/www.fiarebancaetica.coop\/eu\/primavera-en-sevilla-con-la-asamblea-de-fiare-banca-etica-te-animas\/"},"wordCount":389,"commentCount":0,"image":{"@id":"https:\/\/www.fiarebancaetica.coop\/eu\/primavera-en-sevilla-con-la-asamblea-de-fiare-banca-etica-te-animas\/#primaryimage"},"thumbnailUrl":"https:\/\/www.fiarebancaetica.coop\/app\/uploads\/sites\/2\/2023\/12\/primavera-en-sevilla-asamblea-de-fiare-banca-etica-te-animas.jpg","articleSection":["Proyectos colectivos"],"inLanguage":"eu","potentialAction":[{"@type":"CommentAction","name":"Comment","target":["https:\/\/www.fiarebancaetica.coop\/eu\/primavera-en-sevilla-con-la-asamblea-de-fiare-banca-etica-te-animas\/#respond"]}]},{"@type":"WebPage","@id":"https:\/\/www.fiarebancaetica.coop\/eu\/primavera-en-sevilla-con-la-asamblea-de-fiare-banca-etica-te-animas\/","url":"https:\/\/www.fiarebancaetica.coop\/eu\/primavera-en-sevilla-con-la-asamblea-de-fiare-banca-etica-te-animas\/","name":"Primavera en Sevilla con la Asamblea de Fiare Banca Etica. \u00bfTe animas? - Fiare Banca Etica","isPartOf":{"@id":"https:\/\/www.fiarebancaetica.coop\/eu\/#website"},"primaryImageOfPage":{"@id":"https:\/\/www.fiarebancaetica.coop\/eu\/primavera-en-sevilla-con-la-asamblea-de-fiare-banca-etica-te-animas\/#primaryimage"},"image":{"@id":"https:\/\/www.fiarebancaetica.coop\/eu\/primavera-en-sevilla-con-la-asamblea-de-fiare-banca-etica-te-animas\/#primaryimage"},"thumbnailUrl":"https:\/\/www.fiarebancaetica.coop\/app\/uploads\/sites\/2\/2023\/12\/primavera-en-sevilla-asamblea-de-fiare-banca-etica-te-animas.jpg","datePublished":"2023-03-19T23:00:00+00:00","dateModified":"2024-02-21T13:48:49+00:00","author":{"@id":"https:\/\/www.fiarebancaetica.coop\/eu\/#\/schema\/person\/579841e89c804b5db05d9141bd9b8272"},"breadcrumb":{"@id":"https:\/\/www.fiarebancaetica.coop\/eu\/primavera-en-sevilla-con-la-asamblea-de-fiare-banca-etica-te-animas\/#breadcrumb"},"inLanguage":"eu","potentialAction":[{"@type":"ReadAction","target":["https:\/\/www.fiarebancaetica.coop\/eu\/primavera-en-sevilla-con-la-asamblea-de-fiare-banca-etica-te-animas\/"]}]},{"@type":"ImageObject","inLanguage":"eu","@id":"https:\/\/www.fiarebancaetica.coop\/eu\/primavera-en-sevilla-con-la-asamblea-de-fiare-banca-etica-te-animas\/#primaryimage","url":"https:\/\/www.fiarebancaetica.coop\/app\/uploads\/sites\/2\/2023\/12\/primavera-en-sevilla-asamblea-de-fiare-banca-etica-te-animas.jpg","contentUrl":"https:\/\/www.fiarebancaetica.coop\/app\/uploads\/sites\/2\/2023\/12\/primavera-en-sevilla-asamblea-de-fiare-banca-etica-te-animas.jpg","width":640,"height":427},{"@type":"BreadcrumbList","@id":"https:\/\/www.fiarebancaetica.coop\/eu\/primavera-en-sevilla-con-la-asamblea-de-fiare-banca-etica-te-animas\/#breadcrumb","itemListElement":[{"@type":"ListItem","position":1,"name":"Home","item":"https:\/\/www.fiarebancaetica.coop\/eu\/"},{"@type":"ListItem","position":2,"name":"Primavera en Sevilla con la Asamblea de Fiare Banca Etica. \u00bfTe animas?"}]},{"@type":"WebSite","@id":"https:\/\/www.fiarebancaetica.coop\/eu\/#website","url":"https:\/\/www.fiarebancaetica.coop\/eu\/","name":"Fiare Banca Etica","description":"","potentialAction":[{"@type":"SearchAction","target":{"@type":"EntryPoint","urlTemplate":"https:\/\/www.fiarebancaetica.coop\/eu\/?s={search_term_string}"},"query-input":{"@type":"PropertyValueSpecification","valueRequired":true,"valueName":"search_term_string"}}],"inLanguage":"eu"},{"@type":"Person","@id":"https:\/\/www.fiarebancaetica.coop\/eu\/#\/schema\/person\/579841e89c804b5db05d9141bd9b8272","name":"crispyadmin0","image":{"@type":"ImageObject","inLanguage":"eu","@id":"https:\/\/www.fiarebancaetica.coop\/eu\/#\/schema\/person\/image\/5f3a6b7786f32f4c35bd2b1a5a4698ea","url":"https:\/\/secure.gravatar.com\/avatar\/4d2cfb499d497b6d49da659fab7404b243a87fe8e40d2cf97a1cae48f677f5b2?s=96&d=mm&r=g","contentUrl":"https:\/\/secure.gravatar.com\/avatar\/4d2cfb499d497b6d49da659fab7404b243a87fe8e40d2cf97a1cae48f677f5b2?s=96&d=mm&r=g","caption":"crispyadmin0"},"sameAs":["crispyadmin0"]}]}},"_links":{"self":[{"href":"https:\/\/www.fiarebancaetica.coop\/eu\/wp-json\/wp\/v2\/posts\/343184","targetHints":{"allow":["GET"]}}],"collection":[{"href":"https:\/\/www.fiarebancaetica.coop\/eu\/wp-json\/wp\/v2\/posts"}],"about":[{"href":"https:\/\/www.fiarebancaetica.coop\/eu\/wp-json\/wp\/v2\/types\/post"}],"author":[{"embeddable":true,"href":"https:\/\/www.fiarebancaetica.coop\/eu\/wp-json\/wp\/v2\/users\/2"}],"replies":[{"embeddable":true,"href":"https:\/\/www.fiarebancaetica.coop\/eu\/wp-json\/wp\/v2\/comments?post=343184"}],"version-history":[{"count":1,"href":"https:\/\/www.fiarebancaetica.coop\/eu\/wp-json\/wp\/v2\/posts\/343184\/revisions"}],"predecessor-version":[{"id":370689,"href":"https:\/\/www.fiarebancaetica.coop\/eu\/wp-json\/wp\/v2\/posts\/343184\/revisions\/370689"}],"wp:featuredmedia":[{"embeddable":true,"href":"https:\/\/www.fiarebancaetica.coop\/eu\/wp-json\/wp\/v2\/media\/330382"}],"wp:attachment":[{"href":"https:\/\/www.fiarebancaetica.coop\/eu\/wp-json\/wp\/v2\/media?parent=343184"}],"wp:term":[{"taxonomy":"category","embeddable":true,"href":"https:\/\/www.fiarebancaetica.coop\/eu\/wp-json\/wp\/v2\/categories?post=343184"},{"taxonomy":"post_tag","embeddable":true,"href":"https:\/\/www.fiarebancaetica.coop\/eu\/wp-json\/wp\/v2\/tags?post=343184"},{"taxonomy":"author","embeddable":true,"href":"https:\/\/www.fiarebancaetica.coop\/eu\/wp-json\/wp\/v2\/coauthors?post=343184"}],"curies":[{"name":"wp","href":"https:\/\/api.w.org\/{rel}","templated":true}]}}