{"id":343204,"date":"2023-03-06T00:00:00","date_gmt":"2023-03-05T23:00:00","guid":{"rendered":"https:\/\/www.fiarebancaetica.coop\/soluciones-de-finanzas-eticas-para-la-transicion-energetica\/"},"modified":"2024-02-21T14:49:06","modified_gmt":"2024-02-21T13:49:06","slug":"soluciones-de-finanzas-eticas-para-la-transicion-energetica","status":"publish","type":"post","link":"https:\/\/www.fiarebancaetica.coop\/eu\/soluciones-de-finanzas-eticas-para-la-transicion-energetica\/","title":{"rendered":"Soluciones de finanzas \u00e9ticas para la transici\u00f3n energ\u00e9tica"},"content":{"rendered":"\n\n<div class=\"wp-block-bancaetica-blocks-blocks-block-49\">\n    <div class=\"container-block-49\">\n\n        <div class=\"header-section \">\n                            <h1 class=\"section-title\"> Etica e cooperativa <\/h1>\n                                            <\/div>\n\n        \n        <div class=\"block-background\" style=\"background-image: url('https:\/\/www.fiarebancaetica.coop\/app\/uploads\/sites\/2\/2023\/12\/soluciones-de-finanzas-eticas-para-transicion-energetica.jpg')\">\n                            <div class=\"tile\">\n                    <h1 class=\"image-title\"> Soluciones de finanzas \u00e9ticas para la transici\u00f3n energ\u00e9tica <\/h1>\n                <\/div>             <!-- end .tile -->\n            <div class=\"bottom-content\">\n                            <\/div> <!-- end .button-content -->\n        <\/div> <!-- end .block-background -->\n    <\/div> <!-- end .container -->\n<\/div> <!-- end wp-block-bancaetica-blocks-blocks-block-06 -->\n\n\n<div class=\"wrapper-crispybacon-class wrapper-crispybacon-class-boxed \">\n    <p>\n\t<a href=\"#ca\">Catal\u00e0<\/a>&nbsp; <a href=\"#eu\">Euskera<\/a> <a href=\"#ga\">Galego<\/a><\/p>\n<p>\n\tEl <strong>5 de marzo<\/strong> es el <strong>D\u00eda Mundial de la Eficiencia Energ\u00e9tica. <\/strong>Su objetivo es sensibilizarnos sobre la <strong>necesidad de reducir el consumo de energ\u00eda<\/strong> mediante su uso razonable y sostenible.<\/p>\n<p>\n\tJuntos\/as podemos cambiar la forma en que producimos y consumimos energ\u00eda: con este objetivo proponemos un conjunto de soluciones concretas para acelerar la <strong>transici\u00f3n energ\u00e9tica<\/strong> y satisfacer las necesidades inmediatas de las empresas y personas afectadas por el aumento de los costos de la energ\u00eda. Medidas para la difusi\u00f3n de energ\u00edas limpias y la creaci\u00f3n de comunidades energ\u00e9ticas, para fomentar la oferta de tecnolog\u00edas de bajo impacto ambiental y contrarrestar el impacto de los elevados costes energ\u00e9ticos en el ahorro de hogares, empresas y organizaciones.<\/p>\n<h2>\n\tPara tus necesidades o las de tu hogar<\/h2>\n<p>\n\t\u00bfTe han hecho un presupuesto para instalar placas solares&nbsp; o una bomba de calor? \u00bfTe gustar\u00eda comprar un acumulador que te permita acumular la energ\u00eda sobrante que se produce en tu hogar para almacenarla y utilizarla m\u00e1s adelante? Necesitas cambiar de veh\u00edculo y es \u00bfEs hora de elegir un veh\u00edculo el\u00e9ctrico?<\/p>\n<p>\n\tSi necesitas hacer frente a un gasto urgente en poco tiempo, pero no dispones de la suma necesaria o quieres conservar tus ahorros, puedes solicitar el Pr\u00e9stamo Energ\u00eda. Si est\u00e1s evaluando la compra, construcci\u00f3n o remodelaci\u00f3n de una casa que cumpla con los mejores est\u00e1ndares ambientales, tambi\u00e9n puedes solicitar este pr\u00e9stamo.<\/p>\n<p>\n\tFiare Banca Etica cuenta con una l\u00ednea de <a href=\"https:\/\/www.fiarebancaetica.coop\/particulares\/prestamos\">financiaci\u00f3n especializada en la transici\u00f3n energ\u00e9tica<\/a>. Estamos comprometidos con la promoci\u00f3n de las energ\u00edas renovables, y estudiaremos las solicitudes de quienes quieran contar con financiaci\u00f3n para la instalaci\u00f3n fotovoltaica de su casa.<\/p>\n<h2>\n\tPara organizaciones y empresas<\/h2>\n<p>\n\tSi tu entidad se est\u00e1 planteando empezar a producir energ\u00eda de forma independiente a partir de fuentes renovables, tambi\u00e9n puedes pedir el<a href=\"https:\/\/www.fiarebancaetica.coop\/financiacion\"> pr\u00e9stamo<\/a> dirigido a empresas.<\/p>\n<h2>\n\t\u00bfQu\u00e9 ayudas hay para el autoconsumo?<\/h2>\n<p>\n\tEl Ministerio de Transici\u00f3n Energ\u00e9tica ha dispuesto ayudas para dar el paso al autoconsumo y el almacenamiento energ\u00e9tico, a <a href=\"https:\/\/www.miteco.gob.es\/es\/\">trav\u00e9s del Real Decreto 477\/2021.<\/a><\/p>\n<p>\n\tLas ayudas se otorgan por orden de presentaci\u00f3n hasta el agotamiento de los fondos y el plazo de presentaci\u00f3n es hasta finales de 2023.<\/p>\n<h2>\n\tApoya la revoluci\u00f3n con tus ahorros<\/h2>\n<p>\n\tAhora en Fiare Banca Etica tambi\u00e9n encontrar\u00e1s el <strong>Dep\u00f3sito Energ\u00eda<\/strong>, un <a href=\"https:\/\/www.fiarebancaetica.coop\/particulares\/depositos-plazo-fijo\/deposito-energia\"><strong>dep\u00f3sito para promover la transici\u00f3n energ\u00e9tica con tu dinero<\/strong><\/a>. \u00a1Desc\u00fabrelo!<\/p>\n<h2>\n\tJuntos por una Comunidad de Energ\u00edas Renovables<\/h2>\n<p>\n\tLas finanzas \u00e9ticas pueden desempe\u00f1ar un papel importante en el apoyo a quienes est\u00e1n organizando proyectos de autoconsumo energ\u00e9tico y el <a href=\"https:\/\/valorsocial.info\/comunidades-energeticas-una-experiencia-social\/\">desarrollo de comunidades energ\u00e9ticas.<\/a><\/p>\n<p>\n\tSi quieres saber m\u00e1s sobre c\u00f3mo crear una comunidades energ\u00e9tica, te invitamos a descubrir los servicios de nuestros socios y clientes:&nbsp;<a href=\"https:\/\/ecooo.es\/inversion-energias-renovables\"><strong>Ecooo<\/strong><\/a>,&nbsp;<a href=\"https:\/\/nafarkoop.eus\/es\/autoconsumo\"><strong>Goiener<\/strong><\/a>,&nbsp;<a href=\"https:\/\/blog.somenergia.coop\/etiqueta\/autoconsumo-placas-solares\/\"><strong>Som Energia<\/strong><\/a>,&nbsp;<a href=\"https:\/\/www.nosaenerxia.gal\/index.php\/es\/generacion\/generamos-nuestra-energia\"><strong>Nosa Enerxia<\/strong><\/a>,&nbsp;<strong><a href=\"https:\/\/lacorrientecoop.es\/ofrecemos\/autoconsumo-fotovoltaico\/\">La Corriente<\/a>,&nbsp;<\/strong><strong><a href=\"https:\/\/solabria.es\/solabria-genera\/\">Solabria<\/a>,&nbsp;<\/strong><strong><a href=\"https:\/\/www.energetica.coop\/\">Energ\u00e9tica, Castilla y Le\u00f3n<\/a>,&nbsp;<\/strong><strong><a href=\"https:\/\/www.emasp.org\/\">Emasp (E+P)<\/a><\/strong><\/p>\n<p>\n\tFoto de Bill Mead en <a href=\"https:\/\/unsplash.com\/@wmmead\">Unsplash<\/a><\/p>\n<p>\n\t<a id=\"ca\" name=\"ca\"><\/a>____________________________________________________________<\/p>\n<h1>\n\tSolucions de finances \u00e8tiques per a la transici\u00f3 energ\u00e8tica<\/h1>\n<p>\n\tEl 5 de mar\u00e7 \u00e9s el Dia Mundial de l<strong>&#8216;Efici\u00e8ncia Energ\u00e8tica<\/strong>, el seu objectiu \u00e9s sensibilitzar-nos sobre la necessitat de reduir el consum d&#8217;energia mitjan\u00e7ant el seu \u00fas raonable i sostenible.<\/p>\n<p>\n\tAmb el suport de tothom podem canviar la forma en qu\u00e8 produ\u00efm i consumim energia: amb aquest objectiu proposem un conjunt de solucions concretes per a accelerar la <strong>transici\u00f3 energ\u00e8tica<\/strong> i satisfer les necessitats immediates de les empreses i persones afectades per l&#8217;augment dels costos de l&#8217;energia. Mesures per a la difusi\u00f3 d&#8217;energies netes i la creaci\u00f3 de comunitats energ\u00e8tiques, per a fomentar l&#8217;oferta de tecnologies de baix impacte ambiental i contrarestar l&#8217;impacte dels elevats costos energ\u00e8tics en l&#8217;estalvi de llars, empreses i organitzacions.<\/p>\n<h2>\n\tPer a les teves necessitats o les de la teva llar<\/h2>\n<p>\n\tT&#8217;han fet un pressupost per a instal\u00b7lar plaques solars o una bomba de calor? T&#8217;agradaria comprar un acumulador que et permeti acumular l&#8217;energia sobrant que es produeix a la teva llar per a emmagatzemar-la i utilitzar-la m\u00e9s endavant? Necessites canviar de vehicle i \u00e9s hora de triar un vehicle el\u00e8ctric?<\/p>\n<p>\n\tSi necessites fer front a una despesa urgent en poc temps, per\u00f2 no disposes de la suma necess\u00e0ria o vols conservar els teus estalvis, pots sol\u00b7licitar el <strong><a href=\"http:\/\/www.fiarebancaetica.coop\/particulares\/prestamos\">Pr\u00e9stec Energia<\/a><\/strong>.<\/p>\n<p>\n\tSi est\u00e0s avaluant la compra, construcci\u00f3 o remodelaci\u00f3 del teu pis o casa per a que compleixi amb els millors est\u00e0ndards ambientals, tamb\u00e9 pots sol\u00b7licitar aquest pr\u00e9stec.<\/p>\n<p>\n\tFiare Banca Etica compta amb una l\u00ednia de finan\u00e7ament especialitzat en la transici\u00f3 energ\u00e8tica. Estem compromesos amb la promoci\u00f3 de les energies renovables, i estudiarem les sol\u00b7licituds dels qui vulguin comptar amb finan\u00e7ament per a la millora energ\u00e8tica de casa seva .<\/p>\n<h2>\n\tPer a organitzacions i empreses<\/h2>\n<p>\n\tSi la teva entitat s&#8217;est\u00e0 plantejant comen\u00e7ar a produir energia de manera independent a partir de fonts renovables, tamb\u00e9 pots demanar el<strong> <a href=\"https:\/\/www.fiarebancaetica.coop\/ca\/financament\">pr\u00e9stec<\/a><\/strong> dirigit a empreses.<\/p>\n<h2>\n\tQuines ajudes hi ha per a l&#8217;autoconsum?<\/h2>\n<p>\n\tEl Ministeri de Transici\u00f3 Energ\u00e8tica ha disposat ajudes per a fer el pas a l&#8217;autoconsum i l&#8217;emmagatzematge energ\u00e8tic, a trav\u00e9s del<a href=\"http:\/\/www.miteco.gob.es\/es\/\"> Reial decret 477\/2021.<\/a><\/p>\n<p>\n\tLes ajudes s&#8217;atorguen per ordre de presentaci\u00f3 fins a l&#8217;esgotament dels fons i el termini de presentaci\u00f3 \u00e9s fins a finals de 2023.<\/p>\n<h2>\n\tD\u00f3na suport a la revoluci\u00f3 amb els teus estalvis<\/h2>\n<p>\n\tAra a Fiare Banca Etica tamb\u00e9 trobar\u00e0s el <strong>dip\u00f2sit Energia<\/strong>, un <a href=\"http:\/\/www.fiarebancaetica.coop\/particulares\/depositos-plazo-fijo\/deposito-energia\">dip\u00f2sit per a promoure la transici\u00f3 energ\u00e8tica<\/a> amb els teus diners.<\/p>\n<h2>\n\tJunts per una Comunitat d&#8217;Energies Renovables<\/h2>\n<p>\n\tLes finances \u00e8tiques poden exercir un paper important en el suport als qui estan organitzant projectes d&#8217;autoconsum energ\u00e8tic i el desenvolupament de comunitats energ\u00e8tiques.<\/p>\n<p>\n\tSi vols saber m\u00e9s sobre com crear una comunitat energ\u00e8tica, et convidem a descobrir els serveis dels nostres socis i clients&nbsp;<a href=\"https:\/\/ecooo.es\/inversion-energias-renovables\"><strong>Ecooo<\/strong><\/a>,&nbsp;<a href=\"https:\/\/nafarkoop.eus\/es\/autoconsumo\"><strong>Goiener<\/strong><\/a>,&nbsp;<a href=\"https:\/\/blog.somenergia.coop\/etiqueta\/autoconsumo-placas-solares\/\"><strong>Som Energia<\/strong><\/a>,&nbsp;<a href=\"https:\/\/www.nosaenerxia.gal\/index.php\/es\/generacion\/generamos-nuestra-energia\"><strong>Nosa Enerxia<\/strong><\/a>,&nbsp;<strong><a href=\"https:\/\/lacorrientecoop.es\/ofrecemos\/autoconsumo-fotovoltaico\/\">La Corriente<\/a>,&nbsp;<\/strong><strong><a href=\"https:\/\/solabria.es\/solabria-genera\/\">Solabria<\/a>,&nbsp;<\/strong><strong><a href=\"https:\/\/www.energetica.coop\/\">Energ\u00e9tica, Castilla y Le\u00f3n<\/a>,&nbsp;<\/strong><strong><a href=\"https:\/\/www.emasp.org\/\">Emasp (E+P)<\/a><\/strong><\/p>\n<p>\n\t<strong><a id=\"eu\" name=\"eu\"><\/a>__________________________________________<\/strong><\/p>\n<h1>\n\t<strong>Finantza etikoko konponbideak energia-trantsiziorako<\/strong><\/h1>\n<p>\n\tMartxoaren 5a Energia Efizientziaren Munduko Eguna da, eta horren helburua da energia-kontsumoa murriztu beharraz sentsibilizatzea, energia hori zentzuz eta modu jasangarrian erabilita.<\/p>\n<p>\n\tElkarrekin energia ekoizteko eta kontsumitzeko modua alda dezakegu. Helburu horrekin, konponbide zehatz batzuk proposatzen ditugu, energia-trantsizioa bizkortzeko eta energiaren kostuen igoeren eraginez kaltetutako enpresen eta pertsonen berehalako beharrak asetzeko.Bai eta energia garbiak zabaltzeko eta energia-komunitateak sortzeko neurriak ere, ingurumen-inpaktu txikiko teknologien eskaintza sustatzeko eta energia-kostu handiek etxeen, enpresen eta erakundeen aurreztean duten eragina arintzeko.<\/p>\n<h2>\n\tZure edo zure etxeko beharretarako<\/h2>\n<p>\n\tEgin al dizute aurrekonturik eguzki-plakak edo bero-ponpa bat instalatzeko?Erosi nahi al duzu zure etxean sortzen den soberazko energia metatzeko aukera emango dizun metagailu bat, energia hori biltegiratzeko eta gerora erabiltzeko?Ibilgailuz aldatu beharra duzu eta ibilgailu elektriko bat aukeratzeko ordua da?<\/p>\n<p>\n\tDenbora laburrean premiazko gastu bati aurre egin behar badiozu, baina ez baduzu behar adina diru edo aurrezkiak gorde nahi badituzu, Energia Mailegua eska dezakezu<\/p>\n<p>\n\tIngurumen-estandar onenak beteko dituen etxe bat erostea, eraikitzea edo birmoldatzea baloratzen ari bazara, mailegu hori ere eska dezakezu.<\/p>\n<p>\n\tFiare Banca Eticak energia-trantsizioan <a href=\"https:\/\/www.fiarebancaetica.coop\/eu\/partikularrak\/energia-mailegu\">espezializatutako finantzaketa-lerro<\/a> bat du. Energia berriztagarriak sustatzearekin konprometituta gaude, eta etxeko instalazio fotovoltaikorako finantziazioa izan nahi dutenen eskaerak aztertuko ditugu.<\/p>\n<h2>\n\tErakundeentzat eta enpresentzat<\/h2>\n<p>\n\tZure erakundea iturri berriztagarriak baliatuta energia modu independentean ekoizten hastea aztertzen ari bada, enpresei zuzendutako mailegua ere eska dezakezu.<\/p>\n<h2>\n\tZer laguntza daude autokontsumorako?<\/h2>\n<p>\n\tEnergia Trantsizioko Ministerioak laguntzak xedatu ditu autokontsumorako eta energia biltegiratzeko urratsa emateko, <a href=\"http:\/\/www.miteco.gob.es\/es\/\">477\/2021 Errege Dekretuaren bidez.<\/a><\/p>\n<p>\n\tAurkezteko hurrenkeraren arabera emango dira laguntzak, funtsak agortu arte, eta aurkezteko epea 2023aren amaierara artekoa da<\/p>\n<h2>\n\tBabestu iraultza zure aurrezkiekin<\/h2>\n<p>\n\tOrain, Fiare Banca Etican<a href=\"https:\/\/www.fiarebancaetica.coop\/eu\/partikularrak\/epe-finkorako-gordailuak\"> Energia gordailua<\/a> ere aurkituko duzu, alegia, zure diruarekin energia-trantsizioa sustatzeko gordailua.<\/p>\n<h2>\n\tElkarrekin energia berriztagarrien komunitate baten alde<\/h2>\n<p>\n\tFinantza etikoek zeregin garrantzitsua izan dezakete <a href=\"https:\/\/valorsocial.info\/comunidades-energeticas-una-experiencia-social\/\">energia-autokontsumoko<\/a> proiektuak eta energia-komunitateak garatzen antolatzen ari direnei laguntzeko.<\/p>\n<p>\n\tEnergia-komunitate bat sortzeko moduari buruz gehiago jakin nahi baduzu, gure bazkide eta bezeroen zerbitzuak ezagutzera gonbidatzen zaitugu:&nbsp;<a href=\"https:\/\/ecooo.es\/inversion-energias-renovables\"><strong>Ecooo<\/strong><\/a>,&nbsp;<a href=\"https:\/\/nafarkoop.eus\/es\/autoconsumo\"><strong>Goiener<\/strong><\/a>,&nbsp;<a href=\"https:\/\/blog.somenergia.coop\/etiqueta\/autoconsumo-placas-solares\/\"><strong>Som Energia<\/strong><\/a>,&nbsp;<a href=\"https:\/\/www.nosaenerxia.gal\/index.php\/es\/generacion\/generamos-nuestra-energia\"><strong>Nosa Enerxia<\/strong><\/a>,&nbsp;<strong><a href=\"https:\/\/lacorrientecoop.es\/ofrecemos\/autoconsumo-fotovoltaico\/\">La Corriente<\/a>,&nbsp;<\/strong><strong><a href=\"https:\/\/solabria.es\/solabria-genera\/\">Solabria<\/a>,&nbsp;<\/strong><strong><a href=\"https:\/\/www.energetica.coop\/\">Energ\u00e9tica, Castilla y Le\u00f3n<\/a>,&nbsp;<\/strong><strong><a href=\"https:\/\/www.emasp.org\/\">Emasp (E+P)<\/a><\/strong><\/p>\n<p>\n\tFoto de Bill Mead en <a href=\"https:\/\/unsplash.com\/@wmmead\">Unsplash<\/a><\/p>\n<p>\n\t<a id=\"ga\" name=\"ga\"><\/a>________________________________________________________________<\/p>\n<h1>\n\tSoluci\u00f3ns de finanzas \u00e9ticas para a transici\u00f3n enerx\u00e9tica<\/h1>\n<p>\n\tO 5 de marzo \u00e9 o D\u00eda Mundial da Eficiencia Enerx\u00e9tica; o seu obxectivo \u00e9 sensibilizarnos sobre a necesidade de reducir o consumo de enerx\u00eda mediante o seu uso razoable e sustentable.<\/p>\n<p>\n\tXuntas\/os podemos mudar a forma en que producimos e consumimos enerx\u00eda: con este obxectivo propomos un conxunto de soluci\u00f3ns concretas para acelerar a transici\u00f3n enerx\u00e9tica e satisfacer as necesidades inmediatas das empresas e persoas afectadas polo aumento dos custos da enerx\u00eda. Medidas para a difusi\u00f3n de enerx\u00edas limpas e a creaci\u00f3n de comunidades enerx\u00e9ticas, para fomentar a oferta de tecnolox\u00edas de baixo impacto ambiental e contrarrestar a pegada dos elevados custos enerx\u00e9ticos no aforro de fogares, empresas e organizaci\u00f3ns.<\/p>\n<h2>\n\tPara as t\u00faas necesidades ou as do teu fogar<\/h2>\n<p>\n\tPas\u00e1ronche un orzamento para instalar placas solares ou unha bomba de calor? Gustar\u00edache mercar un acumulador que che permita acumular a enerx\u00eda sobrante que se produce no teu fogar para almacenala e utilizala m\u00e1is adiante? Precisas cambiar de veh\u00edculo e \u00e9 hora de escoller un veh\u00edculo el\u00e9ctrico?<\/p>\n<p>\n\tSe precisas afrontar un gasto urxente en pouco tempo, mais non disp\u00f3s da suma necesaria ou queres conservar os teus aforros, podes solicitar o <a href=\"https:\/\/www.fiarebancaetica.coop\/gl\/particulares\/emprestitos-enerxia\">Empr\u00e9stito Enerx\u00eda.<\/a><\/p>\n<p>\n\tSe est\u00e1s valorando a compra, construci\u00f3n ou remodelaci\u00f3n dunha casa que cumpra cos mellores est\u00e1ndares ambientais, tam\u00e9n podes solicitar este empr\u00e9stito.<\/p>\n<p>\n\tFiare Banca Etica conta cunha li\u00f1a de financiamento especializada na transici\u00f3n enerx\u00e9tica. Estamos comprometidos coa promoci\u00f3n das enerx\u00edas renovables e estudaremos as solicitudes de quen queira contar con financiamento para a instalaci\u00f3n fotovoltaica da s\u00faa casa.<\/p>\n<h2>\n\tPara organizaci\u00f3ns e empresas<\/h2>\n<p>\n\tSe a t\u00faa entidade est\u00e1 valorando se comezar a producir enerx\u00eda de forma independente a partir de fontes renovables, tam\u00e9n podes pedir o empr\u00e9stito dirixido a empresas.<\/p>\n<h2>\n\tQue axudas hai para o autoconsumo?<\/h2>\n<p>\n\tO Ministerio de Transici\u00f3n Enerx\u00e9tica creou axudas para dar o paso ao autoconsumo e o almacenamento enerx\u00e9tico a trav\u00e9s do <a href=\"http:\/\/www.miteco.gob.es\/es\/\">Real Decreto 477\/2021.<\/a><\/p>\n<p>\n\tAs axudas out\u00f3rganse por orde de presentaci\u00f3n at\u00e9 o esgotamento dos fondos e o prazo de presentaci\u00f3n remata a finais de 2023.<\/p>\n<h2>\n\tApoia a revoluci\u00f3n cos teus aforros<\/h2>\n<p>\n\tAgora en Fiare Banca Etica tam\u00e9n has atopar o <a href=\"https:\/\/www.fiarebancaetica.coop\/gl\/deposito-enerxia\">dep\u00f3sito Enerx\u00eda<\/a>, un dep\u00f3sito para promover a transici\u00f3n enerx\u00e9tica co teu di\u00f1eiro.<\/p>\n<h2>\n\tXuntos por unha Comunidade de Enerx\u00edas Renovables<\/h2>\n<p>\n\tAs finanzas \u00e9ticas poden desempe\u00f1ar un papel importante no apoio a quen est\u00e1 a organizar proxectos de autoconsumo enerx\u00e9tico e o desenvolvemento de<a href=\"https:\/\/valorsocial.info\/comunidades-energeticas-una-experiencia-social\/\"> comunidades enerx\u00e9ticas<\/a>.<\/p>\n<p>\n\tSe queres saber m\u00e1is sobre como crear unha comunidade enerx\u00e9tica, convid\u00e1moste a descubrir os servizos dos nosos socios e clientes&nbsp;<a href=\"https:\/\/ecooo.es\/inversion-energias-renovables\"><strong>Ecooo<\/strong><\/a>,&nbsp;<a href=\"https:\/\/nafarkoop.eus\/es\/autoconsumo\"><strong>Goiener<\/strong><\/a>,&nbsp;<a href=\"https:\/\/blog.somenergia.coop\/etiqueta\/autoconsumo-placas-solares\/\"><strong>Som Energia<\/strong><\/a>,&nbsp;<a href=\"https:\/\/www.nosaenerxia.gal\/index.php\/es\/generacion\/generamos-nuestra-energia\"><strong>Nosa Enerxia<\/strong><\/a>,&nbsp;<strong><a href=\"https:\/\/lacorrientecoop.es\/ofrecemos\/autoconsumo-fotovoltaico\/\">La Corriente<\/a>,&nbsp;<\/strong><strong><a href=\"https:\/\/solabria.es\/solabria-genera\/\">Solabria<\/a>,&nbsp;<\/strong><strong><a href=\"https:\/\/www.energetica.coop\/\">Energ\u00e9tica, Castilla y Le\u00f3n<\/a>,&nbsp;<\/strong><strong><a href=\"https:\/\/www.emasp.org\/\">Emasp (E+P)<\/a><\/strong><\/p>\n<p>\n\tFoto de Bill Mead en <a href=\"https:\/\/unsplash.com\/@wmmead\">Unsplash<\/a><\/p>\n<\/div>","protected":false},"excerpt":{"rendered":"<p>\n\tEl 5 de marzo es el D\u00eda Mundial de la Eficiencia Energ\u00e9tica, su objetivo es sensibilizarnos sobre la necesidad de reducir el consumo de energ\u00eda mediante su uso razonable y sostenible.<\/p>\n","protected":false},"author":2,"featured_media":330370,"comment_status":"open","ping_status":"closed","sticky":false,"template":"","format":"standard","meta":{"_acf_changed":false,"footnotes":""},"categories":[11644],"tags":[],"coauthors":[],"class_list":["post-343204","post","type-post","status-publish","format-standard","has-post-thumbnail","hentry","category-finantza-etikoak"],"acf":[],"yoast_head":"<!-- This site is optimized with the Yoast SEO plugin v26.9 - https:\/\/yoast.com\/product\/yoast-seo-wordpress\/ -->\n<title>Soluciones de finanzas \u00e9ticas para la transici\u00f3n energ\u00e9tica - Fiare Banca Etica<\/title>\n<meta name=\"robots\" content=\"index, follow, max-snippet:-1, max-image-preview:large, max-video-preview:-1\" \/>\n<link rel=\"canonical\" href=\"https:\/\/www.fiarebancaetica.coop\/eu\/soluciones-de-finanzas-eticas-para-la-transicion-energetica\/\" \/>\n<meta property=\"og:locale\" content=\"eu_ES\" \/>\n<meta property=\"og:type\" content=\"article\" \/>\n<meta property=\"og:title\" content=\"Soluciones de finanzas \u00e9ticas para la transici\u00f3n energ\u00e9tica - Fiare Banca Etica\" \/>\n<meta property=\"og:description\" content=\"El 5 de marzo es el D\u00eda Mundial de la Eficiencia Energ\u00e9tica, su objetivo es sensibilizarnos sobre la necesidad de reducir el consumo de energ\u00eda mediante su uso razonable y sostenible.\" \/>\n<meta property=\"og:url\" content=\"https:\/\/www.fiarebancaetica.coop\/eu\/soluciones-de-finanzas-eticas-para-la-transicion-energetica\/\" \/>\n<meta property=\"og:site_name\" content=\"Fiare Banca Etica\" \/>\n<meta property=\"article:published_time\" content=\"2023-03-05T23:00:00+00:00\" \/>\n<meta property=\"article:modified_time\" content=\"2024-02-21T13:49:06+00:00\" \/>\n<meta property=\"og:image\" content=\"https:\/\/www.fiarebancaetica.coop\/app\/uploads\/sites\/2\/2023\/12\/soluciones-de-finanzas-eticas-para-transicion-energetica.jpg\" \/>\n\t<meta property=\"og:image:width\" content=\"580\" \/>\n\t<meta property=\"og:image:height\" content=\"250\" \/>\n\t<meta property=\"og:image:type\" content=\"image\/jpeg\" \/>\n<meta name=\"author\" content=\"crispyadmin0\" \/>\n<meta name=\"twitter:card\" content=\"summary_large_image\" \/>\n<script type=\"application\/ld+json\" class=\"yoast-schema-graph\">{\"@context\":\"https:\/\/schema.org\",\"@graph\":[{\"@type\":\"Article\",\"@id\":\"https:\/\/www.fiarebancaetica.coop\/eu\/soluciones-de-finanzas-eticas-para-la-transicion-energetica\/#article\",\"isPartOf\":{\"@id\":\"https:\/\/www.fiarebancaetica.coop\/eu\/soluciones-de-finanzas-eticas-para-la-transicion-energetica\/\"},\"author\":{\"name\":\"crispyadmin0\",\"@id\":\"https:\/\/www.fiarebancaetica.coop\/eu\/#\/schema\/person\/579841e89c804b5db05d9141bd9b8272\"},\"headline\":\"Soluciones de finanzas \u00e9ticas para la transici\u00f3n energ\u00e9tica\",\"datePublished\":\"2023-03-05T23:00:00+00:00\",\"dateModified\":\"2024-02-21T13:49:06+00:00\",\"mainEntityOfPage\":{\"@id\":\"https:\/\/www.fiarebancaetica.coop\/eu\/soluciones-de-finanzas-eticas-para-la-transicion-energetica\/\"},\"wordCount\":1920,\"commentCount\":0,\"image\":{\"@id\":\"https:\/\/www.fiarebancaetica.coop\/eu\/soluciones-de-finanzas-eticas-para-la-transicion-energetica\/#primaryimage\"},\"thumbnailUrl\":\"https:\/\/www.fiarebancaetica.coop\/app\/uploads\/sites\/2\/2023\/12\/soluciones-de-finanzas-eticas-para-transicion-energetica.jpg\",\"articleSection\":[\"Finantza etikoak\"],\"inLanguage\":\"eu\",\"potentialAction\":[{\"@type\":\"CommentAction\",\"name\":\"Comment\",\"target\":[\"https:\/\/www.fiarebancaetica.coop\/eu\/soluciones-de-finanzas-eticas-para-la-transicion-energetica\/#respond\"]}]},{\"@type\":\"WebPage\",\"@id\":\"https:\/\/www.fiarebancaetica.coop\/eu\/soluciones-de-finanzas-eticas-para-la-transicion-energetica\/\",\"url\":\"https:\/\/www.fiarebancaetica.coop\/eu\/soluciones-de-finanzas-eticas-para-la-transicion-energetica\/\",\"name\":\"Soluciones de finanzas \u00e9ticas para la transici\u00f3n energ\u00e9tica - Fiare Banca Etica\",\"isPartOf\":{\"@id\":\"https:\/\/www.fiarebancaetica.coop\/eu\/#website\"},\"primaryImageOfPage\":{\"@id\":\"https:\/\/www.fiarebancaetica.coop\/eu\/soluciones-de-finanzas-eticas-para-la-transicion-energetica\/#primaryimage\"},\"image\":{\"@id\":\"https:\/\/www.fiarebancaetica.coop\/eu\/soluciones-de-finanzas-eticas-para-la-transicion-energetica\/#primaryimage\"},\"thumbnailUrl\":\"https:\/\/www.fiarebancaetica.coop\/app\/uploads\/sites\/2\/2023\/12\/soluciones-de-finanzas-eticas-para-transicion-energetica.jpg\",\"datePublished\":\"2023-03-05T23:00:00+00:00\",\"dateModified\":\"2024-02-21T13:49:06+00:00\",\"author\":{\"@id\":\"https:\/\/www.fiarebancaetica.coop\/eu\/#\/schema\/person\/579841e89c804b5db05d9141bd9b8272\"},\"breadcrumb\":{\"@id\":\"https:\/\/www.fiarebancaetica.coop\/eu\/soluciones-de-finanzas-eticas-para-la-transicion-energetica\/#breadcrumb\"},\"inLanguage\":\"eu\",\"potentialAction\":[{\"@type\":\"ReadAction\",\"target\":[\"https:\/\/www.fiarebancaetica.coop\/eu\/soluciones-de-finanzas-eticas-para-la-transicion-energetica\/\"]}]},{\"@type\":\"ImageObject\",\"inLanguage\":\"eu\",\"@id\":\"https:\/\/www.fiarebancaetica.coop\/eu\/soluciones-de-finanzas-eticas-para-la-transicion-energetica\/#primaryimage\",\"url\":\"https:\/\/www.fiarebancaetica.coop\/app\/uploads\/sites\/2\/2023\/12\/soluciones-de-finanzas-eticas-para-transicion-energetica.jpg\",\"contentUrl\":\"https:\/\/www.fiarebancaetica.coop\/app\/uploads\/sites\/2\/2023\/12\/soluciones-de-finanzas-eticas-para-transicion-energetica.jpg\",\"width\":580,\"height\":250},{\"@type\":\"BreadcrumbList\",\"@id\":\"https:\/\/www.fiarebancaetica.coop\/eu\/soluciones-de-finanzas-eticas-para-la-transicion-energetica\/#breadcrumb\",\"itemListElement\":[{\"@type\":\"ListItem\",\"position\":1,\"name\":\"Home\",\"item\":\"https:\/\/www.fiarebancaetica.coop\/eu\/\"},{\"@type\":\"ListItem\",\"position\":2,\"name\":\"Soluciones de finanzas \u00e9ticas para la transici\u00f3n energ\u00e9tica\"}]},{\"@type\":\"WebSite\",\"@id\":\"https:\/\/www.fiarebancaetica.coop\/eu\/#website\",\"url\":\"https:\/\/www.fiarebancaetica.coop\/eu\/\",\"name\":\"Fiare Banca Etica\",\"description\":\"\",\"potentialAction\":[{\"@type\":\"SearchAction\",\"target\":{\"@type\":\"EntryPoint\",\"urlTemplate\":\"https:\/\/www.fiarebancaetica.coop\/eu\/?s={search_term_string}\"},\"query-input\":{\"@type\":\"PropertyValueSpecification\",\"valueRequired\":true,\"valueName\":\"search_term_string\"}}],\"inLanguage\":\"eu\"},{\"@type\":\"Person\",\"@id\":\"https:\/\/www.fiarebancaetica.coop\/eu\/#\/schema\/person\/579841e89c804b5db05d9141bd9b8272\",\"name\":\"crispyadmin0\",\"image\":{\"@type\":\"ImageObject\",\"inLanguage\":\"eu\",\"@id\":\"https:\/\/www.fiarebancaetica.coop\/eu\/#\/schema\/person\/image\/5f3a6b7786f32f4c35bd2b1a5a4698ea\",\"url\":\"https:\/\/secure.gravatar.com\/avatar\/4d2cfb499d497b6d49da659fab7404b243a87fe8e40d2cf97a1cae48f677f5b2?s=96&d=mm&r=g\",\"contentUrl\":\"https:\/\/secure.gravatar.com\/avatar\/4d2cfb499d497b6d49da659fab7404b243a87fe8e40d2cf97a1cae48f677f5b2?s=96&d=mm&r=g\",\"caption\":\"crispyadmin0\"},\"sameAs\":[\"crispyadmin0\"]}]}<\/script>\n<!-- \/ Yoast SEO plugin. -->","yoast_head_json":{"title":"Soluciones de finanzas \u00e9ticas para la transici\u00f3n energ\u00e9tica - Fiare Banca Etica","robots":{"index":"index","follow":"follow","max-snippet":"max-snippet:-1","max-image-preview":"max-image-preview:large","max-video-preview":"max-video-preview:-1"},"canonical":"https:\/\/www.fiarebancaetica.coop\/eu\/soluciones-de-finanzas-eticas-para-la-transicion-energetica\/","og_locale":"eu_ES","og_type":"article","og_title":"Soluciones de finanzas \u00e9ticas para la transici\u00f3n energ\u00e9tica - Fiare Banca Etica","og_description":"El 5 de marzo es el D\u00eda Mundial de la Eficiencia Energ\u00e9tica, su objetivo es sensibilizarnos sobre la necesidad de reducir el consumo de energ\u00eda mediante su uso razonable y sostenible.","og_url":"https:\/\/www.fiarebancaetica.coop\/eu\/soluciones-de-finanzas-eticas-para-la-transicion-energetica\/","og_site_name":"Fiare Banca Etica","article_published_time":"2023-03-05T23:00:00+00:00","article_modified_time":"2024-02-21T13:49:06+00:00","og_image":[{"width":580,"height":250,"url":"https:\/\/www.fiarebancaetica.coop\/app\/uploads\/sites\/2\/2023\/12\/soluciones-de-finanzas-eticas-para-transicion-energetica.jpg","type":"image\/jpeg"}],"author":"crispyadmin0","twitter_card":"summary_large_image","schema":{"@context":"https:\/\/schema.org","@graph":[{"@type":"Article","@id":"https:\/\/www.fiarebancaetica.coop\/eu\/soluciones-de-finanzas-eticas-para-la-transicion-energetica\/#article","isPartOf":{"@id":"https:\/\/www.fiarebancaetica.coop\/eu\/soluciones-de-finanzas-eticas-para-la-transicion-energetica\/"},"author":{"name":"crispyadmin0","@id":"https:\/\/www.fiarebancaetica.coop\/eu\/#\/schema\/person\/579841e89c804b5db05d9141bd9b8272"},"headline":"Soluciones de finanzas \u00e9ticas para la transici\u00f3n energ\u00e9tica","datePublished":"2023-03-05T23:00:00+00:00","dateModified":"2024-02-21T13:49:06+00:00","mainEntityOfPage":{"@id":"https:\/\/www.fiarebancaetica.coop\/eu\/soluciones-de-finanzas-eticas-para-la-transicion-energetica\/"},"wordCount":1920,"commentCount":0,"image":{"@id":"https:\/\/www.fiarebancaetica.coop\/eu\/soluciones-de-finanzas-eticas-para-la-transicion-energetica\/#primaryimage"},"thumbnailUrl":"https:\/\/www.fiarebancaetica.coop\/app\/uploads\/sites\/2\/2023\/12\/soluciones-de-finanzas-eticas-para-transicion-energetica.jpg","articleSection":["Finantza etikoak"],"inLanguage":"eu","potentialAction":[{"@type":"CommentAction","name":"Comment","target":["https:\/\/www.fiarebancaetica.coop\/eu\/soluciones-de-finanzas-eticas-para-la-transicion-energetica\/#respond"]}]},{"@type":"WebPage","@id":"https:\/\/www.fiarebancaetica.coop\/eu\/soluciones-de-finanzas-eticas-para-la-transicion-energetica\/","url":"https:\/\/www.fiarebancaetica.coop\/eu\/soluciones-de-finanzas-eticas-para-la-transicion-energetica\/","name":"Soluciones de finanzas \u00e9ticas para la transici\u00f3n energ\u00e9tica - Fiare Banca Etica","isPartOf":{"@id":"https:\/\/www.fiarebancaetica.coop\/eu\/#website"},"primaryImageOfPage":{"@id":"https:\/\/www.fiarebancaetica.coop\/eu\/soluciones-de-finanzas-eticas-para-la-transicion-energetica\/#primaryimage"},"image":{"@id":"https:\/\/www.fiarebancaetica.coop\/eu\/soluciones-de-finanzas-eticas-para-la-transicion-energetica\/#primaryimage"},"thumbnailUrl":"https:\/\/www.fiarebancaetica.coop\/app\/uploads\/sites\/2\/2023\/12\/soluciones-de-finanzas-eticas-para-transicion-energetica.jpg","datePublished":"2023-03-05T23:00:00+00:00","dateModified":"2024-02-21T13:49:06+00:00","author":{"@id":"https:\/\/www.fiarebancaetica.coop\/eu\/#\/schema\/person\/579841e89c804b5db05d9141bd9b8272"},"breadcrumb":{"@id":"https:\/\/www.fiarebancaetica.coop\/eu\/soluciones-de-finanzas-eticas-para-la-transicion-energetica\/#breadcrumb"},"inLanguage":"eu","potentialAction":[{"@type":"ReadAction","target":["https:\/\/www.fiarebancaetica.coop\/eu\/soluciones-de-finanzas-eticas-para-la-transicion-energetica\/"]}]},{"@type":"ImageObject","inLanguage":"eu","@id":"https:\/\/www.fiarebancaetica.coop\/eu\/soluciones-de-finanzas-eticas-para-la-transicion-energetica\/#primaryimage","url":"https:\/\/www.fiarebancaetica.coop\/app\/uploads\/sites\/2\/2023\/12\/soluciones-de-finanzas-eticas-para-transicion-energetica.jpg","contentUrl":"https:\/\/www.fiarebancaetica.coop\/app\/uploads\/sites\/2\/2023\/12\/soluciones-de-finanzas-eticas-para-transicion-energetica.jpg","width":580,"height":250},{"@type":"BreadcrumbList","@id":"https:\/\/www.fiarebancaetica.coop\/eu\/soluciones-de-finanzas-eticas-para-la-transicion-energetica\/#breadcrumb","itemListElement":[{"@type":"ListItem","position":1,"name":"Home","item":"https:\/\/www.fiarebancaetica.coop\/eu\/"},{"@type":"ListItem","position":2,"name":"Soluciones de finanzas \u00e9ticas para la transici\u00f3n energ\u00e9tica"}]},{"@type":"WebSite","@id":"https:\/\/www.fiarebancaetica.coop\/eu\/#website","url":"https:\/\/www.fiarebancaetica.coop\/eu\/","name":"Fiare Banca Etica","description":"","potentialAction":[{"@type":"SearchAction","target":{"@type":"EntryPoint","urlTemplate":"https:\/\/www.fiarebancaetica.coop\/eu\/?s={search_term_string}"},"query-input":{"@type":"PropertyValueSpecification","valueRequired":true,"valueName":"search_term_string"}}],"inLanguage":"eu"},{"@type":"Person","@id":"https:\/\/www.fiarebancaetica.coop\/eu\/#\/schema\/person\/579841e89c804b5db05d9141bd9b8272","name":"crispyadmin0","image":{"@type":"ImageObject","inLanguage":"eu","@id":"https:\/\/www.fiarebancaetica.coop\/eu\/#\/schema\/person\/image\/5f3a6b7786f32f4c35bd2b1a5a4698ea","url":"https:\/\/secure.gravatar.com\/avatar\/4d2cfb499d497b6d49da659fab7404b243a87fe8e40d2cf97a1cae48f677f5b2?s=96&d=mm&r=g","contentUrl":"https:\/\/secure.gravatar.com\/avatar\/4d2cfb499d497b6d49da659fab7404b243a87fe8e40d2cf97a1cae48f677f5b2?s=96&d=mm&r=g","caption":"crispyadmin0"},"sameAs":["crispyadmin0"]}]}},"_links":{"self":[{"href":"https:\/\/www.fiarebancaetica.coop\/eu\/wp-json\/wp\/v2\/posts\/343204","targetHints":{"allow":["GET"]}}],"collection":[{"href":"https:\/\/www.fiarebancaetica.coop\/eu\/wp-json\/wp\/v2\/posts"}],"about":[{"href":"https:\/\/www.fiarebancaetica.coop\/eu\/wp-json\/wp\/v2\/types\/post"}],"author":[{"embeddable":true,"href":"https:\/\/www.fiarebancaetica.coop\/eu\/wp-json\/wp\/v2\/users\/2"}],"replies":[{"embeddable":true,"href":"https:\/\/www.fiarebancaetica.coop\/eu\/wp-json\/wp\/v2\/comments?post=343204"}],"version-history":[{"count":1,"href":"https:\/\/www.fiarebancaetica.coop\/eu\/wp-json\/wp\/v2\/posts\/343204\/revisions"}],"predecessor-version":[{"id":355380,"href":"https:\/\/www.fiarebancaetica.coop\/eu\/wp-json\/wp\/v2\/posts\/343204\/revisions\/355380"}],"wp:featuredmedia":[{"embeddable":true,"href":"https:\/\/www.fiarebancaetica.coop\/eu\/wp-json\/wp\/v2\/media\/330370"}],"wp:attachment":[{"href":"https:\/\/www.fiarebancaetica.coop\/eu\/wp-json\/wp\/v2\/media?parent=343204"}],"wp:term":[{"taxonomy":"category","embeddable":true,"href":"https:\/\/www.fiarebancaetica.coop\/eu\/wp-json\/wp\/v2\/categories?post=343204"},{"taxonomy":"post_tag","embeddable":true,"href":"https:\/\/www.fiarebancaetica.coop\/eu\/wp-json\/wp\/v2\/tags?post=343204"},{"taxonomy":"author","embeddable":true,"href":"https:\/\/www.fiarebancaetica.coop\/eu\/wp-json\/wp\/v2\/coauthors?post=343204"}],"curies":[{"name":"wp","href":"https:\/\/api.w.org\/{rel}","templated":true}]}}