{"id":343383,"date":"2022-07-08T00:00:00","date_gmt":"2022-07-07T22:00:00","guid":{"rendered":"https:\/\/www.fiarebancaetica.coop\/el-cooperativismo-genera-personas-responsables-conscientes-y-comprometidas-con-la-empresa\/"},"modified":"2024-02-21T14:56:48","modified_gmt":"2024-02-21T13:56:48","slug":"el-cooperativismo-genera-personas-responsables-conscientes-y-comprometidas-con-la-empresa","status":"publish","type":"post","link":"https:\/\/www.fiarebancaetica.coop\/eu\/el-cooperativismo-genera-personas-responsables-conscientes-y-comprometidas-con-la-empresa\/","title":{"rendered":"&#8220;El cooperativismo genera personas responsables, conscientes y comprometidas con la empresa&#8221;"},"content":{"rendered":"\n\n<div class=\"wp-block-bancaetica-blocks-blocks-block-49\">\n    <div class=\"container-block-49\">\n\n        <div class=\"header-section \">\n                            <h1 class=\"section-title\"> Finantza etikoak <\/h1>\n                                            <\/div>\n\n                    <hr style=\"height:1px\" \/>\n        \n        <div class=\"block-background\" style=\"background-image: url('')\">\n                        <!-- end .tile -->\n            <div class=\"bottom-content\">\n                            <\/div> <!-- end .button-content -->\n        <\/div> <!-- end .block-background -->\n    <\/div> <!-- end .container -->\n<\/div> <!-- end wp-block-bancaetica-blocks-blocks-block-06 -->\n\n\n<div class=\"wrapper-crispybacon-class wrapper-crispybacon-class-boxed \">\n    <p><a href=\"https:\/\/www.fiarebancaetica.coop\/node\/32580\">Catal\u00e0<\/a>&nbsp; <a href=\"https:\/\/www.fiarebancaetica.coop\/node\/32579#\">Euskera<\/a> <a href=\"https:\/\/www.fiarebancaetica.coop\/node\/32578\">Galego<\/a><\/p>\n<p><em><strong>Entrevista Ana Aguirre &#8211; presidenta de las Juventudes en la <a href=\"https:\/\/www.ica.coop\/es\">Alianza Mundial de Cooperativas<\/a><\/strong><\/em><\/p>\n<h2>\n\t\u00bfC\u00f3mo descubriste el cooperativismo?<\/h2>\n<p>Descubr\u00ed el cooperativismo como movimiento y filosof\u00eda durante la carrera. Estudi\u00e9 en la primera generaci\u00f3n del grado de liderazgo emprendedor e innovaci\u00f3n (<a href=\"http:\/\/travellinguniversity.com\">LEINN<\/a>) de eMondragon. Despu\u00e9s fui entrando en este mundo gracias a las grandes conversaciones sobre principios, gobernanza, transformaci\u00f3n, con mi padre, miembro de la cooperativa Mondrag\u00f3n.<\/p>\n<h2>\n\t\u00bfEn qu\u00e9 ha sido fundamental el cooperativismo en la construcci\u00f3n de tu trayectoria laboral?<\/h2>\n<p>Creamos <a href=\"http:\/\/tzbz.coop\/es\/language\/\">Tazebaez<\/a>, nuestra cooperativa, al principio del grado. As\u00ed que la mayor parte de mi actividad laboral ha sido en una cooperativa de trabajo asociado.<br \/>\n\tLas personas coofundadoras del proyecto creemos en el modelo cooperativo y <strong>elegimos todos los d\u00edas ser cooperativistas<\/strong>, hacemos pedagog\u00eda, fomentamos los espacios de participaci\u00f3n\u2026 Adem\u00e1s nos hemos comprometido con el movimiento a nivel internacional creando la red de cooperativistas j\u00f3venes de europa en 2015, junto a personas de 15 pa\u00edses y siendo parte del comit\u00e9 de juventud de la ACI desde 2017.<\/p>\n<h2>\n\t\u00bfCu\u00e1l es la situaci\u00f3n del cooperativismo a nivel mundial?<\/h2>\n<p>El cooperativismo a nivel mundial se percibe como un movimiento residual, como un \u201cbuen intento de alternativa\u201d. Sin embargo, seg\u00fan la Alianza Cooperativa Internacional, 1 de cada 10 empleos a nivel mundial son cooperativos. <strong>El 12% de la poblaci\u00f3n mundial es parte de una de las 3 millones de cooperativas<\/strong> que suman un total de 1 bill\u00f3n de miembros.<\/p>\n<p>Adem\u00e1s,&nbsp; hay una percepci\u00f3n, err\u00f3nea muchas veces, de que las cooperativas son empresas sin \u00e1nimo de lucro o que son empresas no sostenibles. Seg\u00fan el World Cooperative Monitor, las 300 empresas cooperativas y mutuales m\u00e1s importantes suman un volumen de negocio de 2,14 billones de d\u00f3lares.<\/p>\n<h2>\n\t\u00bfCu\u00e1les son las ventajas?<\/h2>\n<p>Para m\u00ed las ventajas del cooperativismo van m\u00e1s all\u00e1 de las \u201cf\u00e1ciles de percibir\u201d. Claro que ahora con las crisis se demuestra que<strong> son m\u00e1s resilientes, m\u00e1s responsables, m\u00e1s capaces de mantener el empleo<\/strong>. Tambi\u00e9n sin crisis se demuestra que son un actor sin igual para la distribuci\u00f3n de la riqueza y el fomento de la igualdad social.<\/p>\n<p>Pero adem\u00e1s hay factores que tal vez pasan m\u00e1s desapercibidos al ojo externo como puede ser el empoderamiento de las personas a trav\u00e9s de la participaci\u00f3n y la propiedad, el ejercicio de la responsabilidad, el acceso&nbsp; al conocimiento y a estar involucradas en el d\u00eda a d\u00eda de la empresa en la que trabajan tomando con responsabilidad y conciencia&nbsp; decisiones coherentes con sus principios.<\/p>\n<p>El sistema de propiedad compartida y gesti\u00f3n participativa, <strong>genera personas responsables, humanas, conscientes y comprometidas con la empresa<\/strong> como herramienta de transformaci\u00f3n social. Creo que en muchas ocasiones estas caracter\u00edsticas pasan desapercibidas.<\/p>\n<h2>\n\t\u00bfC\u00f3mo la juventud se incorpora a este modelo? \u00bfEl nivel de permanencia en esta forma de trabajo es elevado?<\/h2>\n<p>La captaci\u00f3n de talento es un reto claro para los pr\u00f3ximos a\u00f1os pero no solo para el modelo cooperativo. La transici\u00f3n generacional es un tema candente en much\u00edsimos foros empresariales y sociales. Y el cooperativismo no es una excepci\u00f3n a ello.<\/p>\n<p>Sin embargo, muchos estudios demuestran que <strong>la juventud se acerca al mundo empresarial con unos principios muy marcados de impacto social y medioambiental, de participaci\u00f3n y toma de responsabilidad<\/strong>. As\u00ed que en mi opini\u00f3n, el modelo cooperativo deber\u00eda ser m\u00e1s capaz de transmitir todo el potencial que tiene en relaci\u00f3n a estos valores, porque es coherente y trabaja en el d\u00eda a d\u00eda con ellos.<\/p>\n<h2>\n\t\u00bfQu\u00e9 retos tiene el cooperativismo para fomentar la incorporaci\u00f3n de los j\u00f3venes en el mundo del trabajo?&nbsp;<\/h2>\n<p>No somos el mejor movimiento a nivel marketing, pero hemos hecho buenos trabajos para entender a los j\u00f3venes dentro del movimiento, por ejemplo este de <a href=\"https:\/\/www.ica.coop\/es\/sala-de-prensa\/noticias\/jovenes-cooperativas-nuevo-informe-busca-reforzar-vinculos-jovenes.\">Coops4Dev<\/a>.<\/p>\n<p>Sin embargo, la realidad es que de momento necesitamos mejorar no solo en la participaci\u00f3n de talento, que no va mal, sino en la participaci\u00f3n de las personas j\u00f3venes en los foros de trabajo y decisi\u00f3n del movimiento.<\/p>\n<h2>\n\t\u00bfHay suficiente apoyo p\u00fablico para hacer de esta forma de trabajo un modelo m\u00e1s grande?<\/h2>\n<p>La respuesta a esto seguro que siempre es no. <strong>Siempre se puede m\u00e1s.<\/strong> Siempre se puede abogar, apostar, apoyar y dar m\u00e1s ayuda a un sector que es el modelo del bien colectivo en formato estructural.<\/p>\n<p>Para la juventud, que es mi campo en el caso de la ACI no, <strong>no hay suficiente apoyo al cooperativismo joven<\/strong>. Hay estructuras que podr\u00eda apoyar mucho, que en su forma son positivas pero creo que de momento el apoyo p\u00fablico al cooperativismo, sobre todo a la juventud, podr\u00eda mejorar un mont\u00f3n.<\/p>\n<p>A trav\u00e9s de la creaci\u00f3n de fondos de apoyo a la educaci\u00f3n cooperativa y emprendedora, a trav\u00e9s del fomento del entendimiento de la econom\u00eda social no como un sector sino como una necesidad para la supervivencia del planeta y la mejora social. Las cooperativas son negocios y empresas que aunque son privadas, son de propiedad compartida e intr\u00ednsecamente presentan un modelo de devoluci\u00f3n a la sociedad a trav\u00e9s del reparto que las hace responsabilidad social, pero en el d\u00eda a d\u00eda. No hacemos responsabilidad social, somos responsabilidad social. Y por supuesto apoyos a programas de juventud en este \u00e1mbito, siempre vienen bien.<\/p>\n<h2>\n\t\u00bfY en relaci\u00f3n a la mujer, cu\u00e1l es el nivel de presencia y visibilidad de este colectivo en el cooperativismo?<\/h2>\n<p>Como en todos los colectivos, <strong>hay un gran camino que recorrer.<\/strong> En el caso de las cooperativas, es un camino adem\u00e1s que tiene que ser responsabilidad de todas las personas porque como socias de nuestras propias entidades <strong>tenemos que ser activistas<\/strong>.<\/p>\n<p>En los \u00faltimos a\u00f1os se han dado <strong>pasos hacia delante en la presencia de mujeres en puestos directivos<\/strong>, en la estructura internacional del movimiento cooperativo, en el trabajo\u2026 pero hay mucho por recorrer. No estamos exentos de este reto.<\/p>\n<h2>\n\tProp\u00f3sitos para los pr\u00f3ximos 10 a\u00f1os\u2026<\/h2>\n<p>Visibilizar la actividad que ya realizamos. Ser capaces de comunicar para captar y de entender la transformaci\u00f3n social que est\u00e1 ocurriendo en much\u00edsimos sectores y c\u00f3mo esto va a afectar al movimiento y a la identidad cooperativa. Y<strong> ser proactivas, no reactivas en la transformaci\u00f3n continua del modelo.<\/strong><\/p>\n<p><a href=\"https:\/\/www.ica.coop\/es\"><strong>https:\/\/www.ica.coop\/es<\/strong><\/a><\/p>\n<\/div>","protected":false},"excerpt":{"rendered":"<p>Entrevista Ana Aguirre-&nbsp; presidenta de las Juventudes en la Alianza Mundial de Cooperativas<\/p>\n","protected":false},"author":2,"featured_media":330116,"comment_status":"open","ping_status":"closed","sticky":false,"template":"","format":"standard","meta":{"_acf_changed":false,"footnotes":""},"categories":[11644],"tags":[],"coauthors":[],"class_list":["post-343383","post","type-post","status-publish","format-standard","has-post-thumbnail","hentry","category-finantza-etikoak"],"acf":[],"yoast_head":"<!-- This site is optimized with the Yoast SEO plugin v26.9 - https:\/\/yoast.com\/product\/yoast-seo-wordpress\/ -->\n<title>&quot;El cooperativismo genera personas responsables, conscientes y comprometidas con la empresa&quot; - Fiare Banca Etica<\/title>\n<meta name=\"robots\" content=\"index, follow, max-snippet:-1, max-image-preview:large, max-video-preview:-1\" \/>\n<link rel=\"canonical\" href=\"https:\/\/www.fiarebancaetica.coop\/eu\/el-cooperativismo-genera-personas-responsables-conscientes-y-comprometidas-con-la-empresa\/\" \/>\n<meta property=\"og:locale\" content=\"eu_ES\" \/>\n<meta property=\"og:type\" content=\"article\" \/>\n<meta property=\"og:title\" content=\"&quot;El cooperativismo genera personas responsables, conscientes y comprometidas con la empresa&quot; - Fiare Banca Etica\" \/>\n<meta property=\"og:description\" content=\"Entrevista Ana Aguirre-&nbsp; presidenta de las Juventudes en la Alianza Mundial de Cooperativas\" \/>\n<meta property=\"og:url\" content=\"https:\/\/www.fiarebancaetica.coop\/eu\/el-cooperativismo-genera-personas-responsables-conscientes-y-comprometidas-con-la-empresa\/\" \/>\n<meta property=\"og:site_name\" content=\"Fiare Banca Etica\" \/>\n<meta property=\"article:published_time\" content=\"2022-07-07T22:00:00+00:00\" \/>\n<meta property=\"article:modified_time\" content=\"2024-02-21T13:56:48+00:00\" \/>\n<meta property=\"og:image\" content=\"https:\/\/www.fiarebancaetica.coop\/app\/uploads\/sites\/2\/2023\/12\/el-cooperativismo-genera-personas-responsables-conscientes-y-comprometidas-empresa.jpg\" \/>\n\t<meta property=\"og:image:width\" content=\"540\" \/>\n\t<meta property=\"og:image:height\" content=\"250\" \/>\n\t<meta property=\"og:image:type\" content=\"image\/jpeg\" \/>\n<meta name=\"author\" content=\"crispyadmin0\" \/>\n<meta name=\"twitter:card\" content=\"summary_large_image\" \/>\n<script type=\"application\/ld+json\" class=\"yoast-schema-graph\">{\"@context\":\"https:\/\/schema.org\",\"@graph\":[{\"@type\":\"Article\",\"@id\":\"https:\/\/www.fiarebancaetica.coop\/eu\/el-cooperativismo-genera-personas-responsables-conscientes-y-comprometidas-con-la-empresa\/#article\",\"isPartOf\":{\"@id\":\"https:\/\/www.fiarebancaetica.coop\/eu\/el-cooperativismo-genera-personas-responsables-conscientes-y-comprometidas-con-la-empresa\/\"},\"author\":{\"name\":\"crispyadmin0\",\"@id\":\"https:\/\/www.fiarebancaetica.coop\/eu\/#\/schema\/person\/579841e89c804b5db05d9141bd9b8272\"},\"headline\":\"&#8220;El cooperativismo genera personas responsables, conscientes y comprometidas con la empresa&#8221;\",\"datePublished\":\"2022-07-07T22:00:00+00:00\",\"dateModified\":\"2024-02-21T13:56:48+00:00\",\"mainEntityOfPage\":{\"@id\":\"https:\/\/www.fiarebancaetica.coop\/eu\/el-cooperativismo-genera-personas-responsables-conscientes-y-comprometidas-con-la-empresa\/\"},\"wordCount\":1110,\"commentCount\":0,\"image\":{\"@id\":\"https:\/\/www.fiarebancaetica.coop\/eu\/el-cooperativismo-genera-personas-responsables-conscientes-y-comprometidas-con-la-empresa\/#primaryimage\"},\"thumbnailUrl\":\"https:\/\/www.fiarebancaetica.coop\/app\/uploads\/sites\/2\/2023\/12\/el-cooperativismo-genera-personas-responsables-conscientes-y-comprometidas-empresa.jpg\",\"articleSection\":[\"Finantza etikoak\"],\"inLanguage\":\"eu\",\"potentialAction\":[{\"@type\":\"CommentAction\",\"name\":\"Comment\",\"target\":[\"https:\/\/www.fiarebancaetica.coop\/eu\/el-cooperativismo-genera-personas-responsables-conscientes-y-comprometidas-con-la-empresa\/#respond\"]}]},{\"@type\":\"WebPage\",\"@id\":\"https:\/\/www.fiarebancaetica.coop\/eu\/el-cooperativismo-genera-personas-responsables-conscientes-y-comprometidas-con-la-empresa\/\",\"url\":\"https:\/\/www.fiarebancaetica.coop\/eu\/el-cooperativismo-genera-personas-responsables-conscientes-y-comprometidas-con-la-empresa\/\",\"name\":\"\\\"El cooperativismo genera personas responsables, conscientes y comprometidas con la empresa\\\" - Fiare Banca Etica\",\"isPartOf\":{\"@id\":\"https:\/\/www.fiarebancaetica.coop\/eu\/#website\"},\"primaryImageOfPage\":{\"@id\":\"https:\/\/www.fiarebancaetica.coop\/eu\/el-cooperativismo-genera-personas-responsables-conscientes-y-comprometidas-con-la-empresa\/#primaryimage\"},\"image\":{\"@id\":\"https:\/\/www.fiarebancaetica.coop\/eu\/el-cooperativismo-genera-personas-responsables-conscientes-y-comprometidas-con-la-empresa\/#primaryimage\"},\"thumbnailUrl\":\"https:\/\/www.fiarebancaetica.coop\/app\/uploads\/sites\/2\/2023\/12\/el-cooperativismo-genera-personas-responsables-conscientes-y-comprometidas-empresa.jpg\",\"datePublished\":\"2022-07-07T22:00:00+00:00\",\"dateModified\":\"2024-02-21T13:56:48+00:00\",\"author\":{\"@id\":\"https:\/\/www.fiarebancaetica.coop\/eu\/#\/schema\/person\/579841e89c804b5db05d9141bd9b8272\"},\"breadcrumb\":{\"@id\":\"https:\/\/www.fiarebancaetica.coop\/eu\/el-cooperativismo-genera-personas-responsables-conscientes-y-comprometidas-con-la-empresa\/#breadcrumb\"},\"inLanguage\":\"eu\",\"potentialAction\":[{\"@type\":\"ReadAction\",\"target\":[\"https:\/\/www.fiarebancaetica.coop\/eu\/el-cooperativismo-genera-personas-responsables-conscientes-y-comprometidas-con-la-empresa\/\"]}]},{\"@type\":\"ImageObject\",\"inLanguage\":\"eu\",\"@id\":\"https:\/\/www.fiarebancaetica.coop\/eu\/el-cooperativismo-genera-personas-responsables-conscientes-y-comprometidas-con-la-empresa\/#primaryimage\",\"url\":\"https:\/\/www.fiarebancaetica.coop\/app\/uploads\/sites\/2\/2023\/12\/el-cooperativismo-genera-personas-responsables-conscientes-y-comprometidas-empresa.jpg\",\"contentUrl\":\"https:\/\/www.fiarebancaetica.coop\/app\/uploads\/sites\/2\/2023\/12\/el-cooperativismo-genera-personas-responsables-conscientes-y-comprometidas-empresa.jpg\",\"width\":540,\"height\":250},{\"@type\":\"BreadcrumbList\",\"@id\":\"https:\/\/www.fiarebancaetica.coop\/eu\/el-cooperativismo-genera-personas-responsables-conscientes-y-comprometidas-con-la-empresa\/#breadcrumb\",\"itemListElement\":[{\"@type\":\"ListItem\",\"position\":1,\"name\":\"Home\",\"item\":\"https:\/\/www.fiarebancaetica.coop\/eu\/\"},{\"@type\":\"ListItem\",\"position\":2,\"name\":\"&#8220;El cooperativismo genera personas responsables, conscientes y comprometidas con la empresa&#8221;\"}]},{\"@type\":\"WebSite\",\"@id\":\"https:\/\/www.fiarebancaetica.coop\/eu\/#website\",\"url\":\"https:\/\/www.fiarebancaetica.coop\/eu\/\",\"name\":\"Fiare Banca Etica\",\"description\":\"\",\"potentialAction\":[{\"@type\":\"SearchAction\",\"target\":{\"@type\":\"EntryPoint\",\"urlTemplate\":\"https:\/\/www.fiarebancaetica.coop\/eu\/?s={search_term_string}\"},\"query-input\":{\"@type\":\"PropertyValueSpecification\",\"valueRequired\":true,\"valueName\":\"search_term_string\"}}],\"inLanguage\":\"eu\"},{\"@type\":\"Person\",\"@id\":\"https:\/\/www.fiarebancaetica.coop\/eu\/#\/schema\/person\/579841e89c804b5db05d9141bd9b8272\",\"name\":\"crispyadmin0\",\"image\":{\"@type\":\"ImageObject\",\"inLanguage\":\"eu\",\"@id\":\"https:\/\/www.fiarebancaetica.coop\/eu\/#\/schema\/person\/image\/5f3a6b7786f32f4c35bd2b1a5a4698ea\",\"url\":\"https:\/\/secure.gravatar.com\/avatar\/4d2cfb499d497b6d49da659fab7404b243a87fe8e40d2cf97a1cae48f677f5b2?s=96&d=mm&r=g\",\"contentUrl\":\"https:\/\/secure.gravatar.com\/avatar\/4d2cfb499d497b6d49da659fab7404b243a87fe8e40d2cf97a1cae48f677f5b2?s=96&d=mm&r=g\",\"caption\":\"crispyadmin0\"},\"sameAs\":[\"crispyadmin0\"]}]}<\/script>\n<!-- \/ Yoast SEO plugin. -->","yoast_head_json":{"title":"\"El cooperativismo genera personas responsables, conscientes y comprometidas con la empresa\" - Fiare Banca Etica","robots":{"index":"index","follow":"follow","max-snippet":"max-snippet:-1","max-image-preview":"max-image-preview:large","max-video-preview":"max-video-preview:-1"},"canonical":"https:\/\/www.fiarebancaetica.coop\/eu\/el-cooperativismo-genera-personas-responsables-conscientes-y-comprometidas-con-la-empresa\/","og_locale":"eu_ES","og_type":"article","og_title":"\"El cooperativismo genera personas responsables, conscientes y comprometidas con la empresa\" - Fiare Banca Etica","og_description":"Entrevista Ana Aguirre-&nbsp; presidenta de las Juventudes en la Alianza Mundial de Cooperativas","og_url":"https:\/\/www.fiarebancaetica.coop\/eu\/el-cooperativismo-genera-personas-responsables-conscientes-y-comprometidas-con-la-empresa\/","og_site_name":"Fiare Banca Etica","article_published_time":"2022-07-07T22:00:00+00:00","article_modified_time":"2024-02-21T13:56:48+00:00","og_image":[{"width":540,"height":250,"url":"https:\/\/www.fiarebancaetica.coop\/app\/uploads\/sites\/2\/2023\/12\/el-cooperativismo-genera-personas-responsables-conscientes-y-comprometidas-empresa.jpg","type":"image\/jpeg"}],"author":"crispyadmin0","twitter_card":"summary_large_image","schema":{"@context":"https:\/\/schema.org","@graph":[{"@type":"Article","@id":"https:\/\/www.fiarebancaetica.coop\/eu\/el-cooperativismo-genera-personas-responsables-conscientes-y-comprometidas-con-la-empresa\/#article","isPartOf":{"@id":"https:\/\/www.fiarebancaetica.coop\/eu\/el-cooperativismo-genera-personas-responsables-conscientes-y-comprometidas-con-la-empresa\/"},"author":{"name":"crispyadmin0","@id":"https:\/\/www.fiarebancaetica.coop\/eu\/#\/schema\/person\/579841e89c804b5db05d9141bd9b8272"},"headline":"&#8220;El cooperativismo genera personas responsables, conscientes y comprometidas con la empresa&#8221;","datePublished":"2022-07-07T22:00:00+00:00","dateModified":"2024-02-21T13:56:48+00:00","mainEntityOfPage":{"@id":"https:\/\/www.fiarebancaetica.coop\/eu\/el-cooperativismo-genera-personas-responsables-conscientes-y-comprometidas-con-la-empresa\/"},"wordCount":1110,"commentCount":0,"image":{"@id":"https:\/\/www.fiarebancaetica.coop\/eu\/el-cooperativismo-genera-personas-responsables-conscientes-y-comprometidas-con-la-empresa\/#primaryimage"},"thumbnailUrl":"https:\/\/www.fiarebancaetica.coop\/app\/uploads\/sites\/2\/2023\/12\/el-cooperativismo-genera-personas-responsables-conscientes-y-comprometidas-empresa.jpg","articleSection":["Finantza etikoak"],"inLanguage":"eu","potentialAction":[{"@type":"CommentAction","name":"Comment","target":["https:\/\/www.fiarebancaetica.coop\/eu\/el-cooperativismo-genera-personas-responsables-conscientes-y-comprometidas-con-la-empresa\/#respond"]}]},{"@type":"WebPage","@id":"https:\/\/www.fiarebancaetica.coop\/eu\/el-cooperativismo-genera-personas-responsables-conscientes-y-comprometidas-con-la-empresa\/","url":"https:\/\/www.fiarebancaetica.coop\/eu\/el-cooperativismo-genera-personas-responsables-conscientes-y-comprometidas-con-la-empresa\/","name":"\"El cooperativismo genera personas responsables, conscientes y comprometidas con la empresa\" - Fiare Banca Etica","isPartOf":{"@id":"https:\/\/www.fiarebancaetica.coop\/eu\/#website"},"primaryImageOfPage":{"@id":"https:\/\/www.fiarebancaetica.coop\/eu\/el-cooperativismo-genera-personas-responsables-conscientes-y-comprometidas-con-la-empresa\/#primaryimage"},"image":{"@id":"https:\/\/www.fiarebancaetica.coop\/eu\/el-cooperativismo-genera-personas-responsables-conscientes-y-comprometidas-con-la-empresa\/#primaryimage"},"thumbnailUrl":"https:\/\/www.fiarebancaetica.coop\/app\/uploads\/sites\/2\/2023\/12\/el-cooperativismo-genera-personas-responsables-conscientes-y-comprometidas-empresa.jpg","datePublished":"2022-07-07T22:00:00+00:00","dateModified":"2024-02-21T13:56:48+00:00","author":{"@id":"https:\/\/www.fiarebancaetica.coop\/eu\/#\/schema\/person\/579841e89c804b5db05d9141bd9b8272"},"breadcrumb":{"@id":"https:\/\/www.fiarebancaetica.coop\/eu\/el-cooperativismo-genera-personas-responsables-conscientes-y-comprometidas-con-la-empresa\/#breadcrumb"},"inLanguage":"eu","potentialAction":[{"@type":"ReadAction","target":["https:\/\/www.fiarebancaetica.coop\/eu\/el-cooperativismo-genera-personas-responsables-conscientes-y-comprometidas-con-la-empresa\/"]}]},{"@type":"ImageObject","inLanguage":"eu","@id":"https:\/\/www.fiarebancaetica.coop\/eu\/el-cooperativismo-genera-personas-responsables-conscientes-y-comprometidas-con-la-empresa\/#primaryimage","url":"https:\/\/www.fiarebancaetica.coop\/app\/uploads\/sites\/2\/2023\/12\/el-cooperativismo-genera-personas-responsables-conscientes-y-comprometidas-empresa.jpg","contentUrl":"https:\/\/www.fiarebancaetica.coop\/app\/uploads\/sites\/2\/2023\/12\/el-cooperativismo-genera-personas-responsables-conscientes-y-comprometidas-empresa.jpg","width":540,"height":250},{"@type":"BreadcrumbList","@id":"https:\/\/www.fiarebancaetica.coop\/eu\/el-cooperativismo-genera-personas-responsables-conscientes-y-comprometidas-con-la-empresa\/#breadcrumb","itemListElement":[{"@type":"ListItem","position":1,"name":"Home","item":"https:\/\/www.fiarebancaetica.coop\/eu\/"},{"@type":"ListItem","position":2,"name":"&#8220;El cooperativismo genera personas responsables, conscientes y comprometidas con la empresa&#8221;"}]},{"@type":"WebSite","@id":"https:\/\/www.fiarebancaetica.coop\/eu\/#website","url":"https:\/\/www.fiarebancaetica.coop\/eu\/","name":"Fiare Banca Etica","description":"","potentialAction":[{"@type":"SearchAction","target":{"@type":"EntryPoint","urlTemplate":"https:\/\/www.fiarebancaetica.coop\/eu\/?s={search_term_string}"},"query-input":{"@type":"PropertyValueSpecification","valueRequired":true,"valueName":"search_term_string"}}],"inLanguage":"eu"},{"@type":"Person","@id":"https:\/\/www.fiarebancaetica.coop\/eu\/#\/schema\/person\/579841e89c804b5db05d9141bd9b8272","name":"crispyadmin0","image":{"@type":"ImageObject","inLanguage":"eu","@id":"https:\/\/www.fiarebancaetica.coop\/eu\/#\/schema\/person\/image\/5f3a6b7786f32f4c35bd2b1a5a4698ea","url":"https:\/\/secure.gravatar.com\/avatar\/4d2cfb499d497b6d49da659fab7404b243a87fe8e40d2cf97a1cae48f677f5b2?s=96&d=mm&r=g","contentUrl":"https:\/\/secure.gravatar.com\/avatar\/4d2cfb499d497b6d49da659fab7404b243a87fe8e40d2cf97a1cae48f677f5b2?s=96&d=mm&r=g","caption":"crispyadmin0"},"sameAs":["crispyadmin0"]}]}},"_links":{"self":[{"href":"https:\/\/www.fiarebancaetica.coop\/eu\/wp-json\/wp\/v2\/posts\/343383","targetHints":{"allow":["GET"]}}],"collection":[{"href":"https:\/\/www.fiarebancaetica.coop\/eu\/wp-json\/wp\/v2\/posts"}],"about":[{"href":"https:\/\/www.fiarebancaetica.coop\/eu\/wp-json\/wp\/v2\/types\/post"}],"author":[{"embeddable":true,"href":"https:\/\/www.fiarebancaetica.coop\/eu\/wp-json\/wp\/v2\/users\/2"}],"replies":[{"embeddable":true,"href":"https:\/\/www.fiarebancaetica.coop\/eu\/wp-json\/wp\/v2\/comments?post=343383"}],"version-history":[{"count":1,"href":"https:\/\/www.fiarebancaetica.coop\/eu\/wp-json\/wp\/v2\/posts\/343383\/revisions"}],"predecessor-version":[{"id":355203,"href":"https:\/\/www.fiarebancaetica.coop\/eu\/wp-json\/wp\/v2\/posts\/343383\/revisions\/355203"}],"wp:featuredmedia":[{"embeddable":true,"href":"https:\/\/www.fiarebancaetica.coop\/eu\/wp-json\/wp\/v2\/media\/330116"}],"wp:attachment":[{"href":"https:\/\/www.fiarebancaetica.coop\/eu\/wp-json\/wp\/v2\/media?parent=343383"}],"wp:term":[{"taxonomy":"category","embeddable":true,"href":"https:\/\/www.fiarebancaetica.coop\/eu\/wp-json\/wp\/v2\/categories?post=343383"},{"taxonomy":"post_tag","embeddable":true,"href":"https:\/\/www.fiarebancaetica.coop\/eu\/wp-json\/wp\/v2\/tags?post=343383"},{"taxonomy":"author","embeddable":true,"href":"https:\/\/www.fiarebancaetica.coop\/eu\/wp-json\/wp\/v2\/coauthors?post=343383"}],"curies":[{"name":"wp","href":"https:\/\/api.w.org\/{rel}","templated":true}]}}