{"id":343491,"date":"2022-04-20T00:00:00","date_gmt":"2022-04-19T22:00:00","guid":{"rendered":"https:\/\/www.fiarebancaetica.coop\/el-capital-social-motor-de-nuestro-banco\/"},"modified":"2024-02-21T15:02:23","modified_gmt":"2024-02-21T14:02:23","slug":"el-capital-social-motor-de-nuestro-banco","status":"publish","type":"post","link":"https:\/\/www.fiarebancaetica.coop\/eu\/el-capital-social-motor-de-nuestro-banco\/","title":{"rendered":"El capital social, motor de nuestro banco"},"content":{"rendered":"\n\n<div class=\"wp-block-bancaetica-blocks-blocks-block-49\">\n    <div class=\"container-block-49\">\n\n        <div class=\"header-section \">\n                            <h1 class=\"section-title\"> Etica e cooperativa <\/h1>\n                                            <\/div>\n\n        \n        <div class=\"block-background\" style=\"background-image: url('https:\/\/www.fiarebancaetica.coop\/app\/uploads\/sites\/2\/2023\/12\/no-hay-banca-etica-sino-cooperativa-y-participativa.jpg')\">\n                            <div class=\"tile\">\n                    <h1 class=\"image-title\"> El capital social, motor de nuestro banco <\/h1>\n                <\/div>             <!-- end .tile -->\n            <div class=\"bottom-content\">\n                            <\/div> <!-- end .button-content -->\n        <\/div> <!-- end .block-background -->\n    <\/div> <!-- end .container -->\n<\/div> <!-- end wp-block-bancaetica-blocks-blocks-block-06 -->\n\n\n<div class=\"wrapper-crispybacon-class wrapper-crispybacon-class-boxed \">\n    <p><em><strong>Por Albert Gasch, responsable de relaciones asociativas.&nbsp;<\/strong><\/em><\/p>\n<p>Algunos de nosotros hemos sido alguna vez estafados por grandes compa\u00f1\u00edas (de telefon\u00eda, de suministros u otras), ante las que nos hemos sentido solos e impotentes intentando recuperar unas cuotas indebidamente pagadas.<\/p>\n<p>Aunque solo sea un ejemplo,<strong> la l\u00f3gica de nuestro sistema tiende a &#8220;individualizar&#8221; a las personas<\/strong>, a dejarlas en compartimientos estancos, separadas unas de las otras y con poca capacidad de reaccionar frente a los abusos y las injusticias.<\/p>\n<p><strong>Esta l\u00f3gica individualizadora se traslada tambi\u00e9n a las entidades financieras<\/strong> (&#8220;busca tu beneficio y no te plantees las consecuencias de lo que financia tu dinero&#8221;).<br \/>\n\t<br \/>\n\tPero incluso en nuestro &#8220;sector&#8221;, sin darnos cuenta, algunos mensajes individualistas tambi\u00e9n calan profundamente, de manera que a veces, aunque de manera mucho m\u00e1s sutil, entramos en las mismas l\u00f3gicas que intentamos combatir.<\/p>\n<p>Por ejemplo, una idea individualista que muchos asumimos como un mantra, se resumir\u00eda en la frase &#8220;tus peque\u00f1as acciones diarias pueden cambiar el mundo&#8221;. La frase, muy leg\u00edtima, nos dice que con tus acciones individuales puedes cambiar las cosas. El peligro que entra\u00f1a desde nuestro punto de vista, es que puede darse la interpretaci\u00f3n que esta frase defina lo que es una banca \u00e9tica, sin tener en cuenta la importancia de otros conceptos constitutivos de lo que somos, como la idea de incidir en los asuntos p\u00fablicos, o la&nbsp; de participar en la sociedad en la que vives.<\/p>\n<p>En realidad esta concepci\u00f3n individualista de la transformaci\u00f3n social, muy t\u00edpica de la banca \u00e9tica norteeuropea, lo que hace es apuntalar una l\u00f3gica de pensamiento conservador. <strong>Lo individual, precisamente, es el triunfo de lo hegem\u00f3nico.<\/strong><\/p>\n<p>En oposici\u00f3n a ello,<strong> Fiare Banca Etica se construye a partir de conceptos como el de capital social<\/strong>, entendido como la generaci\u00f3n en una sociedad de relaciones de confianza y reciprocidad, y de una ciudadan\u00eda con un fuerte compromiso c\u00edvico, donde lo p\u00fablico no le es ajeno. La fortaleza y densidad de estas redes, permiten crear <strong>sociedades m\u00e1s cohesionadas, m\u00e1s capaces de resistir y responder colectivamente<\/strong> a la penetraci\u00f3n de las injusticias de los grandes poderes -como en el ejemplo del principio de este art\u00edculo-, y sobre todo m\u00e1s capaces de participar e incidir en los asuntos p\u00fablicos. La transformaci\u00f3n social se construye desde la acci\u00f3n colectiva, basada en la articulaci\u00f3n de redes de organizaciones y ciudadan\u00eda, que tratan de incidir en el espacio p\u00fablico. No puede por ello pensarse que solo con acciones individuales podremos transformar la sociedad.<\/p>\n<p>Este es el modelo que defendemos, \u00fanico en el mundo, por el que merece la pena trabajar y al que merece la pena poner en valor. Los socios y socias organizadas en el territorio, los GITS y el resto de Portadores de Valor, constituyen un ejemplo muy potente de comunidades organizadas con un fuerte compromiso c\u00edvico y justamente rebasan claramente la idea de participar solo desde &#8220;lo individual&#8221;.<\/p>\n<p>Desde el departamento de RRAA de Fiare Banca Etica tenemos el orgullo de poder gestionar toda esta realidad asociativa, que es la que realmente nos hace un banco distinto a todos los dem\u00e1s, incluidos aquellos con los que compartimos puntos en com\u00fan.<\/p>\n<p>Por ello y como conclusi\u00f3n, si decimos que <strong>somos un proyecto pol\u00edtico de transformaci\u00f3n social<\/strong>, es decir, <strong>si somos una banca \u00e9tica<\/strong>, solo podemos serlo <strong>en forma<\/strong> <strong>cooperativa y profundamente participativa<\/strong>. Sigamos apostando por nuestro modelo.<\/p>\n<\/div>","protected":false},"excerpt":{"rendered":"<p>Algunos de nosotros hemos sido alguna vez estafados por grandes compa\u00f1\u00edas (de telefon\u00eda, de suministros u otras), ante las que nos hemos sentido solos e impotentes intentando recuperar unas cuotas indebidamente pagadas, etc.<\/p>\n","protected":false},"author":2,"featured_media":329329,"comment_status":"open","ping_status":"closed","sticky":false,"template":"","format":"standard","meta":{"_acf_changed":false,"footnotes":""},"categories":[11644],"tags":[],"coauthors":[],"class_list":["post-343491","post","type-post","status-publish","format-standard","has-post-thumbnail","hentry","category-finantza-etikoak"],"acf":[],"yoast_head":"<!-- This site is optimized with the Yoast SEO plugin v26.9 - https:\/\/yoast.com\/product\/yoast-seo-wordpress\/ -->\n<title>El capital social, motor de nuestro banco - Fiare Banca Etica<\/title>\n<meta name=\"robots\" content=\"index, follow, max-snippet:-1, max-image-preview:large, max-video-preview:-1\" \/>\n<link rel=\"canonical\" href=\"https:\/\/www.fiarebancaetica.coop\/eu\/el-capital-social-motor-de-nuestro-banco\/\" \/>\n<meta property=\"og:locale\" content=\"eu_ES\" \/>\n<meta property=\"og:type\" content=\"article\" \/>\n<meta property=\"og:title\" content=\"El capital social, motor de nuestro banco - Fiare Banca Etica\" \/>\n<meta property=\"og:description\" content=\"Algunos de nosotros hemos sido alguna vez estafados por grandes compa\u00f1\u00edas (de telefon\u00eda, de suministros u otras), ante las que nos hemos sentido solos e impotentes intentando recuperar unas cuotas indebidamente pagadas, etc.\" \/>\n<meta property=\"og:url\" content=\"https:\/\/www.fiarebancaetica.coop\/eu\/el-capital-social-motor-de-nuestro-banco\/\" \/>\n<meta property=\"og:site_name\" content=\"Fiare Banca Etica\" \/>\n<meta property=\"article:published_time\" content=\"2022-04-19T22:00:00+00:00\" \/>\n<meta property=\"article:modified_time\" content=\"2024-02-21T14:02:23+00:00\" \/>\n<meta property=\"og:image\" content=\"https:\/\/www.fiarebancaetica.coop\/app\/uploads\/sites\/2\/2023\/12\/no-hay-banca-etica-sino-cooperativa-y-participativa.jpg\" \/>\n\t<meta property=\"og:image:width\" content=\"540\" \/>\n\t<meta property=\"og:image:height\" content=\"250\" \/>\n\t<meta property=\"og:image:type\" content=\"image\/jpeg\" \/>\n<meta name=\"author\" content=\"crispyadmin0\" \/>\n<meta name=\"twitter:card\" content=\"summary_large_image\" \/>\n<script type=\"application\/ld+json\" class=\"yoast-schema-graph\">{\"@context\":\"https:\/\/schema.org\",\"@graph\":[{\"@type\":\"Article\",\"@id\":\"https:\/\/www.fiarebancaetica.coop\/eu\/el-capital-social-motor-de-nuestro-banco\/#article\",\"isPartOf\":{\"@id\":\"https:\/\/www.fiarebancaetica.coop\/eu\/el-capital-social-motor-de-nuestro-banco\/\"},\"author\":{\"name\":\"crispyadmin0\",\"@id\":\"https:\/\/www.fiarebancaetica.coop\/eu\/#\/schema\/person\/579841e89c804b5db05d9141bd9b8272\"},\"headline\":\"El capital social, motor de nuestro banco\",\"datePublished\":\"2022-04-19T22:00:00+00:00\",\"dateModified\":\"2024-02-21T14:02:23+00:00\",\"mainEntityOfPage\":{\"@id\":\"https:\/\/www.fiarebancaetica.coop\/eu\/el-capital-social-motor-de-nuestro-banco\/\"},\"wordCount\":604,\"commentCount\":0,\"image\":{\"@id\":\"https:\/\/www.fiarebancaetica.coop\/eu\/el-capital-social-motor-de-nuestro-banco\/#primaryimage\"},\"thumbnailUrl\":\"https:\/\/www.fiarebancaetica.coop\/app\/uploads\/sites\/2\/2023\/12\/no-hay-banca-etica-sino-cooperativa-y-participativa.jpg\",\"articleSection\":[\"Finantza etikoak\"],\"inLanguage\":\"eu\",\"potentialAction\":[{\"@type\":\"CommentAction\",\"name\":\"Comment\",\"target\":[\"https:\/\/www.fiarebancaetica.coop\/eu\/el-capital-social-motor-de-nuestro-banco\/#respond\"]}]},{\"@type\":\"WebPage\",\"@id\":\"https:\/\/www.fiarebancaetica.coop\/eu\/el-capital-social-motor-de-nuestro-banco\/\",\"url\":\"https:\/\/www.fiarebancaetica.coop\/eu\/el-capital-social-motor-de-nuestro-banco\/\",\"name\":\"El capital social, motor de nuestro banco - Fiare Banca Etica\",\"isPartOf\":{\"@id\":\"https:\/\/www.fiarebancaetica.coop\/eu\/#website\"},\"primaryImageOfPage\":{\"@id\":\"https:\/\/www.fiarebancaetica.coop\/eu\/el-capital-social-motor-de-nuestro-banco\/#primaryimage\"},\"image\":{\"@id\":\"https:\/\/www.fiarebancaetica.coop\/eu\/el-capital-social-motor-de-nuestro-banco\/#primaryimage\"},\"thumbnailUrl\":\"https:\/\/www.fiarebancaetica.coop\/app\/uploads\/sites\/2\/2023\/12\/no-hay-banca-etica-sino-cooperativa-y-participativa.jpg\",\"datePublished\":\"2022-04-19T22:00:00+00:00\",\"dateModified\":\"2024-02-21T14:02:23+00:00\",\"author\":{\"@id\":\"https:\/\/www.fiarebancaetica.coop\/eu\/#\/schema\/person\/579841e89c804b5db05d9141bd9b8272\"},\"breadcrumb\":{\"@id\":\"https:\/\/www.fiarebancaetica.coop\/eu\/el-capital-social-motor-de-nuestro-banco\/#breadcrumb\"},\"inLanguage\":\"eu\",\"potentialAction\":[{\"@type\":\"ReadAction\",\"target\":[\"https:\/\/www.fiarebancaetica.coop\/eu\/el-capital-social-motor-de-nuestro-banco\/\"]}]},{\"@type\":\"ImageObject\",\"inLanguage\":\"eu\",\"@id\":\"https:\/\/www.fiarebancaetica.coop\/eu\/el-capital-social-motor-de-nuestro-banco\/#primaryimage\",\"url\":\"https:\/\/www.fiarebancaetica.coop\/app\/uploads\/sites\/2\/2023\/12\/no-hay-banca-etica-sino-cooperativa-y-participativa.jpg\",\"contentUrl\":\"https:\/\/www.fiarebancaetica.coop\/app\/uploads\/sites\/2\/2023\/12\/no-hay-banca-etica-sino-cooperativa-y-participativa.jpg\",\"width\":540,\"height\":250},{\"@type\":\"BreadcrumbList\",\"@id\":\"https:\/\/www.fiarebancaetica.coop\/eu\/el-capital-social-motor-de-nuestro-banco\/#breadcrumb\",\"itemListElement\":[{\"@type\":\"ListItem\",\"position\":1,\"name\":\"Home\",\"item\":\"https:\/\/www.fiarebancaetica.coop\/eu\/\"},{\"@type\":\"ListItem\",\"position\":2,\"name\":\"El capital social, motor de nuestro banco\"}]},{\"@type\":\"WebSite\",\"@id\":\"https:\/\/www.fiarebancaetica.coop\/eu\/#website\",\"url\":\"https:\/\/www.fiarebancaetica.coop\/eu\/\",\"name\":\"Fiare Banca Etica\",\"description\":\"\",\"potentialAction\":[{\"@type\":\"SearchAction\",\"target\":{\"@type\":\"EntryPoint\",\"urlTemplate\":\"https:\/\/www.fiarebancaetica.coop\/eu\/?s={search_term_string}\"},\"query-input\":{\"@type\":\"PropertyValueSpecification\",\"valueRequired\":true,\"valueName\":\"search_term_string\"}}],\"inLanguage\":\"eu\"},{\"@type\":\"Person\",\"@id\":\"https:\/\/www.fiarebancaetica.coop\/eu\/#\/schema\/person\/579841e89c804b5db05d9141bd9b8272\",\"name\":\"crispyadmin0\",\"image\":{\"@type\":\"ImageObject\",\"inLanguage\":\"eu\",\"@id\":\"https:\/\/www.fiarebancaetica.coop\/eu\/#\/schema\/person\/image\/5f3a6b7786f32f4c35bd2b1a5a4698ea\",\"url\":\"https:\/\/secure.gravatar.com\/avatar\/4d2cfb499d497b6d49da659fab7404b243a87fe8e40d2cf97a1cae48f677f5b2?s=96&d=mm&r=g\",\"contentUrl\":\"https:\/\/secure.gravatar.com\/avatar\/4d2cfb499d497b6d49da659fab7404b243a87fe8e40d2cf97a1cae48f677f5b2?s=96&d=mm&r=g\",\"caption\":\"crispyadmin0\"},\"sameAs\":[\"crispyadmin0\"]}]}<\/script>\n<!-- \/ Yoast SEO plugin. -->","yoast_head_json":{"title":"El capital social, motor de nuestro banco - Fiare Banca Etica","robots":{"index":"index","follow":"follow","max-snippet":"max-snippet:-1","max-image-preview":"max-image-preview:large","max-video-preview":"max-video-preview:-1"},"canonical":"https:\/\/www.fiarebancaetica.coop\/eu\/el-capital-social-motor-de-nuestro-banco\/","og_locale":"eu_ES","og_type":"article","og_title":"El capital social, motor de nuestro banco - Fiare Banca Etica","og_description":"Algunos de nosotros hemos sido alguna vez estafados por grandes compa\u00f1\u00edas (de telefon\u00eda, de suministros u otras), ante las que nos hemos sentido solos e impotentes intentando recuperar unas cuotas indebidamente pagadas, etc.","og_url":"https:\/\/www.fiarebancaetica.coop\/eu\/el-capital-social-motor-de-nuestro-banco\/","og_site_name":"Fiare Banca Etica","article_published_time":"2022-04-19T22:00:00+00:00","article_modified_time":"2024-02-21T14:02:23+00:00","og_image":[{"width":540,"height":250,"url":"https:\/\/www.fiarebancaetica.coop\/app\/uploads\/sites\/2\/2023\/12\/no-hay-banca-etica-sino-cooperativa-y-participativa.jpg","type":"image\/jpeg"}],"author":"crispyadmin0","twitter_card":"summary_large_image","schema":{"@context":"https:\/\/schema.org","@graph":[{"@type":"Article","@id":"https:\/\/www.fiarebancaetica.coop\/eu\/el-capital-social-motor-de-nuestro-banco\/#article","isPartOf":{"@id":"https:\/\/www.fiarebancaetica.coop\/eu\/el-capital-social-motor-de-nuestro-banco\/"},"author":{"name":"crispyadmin0","@id":"https:\/\/www.fiarebancaetica.coop\/eu\/#\/schema\/person\/579841e89c804b5db05d9141bd9b8272"},"headline":"El capital social, motor de nuestro banco","datePublished":"2022-04-19T22:00:00+00:00","dateModified":"2024-02-21T14:02:23+00:00","mainEntityOfPage":{"@id":"https:\/\/www.fiarebancaetica.coop\/eu\/el-capital-social-motor-de-nuestro-banco\/"},"wordCount":604,"commentCount":0,"image":{"@id":"https:\/\/www.fiarebancaetica.coop\/eu\/el-capital-social-motor-de-nuestro-banco\/#primaryimage"},"thumbnailUrl":"https:\/\/www.fiarebancaetica.coop\/app\/uploads\/sites\/2\/2023\/12\/no-hay-banca-etica-sino-cooperativa-y-participativa.jpg","articleSection":["Finantza etikoak"],"inLanguage":"eu","potentialAction":[{"@type":"CommentAction","name":"Comment","target":["https:\/\/www.fiarebancaetica.coop\/eu\/el-capital-social-motor-de-nuestro-banco\/#respond"]}]},{"@type":"WebPage","@id":"https:\/\/www.fiarebancaetica.coop\/eu\/el-capital-social-motor-de-nuestro-banco\/","url":"https:\/\/www.fiarebancaetica.coop\/eu\/el-capital-social-motor-de-nuestro-banco\/","name":"El capital social, motor de nuestro banco - Fiare Banca Etica","isPartOf":{"@id":"https:\/\/www.fiarebancaetica.coop\/eu\/#website"},"primaryImageOfPage":{"@id":"https:\/\/www.fiarebancaetica.coop\/eu\/el-capital-social-motor-de-nuestro-banco\/#primaryimage"},"image":{"@id":"https:\/\/www.fiarebancaetica.coop\/eu\/el-capital-social-motor-de-nuestro-banco\/#primaryimage"},"thumbnailUrl":"https:\/\/www.fiarebancaetica.coop\/app\/uploads\/sites\/2\/2023\/12\/no-hay-banca-etica-sino-cooperativa-y-participativa.jpg","datePublished":"2022-04-19T22:00:00+00:00","dateModified":"2024-02-21T14:02:23+00:00","author":{"@id":"https:\/\/www.fiarebancaetica.coop\/eu\/#\/schema\/person\/579841e89c804b5db05d9141bd9b8272"},"breadcrumb":{"@id":"https:\/\/www.fiarebancaetica.coop\/eu\/el-capital-social-motor-de-nuestro-banco\/#breadcrumb"},"inLanguage":"eu","potentialAction":[{"@type":"ReadAction","target":["https:\/\/www.fiarebancaetica.coop\/eu\/el-capital-social-motor-de-nuestro-banco\/"]}]},{"@type":"ImageObject","inLanguage":"eu","@id":"https:\/\/www.fiarebancaetica.coop\/eu\/el-capital-social-motor-de-nuestro-banco\/#primaryimage","url":"https:\/\/www.fiarebancaetica.coop\/app\/uploads\/sites\/2\/2023\/12\/no-hay-banca-etica-sino-cooperativa-y-participativa.jpg","contentUrl":"https:\/\/www.fiarebancaetica.coop\/app\/uploads\/sites\/2\/2023\/12\/no-hay-banca-etica-sino-cooperativa-y-participativa.jpg","width":540,"height":250},{"@type":"BreadcrumbList","@id":"https:\/\/www.fiarebancaetica.coop\/eu\/el-capital-social-motor-de-nuestro-banco\/#breadcrumb","itemListElement":[{"@type":"ListItem","position":1,"name":"Home","item":"https:\/\/www.fiarebancaetica.coop\/eu\/"},{"@type":"ListItem","position":2,"name":"El capital social, motor de nuestro banco"}]},{"@type":"WebSite","@id":"https:\/\/www.fiarebancaetica.coop\/eu\/#website","url":"https:\/\/www.fiarebancaetica.coop\/eu\/","name":"Fiare Banca Etica","description":"","potentialAction":[{"@type":"SearchAction","target":{"@type":"EntryPoint","urlTemplate":"https:\/\/www.fiarebancaetica.coop\/eu\/?s={search_term_string}"},"query-input":{"@type":"PropertyValueSpecification","valueRequired":true,"valueName":"search_term_string"}}],"inLanguage":"eu"},{"@type":"Person","@id":"https:\/\/www.fiarebancaetica.coop\/eu\/#\/schema\/person\/579841e89c804b5db05d9141bd9b8272","name":"crispyadmin0","image":{"@type":"ImageObject","inLanguage":"eu","@id":"https:\/\/www.fiarebancaetica.coop\/eu\/#\/schema\/person\/image\/5f3a6b7786f32f4c35bd2b1a5a4698ea","url":"https:\/\/secure.gravatar.com\/avatar\/4d2cfb499d497b6d49da659fab7404b243a87fe8e40d2cf97a1cae48f677f5b2?s=96&d=mm&r=g","contentUrl":"https:\/\/secure.gravatar.com\/avatar\/4d2cfb499d497b6d49da659fab7404b243a87fe8e40d2cf97a1cae48f677f5b2?s=96&d=mm&r=g","caption":"crispyadmin0"},"sameAs":["crispyadmin0"]}]}},"_links":{"self":[{"href":"https:\/\/www.fiarebancaetica.coop\/eu\/wp-json\/wp\/v2\/posts\/343491","targetHints":{"allow":["GET"]}}],"collection":[{"href":"https:\/\/www.fiarebancaetica.coop\/eu\/wp-json\/wp\/v2\/posts"}],"about":[{"href":"https:\/\/www.fiarebancaetica.coop\/eu\/wp-json\/wp\/v2\/types\/post"}],"author":[{"embeddable":true,"href":"https:\/\/www.fiarebancaetica.coop\/eu\/wp-json\/wp\/v2\/users\/2"}],"replies":[{"embeddable":true,"href":"https:\/\/www.fiarebancaetica.coop\/eu\/wp-json\/wp\/v2\/comments?post=343491"}],"version-history":[{"count":2,"href":"https:\/\/www.fiarebancaetica.coop\/eu\/wp-json\/wp\/v2\/posts\/343491\/revisions"}],"predecessor-version":[{"id":354675,"href":"https:\/\/www.fiarebancaetica.coop\/eu\/wp-json\/wp\/v2\/posts\/343491\/revisions\/354675"}],"wp:featuredmedia":[{"embeddable":true,"href":"https:\/\/www.fiarebancaetica.coop\/eu\/wp-json\/wp\/v2\/media\/329329"}],"wp:attachment":[{"href":"https:\/\/www.fiarebancaetica.coop\/eu\/wp-json\/wp\/v2\/media?parent=343491"}],"wp:term":[{"taxonomy":"category","embeddable":true,"href":"https:\/\/www.fiarebancaetica.coop\/eu\/wp-json\/wp\/v2\/categories?post=343491"},{"taxonomy":"post_tag","embeddable":true,"href":"https:\/\/www.fiarebancaetica.coop\/eu\/wp-json\/wp\/v2\/tags?post=343491"},{"taxonomy":"author","embeddable":true,"href":"https:\/\/www.fiarebancaetica.coop\/eu\/wp-json\/wp\/v2\/coauthors?post=343491"}],"curies":[{"name":"wp","href":"https:\/\/api.w.org\/{rel}","templated":true}]}}