{"id":343530,"date":"2022-03-23T00:00:00","date_gmt":"2022-03-22T23:00:00","guid":{"rendered":"https:\/\/www.fiarebancaetica.coop\/las-finanzas-eticas-a-favor-de-la-paz-en-tiempos-de-guerra\/"},"modified":"2024-02-21T15:02:56","modified_gmt":"2024-02-21T14:02:56","slug":"las-finanzas-eticas-a-favor-de-la-paz-en-tiempos-de-guerra","status":"publish","type":"post","link":"https:\/\/www.fiarebancaetica.coop\/eu\/las-finanzas-eticas-a-favor-de-la-paz-en-tiempos-de-guerra\/","title":{"rendered":"Las finanzas \u00e9ticas a favor de la paz en tiempos de guerra"},"content":{"rendered":"\n\n<div class=\"wp-block-bancaetica-blocks-blocks-block-49\">\n    <div class=\"container-block-49\">\n\n        <div class=\"header-section \">\n                            <h1 class=\"section-title\"> Etica e cooperativa <\/h1>\n                                            <\/div>\n\n        \n        <div class=\"block-background\" style=\"background-image: url('https:\/\/www.fiarebancaetica.coop\/app\/uploads\/sites\/2\/2023\/12\/las-finanzas-eticas-favor-de-paz-en-tiempos-de-guerra.jpg')\">\n                            <div class=\"tile\">\n                    <h1 class=\"image-title\"> Las finanzas \u00e9ticas a favor de la paz en tiempos de guerra <\/h1>\n                <\/div>             <!-- end .tile -->\n            <div class=\"bottom-content\">\n                            <\/div> <!-- end .button-content -->\n        <\/div> <!-- end .block-background -->\n    <\/div> <!-- end .container -->\n<\/div> <!-- end wp-block-bancaetica-blocks-blocks-block-06 -->\n\n\n<div class=\"wrapper-crispybacon-class wrapper-crispybacon-class-boxed \">\n    <p>Nunca pensamos que vivir\u00edamos otra vez el dolor y la rabia de <strong>una nueva guerra<\/strong> en la que quienes sufren son las personas m\u00e1s fr\u00e1giles, una guerra que ahora se desarrolla en Ucrania, a las puertas de Europa.<\/p>\n<p>El <strong>movimiento a favor de las finanzas \u00e9ticas<\/strong> nace del <strong>rechazo firme y absoluto a proporcionar cualquier financiaci\u00f3n a la producci\u00f3n y la venta de armas<\/strong>, un negocio que no conoce crisis y que siempre alimenta guerras y violencia en todos los continentes. Con demasiada frecuencia, las grandes finanzas mundiales han especulado y siguen haci\u00e9ndolo para obtener beneficios de estas tragedias.<\/p>\n<p>Como personas que forman parte del movimiento mundial por unas finanzas al servicio del ser humano y del medio ambiente, nos reconocemos en una<strong> cultura pacifista y no violenta<\/strong>.<\/p>\n<h2>\n\tLas guerras no se llevar\u00edan a cabo sin financiaci\u00f3n<\/h2>\n<p>Como explica Davi Montesinos, del Centre Del\u00e0s, en el art\u00edculo <a href=\"https:\/\/valorsocial.info\/convertir-las-guerras-en-negocio\/\">&#8220;Convertir las guerras en negocio&#8221;<\/a>&nbsp;cabe tener presente que <strong>las guerras no se podr\u00edan llevar a cabo sin la financiaci\u00f3n <\/strong>a los estados beligerantes y a los empresarios que suministran armamento, munici\u00f3n y todo tipo de enseres para la guerra.<\/p>\n<p>Las empresas armamentistas requieren todo tipo de servicios financieros y financiaci\u00f3n para poder continuar con su producci\u00f3n de armamento. De hecho, 3<strong> de cada 4 armas no se podr\u00edan fabricar sin esta financiaci\u00f3n.<\/strong><\/p>\n<p>Desde el grupo Banca Etica apoyamos activamente las <strong>manifestaciones por la paz y seguimos oponi\u00e9ndonos al env\u00edo de armas<\/strong> y material militar a las fuerzas armadas y civiles ucranianos y a cualquier contribuci\u00f3n, directa o indirecta, de car\u00e1cter militar de nuestro pa\u00eds en relaci\u00f3n con el conflicto en curso. La resoluci\u00f3n del conflicto solo es posible con &#8220;neutralidad activa&#8221;, activando todas las herramientas de la diplomacia oficial y popular, con presi\u00f3n internacional, desarme, apoyo a formas de transformaci\u00f3n no violenta de los conflictos, superaci\u00f3n de las actuales alianzas militares, oposici\u00f3n a la militarizaci\u00f3n y sobre todo protegiendo la personas que son las principales v\u00edctimas de toda guerra.<\/p>\n<p>Os invitamos a apoyar a aquellas personas y organizaciones de entre nuestra base social y clientela que est\u00e1n trabajando en este momento para llevar la solidaridad a las v\u00edctimas del conflicto y a todos aquellos\/as que est\u00e1n trabajando por parar las armas y recuperar la raz\u00f3n y el debate.<\/p>\n<h2>\n\tLos fondos \u00e9ticos en un escenario de guerra<\/h2>\n<p>En calidad de<strong> inversores responsables,<\/strong> debemos no obstante, analizar y evaluar las<strong> implicaciones<\/strong> que tienen para los mercados financieros y las carteras de nuestra clientela.<br \/>\n\t<br \/>\n\tAnte la invasi\u00f3n de Ucrania Occidente respondi\u00f3 inmediatamente con fuertes sanciones econ\u00f3micas y financieras a Rusia. Las repercusiones para las econom\u00edas internacionales son inciertas, pero es probable que se asista a un menor crecimiento econ\u00f3mico y que las tasas de inflaci\u00f3n sigan elevadas por un periodo m\u00e1s largo del previsto.<br \/>\n\t<br \/>\n\tDesde el punto de vista de la exposici\u00f3n directa a la crisis es \u00fatil saber que las carteras de los <strong>fondos \u00e9ticos de Etica Sgr no invierten en t\u00edtulos de deuda rusos ni bielorrusos, <\/strong>ni&nbsp;en empresas rusas ni bielorrusas.<br \/>\n\t<br \/>\n\tLa situaci\u00f3n actual est\u00e1 en evoluci\u00f3n continua y no podemos excluir que posibles turbulencias en el mercado ruso pueden impactar tambi\u00e9n el valor de los t\u00edtulos en los que invierten los fondos del sistema \u00e9tico. No obstante, la amplia diversificaci\u00f3n de las carteras deber\u00eda poder mitigar la volatilidad a corto plazo.<br \/>\n\t<br \/>\n\tPara todas las personas que hayan <strong>invertido a medio-largo plazo,&nbsp;como es el caso de la gran mayor\u00eda de quienes eligen las finanzas \u00e9ticas,<\/strong> (que no tienen finalidad especulativa), seguimos aconsejando no dejarse llevar por el p\u00e1nico generado por la volatilidad de las bolsas y <strong>esperar a que se asiente la situaci\u00f3n<\/strong>.<\/p>\n<\/div>","protected":false},"excerpt":{"rendered":"<p>Nunca pensamos que vivir\u00edamos otra vez el dolor y la rabia de una nueva guerra en la que quienes sufren son las personas m\u00e1s fr\u00e1giles, una guerra que ahora se desarrolla en Ucrania, a las puertas de Europa.<\/p>\n","protected":false},"author":2,"featured_media":330007,"comment_status":"open","ping_status":"closed","sticky":false,"template":"","format":"standard","meta":{"_acf_changed":false,"footnotes":""},"categories":[11644],"tags":[],"coauthors":[],"class_list":["post-343530","post","type-post","status-publish","format-standard","has-post-thumbnail","hentry","category-finantza-etikoak"],"acf":[],"yoast_head":"<!-- This site is optimized with the Yoast SEO plugin v26.9 - https:\/\/yoast.com\/product\/yoast-seo-wordpress\/ -->\n<title>Las finanzas \u00e9ticas a favor de la paz en tiempos de guerra - Fiare Banca Etica<\/title>\n<meta name=\"robots\" content=\"index, follow, max-snippet:-1, max-image-preview:large, max-video-preview:-1\" \/>\n<link rel=\"canonical\" href=\"https:\/\/www.fiarebancaetica.coop\/eu\/las-finanzas-eticas-a-favor-de-la-paz-en-tiempos-de-guerra\/\" \/>\n<meta property=\"og:locale\" content=\"eu_ES\" \/>\n<meta property=\"og:type\" content=\"article\" \/>\n<meta property=\"og:title\" content=\"Las finanzas \u00e9ticas a favor de la paz en tiempos de guerra - Fiare Banca Etica\" \/>\n<meta property=\"og:description\" content=\"Nunca pensamos que vivir\u00edamos otra vez el dolor y la rabia de una nueva guerra en la que quienes sufren son las personas m\u00e1s fr\u00e1giles, una guerra que ahora se desarrolla en Ucrania, a las puertas de Europa.\" \/>\n<meta property=\"og:url\" content=\"https:\/\/www.fiarebancaetica.coop\/eu\/las-finanzas-eticas-a-favor-de-la-paz-en-tiempos-de-guerra\/\" \/>\n<meta property=\"og:site_name\" content=\"Fiare Banca Etica\" \/>\n<meta property=\"article:published_time\" content=\"2022-03-22T23:00:00+00:00\" \/>\n<meta property=\"article:modified_time\" content=\"2024-02-21T14:02:56+00:00\" \/>\n<meta property=\"og:image\" content=\"https:\/\/www.fiarebancaetica.coop\/app\/uploads\/sites\/2\/2023\/12\/las-finanzas-eticas-favor-de-paz-en-tiempos-de-guerra.jpg\" \/>\n\t<meta property=\"og:image:width\" content=\"540\" \/>\n\t<meta property=\"og:image:height\" content=\"250\" \/>\n\t<meta property=\"og:image:type\" content=\"image\/jpeg\" \/>\n<meta name=\"author\" content=\"crispyadmin0\" \/>\n<meta name=\"twitter:card\" content=\"summary_large_image\" \/>\n<script type=\"application\/ld+json\" class=\"yoast-schema-graph\">{\"@context\":\"https:\/\/schema.org\",\"@graph\":[{\"@type\":\"Article\",\"@id\":\"https:\/\/www.fiarebancaetica.coop\/eu\/las-finanzas-eticas-a-favor-de-la-paz-en-tiempos-de-guerra\/#article\",\"isPartOf\":{\"@id\":\"https:\/\/www.fiarebancaetica.coop\/eu\/las-finanzas-eticas-a-favor-de-la-paz-en-tiempos-de-guerra\/\"},\"author\":{\"name\":\"crispyadmin0\",\"@id\":\"https:\/\/www.fiarebancaetica.coop\/eu\/#\/schema\/person\/579841e89c804b5db05d9141bd9b8272\"},\"headline\":\"Las finanzas \u00e9ticas a favor de la paz en tiempos de guerra\",\"datePublished\":\"2022-03-22T23:00:00+00:00\",\"dateModified\":\"2024-02-21T14:02:56+00:00\",\"mainEntityOfPage\":{\"@id\":\"https:\/\/www.fiarebancaetica.coop\/eu\/las-finanzas-eticas-a-favor-de-la-paz-en-tiempos-de-guerra\/\"},\"wordCount\":667,\"commentCount\":0,\"image\":{\"@id\":\"https:\/\/www.fiarebancaetica.coop\/eu\/las-finanzas-eticas-a-favor-de-la-paz-en-tiempos-de-guerra\/#primaryimage\"},\"thumbnailUrl\":\"https:\/\/www.fiarebancaetica.coop\/app\/uploads\/sites\/2\/2023\/12\/las-finanzas-eticas-favor-de-paz-en-tiempos-de-guerra.jpg\",\"articleSection\":[\"Finantza etikoak\"],\"inLanguage\":\"eu\",\"potentialAction\":[{\"@type\":\"CommentAction\",\"name\":\"Comment\",\"target\":[\"https:\/\/www.fiarebancaetica.coop\/eu\/las-finanzas-eticas-a-favor-de-la-paz-en-tiempos-de-guerra\/#respond\"]}]},{\"@type\":\"WebPage\",\"@id\":\"https:\/\/www.fiarebancaetica.coop\/eu\/las-finanzas-eticas-a-favor-de-la-paz-en-tiempos-de-guerra\/\",\"url\":\"https:\/\/www.fiarebancaetica.coop\/eu\/las-finanzas-eticas-a-favor-de-la-paz-en-tiempos-de-guerra\/\",\"name\":\"Las finanzas \u00e9ticas a favor de la paz en tiempos de guerra - Fiare Banca Etica\",\"isPartOf\":{\"@id\":\"https:\/\/www.fiarebancaetica.coop\/eu\/#website\"},\"primaryImageOfPage\":{\"@id\":\"https:\/\/www.fiarebancaetica.coop\/eu\/las-finanzas-eticas-a-favor-de-la-paz-en-tiempos-de-guerra\/#primaryimage\"},\"image\":{\"@id\":\"https:\/\/www.fiarebancaetica.coop\/eu\/las-finanzas-eticas-a-favor-de-la-paz-en-tiempos-de-guerra\/#primaryimage\"},\"thumbnailUrl\":\"https:\/\/www.fiarebancaetica.coop\/app\/uploads\/sites\/2\/2023\/12\/las-finanzas-eticas-favor-de-paz-en-tiempos-de-guerra.jpg\",\"datePublished\":\"2022-03-22T23:00:00+00:00\",\"dateModified\":\"2024-02-21T14:02:56+00:00\",\"author\":{\"@id\":\"https:\/\/www.fiarebancaetica.coop\/eu\/#\/schema\/person\/579841e89c804b5db05d9141bd9b8272\"},\"breadcrumb\":{\"@id\":\"https:\/\/www.fiarebancaetica.coop\/eu\/las-finanzas-eticas-a-favor-de-la-paz-en-tiempos-de-guerra\/#breadcrumb\"},\"inLanguage\":\"eu\",\"potentialAction\":[{\"@type\":\"ReadAction\",\"target\":[\"https:\/\/www.fiarebancaetica.coop\/eu\/las-finanzas-eticas-a-favor-de-la-paz-en-tiempos-de-guerra\/\"]}]},{\"@type\":\"ImageObject\",\"inLanguage\":\"eu\",\"@id\":\"https:\/\/www.fiarebancaetica.coop\/eu\/las-finanzas-eticas-a-favor-de-la-paz-en-tiempos-de-guerra\/#primaryimage\",\"url\":\"https:\/\/www.fiarebancaetica.coop\/app\/uploads\/sites\/2\/2023\/12\/las-finanzas-eticas-favor-de-paz-en-tiempos-de-guerra.jpg\",\"contentUrl\":\"https:\/\/www.fiarebancaetica.coop\/app\/uploads\/sites\/2\/2023\/12\/las-finanzas-eticas-favor-de-paz-en-tiempos-de-guerra.jpg\",\"width\":540,\"height\":250},{\"@type\":\"BreadcrumbList\",\"@id\":\"https:\/\/www.fiarebancaetica.coop\/eu\/las-finanzas-eticas-a-favor-de-la-paz-en-tiempos-de-guerra\/#breadcrumb\",\"itemListElement\":[{\"@type\":\"ListItem\",\"position\":1,\"name\":\"Home\",\"item\":\"https:\/\/www.fiarebancaetica.coop\/eu\/\"},{\"@type\":\"ListItem\",\"position\":2,\"name\":\"Las finanzas \u00e9ticas a favor de la paz en tiempos de guerra\"}]},{\"@type\":\"WebSite\",\"@id\":\"https:\/\/www.fiarebancaetica.coop\/eu\/#website\",\"url\":\"https:\/\/www.fiarebancaetica.coop\/eu\/\",\"name\":\"Fiare Banca Etica\",\"description\":\"\",\"potentialAction\":[{\"@type\":\"SearchAction\",\"target\":{\"@type\":\"EntryPoint\",\"urlTemplate\":\"https:\/\/www.fiarebancaetica.coop\/eu\/?s={search_term_string}\"},\"query-input\":{\"@type\":\"PropertyValueSpecification\",\"valueRequired\":true,\"valueName\":\"search_term_string\"}}],\"inLanguage\":\"eu\"},{\"@type\":\"Person\",\"@id\":\"https:\/\/www.fiarebancaetica.coop\/eu\/#\/schema\/person\/579841e89c804b5db05d9141bd9b8272\",\"name\":\"crispyadmin0\",\"image\":{\"@type\":\"ImageObject\",\"inLanguage\":\"eu\",\"@id\":\"https:\/\/www.fiarebancaetica.coop\/eu\/#\/schema\/person\/image\/5f3a6b7786f32f4c35bd2b1a5a4698ea\",\"url\":\"https:\/\/secure.gravatar.com\/avatar\/4d2cfb499d497b6d49da659fab7404b243a87fe8e40d2cf97a1cae48f677f5b2?s=96&d=mm&r=g\",\"contentUrl\":\"https:\/\/secure.gravatar.com\/avatar\/4d2cfb499d497b6d49da659fab7404b243a87fe8e40d2cf97a1cae48f677f5b2?s=96&d=mm&r=g\",\"caption\":\"crispyadmin0\"},\"sameAs\":[\"crispyadmin0\"]}]}<\/script>\n<!-- \/ Yoast SEO plugin. -->","yoast_head_json":{"title":"Las finanzas \u00e9ticas a favor de la paz en tiempos de guerra - Fiare Banca Etica","robots":{"index":"index","follow":"follow","max-snippet":"max-snippet:-1","max-image-preview":"max-image-preview:large","max-video-preview":"max-video-preview:-1"},"canonical":"https:\/\/www.fiarebancaetica.coop\/eu\/las-finanzas-eticas-a-favor-de-la-paz-en-tiempos-de-guerra\/","og_locale":"eu_ES","og_type":"article","og_title":"Las finanzas \u00e9ticas a favor de la paz en tiempos de guerra - Fiare Banca Etica","og_description":"Nunca pensamos que vivir\u00edamos otra vez el dolor y la rabia de una nueva guerra en la que quienes sufren son las personas m\u00e1s fr\u00e1giles, una guerra que ahora se desarrolla en Ucrania, a las puertas de Europa.","og_url":"https:\/\/www.fiarebancaetica.coop\/eu\/las-finanzas-eticas-a-favor-de-la-paz-en-tiempos-de-guerra\/","og_site_name":"Fiare Banca Etica","article_published_time":"2022-03-22T23:00:00+00:00","article_modified_time":"2024-02-21T14:02:56+00:00","og_image":[{"width":540,"height":250,"url":"https:\/\/www.fiarebancaetica.coop\/app\/uploads\/sites\/2\/2023\/12\/las-finanzas-eticas-favor-de-paz-en-tiempos-de-guerra.jpg","type":"image\/jpeg"}],"author":"crispyadmin0","twitter_card":"summary_large_image","schema":{"@context":"https:\/\/schema.org","@graph":[{"@type":"Article","@id":"https:\/\/www.fiarebancaetica.coop\/eu\/las-finanzas-eticas-a-favor-de-la-paz-en-tiempos-de-guerra\/#article","isPartOf":{"@id":"https:\/\/www.fiarebancaetica.coop\/eu\/las-finanzas-eticas-a-favor-de-la-paz-en-tiempos-de-guerra\/"},"author":{"name":"crispyadmin0","@id":"https:\/\/www.fiarebancaetica.coop\/eu\/#\/schema\/person\/579841e89c804b5db05d9141bd9b8272"},"headline":"Las finanzas \u00e9ticas a favor de la paz en tiempos de guerra","datePublished":"2022-03-22T23:00:00+00:00","dateModified":"2024-02-21T14:02:56+00:00","mainEntityOfPage":{"@id":"https:\/\/www.fiarebancaetica.coop\/eu\/las-finanzas-eticas-a-favor-de-la-paz-en-tiempos-de-guerra\/"},"wordCount":667,"commentCount":0,"image":{"@id":"https:\/\/www.fiarebancaetica.coop\/eu\/las-finanzas-eticas-a-favor-de-la-paz-en-tiempos-de-guerra\/#primaryimage"},"thumbnailUrl":"https:\/\/www.fiarebancaetica.coop\/app\/uploads\/sites\/2\/2023\/12\/las-finanzas-eticas-favor-de-paz-en-tiempos-de-guerra.jpg","articleSection":["Finantza etikoak"],"inLanguage":"eu","potentialAction":[{"@type":"CommentAction","name":"Comment","target":["https:\/\/www.fiarebancaetica.coop\/eu\/las-finanzas-eticas-a-favor-de-la-paz-en-tiempos-de-guerra\/#respond"]}]},{"@type":"WebPage","@id":"https:\/\/www.fiarebancaetica.coop\/eu\/las-finanzas-eticas-a-favor-de-la-paz-en-tiempos-de-guerra\/","url":"https:\/\/www.fiarebancaetica.coop\/eu\/las-finanzas-eticas-a-favor-de-la-paz-en-tiempos-de-guerra\/","name":"Las finanzas \u00e9ticas a favor de la paz en tiempos de guerra - Fiare Banca Etica","isPartOf":{"@id":"https:\/\/www.fiarebancaetica.coop\/eu\/#website"},"primaryImageOfPage":{"@id":"https:\/\/www.fiarebancaetica.coop\/eu\/las-finanzas-eticas-a-favor-de-la-paz-en-tiempos-de-guerra\/#primaryimage"},"image":{"@id":"https:\/\/www.fiarebancaetica.coop\/eu\/las-finanzas-eticas-a-favor-de-la-paz-en-tiempos-de-guerra\/#primaryimage"},"thumbnailUrl":"https:\/\/www.fiarebancaetica.coop\/app\/uploads\/sites\/2\/2023\/12\/las-finanzas-eticas-favor-de-paz-en-tiempos-de-guerra.jpg","datePublished":"2022-03-22T23:00:00+00:00","dateModified":"2024-02-21T14:02:56+00:00","author":{"@id":"https:\/\/www.fiarebancaetica.coop\/eu\/#\/schema\/person\/579841e89c804b5db05d9141bd9b8272"},"breadcrumb":{"@id":"https:\/\/www.fiarebancaetica.coop\/eu\/las-finanzas-eticas-a-favor-de-la-paz-en-tiempos-de-guerra\/#breadcrumb"},"inLanguage":"eu","potentialAction":[{"@type":"ReadAction","target":["https:\/\/www.fiarebancaetica.coop\/eu\/las-finanzas-eticas-a-favor-de-la-paz-en-tiempos-de-guerra\/"]}]},{"@type":"ImageObject","inLanguage":"eu","@id":"https:\/\/www.fiarebancaetica.coop\/eu\/las-finanzas-eticas-a-favor-de-la-paz-en-tiempos-de-guerra\/#primaryimage","url":"https:\/\/www.fiarebancaetica.coop\/app\/uploads\/sites\/2\/2023\/12\/las-finanzas-eticas-favor-de-paz-en-tiempos-de-guerra.jpg","contentUrl":"https:\/\/www.fiarebancaetica.coop\/app\/uploads\/sites\/2\/2023\/12\/las-finanzas-eticas-favor-de-paz-en-tiempos-de-guerra.jpg","width":540,"height":250},{"@type":"BreadcrumbList","@id":"https:\/\/www.fiarebancaetica.coop\/eu\/las-finanzas-eticas-a-favor-de-la-paz-en-tiempos-de-guerra\/#breadcrumb","itemListElement":[{"@type":"ListItem","position":1,"name":"Home","item":"https:\/\/www.fiarebancaetica.coop\/eu\/"},{"@type":"ListItem","position":2,"name":"Las finanzas \u00e9ticas a favor de la paz en tiempos de guerra"}]},{"@type":"WebSite","@id":"https:\/\/www.fiarebancaetica.coop\/eu\/#website","url":"https:\/\/www.fiarebancaetica.coop\/eu\/","name":"Fiare Banca Etica","description":"","potentialAction":[{"@type":"SearchAction","target":{"@type":"EntryPoint","urlTemplate":"https:\/\/www.fiarebancaetica.coop\/eu\/?s={search_term_string}"},"query-input":{"@type":"PropertyValueSpecification","valueRequired":true,"valueName":"search_term_string"}}],"inLanguage":"eu"},{"@type":"Person","@id":"https:\/\/www.fiarebancaetica.coop\/eu\/#\/schema\/person\/579841e89c804b5db05d9141bd9b8272","name":"crispyadmin0","image":{"@type":"ImageObject","inLanguage":"eu","@id":"https:\/\/www.fiarebancaetica.coop\/eu\/#\/schema\/person\/image\/5f3a6b7786f32f4c35bd2b1a5a4698ea","url":"https:\/\/secure.gravatar.com\/avatar\/4d2cfb499d497b6d49da659fab7404b243a87fe8e40d2cf97a1cae48f677f5b2?s=96&d=mm&r=g","contentUrl":"https:\/\/secure.gravatar.com\/avatar\/4d2cfb499d497b6d49da659fab7404b243a87fe8e40d2cf97a1cae48f677f5b2?s=96&d=mm&r=g","caption":"crispyadmin0"},"sameAs":["crispyadmin0"]}]}},"_links":{"self":[{"href":"https:\/\/www.fiarebancaetica.coop\/eu\/wp-json\/wp\/v2\/posts\/343530","targetHints":{"allow":["GET"]}}],"collection":[{"href":"https:\/\/www.fiarebancaetica.coop\/eu\/wp-json\/wp\/v2\/posts"}],"about":[{"href":"https:\/\/www.fiarebancaetica.coop\/eu\/wp-json\/wp\/v2\/types\/post"}],"author":[{"embeddable":true,"href":"https:\/\/www.fiarebancaetica.coop\/eu\/wp-json\/wp\/v2\/users\/2"}],"replies":[{"embeddable":true,"href":"https:\/\/www.fiarebancaetica.coop\/eu\/wp-json\/wp\/v2\/comments?post=343530"}],"version-history":[{"count":1,"href":"https:\/\/www.fiarebancaetica.coop\/eu\/wp-json\/wp\/v2\/posts\/343530\/revisions"}],"predecessor-version":[{"id":355127,"href":"https:\/\/www.fiarebancaetica.coop\/eu\/wp-json\/wp\/v2\/posts\/343530\/revisions\/355127"}],"wp:featuredmedia":[{"embeddable":true,"href":"https:\/\/www.fiarebancaetica.coop\/eu\/wp-json\/wp\/v2\/media\/330007"}],"wp:attachment":[{"href":"https:\/\/www.fiarebancaetica.coop\/eu\/wp-json\/wp\/v2\/media?parent=343530"}],"wp:term":[{"taxonomy":"category","embeddable":true,"href":"https:\/\/www.fiarebancaetica.coop\/eu\/wp-json\/wp\/v2\/categories?post=343530"},{"taxonomy":"post_tag","embeddable":true,"href":"https:\/\/www.fiarebancaetica.coop\/eu\/wp-json\/wp\/v2\/tags?post=343530"},{"taxonomy":"author","embeddable":true,"href":"https:\/\/www.fiarebancaetica.coop\/eu\/wp-json\/wp\/v2\/coauthors?post=343530"}],"curies":[{"name":"wp","href":"https:\/\/api.w.org\/{rel}","templated":true}]}}