{"id":343544,"date":"2022-03-15T00:00:00","date_gmt":"2022-03-14T23:00:00","guid":{"rendered":"https:\/\/www.fiarebancaetica.coop\/el-10o-aniversario-de-la-ley-de-economia-social-nos-ayuda-a-recordar-los-objetivos-que-nos-llevaron-a-impulsarla\/"},"modified":"2024-02-21T15:03:12","modified_gmt":"2024-02-21T14:03:12","slug":"el-10o-aniversario-de-la-ley-de-economia-social-nos-ayuda-a-recordar-los-objetivos-que-nos-llevaron-a-impulsarla","status":"publish","type":"post","link":"https:\/\/www.fiarebancaetica.coop\/eu\/el-10o-aniversario-de-la-ley-de-economia-social-nos-ayuda-a-recordar-los-objetivos-que-nos-llevaron-a-impulsarla\/","title":{"rendered":"El 10\u00ba aniversario de la Ley de econom\u00eda social nos ayuda a recordar los objetivos que nos llevaron a impulsarla"},"content":{"rendered":"\n\n<div class=\"wp-block-bancaetica-blocks-blocks-block-49\">\n    <div class=\"container-block-49\">\n\n        <div class=\"header-section \">\n                            <h1 class=\"section-title\"> Etica e cooperativa <\/h1>\n                                            <\/div>\n\n        \n        <div class=\"block-background\" style=\"background-image: url('https:\/\/www.fiarebancaetica.coop\/app\/uploads\/sites\/2\/2023\/12\/el-10o-aniversario-de-ley-de-economia-social-nos-ayuda-recordar-los-objetivos-que-nos-llevaron.jpg')\">\n                            <div class=\"tile\">\n                    <h1 class=\"image-title\"> El 10\u00ba aniversario de la Ley de econom\u00eda social nos ayuda a recordar los objetivos que nos llevaron a impulsarla <\/h1>\n                <\/div>             <!-- end .tile -->\n            <div class=\"bottom-content\">\n                            <\/div> <!-- end .button-content -->\n        <\/div> <!-- end .block-background -->\n    <\/div> <!-- end .container -->\n<\/div> <!-- end wp-block-bancaetica-blocks-blocks-block-06 -->\n\n\n<div class=\"wrapper-crispybacon-class wrapper-crispybacon-class-boxed \">\n    <p><a href=\"#ca\">Catal\u00e0<\/a><\/p>\n<p>Con ocasi\u00f3n del d\u00e9cimo aniversario de la Ley de la Econom\u00eda Social,&nbsp;hablamos con <strong>Malena Riudavets, vicepresidenta de <a href=\"https:\/\/www.coceta.coop\/\">COCETA<\/a><\/strong>,&nbsp;Confederaci\u00f3n Espa\u00f1ola de Cooperativas de Trabajo Asociado. Consulta el <a href=\"https:\/\/www.cepes.es\/principal\/aniversario-ley-espanola-es\">programa del evento internacional<\/a> organizado el 17 de marzo por <a href=\"https:\/\/www.cepes.es\/\">CEPES<\/a>&nbsp;a prop\u00f3sito del aniversario.&nbsp;&nbsp;<\/p>\n<h2>\n\t\u00bfEn qu\u00e9 momento llega la celebraci\u00f3n del 10o aniversario de la Ley de Econom\u00eda Social?<\/h2>\n<p>Los aniversarios siempre llegan en el mejor momento, aunque nos encontramos en una situaci\u00f3n de incertidumbre, saliendo de una pandemia y con una guerra a las puertas de Europa,<strong> un aniversario ayuda a recordar los objetivos que nos llevaron a impulsarla y a visibilizarla de nuevo.<\/strong><\/p>\n<p>Se han cumplido 10 a\u00f1os desde aquel mes de marzo, en el que el Congreso de los Diputados, por unanimidad, aprob\u00f3 la Ley de Econom\u00eda Social. Fue una ley, demandada por el sector, que lograba una regulaci\u00f3n legal que ha contribuido, de manera decisiva, a demarcar y visibilizar un sector de la realidad social que, durante estos a\u00f1os, ha permitido constatar su importancia tanto en t\u00e9rminos cuantitativos como cualitativos.<\/p>\n<h2>\n\t\u00bfC\u00f3mo est\u00e1 el cooperativismo de trabajo en este momento, tras una pandemia y todas sus consecuencias?<\/h2>\n<p>Las <strong>cooperativas por principios son empresas resilentes y flexibles<\/strong>, caracter\u00edsticas que les permiten adaptarse a las situaciones adversas, <strong>se reinventan y resisten<\/strong> mejor las consecuencias de las crisis.<\/p>\n<p>Ahora es el momento de las cooperativas, en <strong><a href=\"https:\/\/www.coceta.coop\/\">COCETA, la Confederaci\u00f3n Espa\u00f1ola de Cooperativas de Trabajo Asociado<\/a><\/strong>, lo creemos as\u00ed y por ello se ha puesto en marcha una<strong> campa\u00f1a de comunicaci\u00f3n, \u2018\u00a1Ahora, Cooperativas!\u2019,&nbsp; que pone el foco en el \u00e9xito de nuestro modelo, centrado en las personas<\/strong> y como parte imprescindible de una recuperaci\u00f3n econ\u00f3mica transformadora, avalado por la resiliencia mostrada durante la pandemia.<\/p>\n<p>Es una llamada a la oportunidad que plantea el momento para caminar hacia un modelo econ\u00f3mico m\u00e1s humanizado y una sociedad m\u00e1s igualitaria y sostenible desde la proliferaci\u00f3n de cooperativas de trabajo asociado.<\/p>\n<h2>\n\t\u00bfSon las cooperativas un modelo de trabajo consolidado y de referencia de cara al exterior?<\/h2>\n<p>Podemos afirmar que si, teniendo en cuenta que&nbsp;<strong>un 5,5% del PIB de Espa\u00f1a corresponde a cooperativas de trabajo<\/strong> <strong>asociado<\/strong> presentes en todos los sectores productivos, deben ser consideradas como<strong>&nbsp;parte imprescindible de la recuperaci\u00f3n y de la transformaci\u00f3n hacia un modelo econ\u00f3mico m\u00e1s&nbsp;centrado en las personas<\/strong>, m\u00e1s estable en todos los sentidos,&nbsp;y menos sometido a los vaivenes del mercado.<\/p>\n<h2>\n\t\u00bfQu\u00e9 papel juegan las mujeres en la econom\u00eda social y concretamente en las cooperativas?&nbsp;<\/h2>\n<p>En las cooperativas<strong> la igualdad de g\u00e9nero es m\u00e1s que un principio cooperativo<\/strong>, la implicaci\u00f3n del cooperativismo de trabajo con la igualdad <strong>es irrenunciable <\/strong>por razones de justicia social y calidad democr\u00e1tica.<\/p>\n<p>Las empresas cooperativas demuestran que<strong> nuestro modelo es m\u00e1s igualitario<\/strong> (&#8220;a igual trabajo, igual remuneraci\u00f3n&#8221;; &#8220;una persona, un voto&#8221;), sin distinciones de g\u00e9nero, procedencia o ideolog\u00eda. En el total de las plantillas de las Cooperativas de trabajo, las mujeres representan m\u00e1s del 51%; en los puestos de direcci\u00f3n y responsabilidad, se alcanza una media del 54%; los Planes de Igualdad existen en un 51% de las cooperativas, incluso cuando no son exigibles por la normativa vigente y un 58,3% consideran que hay una buena conciliaci\u00f3n (Datos de un estudio realizado por COCETA).<\/p>\n<p>Por otro lado, COCETA inici\u00f3 en 2021&nbsp;un proyecto para identificar la existencia de medidas y pol\u00edticas antiviolencia y acoso en el puesto de trabajo. Gracias a la investigaci\u00f3n realizada, se dedujo que en un 95% de las respuestas se desconoc\u00eda la existencia de casos de violencia \/ acoso laboral en la cooperativa de trabajo, en parte debido a la existencia de Planes de Igualdad, de medidas espec\u00edficas en los Planes de Prevenci\u00f3n de Riesgos, as\u00ed como a la formaci\u00f3n que al respecto se viene realizando en las empresas cooperativas.<\/p>\n<h2>\n\t\u00bfQu\u00e9 l\u00edneas de trabajo hay por delante para incidir en los aspectos de mejora?<\/h2>\n<ul>\n\t<li>\n\t\t<strong>Incidir en la sensibilizaci\u00f3n de las administraciones p\u00fablicas <\/strong>a peque\u00f1a y gran escala para que pongan en marcha&nbsp;m\u00e1s pol\u00edticas activas de fomento del cooperativismo de trabajo, favorezcan la&nbsp;difusi\u00f3n y conocimiento del modelo, e implementen medidas para que cada vez sea una&nbsp;opci\u00f3n laboral y de emprendimiento&nbsp;m\u00e1s generalizada, eliminando trabas y agilizando procesos.<\/li>\n\t<li>\n\t\t<strong>Apelar a la idoneidad de las cooperativas ante el reto demogr\u00e1fico<\/strong>. La&nbsp;creaci\u00f3n de pymes y micro pymes cooperativas puede frenar la despoblaci\u00f3n,&nbsp;e incluso repoblar zonas de esa llamada Espa\u00f1a vaciada.<\/li>\n\t<li>\n\t\tPotenciar la <strong>reconversi\u00f3n o transformaci\u00f3n v\u00eda cooperativa de trabajo<\/strong> de aquellos negocios mercantiles que, por motivos diversos, est\u00e9n pensando en cerrar, d\u00e1ndoles una segunda vida en manos de sus trabajadores\/as, que asumir\u00edan la gesti\u00f3n colectiva del proyecto.<\/li>\n<\/ul>\n<h2>\n\t\u00bfC\u00f3mo puede contribuir la banca \u00e9tica a que las mujeres tengan un papel mayor o m\u00e1s visible en la econom\u00eda?<\/h2>\n<p>Por definici\u00f3n, la&nbsp;banca \u00e9tica&nbsp;debe tener como misi\u00f3n principal contribuci\u00f3n al desarrollo de la sociedad a trav\u00e9s de unos productos financieros sostenibles. Uno de <strong>los objetivos de desarrollo sostenible de la Agenda 2030, es el empoderamiento de las mujeres<\/strong> y las ni\u00f1as. Empoderamos a las mujeres cuando les facilitamos el acceso a productos que les permitan impulsar sus proyectos de vida laboral, que les dan independencia econ\u00f3mica, que les permiten conciliar y que contribuyen a la igualdad.<strong> La banca \u00e9tica puede ir de la mano de las organizaciones cooperativas para crear proyectos cooperativos impulsados por grupos de mujeres<\/strong> emprendedoras y valientes.<\/p>\n<p>_____________________________________________________________<\/p>\n<p><a id=\"ca\" name=\"ca\"><\/a><\/p>\n<h1>\n\tEl 10\u00e8 aniversari de la Llei d\u00b4economia social ens ajuda a recordar els objectius que ens van portar a impulsar-la<\/h1>\n<p><br \/>\n\tAmb motiu del des\u00e8 aniversari de la Llei de l&#8217;Economia Social, parlem amb Malena Riudavets, vicepresidenta de COCETA, Confederaci\u00f3 Espanyola de Cooperatives de Treball Associat. Consulteu el programa de l&#8217;esdeveniment internacional organitzat el 17 de mar\u00e7 per CEPES a prop\u00f2sit de l&#8217;aniversari.<\/p>\n<h2>\n\tEn quin moment arriba la celebraci\u00f3 del 10\u00e8 aniversari de la Llei dEconomia Social?<\/h2>\n<p>Els aniversaris sempre arriben en el millor moment, encara que ens trobem en una situaci\u00f3 d&#8217;incertesa, sortint d&#8217;una pand\u00e8mia i amb una guerra a les portes d&#8217;Europa, un aniversari ajuda a recordar els objectius que ens van portar a impulsar-la i a tornar-la a visibilitzar.<\/p>\n<p>S&#8217;han complert 10 anys des d&#8217;aquell mes de mar\u00e7, on el Congr\u00e9s dels Diputats, per unanimitat, va aprovar la Llei d&#8217;Economia Social. Va ser una llei, demandada pel sector, que aconseguia una regulaci\u00f3 legal que ha contribu\u00eft, de manera decisiva, a demarcar i visibilitzar un sector de la realitat social que, durant aquests anys, ha perm\u00e8s constatar-ne la import\u00e0ncia tant en termes quantitatius com qualitatius.<\/p>\n<h2>\n\tCom est\u00e0 el cooperativisme de treball en aquest moment, despr\u00e9s d&#8217;una pand\u00e8mia i totes les conseq\u00fc\u00e8ncies?<\/h2>\n<p>Les cooperatives per principis s\u00f3n empreses resilients i flexibles, caracter\u00edstiques que els permeten adaptar-se a les situacions adverses, es reinventen i resisteixen millor les conseq\u00fc\u00e8ncies de les crisis.<\/p>\n<p>Ara \u00e9s el moment de les cooperatives, a COCETA, la Confederaci\u00f3 Espanyola de Cooperatives de Treball Associat, ho creiem aix\u00ed i per aix\u00f2 s&#8217;ha posat en marxa una campanya de comunicaci\u00f3, &#8216;Ara, Cooperatives!&#8217;, que posa el focus a l\u2019 \u00e8xit del nostre model, centrat en les persones i com a part imprescindible d\u2019una recuperaci\u00f3 econ\u00f2mica transformadora, avalada per la resili\u00e8ncia mostrada durant la pand\u00e8mia.<\/p>\n<p>\u00c9s una crida a l\u2019oportunitat que planteja el moment per caminar cap a un model econ\u00f2mic m\u00e9s humanitzat i una societat m\u00e9s igualit\u00e0ria i sostenible des de la proliferaci\u00f3 de cooperatives de treball associat.<\/p>\n<h2>\n\tLes cooperatives s\u00f3n un model de treball consolidat i de refer\u00e8ncia de cara a l&#8217;exterior?<\/h2>\n<p>Podem afirmar que si, tenint en compte que un 5,5% del PIB d&#8217;Espanya correspon a cooperatives de treball associat presents a tots els sectors productius, han de ser considerades com a part imprescindible de la recuperaci\u00f3 i de la transformaci\u00f3 cap a un model econ\u00f2mic m\u00e9s centrat en les persones, m\u00e9s estable en tots els sentits, i menys sotm\u00e8s als vaivens del mercat.<\/p>\n<h2>\n\tQuin paper juguen les dones a l&#8217;economia social i concretament a les cooperatives?<\/h2>\n<p>A les cooperatives la igualtat de g\u00e8nere \u00e9s m\u00e9s que un principi cooperatiu, la implicaci\u00f3 del cooperativisme de treball amb la igualtat \u00e9s irrenunciable per raons de just\u00edcia social i qualitat democr\u00e0tica.<\/p>\n<p>Les empreses cooperatives demostren que el nostre model \u00e9s m\u00e9s igualitari (\u201ca igual treball, igual remuneraci\u00f3\u201d; \u201cuna persona, un vot\u201d), sense distincions de g\u00e8nere, proced\u00e8ncia o ideologia. Al total de les plantilles de les Cooperatives de treball, les dones representen m\u00e9s del 51%; als llocs de direcci\u00f3 i responsabilitat, s&#8217;assoleix una mitjana del 54%; els Plans d&#8217;Igualtat existeixen en un 51% de les cooperatives, fins i tot quan no s\u00f3n exigibles per la normativa vigent i un 58,3% consideren que hi ha bona conciliaci\u00f3 (Dades d&#8217;un estudi realitzat per COCETA).<\/p>\n<p>D&#8217;altra banda, COCETA va iniciar el 2021 un projecte per identificar l&#8217;exist\u00e8ncia de mesures i pol\u00edtiques antiviol\u00e8ncia i assetjament al lloc de treball. Gr\u00e0cies a la investigaci\u00f3 realitzada, es va deduir que en un 95% de les respostes es desconeixia l&#8217;exist\u00e8ncia de casos de viol\u00e8ncia\/assetjament laboral a la cooperativa de treball, en part a causa de l&#8217;exist\u00e8ncia de Plans d&#8217;Igualtat, de mesures espec\u00edfiques als Plans de Prevenci\u00f3 de Riscos, aix\u00ed com a la formaci\u00f3 que sobre aix\u00f2 es realitza a les empreses cooperatives.<\/p>\n<h2>\n\tQuines l\u00ednies de treball hi ha al davant per incidir en els aspectes de millora?<\/h2>\n<ul>\n\t<li>\n\t\tIncidir en la sensibilitzaci\u00f3 de les administracions p\u00fabliques a petita i gran escala perqu\u00e8 posin en marxa m\u00e9s pol\u00edtiques actives de foment del cooperativisme de treball, afavoreixin la difusi\u00f3 i el coneixement del model, i implementin mesures perqu\u00e8 cada vegada sigui una opci\u00f3 laboral i d&#8217;emprenedoria m\u00e9s generalitzada, eliminant traves i agilitzant processos.<\/li>\n\t<li>\n\t\tApel\u00b7lar a la idone\u00eftat de les cooperatives davant del repte demogr\u00e0fic. La creaci\u00f3 de pimes i micropimes cooperatives pot frenar la despoblaci\u00f3, i fins i tot repoblar zones d&#8217;aquesta anomenada \u201cEspanya buidada\u201d.<\/li>\n\t<li>\n\t\tPotenciar la reconversi\u00f3 o transformaci\u00f3 via cooperativa de treball dels negocis mercantils que, per motius diversos, estiguin pensant a tancar, donant-los una segona vida en mans dels seus treballadors\/es, que assumirien la gesti\u00f3 col\u00b7lectiva del projecte.<\/li>\n<\/ul>\n<h2>\n\tCom pot contribuir la banca \u00e8tica que les dones tinguin un paper m\u00e9s gran o m\u00e9s visible a l&#8217;economia?<\/h2>\n<p>Per definici\u00f3, la banca \u00e8tica ha de tenir com a missi\u00f3 principal la contribuci\u00f3 al desenvolupament de la societat a trav\u00e9s d&#8217;uns productes financers sostenibles. Un dels objectius de desenvolupament sostenible de l&#8217;Agenda 2030 \u00e9s l&#8217;empoderament de les dones i les nenes. Empoderem les dones quan facilitem l&#8217;acc\u00e9s a productes que els permetin impulsar els seus projectes de vida laboral, que els donen independ\u00e8ncia econ\u00f2mica, que els permeten conciliar i que contribueixen a la igualtat. La banca \u00e8tica pot anar de la m\u00e0 de les organitzacions cooperatives per crear projectes cooperatius impulsats per grups de dones emprenedores i valentes.<\/p>\n<\/div>","protected":false},"excerpt":{"rendered":"<p>Con ocasi\u00f3n del d\u00e9cimo aniversario de la Ley de econom\u00eda social hablamos con Malena Riudavets, vicepresidenta de Coceta, Confederaci\u00f3n Espa\u00f1ola de Cooperativas de Trabajo Asociado.<\/p>\n","protected":false},"author":2,"featured_media":329983,"comment_status":"open","ping_status":"closed","sticky":false,"template":"","format":"standard","meta":{"_acf_changed":false,"footnotes":""},"categories":[11644],"tags":[],"coauthors":[],"class_list":["post-343544","post","type-post","status-publish","format-standard","has-post-thumbnail","hentry","category-finantza-etikoak"],"acf":[],"yoast_head":"<!-- This site is optimized with the Yoast SEO plugin v26.9 - https:\/\/yoast.com\/product\/yoast-seo-wordpress\/ -->\n<title>El 10\u00ba aniversario de la Ley de econom\u00eda social nos ayuda a recordar los objetivos que nos llevaron a impulsarla - Fiare Banca Etica<\/title>\n<meta name=\"robots\" content=\"index, follow, max-snippet:-1, max-image-preview:large, max-video-preview:-1\" \/>\n<link rel=\"canonical\" href=\"https:\/\/www.fiarebancaetica.coop\/eu\/el-10o-aniversario-de-la-ley-de-economia-social-nos-ayuda-a-recordar-los-objetivos-que-nos-llevaron-a-impulsarla\/\" \/>\n<meta property=\"og:locale\" content=\"eu_ES\" \/>\n<meta property=\"og:type\" content=\"article\" \/>\n<meta property=\"og:title\" content=\"El 10\u00ba aniversario de la Ley de econom\u00eda social nos ayuda a recordar los objetivos que nos llevaron a impulsarla - Fiare Banca Etica\" \/>\n<meta property=\"og:description\" content=\"Con ocasi\u00f3n del d\u00e9cimo aniversario de la Ley de econom\u00eda social hablamos con Malena Riudavets, vicepresidenta de Coceta, Confederaci\u00f3n Espa\u00f1ola de Cooperativas de Trabajo Asociado.\" \/>\n<meta property=\"og:url\" content=\"https:\/\/www.fiarebancaetica.coop\/eu\/el-10o-aniversario-de-la-ley-de-economia-social-nos-ayuda-a-recordar-los-objetivos-que-nos-llevaron-a-impulsarla\/\" \/>\n<meta property=\"og:site_name\" content=\"Fiare Banca Etica\" \/>\n<meta property=\"article:published_time\" content=\"2022-03-14T23:00:00+00:00\" \/>\n<meta property=\"article:modified_time\" content=\"2024-02-21T14:03:12+00:00\" \/>\n<meta property=\"og:image\" content=\"https:\/\/www.fiarebancaetica.coop\/app\/uploads\/sites\/2\/2023\/12\/el-10o-aniversario-de-ley-de-economia-social-nos-ayuda-recordar-los-objetivos-que-nos-llevaron.jpg\" \/>\n\t<meta property=\"og:image:width\" content=\"540\" \/>\n\t<meta property=\"og:image:height\" content=\"300\" \/>\n\t<meta property=\"og:image:type\" content=\"image\/jpeg\" \/>\n<meta name=\"author\" content=\"crispyadmin0\" \/>\n<meta name=\"twitter:card\" content=\"summary_large_image\" \/>\n<script type=\"application\/ld+json\" class=\"yoast-schema-graph\">{\"@context\":\"https:\/\/schema.org\",\"@graph\":[{\"@type\":\"Article\",\"@id\":\"https:\/\/www.fiarebancaetica.coop\/eu\/el-10o-aniversario-de-la-ley-de-economia-social-nos-ayuda-a-recordar-los-objetivos-que-nos-llevaron-a-impulsarla\/#article\",\"isPartOf\":{\"@id\":\"https:\/\/www.fiarebancaetica.coop\/eu\/el-10o-aniversario-de-la-ley-de-economia-social-nos-ayuda-a-recordar-los-objetivos-que-nos-llevaron-a-impulsarla\/\"},\"author\":{\"name\":\"crispyadmin0\",\"@id\":\"https:\/\/www.fiarebancaetica.coop\/eu\/#\/schema\/person\/579841e89c804b5db05d9141bd9b8272\"},\"headline\":\"El 10\u00ba aniversario de la Ley de econom\u00eda social nos ayuda a recordar los objetivos que nos llevaron a impulsarla\",\"datePublished\":\"2022-03-14T23:00:00+00:00\",\"dateModified\":\"2024-02-21T14:03:12+00:00\",\"mainEntityOfPage\":{\"@id\":\"https:\/\/www.fiarebancaetica.coop\/eu\/el-10o-aniversario-de-la-ley-de-economia-social-nos-ayuda-a-recordar-los-objetivos-que-nos-llevaron-a-impulsarla\/\"},\"wordCount\":1947,\"commentCount\":0,\"image\":{\"@id\":\"https:\/\/www.fiarebancaetica.coop\/eu\/el-10o-aniversario-de-la-ley-de-economia-social-nos-ayuda-a-recordar-los-objetivos-que-nos-llevaron-a-impulsarla\/#primaryimage\"},\"thumbnailUrl\":\"https:\/\/www.fiarebancaetica.coop\/app\/uploads\/sites\/2\/2023\/12\/el-10o-aniversario-de-ley-de-economia-social-nos-ayuda-recordar-los-objetivos-que-nos-llevaron.jpg\",\"articleSection\":[\"Finantza etikoak\"],\"inLanguage\":\"eu\",\"potentialAction\":[{\"@type\":\"CommentAction\",\"name\":\"Comment\",\"target\":[\"https:\/\/www.fiarebancaetica.coop\/eu\/el-10o-aniversario-de-la-ley-de-economia-social-nos-ayuda-a-recordar-los-objetivos-que-nos-llevaron-a-impulsarla\/#respond\"]}]},{\"@type\":\"WebPage\",\"@id\":\"https:\/\/www.fiarebancaetica.coop\/eu\/el-10o-aniversario-de-la-ley-de-economia-social-nos-ayuda-a-recordar-los-objetivos-que-nos-llevaron-a-impulsarla\/\",\"url\":\"https:\/\/www.fiarebancaetica.coop\/eu\/el-10o-aniversario-de-la-ley-de-economia-social-nos-ayuda-a-recordar-los-objetivos-que-nos-llevaron-a-impulsarla\/\",\"name\":\"El 10\u00ba aniversario de la Ley de econom\u00eda social nos ayuda a recordar los objetivos que nos llevaron a impulsarla - Fiare Banca Etica\",\"isPartOf\":{\"@id\":\"https:\/\/www.fiarebancaetica.coop\/eu\/#website\"},\"primaryImageOfPage\":{\"@id\":\"https:\/\/www.fiarebancaetica.coop\/eu\/el-10o-aniversario-de-la-ley-de-economia-social-nos-ayuda-a-recordar-los-objetivos-que-nos-llevaron-a-impulsarla\/#primaryimage\"},\"image\":{\"@id\":\"https:\/\/www.fiarebancaetica.coop\/eu\/el-10o-aniversario-de-la-ley-de-economia-social-nos-ayuda-a-recordar-los-objetivos-que-nos-llevaron-a-impulsarla\/#primaryimage\"},\"thumbnailUrl\":\"https:\/\/www.fiarebancaetica.coop\/app\/uploads\/sites\/2\/2023\/12\/el-10o-aniversario-de-ley-de-economia-social-nos-ayuda-recordar-los-objetivos-que-nos-llevaron.jpg\",\"datePublished\":\"2022-03-14T23:00:00+00:00\",\"dateModified\":\"2024-02-21T14:03:12+00:00\",\"author\":{\"@id\":\"https:\/\/www.fiarebancaetica.coop\/eu\/#\/schema\/person\/579841e89c804b5db05d9141bd9b8272\"},\"breadcrumb\":{\"@id\":\"https:\/\/www.fiarebancaetica.coop\/eu\/el-10o-aniversario-de-la-ley-de-economia-social-nos-ayuda-a-recordar-los-objetivos-que-nos-llevaron-a-impulsarla\/#breadcrumb\"},\"inLanguage\":\"eu\",\"potentialAction\":[{\"@type\":\"ReadAction\",\"target\":[\"https:\/\/www.fiarebancaetica.coop\/eu\/el-10o-aniversario-de-la-ley-de-economia-social-nos-ayuda-a-recordar-los-objetivos-que-nos-llevaron-a-impulsarla\/\"]}]},{\"@type\":\"ImageObject\",\"inLanguage\":\"eu\",\"@id\":\"https:\/\/www.fiarebancaetica.coop\/eu\/el-10o-aniversario-de-la-ley-de-economia-social-nos-ayuda-a-recordar-los-objetivos-que-nos-llevaron-a-impulsarla\/#primaryimage\",\"url\":\"https:\/\/www.fiarebancaetica.coop\/app\/uploads\/sites\/2\/2023\/12\/el-10o-aniversario-de-ley-de-economia-social-nos-ayuda-recordar-los-objetivos-que-nos-llevaron.jpg\",\"contentUrl\":\"https:\/\/www.fiarebancaetica.coop\/app\/uploads\/sites\/2\/2023\/12\/el-10o-aniversario-de-ley-de-economia-social-nos-ayuda-recordar-los-objetivos-que-nos-llevaron.jpg\",\"width\":540,\"height\":300},{\"@type\":\"BreadcrumbList\",\"@id\":\"https:\/\/www.fiarebancaetica.coop\/eu\/el-10o-aniversario-de-la-ley-de-economia-social-nos-ayuda-a-recordar-los-objetivos-que-nos-llevaron-a-impulsarla\/#breadcrumb\",\"itemListElement\":[{\"@type\":\"ListItem\",\"position\":1,\"name\":\"Home\",\"item\":\"https:\/\/www.fiarebancaetica.coop\/eu\/\"},{\"@type\":\"ListItem\",\"position\":2,\"name\":\"El 10\u00ba aniversario de la Ley de econom\u00eda social nos ayuda a recordar los objetivos que nos llevaron a impulsarla\"}]},{\"@type\":\"WebSite\",\"@id\":\"https:\/\/www.fiarebancaetica.coop\/eu\/#website\",\"url\":\"https:\/\/www.fiarebancaetica.coop\/eu\/\",\"name\":\"Fiare Banca Etica\",\"description\":\"\",\"potentialAction\":[{\"@type\":\"SearchAction\",\"target\":{\"@type\":\"EntryPoint\",\"urlTemplate\":\"https:\/\/www.fiarebancaetica.coop\/eu\/?s={search_term_string}\"},\"query-input\":{\"@type\":\"PropertyValueSpecification\",\"valueRequired\":true,\"valueName\":\"search_term_string\"}}],\"inLanguage\":\"eu\"},{\"@type\":\"Person\",\"@id\":\"https:\/\/www.fiarebancaetica.coop\/eu\/#\/schema\/person\/579841e89c804b5db05d9141bd9b8272\",\"name\":\"crispyadmin0\",\"image\":{\"@type\":\"ImageObject\",\"inLanguage\":\"eu\",\"@id\":\"https:\/\/www.fiarebancaetica.coop\/eu\/#\/schema\/person\/image\/5f3a6b7786f32f4c35bd2b1a5a4698ea\",\"url\":\"https:\/\/secure.gravatar.com\/avatar\/4d2cfb499d497b6d49da659fab7404b243a87fe8e40d2cf97a1cae48f677f5b2?s=96&d=mm&r=g\",\"contentUrl\":\"https:\/\/secure.gravatar.com\/avatar\/4d2cfb499d497b6d49da659fab7404b243a87fe8e40d2cf97a1cae48f677f5b2?s=96&d=mm&r=g\",\"caption\":\"crispyadmin0\"},\"sameAs\":[\"crispyadmin0\"]}]}<\/script>\n<!-- \/ Yoast SEO plugin. -->","yoast_head_json":{"title":"El 10\u00ba aniversario de la Ley de econom\u00eda social nos ayuda a recordar los objetivos que nos llevaron a impulsarla - Fiare Banca Etica","robots":{"index":"index","follow":"follow","max-snippet":"max-snippet:-1","max-image-preview":"max-image-preview:large","max-video-preview":"max-video-preview:-1"},"canonical":"https:\/\/www.fiarebancaetica.coop\/eu\/el-10o-aniversario-de-la-ley-de-economia-social-nos-ayuda-a-recordar-los-objetivos-que-nos-llevaron-a-impulsarla\/","og_locale":"eu_ES","og_type":"article","og_title":"El 10\u00ba aniversario de la Ley de econom\u00eda social nos ayuda a recordar los objetivos que nos llevaron a impulsarla - Fiare Banca Etica","og_description":"Con ocasi\u00f3n del d\u00e9cimo aniversario de la Ley de econom\u00eda social hablamos con Malena Riudavets, vicepresidenta de Coceta, Confederaci\u00f3n Espa\u00f1ola de Cooperativas de Trabajo Asociado.","og_url":"https:\/\/www.fiarebancaetica.coop\/eu\/el-10o-aniversario-de-la-ley-de-economia-social-nos-ayuda-a-recordar-los-objetivos-que-nos-llevaron-a-impulsarla\/","og_site_name":"Fiare Banca Etica","article_published_time":"2022-03-14T23:00:00+00:00","article_modified_time":"2024-02-21T14:03:12+00:00","og_image":[{"width":540,"height":300,"url":"https:\/\/www.fiarebancaetica.coop\/app\/uploads\/sites\/2\/2023\/12\/el-10o-aniversario-de-ley-de-economia-social-nos-ayuda-recordar-los-objetivos-que-nos-llevaron.jpg","type":"image\/jpeg"}],"author":"crispyadmin0","twitter_card":"summary_large_image","schema":{"@context":"https:\/\/schema.org","@graph":[{"@type":"Article","@id":"https:\/\/www.fiarebancaetica.coop\/eu\/el-10o-aniversario-de-la-ley-de-economia-social-nos-ayuda-a-recordar-los-objetivos-que-nos-llevaron-a-impulsarla\/#article","isPartOf":{"@id":"https:\/\/www.fiarebancaetica.coop\/eu\/el-10o-aniversario-de-la-ley-de-economia-social-nos-ayuda-a-recordar-los-objetivos-que-nos-llevaron-a-impulsarla\/"},"author":{"name":"crispyadmin0","@id":"https:\/\/www.fiarebancaetica.coop\/eu\/#\/schema\/person\/579841e89c804b5db05d9141bd9b8272"},"headline":"El 10\u00ba aniversario de la Ley de econom\u00eda social nos ayuda a recordar los objetivos que nos llevaron a impulsarla","datePublished":"2022-03-14T23:00:00+00:00","dateModified":"2024-02-21T14:03:12+00:00","mainEntityOfPage":{"@id":"https:\/\/www.fiarebancaetica.coop\/eu\/el-10o-aniversario-de-la-ley-de-economia-social-nos-ayuda-a-recordar-los-objetivos-que-nos-llevaron-a-impulsarla\/"},"wordCount":1947,"commentCount":0,"image":{"@id":"https:\/\/www.fiarebancaetica.coop\/eu\/el-10o-aniversario-de-la-ley-de-economia-social-nos-ayuda-a-recordar-los-objetivos-que-nos-llevaron-a-impulsarla\/#primaryimage"},"thumbnailUrl":"https:\/\/www.fiarebancaetica.coop\/app\/uploads\/sites\/2\/2023\/12\/el-10o-aniversario-de-ley-de-economia-social-nos-ayuda-recordar-los-objetivos-que-nos-llevaron.jpg","articleSection":["Finantza etikoak"],"inLanguage":"eu","potentialAction":[{"@type":"CommentAction","name":"Comment","target":["https:\/\/www.fiarebancaetica.coop\/eu\/el-10o-aniversario-de-la-ley-de-economia-social-nos-ayuda-a-recordar-los-objetivos-que-nos-llevaron-a-impulsarla\/#respond"]}]},{"@type":"WebPage","@id":"https:\/\/www.fiarebancaetica.coop\/eu\/el-10o-aniversario-de-la-ley-de-economia-social-nos-ayuda-a-recordar-los-objetivos-que-nos-llevaron-a-impulsarla\/","url":"https:\/\/www.fiarebancaetica.coop\/eu\/el-10o-aniversario-de-la-ley-de-economia-social-nos-ayuda-a-recordar-los-objetivos-que-nos-llevaron-a-impulsarla\/","name":"El 10\u00ba aniversario de la Ley de econom\u00eda social nos ayuda a recordar los objetivos que nos llevaron a impulsarla - Fiare Banca Etica","isPartOf":{"@id":"https:\/\/www.fiarebancaetica.coop\/eu\/#website"},"primaryImageOfPage":{"@id":"https:\/\/www.fiarebancaetica.coop\/eu\/el-10o-aniversario-de-la-ley-de-economia-social-nos-ayuda-a-recordar-los-objetivos-que-nos-llevaron-a-impulsarla\/#primaryimage"},"image":{"@id":"https:\/\/www.fiarebancaetica.coop\/eu\/el-10o-aniversario-de-la-ley-de-economia-social-nos-ayuda-a-recordar-los-objetivos-que-nos-llevaron-a-impulsarla\/#primaryimage"},"thumbnailUrl":"https:\/\/www.fiarebancaetica.coop\/app\/uploads\/sites\/2\/2023\/12\/el-10o-aniversario-de-ley-de-economia-social-nos-ayuda-recordar-los-objetivos-que-nos-llevaron.jpg","datePublished":"2022-03-14T23:00:00+00:00","dateModified":"2024-02-21T14:03:12+00:00","author":{"@id":"https:\/\/www.fiarebancaetica.coop\/eu\/#\/schema\/person\/579841e89c804b5db05d9141bd9b8272"},"breadcrumb":{"@id":"https:\/\/www.fiarebancaetica.coop\/eu\/el-10o-aniversario-de-la-ley-de-economia-social-nos-ayuda-a-recordar-los-objetivos-que-nos-llevaron-a-impulsarla\/#breadcrumb"},"inLanguage":"eu","potentialAction":[{"@type":"ReadAction","target":["https:\/\/www.fiarebancaetica.coop\/eu\/el-10o-aniversario-de-la-ley-de-economia-social-nos-ayuda-a-recordar-los-objetivos-que-nos-llevaron-a-impulsarla\/"]}]},{"@type":"ImageObject","inLanguage":"eu","@id":"https:\/\/www.fiarebancaetica.coop\/eu\/el-10o-aniversario-de-la-ley-de-economia-social-nos-ayuda-a-recordar-los-objetivos-que-nos-llevaron-a-impulsarla\/#primaryimage","url":"https:\/\/www.fiarebancaetica.coop\/app\/uploads\/sites\/2\/2023\/12\/el-10o-aniversario-de-ley-de-economia-social-nos-ayuda-recordar-los-objetivos-que-nos-llevaron.jpg","contentUrl":"https:\/\/www.fiarebancaetica.coop\/app\/uploads\/sites\/2\/2023\/12\/el-10o-aniversario-de-ley-de-economia-social-nos-ayuda-recordar-los-objetivos-que-nos-llevaron.jpg","width":540,"height":300},{"@type":"BreadcrumbList","@id":"https:\/\/www.fiarebancaetica.coop\/eu\/el-10o-aniversario-de-la-ley-de-economia-social-nos-ayuda-a-recordar-los-objetivos-que-nos-llevaron-a-impulsarla\/#breadcrumb","itemListElement":[{"@type":"ListItem","position":1,"name":"Home","item":"https:\/\/www.fiarebancaetica.coop\/eu\/"},{"@type":"ListItem","position":2,"name":"El 10\u00ba aniversario de la Ley de econom\u00eda social nos ayuda a recordar los objetivos que nos llevaron a impulsarla"}]},{"@type":"WebSite","@id":"https:\/\/www.fiarebancaetica.coop\/eu\/#website","url":"https:\/\/www.fiarebancaetica.coop\/eu\/","name":"Fiare Banca Etica","description":"","potentialAction":[{"@type":"SearchAction","target":{"@type":"EntryPoint","urlTemplate":"https:\/\/www.fiarebancaetica.coop\/eu\/?s={search_term_string}"},"query-input":{"@type":"PropertyValueSpecification","valueRequired":true,"valueName":"search_term_string"}}],"inLanguage":"eu"},{"@type":"Person","@id":"https:\/\/www.fiarebancaetica.coop\/eu\/#\/schema\/person\/579841e89c804b5db05d9141bd9b8272","name":"crispyadmin0","image":{"@type":"ImageObject","inLanguage":"eu","@id":"https:\/\/www.fiarebancaetica.coop\/eu\/#\/schema\/person\/image\/5f3a6b7786f32f4c35bd2b1a5a4698ea","url":"https:\/\/secure.gravatar.com\/avatar\/4d2cfb499d497b6d49da659fab7404b243a87fe8e40d2cf97a1cae48f677f5b2?s=96&d=mm&r=g","contentUrl":"https:\/\/secure.gravatar.com\/avatar\/4d2cfb499d497b6d49da659fab7404b243a87fe8e40d2cf97a1cae48f677f5b2?s=96&d=mm&r=g","caption":"crispyadmin0"},"sameAs":["crispyadmin0"]}]}},"_links":{"self":[{"href":"https:\/\/www.fiarebancaetica.coop\/eu\/wp-json\/wp\/v2\/posts\/343544","targetHints":{"allow":["GET"]}}],"collection":[{"href":"https:\/\/www.fiarebancaetica.coop\/eu\/wp-json\/wp\/v2\/posts"}],"about":[{"href":"https:\/\/www.fiarebancaetica.coop\/eu\/wp-json\/wp\/v2\/types\/post"}],"author":[{"embeddable":true,"href":"https:\/\/www.fiarebancaetica.coop\/eu\/wp-json\/wp\/v2\/users\/2"}],"replies":[{"embeddable":true,"href":"https:\/\/www.fiarebancaetica.coop\/eu\/wp-json\/wp\/v2\/comments?post=343544"}],"version-history":[{"count":2,"href":"https:\/\/www.fiarebancaetica.coop\/eu\/wp-json\/wp\/v2\/posts\/343544\/revisions"}],"predecessor-version":[{"id":355110,"href":"https:\/\/www.fiarebancaetica.coop\/eu\/wp-json\/wp\/v2\/posts\/343544\/revisions\/355110"}],"wp:featuredmedia":[{"embeddable":true,"href":"https:\/\/www.fiarebancaetica.coop\/eu\/wp-json\/wp\/v2\/media\/329983"}],"wp:attachment":[{"href":"https:\/\/www.fiarebancaetica.coop\/eu\/wp-json\/wp\/v2\/media?parent=343544"}],"wp:term":[{"taxonomy":"category","embeddable":true,"href":"https:\/\/www.fiarebancaetica.coop\/eu\/wp-json\/wp\/v2\/categories?post=343544"},{"taxonomy":"post_tag","embeddable":true,"href":"https:\/\/www.fiarebancaetica.coop\/eu\/wp-json\/wp\/v2\/tags?post=343544"},{"taxonomy":"author","embeddable":true,"href":"https:\/\/www.fiarebancaetica.coop\/eu\/wp-json\/wp\/v2\/coauthors?post=343544"}],"curies":[{"name":"wp","href":"https:\/\/api.w.org\/{rel}","templated":true}]}}