{"id":343570,"date":"2022-02-21T00:00:00","date_gmt":"2022-02-20T23:00:00","guid":{"rendered":"https:\/\/www.fiarebancaetica.coop\/gure-sustraiak-dos-decadas-de-innovacion-social-rural-en-navarra\/"},"modified":"2024-05-28T15:36:34","modified_gmt":"2024-05-28T13:36:34","slug":"gure-sustraiak","status":"publish","type":"post","link":"https:\/\/www.fiarebancaetica.coop\/eu\/gure-sustraiak\/","title":{"rendered":"Gure Sustraiak, dos d\u00e9cadas de innovaci\u00f3n social rural en Navarra"},"content":{"rendered":"\n\n<div class=\"wp-block-bancaetica-blocks-blocks-block-49\">\n    <div class=\"container-block-49\">\n\n        <div class=\"header-section \">\n                            <h1 class=\"section-title\"> Etica e cooperativa <\/h1>\n                                            <\/div>\n\n        \n        <div class=\"block-background\" style=\"background-image: url('https:\/\/www.fiarebancaetica.coop\/app\/uploads\/sites\/2\/2023\/12\/gure-sustraiak-dos-decadas-de-innovacion-social-rural-en-navarra.jpg')\">\n                            <div class=\"tile\">\n                    <h1 class=\"image-title\"> Gure Sustraiak, dos d\u00e9cadas de innovaci\u00f3n social rural en Navarra <\/h1>\n                <\/div>             <!-- end .tile -->\n            <div class=\"bottom-content\">\n                            <\/div> <!-- end .button-content -->\n        <\/div> <!-- end .block-background -->\n    <\/div> <!-- end .container -->\n<\/div> <!-- end wp-block-bancaetica-blocks-blocks-block-06 -->\n\n\n<div class=\"wrapper-crispybacon-class wrapper-crispybacon-class-boxed \">\n    \n<p>\n\t<a href=\"#eu\">Euskera<\/a><\/p>\n<p>\n\tLa esencia de este proyecto transformador de Navarra es que sus servicios sean accesibles a todas las personas, bajo un modelo de econom\u00eda sostenible, aspirando a ser un referente de turismo inclusivo en el Estado.<\/p>\n<p>\n\tGure Sustraiak es una cooperativa donde se desarrollan actividades de <strong>educaci\u00f3n ambiental, turismo inclusivo, actividades terap\u00e9uticas con animales<\/strong> y formaciones en diferentes materias sociales.<\/p>\n<p>\n\tDesarrollan su labor en la Granja Escuela de Ollo y en el Centro Ocupacional Hirikimuak en Pamplona. Ambos centros ofrecen 40 plazas, destinadas a la capacitaci\u00f3n profesional y desarrollo de habilidades, <strong>integraci\u00f3n y participaci\u00f3n de personas con discapacidad intelectual<\/strong> y\/o problemas conductuales.<\/p>\n<p>\n\tA trav\u00e9s de las distintas acciones llevadas a cabo en los centros ocupacionales el objetivo es ofrecer mecanismos para que adquieran competencias laborales y sociales necesarias para llevar una vida adulta independiente.<\/p>\n<p>\n\t<img decoding=\"async\" alt=\"\" src=\"http:\/\/www.fiarebancaetica.coop\/app\/uploads\/sites\/2\/2023\/12\/1-scaled.jpg\" style=\"width: 540px; height: 250px;\" \/><\/p>\n<h2>\n\tPrograma de actividades<\/h2>\n<p>\n\tGure Sustraiak pone especial \u00e9nfasis en que las personas con discapacidad intelectual con grandes necesidades de apoyo adquieran competencias para la vida diaria desarrollando actividades de ganader\u00eda y huerto y agroecolog\u00eda. Todas estas acciones sirven, adem\u00e1s, para adquirir rutinas y capacidad de organizaci\u00f3n o desarrollo de la capacidad de expresi\u00f3n y habla.<\/p>\n<p>\n\t<img decoding=\"async\" alt=\"\" src=\"http:\/\/www.fiarebancaetica.coop\/app\/uploads\/sites\/2\/2023\/12\/7-scaled.jpg\" style=\"width: 561px; height: 297px;\" \/><\/p>\n<h2>\n\tCentros ocupacionales<\/h2>\n<p>\n\tLos centros ocupacionales est\u00e1n destinados tanto a las personas usuarias, como a sus familias y a las personas trabajadoras.&nbsp; De ese modo, dentro de esas \u00e1reas de acci\u00f3n, se desarrollan distintos m\u00f3dulos de actividad en la que se abordan temas transversales como la autonom\u00eda personal, la diversidad, las inteligencias m\u00faltiples y h\u00e1bitos saludables en distintos aspectos, favoreciendo su integraci\u00f3n en la sociedad e impulsando su participaci\u00f3n en la vida comunitaria, del pueblo o barrio en el que vivan.<\/p>\n<p>\n\t<a href=\"http:\/\/www.granjaescuelaguresustraiak.com\">www.granjaescuelaguresustraiak.com<\/a><\/p>\n<p>\n\t________________________________________________________________________________<\/p>\n<h1>\n\t<a id=\"eu\" name=\"eu\"><\/a>Gure Sustraiak, bi hamarkada landa eremuko berrikuntza sozialean<br \/>\n\tNafarroan<\/h1>\n<p>\n\t<br \/>\n\tNafarroako proiektu eraldatzaile honen funtsa da bere zerbitzuak eskuragarriak izatea pertsona guztientzat, ekonomia iraunkorreko eredu batean oinarrituz. Turismo inklusiboaren erreferente izan nahi du estatuan.<\/p>\n<p>\n\tGure Sustraiak kooperatiba bat da, eta bertan ingurumen-hezkuntzako, turismo inklusiboko, animaliekin egindako jarduera terapeutikoetako eta hainbat gizarte-gairi buruzko jarduerak egiten dira.<\/p>\n<p>\n\tOlloko baserri-eskolan eta Iru\u00f1eko Hirikimuak okupazio-zentroan lan egiten dute. Bi zentroek 40 plaza eskaintzen dituzte, lanbide-gaitasunak eta trebetasunak garatzeko, eta adimen- desgaitasuna eta\/edo jokabide-arazoak dituzten pertsonen integraziorako eta partaidetzarako.<\/p>\n<p>\n\tOkupazio-zentroetan gauzatutako askotariko jardueren bidez, helburua da helduaro independente bat izateko beharrezkoak diren lan- eta gizarte-gaitasunak eskutu ahal izateko mekanismoak eskaintzea.<\/p>\n<h2>\n\tJardueren programa<\/h2>\n<p>\n\tGure Sustraiak kooperatibak ahalegin berezia egiten du adimen urritasuna izan eta laguntza- premia handia duten pertsonek eguneroko bizitzarako gaitasunak eskura ditzaten, abeltzaintzako, baratzeko eta agroekologiako jarduerak garatuz. Jarduera horiek guztiek, gainera, errutinak eta antolatzeko gaitasuna eskuratzeko nahiz adierazteko eta hitz egiteko gaitasuna garatzeko balio dute.<\/p>\n<h2>\n\tOkupazio-zentroak<\/h2>\n<p>\n\tErabiltzaileei, haien familiei eta langileei zuzenduta daude okupazio-zentroak. Ekintza-arloen barruan, hainbat jarduera-modulu garatzen dira, eta gai transbertsalak lantzen dira, hala nola autonomia pertsonala, aniztasuna, askotariko adimenak eta hainbat arlotako ohitura osasungarriak. Hala, gizartean integratzen laguntzen zaie, eta bizi diren herriko edo auzoko bizitza komunitarioan parte hartzea bultzatzen da.<\/p>\n<p>\n\t<img decoding=\"async\" alt=\"\" src=\"http:\/\/www.fiarebancaetica.coop\/app\/uploads\/sites\/2\/2023\/12\/3v.jpg\" style=\"width: 561px; height: 297px;\" \/><\/p>\n<p>\n\t&nbsp;<\/p>\n\n<\/div>","protected":false},"excerpt":{"rendered":"<p>\n\tLa esencia de este proyecto transformador de Navarra es que sus servicios sean accesibles a todas las personas, bajo un modelo de econom\u00eda sostenible, que aspira a ser un referente de turismo inclusivo en el Estado.<\/p>\n","protected":false},"author":2,"featured_media":329953,"comment_status":"open","ping_status":"closed","sticky":false,"template":"","format":"standard","meta":{"_acf_changed":false,"footnotes":""},"categories":[11663],"tags":[11902],"coauthors":[2891],"class_list":["post-343570","post","type-post","status-publish","format-standard","has-post-thumbnail","hentry","category-eragin-positiboa-duten-istorioak","tag-errealitate-finantzatuak"],"acf":[],"yoast_head":"<!-- This site is optimized with the Yoast SEO plugin v26.9 - https:\/\/yoast.com\/product\/yoast-seo-wordpress\/ -->\n<title>Gure Sustraiak, dos d\u00e9cadas de innovaci\u00f3n social rural en Navarra - Fiare Banca Etica<\/title>\n<meta name=\"robots\" content=\"index, follow, max-snippet:-1, max-image-preview:large, max-video-preview:-1\" \/>\n<link rel=\"canonical\" href=\"https:\/\/www.fiarebancaetica.coop\/eu\/gure-sustraiak\/\" \/>\n<meta property=\"og:locale\" content=\"eu_ES\" \/>\n<meta property=\"og:type\" content=\"article\" \/>\n<meta property=\"og:title\" content=\"Gure Sustraiak, dos d\u00e9cadas de innovaci\u00f3n social rural en Navarra - Fiare Banca Etica\" \/>\n<meta property=\"og:description\" content=\"La esencia de este proyecto transformador de Navarra es que sus servicios sean accesibles a todas las personas, bajo un modelo de econom\u00eda sostenible, que aspira a ser un referente de turismo inclusivo en el Estado.\" \/>\n<meta property=\"og:url\" content=\"https:\/\/www.fiarebancaetica.coop\/eu\/gure-sustraiak\/\" \/>\n<meta property=\"og:site_name\" content=\"Fiare Banca Etica\" \/>\n<meta property=\"article:published_time\" content=\"2022-02-20T23:00:00+00:00\" \/>\n<meta property=\"article:modified_time\" content=\"2024-05-28T13:36:34+00:00\" \/>\n<meta property=\"og:image\" content=\"https:\/\/www.fiarebancaetica.coop\/app\/uploads\/sites\/2\/2023\/12\/gure-sustraiak-dos-decadas-de-innovacion-social-rural-en-navarra.jpg\" \/>\n\t<meta property=\"og:image:width\" content=\"561\" \/>\n\t<meta property=\"og:image:height\" content=\"297\" \/>\n\t<meta property=\"og:image:type\" content=\"image\/jpeg\" \/>\n<meta name=\"author\" content=\"crispyadmin0\" \/>\n<meta name=\"twitter:card\" content=\"summary_large_image\" \/>\n<script type=\"application\/ld+json\" class=\"yoast-schema-graph\">{\"@context\":\"https:\/\/schema.org\",\"@graph\":[{\"@type\":\"Article\",\"@id\":\"https:\/\/www.fiarebancaetica.coop\/eu\/gure-sustraiak\/#article\",\"isPartOf\":{\"@id\":\"https:\/\/www.fiarebancaetica.coop\/eu\/gure-sustraiak\/\"},\"author\":{\"name\":\"crispyadmin0\",\"@id\":\"https:\/\/www.fiarebancaetica.coop\/eu\/#\/schema\/person\/579841e89c804b5db05d9141bd9b8272\"},\"headline\":\"Gure Sustraiak, dos d\u00e9cadas de innovaci\u00f3n social rural en Navarra\",\"datePublished\":\"2022-02-20T23:00:00+00:00\",\"dateModified\":\"2024-05-28T13:36:34+00:00\",\"mainEntityOfPage\":{\"@id\":\"https:\/\/www.fiarebancaetica.coop\/eu\/gure-sustraiak\/\"},\"wordCount\":507,\"commentCount\":0,\"image\":{\"@id\":\"https:\/\/www.fiarebancaetica.coop\/eu\/gure-sustraiak\/#primaryimage\"},\"thumbnailUrl\":\"https:\/\/www.fiarebancaetica.coop\/app\/uploads\/sites\/2\/2023\/12\/gure-sustraiak-dos-decadas-de-innovacion-social-rural-en-navarra.jpg\",\"keywords\":[\"Errealitate finantzatuak\"],\"articleSection\":[\"Eragin positiboa duten istorioak\"],\"inLanguage\":\"eu\",\"potentialAction\":[{\"@type\":\"CommentAction\",\"name\":\"Comment\",\"target\":[\"https:\/\/www.fiarebancaetica.coop\/eu\/gure-sustraiak\/#respond\"]}]},{\"@type\":\"WebPage\",\"@id\":\"https:\/\/www.fiarebancaetica.coop\/eu\/gure-sustraiak\/\",\"url\":\"https:\/\/www.fiarebancaetica.coop\/eu\/gure-sustraiak\/\",\"name\":\"Gure Sustraiak, dos d\u00e9cadas de innovaci\u00f3n social rural en Navarra - Fiare Banca Etica\",\"isPartOf\":{\"@id\":\"https:\/\/www.fiarebancaetica.coop\/eu\/#website\"},\"primaryImageOfPage\":{\"@id\":\"https:\/\/www.fiarebancaetica.coop\/eu\/gure-sustraiak\/#primaryimage\"},\"image\":{\"@id\":\"https:\/\/www.fiarebancaetica.coop\/eu\/gure-sustraiak\/#primaryimage\"},\"thumbnailUrl\":\"https:\/\/www.fiarebancaetica.coop\/app\/uploads\/sites\/2\/2023\/12\/gure-sustraiak-dos-decadas-de-innovacion-social-rural-en-navarra.jpg\",\"datePublished\":\"2022-02-20T23:00:00+00:00\",\"dateModified\":\"2024-05-28T13:36:34+00:00\",\"author\":{\"@id\":\"https:\/\/www.fiarebancaetica.coop\/eu\/#\/schema\/person\/579841e89c804b5db05d9141bd9b8272\"},\"breadcrumb\":{\"@id\":\"https:\/\/www.fiarebancaetica.coop\/eu\/gure-sustraiak\/#breadcrumb\"},\"inLanguage\":\"eu\",\"potentialAction\":[{\"@type\":\"ReadAction\",\"target\":[\"https:\/\/www.fiarebancaetica.coop\/eu\/gure-sustraiak\/\"]}]},{\"@type\":\"ImageObject\",\"inLanguage\":\"eu\",\"@id\":\"https:\/\/www.fiarebancaetica.coop\/eu\/gure-sustraiak\/#primaryimage\",\"url\":\"https:\/\/www.fiarebancaetica.coop\/app\/uploads\/sites\/2\/2023\/12\/gure-sustraiak-dos-decadas-de-innovacion-social-rural-en-navarra.jpg\",\"contentUrl\":\"https:\/\/www.fiarebancaetica.coop\/app\/uploads\/sites\/2\/2023\/12\/gure-sustraiak-dos-decadas-de-innovacion-social-rural-en-navarra.jpg\",\"width\":561,\"height\":297},{\"@type\":\"BreadcrumbList\",\"@id\":\"https:\/\/www.fiarebancaetica.coop\/eu\/gure-sustraiak\/#breadcrumb\",\"itemListElement\":[{\"@type\":\"ListItem\",\"position\":1,\"name\":\"Home\",\"item\":\"https:\/\/www.fiarebancaetica.coop\/eu\/\"},{\"@type\":\"ListItem\",\"position\":2,\"name\":\"Gure Sustraiak, dos d\u00e9cadas de innovaci\u00f3n social rural en Navarra\"}]},{\"@type\":\"WebSite\",\"@id\":\"https:\/\/www.fiarebancaetica.coop\/eu\/#website\",\"url\":\"https:\/\/www.fiarebancaetica.coop\/eu\/\",\"name\":\"Fiare Banca Etica\",\"description\":\"\",\"potentialAction\":[{\"@type\":\"SearchAction\",\"target\":{\"@type\":\"EntryPoint\",\"urlTemplate\":\"https:\/\/www.fiarebancaetica.coop\/eu\/?s={search_term_string}\"},\"query-input\":{\"@type\":\"PropertyValueSpecification\",\"valueRequired\":true,\"valueName\":\"search_term_string\"}}],\"inLanguage\":\"eu\"},{\"@type\":\"Person\",\"@id\":\"https:\/\/www.fiarebancaetica.coop\/eu\/#\/schema\/person\/579841e89c804b5db05d9141bd9b8272\",\"name\":\"crispyadmin0\",\"image\":{\"@type\":\"ImageObject\",\"inLanguage\":\"eu\",\"@id\":\"https:\/\/www.fiarebancaetica.coop\/eu\/#\/schema\/person\/image\/5f3a6b7786f32f4c35bd2b1a5a4698ea\",\"url\":\"https:\/\/secure.gravatar.com\/avatar\/4d2cfb499d497b6d49da659fab7404b243a87fe8e40d2cf97a1cae48f677f5b2?s=96&d=mm&r=g\",\"contentUrl\":\"https:\/\/secure.gravatar.com\/avatar\/4d2cfb499d497b6d49da659fab7404b243a87fe8e40d2cf97a1cae48f677f5b2?s=96&d=mm&r=g\",\"caption\":\"crispyadmin0\"},\"sameAs\":[\"crispyadmin0\"]}]}<\/script>\n<!-- \/ Yoast SEO plugin. -->","yoast_head_json":{"title":"Gure Sustraiak, dos d\u00e9cadas de innovaci\u00f3n social rural en Navarra - Fiare Banca Etica","robots":{"index":"index","follow":"follow","max-snippet":"max-snippet:-1","max-image-preview":"max-image-preview:large","max-video-preview":"max-video-preview:-1"},"canonical":"https:\/\/www.fiarebancaetica.coop\/eu\/gure-sustraiak\/","og_locale":"eu_ES","og_type":"article","og_title":"Gure Sustraiak, dos d\u00e9cadas de innovaci\u00f3n social rural en Navarra - Fiare Banca Etica","og_description":"La esencia de este proyecto transformador de Navarra es que sus servicios sean accesibles a todas las personas, bajo un modelo de econom\u00eda sostenible, que aspira a ser un referente de turismo inclusivo en el Estado.","og_url":"https:\/\/www.fiarebancaetica.coop\/eu\/gure-sustraiak\/","og_site_name":"Fiare Banca Etica","article_published_time":"2022-02-20T23:00:00+00:00","article_modified_time":"2024-05-28T13:36:34+00:00","og_image":[{"width":561,"height":297,"url":"https:\/\/www.fiarebancaetica.coop\/app\/uploads\/sites\/2\/2023\/12\/gure-sustraiak-dos-decadas-de-innovacion-social-rural-en-navarra.jpg","type":"image\/jpeg"}],"author":"crispyadmin0","twitter_card":"summary_large_image","schema":{"@context":"https:\/\/schema.org","@graph":[{"@type":"Article","@id":"https:\/\/www.fiarebancaetica.coop\/eu\/gure-sustraiak\/#article","isPartOf":{"@id":"https:\/\/www.fiarebancaetica.coop\/eu\/gure-sustraiak\/"},"author":{"name":"crispyadmin0","@id":"https:\/\/www.fiarebancaetica.coop\/eu\/#\/schema\/person\/579841e89c804b5db05d9141bd9b8272"},"headline":"Gure Sustraiak, dos d\u00e9cadas de innovaci\u00f3n social rural en Navarra","datePublished":"2022-02-20T23:00:00+00:00","dateModified":"2024-05-28T13:36:34+00:00","mainEntityOfPage":{"@id":"https:\/\/www.fiarebancaetica.coop\/eu\/gure-sustraiak\/"},"wordCount":507,"commentCount":0,"image":{"@id":"https:\/\/www.fiarebancaetica.coop\/eu\/gure-sustraiak\/#primaryimage"},"thumbnailUrl":"https:\/\/www.fiarebancaetica.coop\/app\/uploads\/sites\/2\/2023\/12\/gure-sustraiak-dos-decadas-de-innovacion-social-rural-en-navarra.jpg","keywords":["Errealitate finantzatuak"],"articleSection":["Eragin positiboa duten istorioak"],"inLanguage":"eu","potentialAction":[{"@type":"CommentAction","name":"Comment","target":["https:\/\/www.fiarebancaetica.coop\/eu\/gure-sustraiak\/#respond"]}]},{"@type":"WebPage","@id":"https:\/\/www.fiarebancaetica.coop\/eu\/gure-sustraiak\/","url":"https:\/\/www.fiarebancaetica.coop\/eu\/gure-sustraiak\/","name":"Gure Sustraiak, dos d\u00e9cadas de innovaci\u00f3n social rural en Navarra - Fiare Banca Etica","isPartOf":{"@id":"https:\/\/www.fiarebancaetica.coop\/eu\/#website"},"primaryImageOfPage":{"@id":"https:\/\/www.fiarebancaetica.coop\/eu\/gure-sustraiak\/#primaryimage"},"image":{"@id":"https:\/\/www.fiarebancaetica.coop\/eu\/gure-sustraiak\/#primaryimage"},"thumbnailUrl":"https:\/\/www.fiarebancaetica.coop\/app\/uploads\/sites\/2\/2023\/12\/gure-sustraiak-dos-decadas-de-innovacion-social-rural-en-navarra.jpg","datePublished":"2022-02-20T23:00:00+00:00","dateModified":"2024-05-28T13:36:34+00:00","author":{"@id":"https:\/\/www.fiarebancaetica.coop\/eu\/#\/schema\/person\/579841e89c804b5db05d9141bd9b8272"},"breadcrumb":{"@id":"https:\/\/www.fiarebancaetica.coop\/eu\/gure-sustraiak\/#breadcrumb"},"inLanguage":"eu","potentialAction":[{"@type":"ReadAction","target":["https:\/\/www.fiarebancaetica.coop\/eu\/gure-sustraiak\/"]}]},{"@type":"ImageObject","inLanguage":"eu","@id":"https:\/\/www.fiarebancaetica.coop\/eu\/gure-sustraiak\/#primaryimage","url":"https:\/\/www.fiarebancaetica.coop\/app\/uploads\/sites\/2\/2023\/12\/gure-sustraiak-dos-decadas-de-innovacion-social-rural-en-navarra.jpg","contentUrl":"https:\/\/www.fiarebancaetica.coop\/app\/uploads\/sites\/2\/2023\/12\/gure-sustraiak-dos-decadas-de-innovacion-social-rural-en-navarra.jpg","width":561,"height":297},{"@type":"BreadcrumbList","@id":"https:\/\/www.fiarebancaetica.coop\/eu\/gure-sustraiak\/#breadcrumb","itemListElement":[{"@type":"ListItem","position":1,"name":"Home","item":"https:\/\/www.fiarebancaetica.coop\/eu\/"},{"@type":"ListItem","position":2,"name":"Gure Sustraiak, dos d\u00e9cadas de innovaci\u00f3n social rural en Navarra"}]},{"@type":"WebSite","@id":"https:\/\/www.fiarebancaetica.coop\/eu\/#website","url":"https:\/\/www.fiarebancaetica.coop\/eu\/","name":"Fiare Banca Etica","description":"","potentialAction":[{"@type":"SearchAction","target":{"@type":"EntryPoint","urlTemplate":"https:\/\/www.fiarebancaetica.coop\/eu\/?s={search_term_string}"},"query-input":{"@type":"PropertyValueSpecification","valueRequired":true,"valueName":"search_term_string"}}],"inLanguage":"eu"},{"@type":"Person","@id":"https:\/\/www.fiarebancaetica.coop\/eu\/#\/schema\/person\/579841e89c804b5db05d9141bd9b8272","name":"crispyadmin0","image":{"@type":"ImageObject","inLanguage":"eu","@id":"https:\/\/www.fiarebancaetica.coop\/eu\/#\/schema\/person\/image\/5f3a6b7786f32f4c35bd2b1a5a4698ea","url":"https:\/\/secure.gravatar.com\/avatar\/4d2cfb499d497b6d49da659fab7404b243a87fe8e40d2cf97a1cae48f677f5b2?s=96&d=mm&r=g","contentUrl":"https:\/\/secure.gravatar.com\/avatar\/4d2cfb499d497b6d49da659fab7404b243a87fe8e40d2cf97a1cae48f677f5b2?s=96&d=mm&r=g","caption":"crispyadmin0"},"sameAs":["crispyadmin0"]}]}},"_links":{"self":[{"href":"https:\/\/www.fiarebancaetica.coop\/eu\/wp-json\/wp\/v2\/posts\/343570","targetHints":{"allow":["GET"]}}],"collection":[{"href":"https:\/\/www.fiarebancaetica.coop\/eu\/wp-json\/wp\/v2\/posts"}],"about":[{"href":"https:\/\/www.fiarebancaetica.coop\/eu\/wp-json\/wp\/v2\/types\/post"}],"author":[{"embeddable":true,"href":"https:\/\/www.fiarebancaetica.coop\/eu\/wp-json\/wp\/v2\/users\/2"}],"replies":[{"embeddable":true,"href":"https:\/\/www.fiarebancaetica.coop\/eu\/wp-json\/wp\/v2\/comments?post=343570"}],"version-history":[{"count":3,"href":"https:\/\/www.fiarebancaetica.coop\/eu\/wp-json\/wp\/v2\/posts\/343570\/revisions"}],"predecessor-version":[{"id":375619,"href":"https:\/\/www.fiarebancaetica.coop\/eu\/wp-json\/wp\/v2\/posts\/343570\/revisions\/375619"}],"wp:featuredmedia":[{"embeddable":true,"href":"https:\/\/www.fiarebancaetica.coop\/eu\/wp-json\/wp\/v2\/media\/329953"}],"wp:attachment":[{"href":"https:\/\/www.fiarebancaetica.coop\/eu\/wp-json\/wp\/v2\/media?parent=343570"}],"wp:term":[{"taxonomy":"category","embeddable":true,"href":"https:\/\/www.fiarebancaetica.coop\/eu\/wp-json\/wp\/v2\/categories?post=343570"},{"taxonomy":"post_tag","embeddable":true,"href":"https:\/\/www.fiarebancaetica.coop\/eu\/wp-json\/wp\/v2\/tags?post=343570"},{"taxonomy":"author","embeddable":true,"href":"https:\/\/www.fiarebancaetica.coop\/eu\/wp-json\/wp\/v2\/coauthors?post=343570"}],"curies":[{"name":"wp","href":"https:\/\/api.w.org\/{rel}","templated":true}]}}