{"id":343610,"date":"2022-01-24T00:00:00","date_gmt":"2022-01-23T23:00:00","guid":{"rendered":"https:\/\/www.fiarebancaetica.coop\/tarjetas-de-credito-contra-la-estigmatizacion\/"},"modified":"2024-02-21T15:05:09","modified_gmt":"2024-02-21T14:05:09","slug":"tarjetas-de-credito-contra-la-estigmatizacion","status":"publish","type":"post","link":"https:\/\/www.fiarebancaetica.coop\/eu\/tarjetas-de-credito-contra-la-estigmatizacion\/","title":{"rendered":"Tarjetas de cr\u00e9dito contra la estigmatizaci\u00f3n"},"content":{"rendered":"\n\n<div class=\"wp-block-bancaetica-blocks-blocks-block-49\">\n    <div class=\"container-block-49\">\n\n        <div class=\"header-section \">\n                            <h1 class=\"section-title\"> Etica e cooperativa <\/h1>\n                                            <\/div>\n\n        \n        <div class=\"block-background\" style=\"background-image: url('https:\/\/www.fiarebancaetica.coop\/app\/uploads\/sites\/2\/2023\/12\/tarjetas-de-credito-contra-estigmatizacion-una-apuesta-por-dignificacion-y-autonomia-de-las-personas.jpg')\">\n                            <div class=\"tile\">\n                    <h1 class=\"image-title\"> Tarjetas de cr\u00e9dito contra la estigmatizaci\u00f3n <\/h1>\n                <\/div>             <!-- end .tile -->\n            <div class=\"bottom-content\">\n                            <\/div> <!-- end .button-content -->\n        <\/div> <!-- end .block-background -->\n    <\/div> <!-- end .container -->\n<\/div> <!-- end wp-block-bancaetica-blocks-blocks-block-06 -->\n\n\n<div class=\"wrapper-crispybacon-class wrapper-crispybacon-class-boxed \">\n    <h2>\n\tUna apuesta por la dignificaci\u00f3n y la autonom\u00eda de las personas vulnerables<\/h2>\n<p><strong>C\u00e1ritas Espa\u00f1ola y Fiare Banca Etica <\/strong>se unen para ofrecer un nuevo sistema de <strong>tarjetas bancarias prepago<\/strong> para que las personas participantes de las diversas C\u00e1ritas Diocesanas del pa\u00eds puedan comprar alimentos, ropa y productos de primera necesidad &#8220;de una manera sencilla y discreta&#8221;. Este modelo supone una apuesta por un modelo de ayuda que <strong>asegura la dignidad y la autonom\u00eda <\/strong>personal a la hora de acceder a estos derechos.<\/p>\n<p>En la actualidad ya se han emitido <strong>m\u00e1s de 600 tarjetas<\/strong> dentro de este convenio y son numerosas las C\u00e1ritas Diocesanas (como Santander, Bilbao, Tortosa o Valladolid) que vienen utilizando este instrumento en sus modelos de acompa\u00f1amiento a las personas y familias vulnerables, con el fin de garantizar de una manera digna su acceso a bienes b\u00e1sicos, como es el caso de los solicitantes de ayuda alimentaria en los diferentes territorios diocesanos.<\/p>\n<p>Esta colaboraci\u00f3n con Fiare Banca Etica har\u00e1 posible a corto plazo la progresiva incorporaci\u00f3n de nuevas C\u00e1ritas a esta modalidad de respuesta a las situaciones de gran precariedad, que se inspira en la dignificaci\u00f3n de la ayuda y el respeto a la autonom\u00eda de los participantes.<\/p>\n<p>Se trata de una tarjeta prepago que permitir\u00e1 a las personas atendidas comprar con autonom\u00eda en los comercios de alimentaci\u00f3n mediante la ayuda econ\u00f3mica que reciban y se entregar\u00e1 a las familias que sean valoradas desde los recursos de Acogida de cada C\u00e1ritas. La cantidad asignada depender\u00e1 en cada caso de la necesidad y el n\u00famero de miembros de la unidad familiar.<\/p>\n<p>Con este nuevo proyecto se quiere <strong>proteger el anonimato absoluto<\/strong> de la persona que, por su situaci\u00f3n actual, acude a la entidad y posibilita a las familias el acceso a productos perecederos y frescos, as\u00ed como a art\u00edculos de higiene personal y del hogar.<\/p>\n<p>Esta modalidad <strong>evita la estigmatizaci\u00f3n y potencia la participaci\u00f3n e inclusi\u00f3n de las personas beneficiarias<\/strong>, al poder escoger de manera aut\u00f3noma diversidad de alimentos en establecimientos de proximidad y no tener que acudir a centros ben\u00e9ficos de reparto de alimentos.<\/p>\n<p>\u00abSe trata de responder a estos nuevos tiempos con nuevas f\u00f3rmulas que permitan cubrir las necesidades b\u00e1sicas desde una apuesta por la dignificaci\u00f3n de las personas y de las ayudas, adem\u00e1s de fortalecer el comercio de proximidad \u00bb, explican desde C\u00e1ritas.<\/p>\n<h2>\n\tSumando esfuerzos para facilitar el acceso a servicios financieros \u00e9ticos a las personas vulnerables<\/h2>\n<p>Fiare Banca Etica y C\u00e1ritas Espa\u00f1ola firmaron a principios de a\u00f1o un convenio dirigido a facilitar el acceso a los productos y servicios financieros de Fiare Banca \u00c9tica, que est\u00e1 sirviendo para fortalecer la relaci\u00f3n entre ambas entidades y avanzar en la defensa de valores comunes, como la inclusi\u00f3n financiera, la cooperaci\u00f3n y la solidaridad, en los que llevan a\u00f1os trabajando juntas.<\/p>\n<h2>\n\tLa apuesta por las finanzas \u00e9ticas y la econom\u00eda solidaria de C\u00e1ritas<\/h2>\n<p>Como se\u00f1al\u00f3 la secretaria general de C\u00e1ritas Espa\u00f1ola, Natalia Peiro, en el acto de la firma del convenio, \u201cesta colaboraci\u00f3n con Fiare Banca Etica <strong>parte de nuestra apuesta por un modelo de entidades financieras en el que valores como el respeto a los derechos humanos y el cuidado de la creaci\u00f3n marquen sus inversiones<\/strong>\u201d. \u201cC\u00e1ritas lleva a\u00f1os defendiendo un modelo de gesti\u00f3n financiera comprometido con la construcci\u00f3n de un mundo m\u00e1s justo en el que se prime a las personas por encima del beneficio econ\u00f3mico y este acuerdo va a reforzar ese objetivo\u201d, a\u00f1adi\u00f3.<\/p>\n<p>La apuesta de C\u00e1ritas por la Econom\u00eda Solidaria, a la que el a\u00f1o 2020 se destinaron 57.095.035 euros, demuestra que existe otro modo de hacer econom\u00eda y de hacer empresa, y de que s\u00ed es posible una econom\u00eda al servicio de las personas donde estas sean la prioridad por encima del beneficio econ\u00f3mico.<\/p>\n<\/div>","protected":false},"excerpt":{"rendered":"<p>C\u00e1ritas y Fiare Banca Etica facilitan tarjetas prepago a personas en situaci\u00f3n de vulnerabilidad para realizar compras de primera necesidad<\/p>\n","protected":false},"author":2,"featured_media":329923,"comment_status":"open","ping_status":"closed","sticky":false,"template":"","format":"standard","meta":{"_acf_changed":false,"footnotes":""},"categories":[11644],"tags":[],"coauthors":[],"class_list":["post-343610","post","type-post","status-publish","format-standard","has-post-thumbnail","hentry","category-finantza-etikoak"],"acf":[],"yoast_head":"<!-- This site is optimized with the Yoast SEO plugin v26.9 - https:\/\/yoast.com\/product\/yoast-seo-wordpress\/ -->\n<title>Tarjetas de cr\u00e9dito contra la estigmatizaci\u00f3n - Fiare Banca Etica<\/title>\n<meta name=\"robots\" content=\"index, follow, max-snippet:-1, max-image-preview:large, max-video-preview:-1\" \/>\n<link rel=\"canonical\" href=\"https:\/\/www.fiarebancaetica.coop\/eu\/tarjetas-de-credito-contra-la-estigmatizacion\/\" \/>\n<meta property=\"og:locale\" content=\"eu_ES\" \/>\n<meta property=\"og:type\" content=\"article\" \/>\n<meta property=\"og:title\" content=\"Tarjetas de cr\u00e9dito contra la estigmatizaci\u00f3n - Fiare Banca Etica\" \/>\n<meta property=\"og:description\" content=\"C\u00e1ritas y Fiare Banca Etica facilitan tarjetas prepago a personas en situaci\u00f3n de vulnerabilidad para realizar compras de primera necesidad\" \/>\n<meta property=\"og:url\" content=\"https:\/\/www.fiarebancaetica.coop\/eu\/tarjetas-de-credito-contra-la-estigmatizacion\/\" \/>\n<meta property=\"og:site_name\" content=\"Fiare Banca Etica\" \/>\n<meta property=\"article:published_time\" content=\"2022-01-23T23:00:00+00:00\" \/>\n<meta property=\"article:modified_time\" content=\"2024-02-21T14:05:09+00:00\" \/>\n<meta property=\"og:image\" content=\"https:\/\/www.fiarebancaetica.coop\/app\/uploads\/sites\/2\/2023\/12\/tarjetas-de-credito-contra-estigmatizacion-una-apuesta-por-dignificacion-y-autonomia-de-las-personas.jpg\" \/>\n\t<meta property=\"og:image:width\" content=\"540\" \/>\n\t<meta property=\"og:image:height\" content=\"250\" \/>\n\t<meta property=\"og:image:type\" content=\"image\/jpeg\" \/>\n<meta name=\"author\" content=\"crispyadmin0\" \/>\n<meta name=\"twitter:card\" content=\"summary_large_image\" \/>\n<script type=\"application\/ld+json\" class=\"yoast-schema-graph\">{\"@context\":\"https:\/\/schema.org\",\"@graph\":[{\"@type\":\"Article\",\"@id\":\"https:\/\/www.fiarebancaetica.coop\/eu\/tarjetas-de-credito-contra-la-estigmatizacion\/#article\",\"isPartOf\":{\"@id\":\"https:\/\/www.fiarebancaetica.coop\/eu\/tarjetas-de-credito-contra-la-estigmatizacion\/\"},\"author\":{\"name\":\"crispyadmin0\",\"@id\":\"https:\/\/www.fiarebancaetica.coop\/eu\/#\/schema\/person\/579841e89c804b5db05d9141bd9b8272\"},\"headline\":\"Tarjetas de cr\u00e9dito contra la estigmatizaci\u00f3n\",\"datePublished\":\"2022-01-23T23:00:00+00:00\",\"dateModified\":\"2024-02-21T14:05:09+00:00\",\"mainEntityOfPage\":{\"@id\":\"https:\/\/www.fiarebancaetica.coop\/eu\/tarjetas-de-credito-contra-la-estigmatizacion\/\"},\"wordCount\":686,\"commentCount\":0,\"image\":{\"@id\":\"https:\/\/www.fiarebancaetica.coop\/eu\/tarjetas-de-credito-contra-la-estigmatizacion\/#primaryimage\"},\"thumbnailUrl\":\"https:\/\/www.fiarebancaetica.coop\/app\/uploads\/sites\/2\/2023\/12\/tarjetas-de-credito-contra-estigmatizacion-una-apuesta-por-dignificacion-y-autonomia-de-las-personas.jpg\",\"articleSection\":[\"Finantza etikoak\"],\"inLanguage\":\"eu\",\"potentialAction\":[{\"@type\":\"CommentAction\",\"name\":\"Comment\",\"target\":[\"https:\/\/www.fiarebancaetica.coop\/eu\/tarjetas-de-credito-contra-la-estigmatizacion\/#respond\"]}]},{\"@type\":\"WebPage\",\"@id\":\"https:\/\/www.fiarebancaetica.coop\/eu\/tarjetas-de-credito-contra-la-estigmatizacion\/\",\"url\":\"https:\/\/www.fiarebancaetica.coop\/eu\/tarjetas-de-credito-contra-la-estigmatizacion\/\",\"name\":\"Tarjetas de cr\u00e9dito contra la estigmatizaci\u00f3n - Fiare Banca Etica\",\"isPartOf\":{\"@id\":\"https:\/\/www.fiarebancaetica.coop\/eu\/#website\"},\"primaryImageOfPage\":{\"@id\":\"https:\/\/www.fiarebancaetica.coop\/eu\/tarjetas-de-credito-contra-la-estigmatizacion\/#primaryimage\"},\"image\":{\"@id\":\"https:\/\/www.fiarebancaetica.coop\/eu\/tarjetas-de-credito-contra-la-estigmatizacion\/#primaryimage\"},\"thumbnailUrl\":\"https:\/\/www.fiarebancaetica.coop\/app\/uploads\/sites\/2\/2023\/12\/tarjetas-de-credito-contra-estigmatizacion-una-apuesta-por-dignificacion-y-autonomia-de-las-personas.jpg\",\"datePublished\":\"2022-01-23T23:00:00+00:00\",\"dateModified\":\"2024-02-21T14:05:09+00:00\",\"author\":{\"@id\":\"https:\/\/www.fiarebancaetica.coop\/eu\/#\/schema\/person\/579841e89c804b5db05d9141bd9b8272\"},\"breadcrumb\":{\"@id\":\"https:\/\/www.fiarebancaetica.coop\/eu\/tarjetas-de-credito-contra-la-estigmatizacion\/#breadcrumb\"},\"inLanguage\":\"eu\",\"potentialAction\":[{\"@type\":\"ReadAction\",\"target\":[\"https:\/\/www.fiarebancaetica.coop\/eu\/tarjetas-de-credito-contra-la-estigmatizacion\/\"]}]},{\"@type\":\"ImageObject\",\"inLanguage\":\"eu\",\"@id\":\"https:\/\/www.fiarebancaetica.coop\/eu\/tarjetas-de-credito-contra-la-estigmatizacion\/#primaryimage\",\"url\":\"https:\/\/www.fiarebancaetica.coop\/app\/uploads\/sites\/2\/2023\/12\/tarjetas-de-credito-contra-estigmatizacion-una-apuesta-por-dignificacion-y-autonomia-de-las-personas.jpg\",\"contentUrl\":\"https:\/\/www.fiarebancaetica.coop\/app\/uploads\/sites\/2\/2023\/12\/tarjetas-de-credito-contra-estigmatizacion-una-apuesta-por-dignificacion-y-autonomia-de-las-personas.jpg\",\"width\":540,\"height\":250},{\"@type\":\"BreadcrumbList\",\"@id\":\"https:\/\/www.fiarebancaetica.coop\/eu\/tarjetas-de-credito-contra-la-estigmatizacion\/#breadcrumb\",\"itemListElement\":[{\"@type\":\"ListItem\",\"position\":1,\"name\":\"Home\",\"item\":\"https:\/\/www.fiarebancaetica.coop\/eu\/\"},{\"@type\":\"ListItem\",\"position\":2,\"name\":\"Tarjetas de cr\u00e9dito contra la estigmatizaci\u00f3n\"}]},{\"@type\":\"WebSite\",\"@id\":\"https:\/\/www.fiarebancaetica.coop\/eu\/#website\",\"url\":\"https:\/\/www.fiarebancaetica.coop\/eu\/\",\"name\":\"Fiare Banca Etica\",\"description\":\"\",\"potentialAction\":[{\"@type\":\"SearchAction\",\"target\":{\"@type\":\"EntryPoint\",\"urlTemplate\":\"https:\/\/www.fiarebancaetica.coop\/eu\/?s={search_term_string}\"},\"query-input\":{\"@type\":\"PropertyValueSpecification\",\"valueRequired\":true,\"valueName\":\"search_term_string\"}}],\"inLanguage\":\"eu\"},{\"@type\":\"Person\",\"@id\":\"https:\/\/www.fiarebancaetica.coop\/eu\/#\/schema\/person\/579841e89c804b5db05d9141bd9b8272\",\"name\":\"crispyadmin0\",\"image\":{\"@type\":\"ImageObject\",\"inLanguage\":\"eu\",\"@id\":\"https:\/\/www.fiarebancaetica.coop\/eu\/#\/schema\/person\/image\/5f3a6b7786f32f4c35bd2b1a5a4698ea\",\"url\":\"https:\/\/secure.gravatar.com\/avatar\/4d2cfb499d497b6d49da659fab7404b243a87fe8e40d2cf97a1cae48f677f5b2?s=96&d=mm&r=g\",\"contentUrl\":\"https:\/\/secure.gravatar.com\/avatar\/4d2cfb499d497b6d49da659fab7404b243a87fe8e40d2cf97a1cae48f677f5b2?s=96&d=mm&r=g\",\"caption\":\"crispyadmin0\"},\"sameAs\":[\"crispyadmin0\"]}]}<\/script>\n<!-- \/ Yoast SEO plugin. -->","yoast_head_json":{"title":"Tarjetas de cr\u00e9dito contra la estigmatizaci\u00f3n - Fiare Banca Etica","robots":{"index":"index","follow":"follow","max-snippet":"max-snippet:-1","max-image-preview":"max-image-preview:large","max-video-preview":"max-video-preview:-1"},"canonical":"https:\/\/www.fiarebancaetica.coop\/eu\/tarjetas-de-credito-contra-la-estigmatizacion\/","og_locale":"eu_ES","og_type":"article","og_title":"Tarjetas de cr\u00e9dito contra la estigmatizaci\u00f3n - Fiare Banca Etica","og_description":"C\u00e1ritas y Fiare Banca Etica facilitan tarjetas prepago a personas en situaci\u00f3n de vulnerabilidad para realizar compras de primera necesidad","og_url":"https:\/\/www.fiarebancaetica.coop\/eu\/tarjetas-de-credito-contra-la-estigmatizacion\/","og_site_name":"Fiare Banca Etica","article_published_time":"2022-01-23T23:00:00+00:00","article_modified_time":"2024-02-21T14:05:09+00:00","og_image":[{"width":540,"height":250,"url":"https:\/\/www.fiarebancaetica.coop\/app\/uploads\/sites\/2\/2023\/12\/tarjetas-de-credito-contra-estigmatizacion-una-apuesta-por-dignificacion-y-autonomia-de-las-personas.jpg","type":"image\/jpeg"}],"author":"crispyadmin0","twitter_card":"summary_large_image","schema":{"@context":"https:\/\/schema.org","@graph":[{"@type":"Article","@id":"https:\/\/www.fiarebancaetica.coop\/eu\/tarjetas-de-credito-contra-la-estigmatizacion\/#article","isPartOf":{"@id":"https:\/\/www.fiarebancaetica.coop\/eu\/tarjetas-de-credito-contra-la-estigmatizacion\/"},"author":{"name":"crispyadmin0","@id":"https:\/\/www.fiarebancaetica.coop\/eu\/#\/schema\/person\/579841e89c804b5db05d9141bd9b8272"},"headline":"Tarjetas de cr\u00e9dito contra la estigmatizaci\u00f3n","datePublished":"2022-01-23T23:00:00+00:00","dateModified":"2024-02-21T14:05:09+00:00","mainEntityOfPage":{"@id":"https:\/\/www.fiarebancaetica.coop\/eu\/tarjetas-de-credito-contra-la-estigmatizacion\/"},"wordCount":686,"commentCount":0,"image":{"@id":"https:\/\/www.fiarebancaetica.coop\/eu\/tarjetas-de-credito-contra-la-estigmatizacion\/#primaryimage"},"thumbnailUrl":"https:\/\/www.fiarebancaetica.coop\/app\/uploads\/sites\/2\/2023\/12\/tarjetas-de-credito-contra-estigmatizacion-una-apuesta-por-dignificacion-y-autonomia-de-las-personas.jpg","articleSection":["Finantza etikoak"],"inLanguage":"eu","potentialAction":[{"@type":"CommentAction","name":"Comment","target":["https:\/\/www.fiarebancaetica.coop\/eu\/tarjetas-de-credito-contra-la-estigmatizacion\/#respond"]}]},{"@type":"WebPage","@id":"https:\/\/www.fiarebancaetica.coop\/eu\/tarjetas-de-credito-contra-la-estigmatizacion\/","url":"https:\/\/www.fiarebancaetica.coop\/eu\/tarjetas-de-credito-contra-la-estigmatizacion\/","name":"Tarjetas de cr\u00e9dito contra la estigmatizaci\u00f3n - Fiare Banca Etica","isPartOf":{"@id":"https:\/\/www.fiarebancaetica.coop\/eu\/#website"},"primaryImageOfPage":{"@id":"https:\/\/www.fiarebancaetica.coop\/eu\/tarjetas-de-credito-contra-la-estigmatizacion\/#primaryimage"},"image":{"@id":"https:\/\/www.fiarebancaetica.coop\/eu\/tarjetas-de-credito-contra-la-estigmatizacion\/#primaryimage"},"thumbnailUrl":"https:\/\/www.fiarebancaetica.coop\/app\/uploads\/sites\/2\/2023\/12\/tarjetas-de-credito-contra-estigmatizacion-una-apuesta-por-dignificacion-y-autonomia-de-las-personas.jpg","datePublished":"2022-01-23T23:00:00+00:00","dateModified":"2024-02-21T14:05:09+00:00","author":{"@id":"https:\/\/www.fiarebancaetica.coop\/eu\/#\/schema\/person\/579841e89c804b5db05d9141bd9b8272"},"breadcrumb":{"@id":"https:\/\/www.fiarebancaetica.coop\/eu\/tarjetas-de-credito-contra-la-estigmatizacion\/#breadcrumb"},"inLanguage":"eu","potentialAction":[{"@type":"ReadAction","target":["https:\/\/www.fiarebancaetica.coop\/eu\/tarjetas-de-credito-contra-la-estigmatizacion\/"]}]},{"@type":"ImageObject","inLanguage":"eu","@id":"https:\/\/www.fiarebancaetica.coop\/eu\/tarjetas-de-credito-contra-la-estigmatizacion\/#primaryimage","url":"https:\/\/www.fiarebancaetica.coop\/app\/uploads\/sites\/2\/2023\/12\/tarjetas-de-credito-contra-estigmatizacion-una-apuesta-por-dignificacion-y-autonomia-de-las-personas.jpg","contentUrl":"https:\/\/www.fiarebancaetica.coop\/app\/uploads\/sites\/2\/2023\/12\/tarjetas-de-credito-contra-estigmatizacion-una-apuesta-por-dignificacion-y-autonomia-de-las-personas.jpg","width":540,"height":250},{"@type":"BreadcrumbList","@id":"https:\/\/www.fiarebancaetica.coop\/eu\/tarjetas-de-credito-contra-la-estigmatizacion\/#breadcrumb","itemListElement":[{"@type":"ListItem","position":1,"name":"Home","item":"https:\/\/www.fiarebancaetica.coop\/eu\/"},{"@type":"ListItem","position":2,"name":"Tarjetas de cr\u00e9dito contra la estigmatizaci\u00f3n"}]},{"@type":"WebSite","@id":"https:\/\/www.fiarebancaetica.coop\/eu\/#website","url":"https:\/\/www.fiarebancaetica.coop\/eu\/","name":"Fiare Banca Etica","description":"","potentialAction":[{"@type":"SearchAction","target":{"@type":"EntryPoint","urlTemplate":"https:\/\/www.fiarebancaetica.coop\/eu\/?s={search_term_string}"},"query-input":{"@type":"PropertyValueSpecification","valueRequired":true,"valueName":"search_term_string"}}],"inLanguage":"eu"},{"@type":"Person","@id":"https:\/\/www.fiarebancaetica.coop\/eu\/#\/schema\/person\/579841e89c804b5db05d9141bd9b8272","name":"crispyadmin0","image":{"@type":"ImageObject","inLanguage":"eu","@id":"https:\/\/www.fiarebancaetica.coop\/eu\/#\/schema\/person\/image\/5f3a6b7786f32f4c35bd2b1a5a4698ea","url":"https:\/\/secure.gravatar.com\/avatar\/4d2cfb499d497b6d49da659fab7404b243a87fe8e40d2cf97a1cae48f677f5b2?s=96&d=mm&r=g","contentUrl":"https:\/\/secure.gravatar.com\/avatar\/4d2cfb499d497b6d49da659fab7404b243a87fe8e40d2cf97a1cae48f677f5b2?s=96&d=mm&r=g","caption":"crispyadmin0"},"sameAs":["crispyadmin0"]}]}},"_links":{"self":[{"href":"https:\/\/www.fiarebancaetica.coop\/eu\/wp-json\/wp\/v2\/posts\/343610","targetHints":{"allow":["GET"]}}],"collection":[{"href":"https:\/\/www.fiarebancaetica.coop\/eu\/wp-json\/wp\/v2\/posts"}],"about":[{"href":"https:\/\/www.fiarebancaetica.coop\/eu\/wp-json\/wp\/v2\/types\/post"}],"author":[{"embeddable":true,"href":"https:\/\/www.fiarebancaetica.coop\/eu\/wp-json\/wp\/v2\/users\/2"}],"replies":[{"embeddable":true,"href":"https:\/\/www.fiarebancaetica.coop\/eu\/wp-json\/wp\/v2\/comments?post=343610"}],"version-history":[{"count":1,"href":"https:\/\/www.fiarebancaetica.coop\/eu\/wp-json\/wp\/v2\/posts\/343610\/revisions"}],"predecessor-version":[{"id":355071,"href":"https:\/\/www.fiarebancaetica.coop\/eu\/wp-json\/wp\/v2\/posts\/343610\/revisions\/355071"}],"wp:featuredmedia":[{"embeddable":true,"href":"https:\/\/www.fiarebancaetica.coop\/eu\/wp-json\/wp\/v2\/media\/329923"}],"wp:attachment":[{"href":"https:\/\/www.fiarebancaetica.coop\/eu\/wp-json\/wp\/v2\/media?parent=343610"}],"wp:term":[{"taxonomy":"category","embeddable":true,"href":"https:\/\/www.fiarebancaetica.coop\/eu\/wp-json\/wp\/v2\/categories?post=343610"},{"taxonomy":"post_tag","embeddable":true,"href":"https:\/\/www.fiarebancaetica.coop\/eu\/wp-json\/wp\/v2\/tags?post=343610"},{"taxonomy":"author","embeddable":true,"href":"https:\/\/www.fiarebancaetica.coop\/eu\/wp-json\/wp\/v2\/coauthors?post=343610"}],"curies":[{"name":"wp","href":"https:\/\/api.w.org\/{rel}","templated":true}]}}