{"id":343620,"date":"2022-01-11T00:00:00","date_gmt":"2022-01-10T23:00:00","guid":{"rendered":"https:\/\/www.fiarebancaetica.coop\/comprometidos-en-la-incertidumbre\/"},"modified":"2024-02-21T15:05:22","modified_gmt":"2024-02-21T14:05:22","slug":"comprometidos-en-la-incertidumbre","status":"publish","type":"post","link":"https:\/\/www.fiarebancaetica.coop\/eu\/comprometidos-en-la-incertidumbre\/","title":{"rendered":"Comprometidos en la incertidumbre"},"content":{"rendered":"\n\n<div class=\"wp-block-bancaetica-blocks-blocks-block-49\">\n    <div class=\"container-block-49\">\n\n        <div class=\"header-section \">\n                            <h1 class=\"section-title\"> Etica e cooperativa <\/h1>\n                                            <\/div>\n\n        \n        <div class=\"block-background\" style=\"background-image: url('https:\/\/www.fiarebancaetica.coop\/app\/uploads\/sites\/2\/2023\/12\/comprometidos-en-incertidumbre.jpg')\">\n                            <div class=\"tile\">\n                    <h1 class=\"image-title\"> Comprometidos en la incertidumbre <\/h1>\n                <\/div>             <!-- end .tile -->\n            <div class=\"bottom-content\">\n                            <\/div> <!-- end .button-content -->\n        <\/div> <!-- end .block-background -->\n    <\/div> <!-- end .container -->\n<\/div> <!-- end wp-block-bancaetica-blocks-blocks-block-06 -->\n\n\n<div class=\"wrapper-crispybacon-class wrapper-crispybacon-class-boxed \">\n    <p><span style=\"font-size:12px;\"><strong><a href=\"#ca\">Catal\u00e0&nbsp;<\/a> <a href=\"#eu\">Euskera<\/a> <a href=\"#ga\">Galego<\/a><\/strong><\/span><\/p>\n<p><em><strong>Por Juan Garibi, Director de Desarrollo y de Estrategia de Fiare Banca Etica<\/strong><\/em><\/p>\n<p>Seguramente, al finalizar 2020, no pens\u00e1bamos que continuar\u00edamos en <strong>situaci\u00f3n pand\u00e9mica <\/strong>un a\u00f1o despu\u00e9s y como es l\u00f3gica esta situaci\u00f3n <strong>ha condicionado el devenir<\/strong> del a\u00f1o 2021 por completo. A pesar de ello, continuamos creciendo <strong>por encima del 20% en el volumen de financiaci\u00f3n concedida<\/strong>, apoy\u00e1ndonos, por una parte en los acuerdos con l\u00edneas de apoyo p\u00fablico, como pueda ser la del Instituto de Cr\u00e9dito Oficial (ICO), vinculada a la pandemia, pero tambi\u00e9n la del Fondo Europeo de Inversiones (FEI) para peque\u00f1as y medianas empresas y, por otra, en la capacidad de resiliencia de la econom\u00eda social.<\/p>\n<p>Paralelamente, <strong>hemos crecido tambi\u00e9n por encima de esas cifras en el ahorro gestionado del p\u00fablico<\/strong>, en un contexto complicado de mercado, con tipos de inter\u00e9s negativos y entidades financieras que comienzan a cobrar comisiones por gestionar la liquidez de su clientela. En funci\u00f3n de c\u00f3mo se mantengan estas tendencias tendremos que valorar tambi\u00e9n nuestra postura. El inicio de la oferta de fondos de inversi\u00f3n \u00e9ticos a personas jur\u00eddicas, que hemos consolidado en 2021, deber\u00eda ayudar a derivar una parte de estos recursos a otros instrumentos no afectados tan directamente por la evoluci\u00f3n del euribor.<\/p>\n<p>Este panorama, ya de por s\u00ed complicado, se agrava por la <strong>disparatada evoluci\u00f3n de los precios de la energ\u00eda<\/strong>, dentro de una crisis global de suministros de diversos materiales. El impacto que estas din\u00e1micas est\u00e1 teniendo sobre la calidad de vida de los hogares y las empresas es un riesgo que no podemos soslayar, especialmente en lo que afecta a la gente m\u00e1s vulnerable. Y tampoco podemos permitir que el debate se limite a precios, sino tambi\u00e9n a fuentes de energ\u00eda y a transparencia y capacidad de decisi\u00f3n sobre su uso.<\/p>\n<p>M\u00e1s que nunca refuerzan su sentido <strong>dos l\u00edneas de trabajo<\/strong> complementarias: el <strong>autoconsumo, individual y colectivo<\/strong>, y la <strong>participaci\u00f3n en cooperativas de generaci\u00f3n y distribuci\u00f3n de energ\u00eda renovable<\/strong>. Una propuesta democr\u00e1tica, social y encaminada a la transici\u00f3n ecol\u00f3gica, que os recomendamos de coraz\u00f3n (para localizar la m\u00e1s cercana, pod\u00e9is consultar en <strong><a href=\"http:\/\/www.unionrenovables.coop\">www.unionrenovables.coop<\/a>).<\/strong><\/p>\n<p>Para poder hacer frente a estos <strong>desaf\u00edos<\/strong>, hemos trabajado diversas propuestas que inician a ver la luz y se consolidar\u00e1n en el pr\u00f3ximo 2022. Por una parte, la puesta en marcha de<strong> pr\u00e9stamos a particulares para sostenibilidad<\/strong> (el autoconsumo antes mencionado o las reformas energ\u00e9ticas, veh\u00edculos sostenibles&#8230;), en un contexto de una <strong>app&nbsp;para m\u00f3viles<\/strong>, que permita una experiencia de usuario en m\u00e1s canales y que est\u00e1 finalizando su fase de pruebas.<\/p>\n<p>Pero no podemos afrontarlo de forma individual, sino a trav\u00e9s de apuestas relacionales, de creaci\u00f3n de redes para trabajar con la sociedad. En este sentido, desde enero tendremos personal trabajando desde Sevilla para poder ofrecer una respuesta m\u00e1s cercana en el Sur, que tan bien est\u00e1 respondiendo a nuestra propuesta.<br \/>\n\t<br \/>\n\tY lo haremos en el marco de un acuerdo con la <strong>Federaci\u00f3n Andaluza de Empresas Cooperativas de Trabajo (<a href=\"https:\/\/www.faecta.coop\/\">FAECTA<\/a>)<\/strong> para utilizar una parte de sus instalaciones. Nuestra relaci\u00f3n con el mundo cooperativo y las diversas familias de la econom\u00eda social, a trav\u00e9s de nuestra participaci\u00f3n en <strong><a href=\"https:\/\/www.cepes.es\/\">CEPES <\/a><\/strong>(su entidad representativa), est\u00e1 resultando fundamental para ser reconocibles y entendibles. Sin perder nuestro origen desde la econom\u00eda solidaria y nuestro compromiso con las empresas de inserci\u00f3n social, ya que tanto <a href=\"https:\/\/reas.red\/\"><strong>REAS<\/strong><\/a>&nbsp;como <strong><a href=\"https:\/\/faedei.org\/\">Faedei<\/a>&nbsp;han sido siempre y son nuestra familia.<\/strong><\/p>\n<p>En este <strong>marco de la econom\u00eda social<\/strong>, afrontamos con inter\u00e9s el inicio de a\u00f1o 2022. Un a\u00f1o donde los <a href=\"https:\/\/ec.europa.eu\/info\/strategy\/recovery-plan-europe_es\"><strong>fondos Next Generation<\/strong><\/a> pueden incidir en nuestro sector, y estaremos disponibles para ayudar con todas nuestras fuerzas a las entidades que trabajen con ellos, con todos nuestros productos y servicios. Pero sin perder de vista una reivindicaci\u00f3n por un uso de esos fondos en favor de una transici\u00f3n justa hacia una econom\u00eda m\u00e1s sostenible. El papel de la econom\u00eda social en los mismos ser\u00e1 un criterio de valoraci\u00f3n de su cumplimiento.<\/p>\n<p>Una de las ramas de la econom\u00eda social con las que estamos trabajando cada vez m\u00e1s es la familia de la discapacidad. Por ese motivo, hemos convocado a finales de a\u00f1o, por primera vez en nuestra \u00e1rea, una iniciativa de<strong> <a href=\"https:\/\/www.fiarebancaetica.coop\/crowdfunding\">crowdfunding sectorial<\/a><\/strong><a href=\"https:\/\/www.fiarebancaetica.coop\/crowdfunding\">,<\/a> en este caso en la<strong> discapacidad<\/strong>, en la que nuestro banco se compromete aportando una cantidad a los proyectos seleccionados. Durante los primeros meses del a\u00f1o entrante se iniciar\u00e1 la campa\u00f1a al p\u00fablico.<\/p>\n<p>Tambi\u00e9n hemos aprobado por primera vez en nuestro territorio, una inversi\u00f3n directa en un Fondo, en este caso en el <strong>Fondo de Emprendimiento e Impacto Social (FEIS)<\/strong> promovido por Seed Capital, sociedad p\u00fablica de Bizkaia, con la que coincidimos en Spainsif, en la European Microfinance Network y, desde este a\u00f1o, en la <strong>Federaci\u00f3n Europea de Bancos \u00c9ticos y Alternativos (FEBEA)<\/strong>, cuya Presidencia sigue encarnando nuestro vicepresidente Peru Sasia y que anuncia que nos acercar\u00e1 su Asamblea 2022 hasta Barcelona.<\/p>\n<p>Nuestra banca seguir\u00e1 intentando organizar la Asamblea presencial en Valladolid, que hemos pospuesto por pandemia los \u00faltimos a\u00f1os. Un movimiento cooperativo necesita verse, tocarse, compartir desde el encuentro. Esperemos poder aprovechar para dar la bienvenida a una nueva entidad incorporada a nuestra mesa de socias de referencia, la <a href=\"https:\/\/www.gitanos.org\/\"><strong>Fundaci\u00f3n Secretariado Gitano<\/strong><\/a>. Y para que nuestro grupo de&nbsp;<a href=\"https:\/\/www.fiarebancaetica.coop\/blog\/categoria\/jovenesxfiarebe\"><strong>&#8220;J\u00f3venesXFiare&#8221;<\/strong><\/a> puedan contarnos en directo su recorrido de estos a\u00f1os que estamos pudiendo intuir desde las redes sociales, visita a Honduras incluida.<\/p>\n<p>Todos estos desaf\u00edos no ser\u00edan posibles sin el trabajo de todo nuestro grupo, en cuyo seno la consolidaci\u00f3n de la&nbsp;<a href=\"https:\/\/finanzaseticas.net\/\"><strong>Fundaci\u00f3n Finanzas \u00c9ticas<\/strong><\/a> nos est\u00e1 complementando en la creaci\u00f3n de cultura y reflexi\u00f3n, adem\u00e1s de l\u00edneas de trabajo innovadoras, y sin toda la estructura de grupos de socios y socias organizados en el territorio (<a href=\"https:\/\/fiarebancaetica.coop\/git\/\"><strong>Grupos de Iniciativa territorial &#8211; GIT<\/strong><\/a>) que, aunque tengan que recurrir a la videoconferencia como canal de trabajo, est\u00e1n manteniendo su entusiasmo y compromiso.<br \/>\n\t<br \/>\n\t<strong>Nos sobran los motivos para desearos un Justo y Solidario 2022<\/strong><\/p>\n<p>____________________________________________________________________<\/p>\n<h1>\n\t<a id=\"ca\" name=\"ca\"><\/a>Compromesos amb la incertesa<\/h1>\n<p>Segurament, en acabar el 2020, no pens\u00e0vem que <strong>continuar\u00edem en situaci\u00f3 pand\u00e8mica<\/strong> un any despr\u00e9s i, com \u00e9s l\u00f2gic, aquesta situaci\u00f3 ha condicionat l&#8217;esdevenir de l&#8217;any 2021 per complet. Tot i aix\u00f2, continuem <strong>creixent per sobre del 20% en volum de finan\u00e7ament concedit<\/strong>, tot recolzant-nos, per una banda, en els acords amb l\u00ednies de suport p\u00fablic, com pot ser la de l&#8217;Instituto de Cr\u00e9dito Oficial (ICO), vinculada a la pand\u00e8mia, per\u00f2 tamb\u00e9 la del Fons Europeu d&#8217;Inversions (FEI) per a petites i mitjanes empreses i, per altra, en la capacitat de resili\u00e8ncia de l&#8217;economia social.<\/p>\n<p>Paral\u00b7lelament, tamb\u00e9 <strong>hem crescut per sobre d&#8217;aquestes xifres en l&#8217;estalvi gestionat del p\u00fablic<\/strong>, en un context complicat de mercat, amb tipus d&#8217;inter\u00e8s negatius i entitats financeres que comencen a cobrar comissions per gestionar la liquiditat de la seva clientela.&nbsp; En funci\u00f3 de com es mantinguin aquestes tend\u00e8ncies tamb\u00e9 haurem de valorar la nostra postura. L&#8217;inici de l&#8217;oferta de fons d&#8217;inversi\u00f3 \u00e8tics a persones jur\u00eddiques, que hem consolidat al 2021, hauria d&#8217;ajudar a derivar una part d&#8217;aquests recursos a altres instruments no afectats tan directament per l&#8217;evoluci\u00f3 de l&#8217;euribor.<\/p>\n<p>Aquest panorama, de s\u00ed complicat, <strong>s&#8217;agreuja per l&#8217;absurda evoluci\u00f3 dels preus de l&#8217;energia<\/strong>, dins d&#8217;una crisi global de subministraments de diversos materials. L&#8217;impacte que estant tenint aquestes din\u00e0miques sobre la qualitat de vida de les llars i les empreses \u00e9s un risc que no podem defugir, especialment pel que afecta a la gent m\u00e9s vulnerable. I tampoc podem permetre que el debat es limiti a preus, sin\u00f3 tamb\u00e9 a fonts d&#8217;energia i a transpar\u00e8ncia i capacitat de decisi\u00f3 sobre el seu \u00fas.<\/p>\n<p>Ara hi ha dues l\u00ednies de treball complement\u00e0ries que reforcen el seu sentit m\u00e9s que mai: l&#8217;autoconsum, individual i col\u00b7lectiu,&nbsp; i la participaci\u00f3 en cooperatives de generaci\u00f3 i distribuci\u00f3 d&#8217;energia renovable. Una proposta democr\u00e0tica social i encaminada a la transici\u00f3 ecol\u00f2gica, que us recomanem de tot cor (per localitzar la m\u00e9s propera, podeu consultar-ho a <strong><a href=\"http:\/\/www.unionrenovables.coop\">www.unionrenovables.coop<\/a><\/strong>.<\/p>\n<p>Per poder fer front a aquests<strong> desafiaments<\/strong>, hem treballat diverses propostes que comencen a veure la llum i es consolidaran en el 2022. Per una banda, la posada en marxa de <strong>pr\u00e9stecs a particulars per a la sostenibilitat<\/strong> (l&#8217;autoconsum abans esmentat o les reformes energ\u00e8tiques, vehicles sostenibles&#8230;), en un context d&#8217;<strong>una app<\/strong> per a m\u00f2bils, que permeti una experi\u00e8ncia d&#8217;usuari en m\u00e9s canals i que est\u00e0 acabant la seva fase de proves.<\/p>\n<p>Per\u00f2 no ho podem afrontar de manera individual, sin\u00f3 a trav\u00e9s d&#8217;apostes relacionals, de creaci\u00f3 de xarxes per treballar amb la societat. En aquest sentit, aquest gener ja tindrem<strong> personal treballant des de Sevilla<\/strong> per poder oferir una resposta m\u00e9s propera al sud, que est\u00e0 responent molt b\u00e9 a la nostra proposta.<\/p>\n<p>I ho farem en el marc d&#8217;un acord amb la <strong>Federaci\u00f3n Andaluza de Empresas Cooperativas de Trabajo (FAECTA) <\/strong>per utilitzar una part de les seves instal\u00b7lacions. La nostra relaci\u00f3 amb el m\u00f3n cooperatiu i les diverses fam\u00edlies de l&#8217;economia social, a trav\u00e9s de la nostra participaci\u00f3 a CEPES (la seva entitat representativa) est\u00e0 esdevenint fonamental per ser reconeixibles i entenedors. Sense perdre el nostre origen des de l&#8217;economia solid\u00e0ria i el nostre comprom\u00eds amb les empreses d&#8217;inserci\u00f3 social, perqu\u00e8 tant REAS com Faedei sempre han estat i s\u00f3n la nostra fam\u00edlia.<\/p>\n<p>En aquest marc de l&#8217;economia social, afrontem amb inter\u00e8s l&#8217;inici de l&#8217;any 2022. Un any on els <strong>fons Next Generation<\/strong> poden incidir en el nostre sector, i estarem disponibles per ajudar amb totes les nostres forces les entitats que treballen amb ells, amb tots els nostres productes i serveis. Per\u00f2 sense perdre de vista una reivindicaci\u00f3 per un \u00fas d&#8217;aquests fons a favor d&#8217;una transici\u00f3 justa cap a una economia m\u00e9s sostenible. El paper de l&#8217;economia social en ells ser\u00e0 un criteri de valoraci\u00f3 del seu compliment.<\/p>\n<p>Una de les branques de l&#8217;economia social amb les quals estem treballant cada vegada m\u00e9s \u00e9s la fam\u00edlia de la discapacitat. Per aquest motiu, vam convocar a finals d&#8217;any, per primera vegada en la nostra \u00e0rea, una iniciativa de <strong>crowdfunding sectorial<\/strong>, en aquest cas en la discapacitat, en qu\u00e8 el nostre banc es compromet tot aportant una quantitat als projectes seleccionats. Durant els primers mesos de l&#8217;any s&#8217;iniciar\u00e0 la campanya al p\u00fabic.<\/p>\n<p>Tamb\u00e9 hem aprovat per primera vegada en el nostre territori, una inversi\u00f3 directa en un fons, en aquest cas en el Fondo de Emprendimiento e Impacto Social (FEIS) promogut per Seed Capital, societat p\u00fablica de Biscaia, amb la qual coincidim a Spainsif, a l&#8217;European Microfinance Network i, des de l&#8217;any passat, a la <strong>Federaci\u00f3 Europea de Bancs \u00c8tics i Alternatius (FEBEA)<\/strong>, la presid\u00e8ncia de la qual la segueix exercint el nostre vicepresident Peru Sasia i que anuncia que celebrar\u00e0 la seva Assemblea 2022 a Barcelona.<\/p>\n<p>La nostra banca seguir\u00e0 <strong>intentant organitzar l&#8217;Assemblea presencial a Valladolid<\/strong>, que hem ajornat per pand\u00e8mia els darrers anys. Un moviment cooperatiu necessita veure&#8217;s, tocar-se, compartir des de la trobada. Esperem poder aprofitar per donar la benvinguda a una nova entitat incorporada a la nostra taula de s\u00f2cies de refer\u00e8ncia, la <strong>Fundaci\u00f3n Secretariado Gitano<\/strong>. I per tal que el nostre grup de <strong>&#8220;Joves X Fiare<\/strong>&#8221; ens puguin explicar en directe el seu recorregut d&#8217;aquests anys, que podem intuir des de les xarxes socials, visita a Hondures inclosa.<\/p>\n<p>Tots aquests desafiaments no serien possibles sense el treball de tot el nostre grup, en el s\u00ed del qual la <strong>consolidaci\u00f3 de la Fundaci\u00f3n Finanzas \u00c9ticas<\/strong> ens est\u00e0 complementant en la creaci\u00f3 de cultura i reflexi\u00f3, a m\u00e9s a m\u00e9s de l\u00ednies de treball innovadores, i sense tota l&#8217;estructura de grups de socis i s\u00f2cies organitzats en el territori (Grups d&#8217;Iniciativa territorial &#8211; GIT) que, tot i que hagin de rec\u00f3rrer a la videoconfer\u00e8ncia com a canal de treball, estan mantenint el seu entusiasme i el seu comprom\u00eds.<\/p>\n<p><strong>Ens sobren els motius per desitjar-vos un 2022 just i solidari.<\/strong><\/p>\n<p><strong>__________________________________________________________________<\/strong><\/p>\n<h1>\n\t<a id=\"eu\" name=\"eu\"><\/a>Ziurgabetasunean, konpromisoz<\/h1>\n<p>Ziurrenik, 2020aren amaieran, ez genuen usteko urtebete geroago pandemia-egoeran jarraituko genuenik, eta, logikoa denez, egoera horrek 2021 urtearen bilakaera baldintzatu du guztiz. Hala eta guztiz ere, <strong>emandako finantziazioaren bolumenean %20tik gora hazten jarraitu dugu<\/strong>, alde batetik, laguntza publikoko lerroak dituzten akordioetan oinarrituta \u2012Kreditu Ofizialeko Institutuarena (ICO) esaterako, pandemiarekin lotutakoa, bai eta Europako Inbertsio Funtsak (EIF) enpresa txiki eta ertainentzat ezarritakoa ere\u2012, eta, bestetik, ekonomia sozialaren erresilientzia-gaitasunagatik.<\/p>\n<p>Aldi berean, zifra horien gainetik hazi gara publikoaren aurrezki kudeatuan, interes-tasa negatiboak ezartzen diren eta finantza-erakunde batzuk bezeroen likidezia kudeatzeagatik komisioak kobratzen hasi diren merkatu-testuinguru zail honetan. Joera horiek nola mantentzen diren kontuan hartuta, guk ere gure jarrera baloratu beharko dugu. 2021ean finkatu egin da pertsona juridikoei inbertsio-funts etikoak eskaintzeko lerroa, eta, horri esker, baliabide horien zati bat euriborraren bilakaeraren eragin zuzena ez duten beste tresna batzuetara bideratu ahal izan beharko litzateke.<\/p>\n<p>Berez nahiko konplexua den egoera hau are gehiago larriagotu da energiaren prezioen bilakaera zoroagatik, hainbat materialen horniduran bizi dugun mundu-mailako krisialdiaren baitan. Dinamika horiek inpaktu handia dute familien bizi-kalitatean eta enpresetan, eta ezin dugu hori ahaztu, bereziki jende zaurgarrienari dagokionez. Eta ezin dugu onartu, gainera, eztabaida prezioetara bakarrik mugatzea, kontuan hartu behar baitira, halaber, energia-iturriak eta horien erabileraren alorreko gardentasuna eta erabaki-ahalmena.<\/p>\n<p>Bi lan-lerro osagarriren zentzua sendotzen da inoiz baino gehiago: autokontsumoa, banakakoa eta kolektiboa, eta energia berriztagarria sortzen eta banatzen duten kooperatibetan parte hartzea. Proposamen demokratikoa, soziala eta eraldaketa ekologikora bideratua, bihotz-bihotzez gomendatzen dizueguna (gertukoena aurkitzeko, egin kontsulta hemen: <strong><a href=\"http:\/\/www.unionrenovables.coop\">www.unionrenovables.coop.<\/a><\/strong><\/p>\n<p>Erronka horiei aurre egin ahal izateko, zenbait proposamen landu ditugu, beren bidea egiten hasi direnak, eta 2022an finkatuko direnak. Alde batetik, partikularrentzako maileguak, jasangarritasunerako (lehen aipatutako autokontsumoa, edo berrikuntza energetikoak, ibilgailu jasangarriak&#8230;), mugikorretarako <strong>APP<\/strong> baten bidez, erabiltzaileak kanal gehiagotan bizi ahal izateko esperientzia; proiektu hori proba-fasearen amaieran dago.<\/p>\n<p>Baina ezin diogu horri guztiari banaka aurre egin; harremanetan oinarritutako apustuak egin behar ditugu, eta sareak sortu, gizartearekin lan egiteko. Ildo horretatik, urtarriletik aurrera langileak lanean arituko dira Sevillatik, hegoaldean erantzun hurbilekoagoa emateko, gure proposamenak oso erantzun ona jaso baitu han.<\/p>\n<p>Laneko <strong>Enpresa Kooperatiboen Andaluziako Federazioarekin (FAECTA)<\/strong> haien instalazio batzuk erabili ahal izateko adostutako akordio baten esparruan egingo dugu gainera. Kooperatiba-munduarekin eta ekonomia sozialeko familiekin dugun harremana, haiek ordezkatzen dituen <strong>CEPES<\/strong> erakundean parte hartuz, funtsezkoa izaten ari da elkar ezagutu eta ulertu ahal izateko. Ahaztu gabe jatorria ekonomia solidarioan dugula eta gizarteratze-enpresekin konprometituta gaudela, bai <strong>REAS bai Faedei<\/strong> gure familia izan baitira eta baitira oraindik ere.<\/p>\n<p>Ekonomia sozialaren esparru honetan, interes handiz ekingo diogu 2022. urtearen hasiera honi. Aurten, Next Generation funtsek eragina izan dezakete gure sektorean, eta horiekin lan egiten duten erakundeei gure indar osoz eta gure produktu eta zerbitzu guztiekin laguntzeko prest egongo gara. Baina aldarrikapen hau ahaztu gabe: funts horiek ekonomia jasangarriago baterantz eraldaketa bidezko bat egiteko erabili behar dira. Ekonomia sozialak horietan duen papera haien betetze-maila baloratzeko irizpideetako bat izango da.<\/p>\n<p>Ekonomia sozialaren adarrei dagokienez, gero eta gehiago lan egiten dugu desgaitasunaren familiarekin. Horregatik, urte-amaierarako, eta gure arloan lehen aldiz, crowdfunding sektorialeko ekimen bat deitu dugu, desgaitasunaren alorrean kasu honetan, eta gure banketxeak aukeratutako proiektuei zenbateko jakin bat emateko konpromisoa hartu du. Urte hasi berriaren lehen hilabeteetan, publikoarentzako kanpaina hasiko da.<\/p>\n<p>Orobat, gure lurraldean lehen aldiz, Funts baten inbertsio zuzena onartu dugu; kasu honetan, Spainsifen ezagutu genuen Seed Capital Bizkaiko sozietate publikoak sustatutako Ekintzailetza eta Giza Inpaktu Funtsean (FEIS), European Microfinance Network sarean, eta, aurten hasita, <strong>Banketxe Etikoen eta Alternatiboen Europako Federazioan (FEBEA)<\/strong>, gure presidenteorde Peru Sasia baita federazioko presidente \u2012iragarri dute 2022ko Biltzarra Bartzelonan egingo dela\u2012.<\/p>\n<p>Gure banketxeak ahaleginak egiten jarraituko du biltzar presentziala Valladoliden egiteko, azken urteotan atzeratu egin behar izan baitugu pandemia dela eta. Mugimendu kooperatibo batek elkar ikusi eta ukitzea behar du, topaketetan partekatzea. Bide batez, espero dugu ongi-etorria eman ahal izatea gure erreferentziazko bazkideen mahaian sartu berria den erakunde bati, Secretariado Gitano Fundazioari alegia. Eta nahiko genuke gure \u201cGazteak X Fiare\u201d taldeko kideek zuzenean kontatzea urte hauetako ibilbidea, sare sozialen bidez sumatzen duguna, Hondurasera egindako bisita barne.<\/p>\n<p>Erronka horiei guztiei aurre egitea ez litzateke posible izango gure talde osoaren lanik gabe; horren baitan, Finantza Etikoen Fundazioa sendotzea lagungarri izaten ari da kultura eta gogoeta sortzeko lanean, bai eta lan-ildo berritzaileen sorreran ere. Eta, orobat, ez litzateke posible izango, lurraldean antolatutako bazkide taldeen egitura oso hori gabe (Lurralde Ekimeneko Taldeak &#8211; LET), nahiz eta lanerako bideokonferentziak erabil beharra izan, haien gogo biziari eta konpromisoari eutsi baitiote.<\/p>\n<p><strong>Beraz, sobera arrazoi dugu 2022 urte bidezkoa eta solidarioa opatzeko.<\/strong><\/p>\n<p><strong><a id=\"ga\" name=\"ga\"><\/a>________________________________________________________________________<\/strong><\/p>\n<h1>\n\tComprometidos na incerteza<\/h1>\n<p>Seguramente, ao finalizar 2020, non pensabamos que continuar\u00edamos en situaci\u00f3n pand\u00e9mica un ano despois e, como \u00e9 l\u00f3xico, esta situaci\u00f3n condicionou o devir do ano 2021 por completo. Malia isto, seguimos medrando por riba do 20&nbsp;% no volume de financiamento concedido, apoi\u00e1ndonos dunha banda nos acordos con li\u00f1as de apoio p\u00fablico, como pode ser a do Instituto de Cr\u00e9dito Oficial (ICO), vinculada \u00e1 pandemia, mais tam\u00e9n a do Fondo Europeo de Investimentos (FEI) para pequenas e medianas empresas e, doutra, na capacidade de resiliencia da econom\u00eda social.<\/p>\n<p>Paralelamente, medramos tam\u00e9n por riba desas cifras no aforro xestionado do p\u00fablico, nun contexto complicado de mercado, con taxas de xuros negativas e entidades financeiras que comezan a cobrar comisi\u00f3ns por xestionar a liquidez da s\u00faa clientela. En funci\u00f3n de como se mante\u00f1an estas tendencias teremos que valorar tam\u00e9n a nosa postura. O inicio da oferta de fondos de investimento \u00e9ticos a persoas xur\u00eddicas, que consolidamos en 2021, deber\u00eda axudar a derivar unha parte destes recursos a outros instrumentos non afectados tan directamente pola evoluci\u00f3n do Euribor.<\/p>\n<p>Este panorama, xa complicado de seu, agr\u00e1vase pola disparatada evoluci\u00f3n dos prezos da enerx\u00eda, dentro dunha crise global de subministraci\u00f3ns de diversos materiais. O impacto que estas din\u00e1micas est\u00e1n a ter na calidade de vida dos fogares e as empresas \u00e9 un risco que non podemos eludir, especialmente no que afecta \u00e1 xente m\u00e1is vulnerable. E tampouco podemos permitir que o debate se limite aos prezos, sen\u00f3n que tam\u00e9n debe abordar as fontes de enerx\u00eda e a transparencia e capacidade de decisi\u00f3n sobre o seu uso.<\/p>\n<p>M\u00e1is ca nunca, reforzan o seu sentido d\u00faas li\u00f1as de traballo complementarias: o autoconsumo, individual e colectivo, e a participaci\u00f3n en cooperativas de xeraci\u00f3n e distribuci\u00f3n de enerx\u00eda renovable. Unha proposta democr\u00e1tica, social e encami\u00f1ada \u00e1 transici\u00f3n ecol\u00f3xica, que vos recomendamos de coraz\u00f3n (para localizar a m\u00e1is pr\u00f3xima, podedes consultar <a href=\"http:\/\/www.unionrenovables.coop\"><strong>www.unionrenovables.coop<\/strong><\/a>.<\/p>\n<p>Para poder afrontar estes desaf\u00edos, traballamos diversas propostas que comezan a ver a luz e se consolidar\u00e1n en 2022. Dunha banda, a posta en marcha de empr\u00e9stitos a particulares para a sustentabilidade (o autoconsumo antes mencionado ou as reformas enerx\u00e9ticas, veh\u00edculos sustentables\u2026) nun contexto dunha APP para m\u00f3biles, que permita unha experiencia de usuario en m\u00e1is canles e que est\u00e1 finalizando a s\u00faa fase de probas.<\/p>\n<p>Emporiso, non podemos afrontalo de forma individual, sen\u00f3n a trav\u00e9s de apostas relacionais, de creaci\u00f3n de redes para traballar coa sociedade. Neste sentido, desde xaneiro teremos persoal traballando desde Sevilla para poder ofrecer unha resposta m\u00e1is pr\u00f3xima no Sur, que tan ben est\u00e1 a responder \u00e1 nosa proposta.<\/p>\n<p>E far\u00e9molo no marco dun acordo coa <strong>Federaci\u00f3n Andaluza de Empresas Cooperativas de Traballo (FAECTA)<\/strong> para utilizar unha parte das s\u00faas instalaci\u00f3ns. A nosa relaci\u00f3n co mundo cooperativo e as diversas familias da econom\u00eda social, a trav\u00e9s da nosa participaci\u00f3n en <strong>CEPES<\/strong> (a s\u00faa entidade representativa), est\u00e1 resultando fundamental para sermos reco\u00f1ecibles e entendibles. Todo isto, sen perder a nosa orixe desde a econom\u00eda solidaria e o noso compromiso coas empresas de inserci\u00f3n social, xa que tanto <strong>REAS como Faedei<\/strong> foron sempre e son a nosa familia.<\/p>\n<p>Neste marco da econom\u00eda social, afrontamos con interese o inicio do ano 2022. Un ano no que os fondos Next Generation poden incidir no noso sector e no que estaremos dispo\u00f1ibles para axudar con todas as nosas forzas \u00e1s entidades que traballen con eles, con todos os nosos produtos e servizos. Por\u00e9n, non perderemos de vista unha reivindicaci\u00f3n dun uso deses fondos en favor dunha transici\u00f3n xusta cara a unha econom\u00eda m\u00e1is sustentable. O papel da econom\u00eda social nos fondos ser\u00e1 un criterio de valoraci\u00f3n do seu cumprimento.<\/p>\n<p>Unha das ramas da econom\u00eda social coa que estamos a traballar cada vez m\u00e1is \u00e9 a familia da discapacidade. Por ese motivo, convocamos a finais de ano, por primeira vez na nosa \u00e1rea, unha iniciativa de micromecenado sectorial, neste caso na discapacidade, na que o noso banco se compromete achegando unha cantidade aos proxectos seleccionados. Durante os primeiros meses do ano entrante iniciarase a campa\u00f1a ao p\u00fablico.<\/p>\n<p>Tam\u00e9n aprobamos por primeira vez no noso territorio un investimento directo nun fondo, neste caso no <strong>Fondo de Emprendemento e Impacto Social (FEIS)<\/strong> promovido por Seed Capital, sociedade p\u00fablica de Biscaia, coa que coincidimos en Spainsif, na European Microfinance Network e, desde este ano, na <strong>Federaci\u00f3n Europea de Bancos \u00c9ticos e Alternativos (FEBEA)<\/strong>, cuxa presidencia segue ocupando o noso vicepresidente Peru Sasia e que anuncia que nos achegar\u00e1 a s\u00faa asemblea de 2022 at\u00e9 Barcelona.<\/p>\n<p>O noso banco seguir\u00e1 tentando <strong>organizar a asemblea presencial en Valladolid,<\/strong> que pospuxemos por mor da pandemia os \u00faltimos anos. Un movemento cooperativo precisa verse, tocarse, compartir desde o encontro. Esperemos poder aproveitar para dar a benvida a unha nova entidade incorporada \u00e1 nosa mesa de socias de referencia, a <strong>fundaci\u00f3n Secretariado Gitano<\/strong>. E para que o noso grupo de &#8220;J\u00f3venes X Fiare&#8221; poida contarnos en directo o seu percorrido destes anos, que estamos podendo intu\u00edr desde as redes sociais (visita a Honduras inclu\u00edda).<\/p>\n<p><br \/>\n\tTodos estes <strong>desaf\u00edo<\/strong>s non ser\u00edan posibles sen o traballo de todo o noso grupo, en cuxo seno a <strong>consolidaci\u00f3n da Fundaci\u00f3n Finanzas \u00c9ticas<\/strong> nos est\u00e1 a complementar na creaci\u00f3n de cultura e reflexi\u00f3n, ademais de en li\u00f1as de traballo innovadoras, e sen toda a estrutura de <strong>grupos de socias e socios organizados no territorio<\/strong> (Grupos de Iniciativa territorial, GIT) que, malia ter que botar man da videoconferencia como canle de traballo, est\u00e1n a manter o seu entusiasmo e compromiso.<\/p>\n<p><strong>S\u00f3brannos os motivos para desexarvos un Xusto e Solidario 2022<\/strong><\/p>\n<\/div>","protected":false},"excerpt":{"rendered":"<p>Seguramente, al finalizar 2020, no pens\u00e1bamos que continuar\u00edamos en situaci\u00f3n pand\u00e9mica un a\u00f1o despu\u00e9s y como es l\u00f3gica esta situaci\u00f3n ha condicionado el devenir del a\u00f1o 2021 por completo. A pesar de ello, continuamos creciendo por encima del 20% en el volumen de financiaci\u00f3n concedida, apoy\u00e1ndonos, por una parte en los acuerdos con l\u00edneas de apoyo p\u00fablico, como pueda ser la del Instituto de Cr\u00e9dito Oficial (ICO), vinculada a la pandemia, pero tambi\u00e9n la del Fondo Europeo de Inversiones (FEI) para peque\u00f1as y medianas empresas y, por otra, en la capacidad de resiliencia de la econom\u00eda social.<\/p>\n","protected":false},"author":2,"featured_media":329911,"comment_status":"open","ping_status":"closed","sticky":false,"template":"","format":"standard","meta":{"_acf_changed":false,"footnotes":""},"categories":[11644],"tags":[],"coauthors":[],"class_list":["post-343620","post","type-post","status-publish","format-standard","has-post-thumbnail","hentry","category-finantza-etikoak"],"acf":[],"yoast_head":"<!-- This site is optimized with the Yoast SEO plugin v26.9 - https:\/\/yoast.com\/product\/yoast-seo-wordpress\/ -->\n<title>Comprometidos en la incertidumbre - Fiare Banca Etica<\/title>\n<meta name=\"robots\" content=\"index, follow, max-snippet:-1, max-image-preview:large, max-video-preview:-1\" \/>\n<link rel=\"canonical\" href=\"https:\/\/www.fiarebancaetica.coop\/eu\/comprometidos-en-la-incertidumbre\/\" \/>\n<meta property=\"og:locale\" content=\"eu_ES\" \/>\n<meta property=\"og:type\" content=\"article\" \/>\n<meta property=\"og:title\" content=\"Comprometidos en la incertidumbre - Fiare Banca Etica\" \/>\n<meta property=\"og:description\" content=\"Seguramente, al finalizar 2020, no pens\u00e1bamos que continuar\u00edamos en situaci\u00f3n pand\u00e9mica un a\u00f1o despu\u00e9s y como es l\u00f3gica esta situaci\u00f3n ha condicionado el devenir del a\u00f1o 2021 por completo. A pesar de ello, continuamos creciendo por encima del 20% en el volumen de financiaci\u00f3n concedida, apoy\u00e1ndonos, por una parte en los acuerdos con l\u00edneas de apoyo p\u00fablico, como pueda ser la del Instituto de Cr\u00e9dito Oficial (ICO), vinculada a la pandemia, pero tambi\u00e9n la del Fondo Europeo de Inversiones (FEI) para peque\u00f1as y medianas empresas y, por otra, en la capacidad de resiliencia de la econom\u00eda social.\" \/>\n<meta property=\"og:url\" content=\"https:\/\/www.fiarebancaetica.coop\/eu\/comprometidos-en-la-incertidumbre\/\" \/>\n<meta property=\"og:site_name\" content=\"Fiare Banca Etica\" \/>\n<meta property=\"article:published_time\" content=\"2022-01-10T23:00:00+00:00\" \/>\n<meta property=\"article:modified_time\" content=\"2024-02-21T14:05:22+00:00\" \/>\n<meta property=\"og:image\" content=\"https:\/\/www.fiarebancaetica.coop\/app\/uploads\/sites\/2\/2023\/12\/comprometidos-en-incertidumbre.jpg\" \/>\n\t<meta property=\"og:image:width\" content=\"540\" \/>\n\t<meta property=\"og:image:height\" content=\"250\" \/>\n\t<meta property=\"og:image:type\" content=\"image\/jpeg\" \/>\n<meta name=\"author\" content=\"crispyadmin0\" \/>\n<meta name=\"twitter:card\" content=\"summary_large_image\" \/>\n<script type=\"application\/ld+json\" class=\"yoast-schema-graph\">{\"@context\":\"https:\/\/schema.org\",\"@graph\":[{\"@type\":\"Article\",\"@id\":\"https:\/\/www.fiarebancaetica.coop\/eu\/comprometidos-en-la-incertidumbre\/#article\",\"isPartOf\":{\"@id\":\"https:\/\/www.fiarebancaetica.coop\/eu\/comprometidos-en-la-incertidumbre\/\"},\"author\":{\"name\":\"crispyadmin0\",\"@id\":\"https:\/\/www.fiarebancaetica.coop\/eu\/#\/schema\/person\/579841e89c804b5db05d9141bd9b8272\"},\"headline\":\"Comprometidos en la incertidumbre\",\"datePublished\":\"2022-01-10T23:00:00+00:00\",\"dateModified\":\"2024-02-21T14:05:22+00:00\",\"mainEntityOfPage\":{\"@id\":\"https:\/\/www.fiarebancaetica.coop\/eu\/comprometidos-en-la-incertidumbre\/\"},\"wordCount\":3876,\"commentCount\":0,\"image\":{\"@id\":\"https:\/\/www.fiarebancaetica.coop\/eu\/comprometidos-en-la-incertidumbre\/#primaryimage\"},\"thumbnailUrl\":\"https:\/\/www.fiarebancaetica.coop\/app\/uploads\/sites\/2\/2023\/12\/comprometidos-en-incertidumbre.jpg\",\"articleSection\":[\"Finantza etikoak\"],\"inLanguage\":\"eu\",\"potentialAction\":[{\"@type\":\"CommentAction\",\"name\":\"Comment\",\"target\":[\"https:\/\/www.fiarebancaetica.coop\/eu\/comprometidos-en-la-incertidumbre\/#respond\"]}]},{\"@type\":\"WebPage\",\"@id\":\"https:\/\/www.fiarebancaetica.coop\/eu\/comprometidos-en-la-incertidumbre\/\",\"url\":\"https:\/\/www.fiarebancaetica.coop\/eu\/comprometidos-en-la-incertidumbre\/\",\"name\":\"Comprometidos en la incertidumbre - Fiare Banca Etica\",\"isPartOf\":{\"@id\":\"https:\/\/www.fiarebancaetica.coop\/eu\/#website\"},\"primaryImageOfPage\":{\"@id\":\"https:\/\/www.fiarebancaetica.coop\/eu\/comprometidos-en-la-incertidumbre\/#primaryimage\"},\"image\":{\"@id\":\"https:\/\/www.fiarebancaetica.coop\/eu\/comprometidos-en-la-incertidumbre\/#primaryimage\"},\"thumbnailUrl\":\"https:\/\/www.fiarebancaetica.coop\/app\/uploads\/sites\/2\/2023\/12\/comprometidos-en-incertidumbre.jpg\",\"datePublished\":\"2022-01-10T23:00:00+00:00\",\"dateModified\":\"2024-02-21T14:05:22+00:00\",\"author\":{\"@id\":\"https:\/\/www.fiarebancaetica.coop\/eu\/#\/schema\/person\/579841e89c804b5db05d9141bd9b8272\"},\"breadcrumb\":{\"@id\":\"https:\/\/www.fiarebancaetica.coop\/eu\/comprometidos-en-la-incertidumbre\/#breadcrumb\"},\"inLanguage\":\"eu\",\"potentialAction\":[{\"@type\":\"ReadAction\",\"target\":[\"https:\/\/www.fiarebancaetica.coop\/eu\/comprometidos-en-la-incertidumbre\/\"]}]},{\"@type\":\"ImageObject\",\"inLanguage\":\"eu\",\"@id\":\"https:\/\/www.fiarebancaetica.coop\/eu\/comprometidos-en-la-incertidumbre\/#primaryimage\",\"url\":\"https:\/\/www.fiarebancaetica.coop\/app\/uploads\/sites\/2\/2023\/12\/comprometidos-en-incertidumbre.jpg\",\"contentUrl\":\"https:\/\/www.fiarebancaetica.coop\/app\/uploads\/sites\/2\/2023\/12\/comprometidos-en-incertidumbre.jpg\",\"width\":540,\"height\":250},{\"@type\":\"BreadcrumbList\",\"@id\":\"https:\/\/www.fiarebancaetica.coop\/eu\/comprometidos-en-la-incertidumbre\/#breadcrumb\",\"itemListElement\":[{\"@type\":\"ListItem\",\"position\":1,\"name\":\"Home\",\"item\":\"https:\/\/www.fiarebancaetica.coop\/eu\/\"},{\"@type\":\"ListItem\",\"position\":2,\"name\":\"Comprometidos en la incertidumbre\"}]},{\"@type\":\"WebSite\",\"@id\":\"https:\/\/www.fiarebancaetica.coop\/eu\/#website\",\"url\":\"https:\/\/www.fiarebancaetica.coop\/eu\/\",\"name\":\"Fiare Banca Etica\",\"description\":\"\",\"potentialAction\":[{\"@type\":\"SearchAction\",\"target\":{\"@type\":\"EntryPoint\",\"urlTemplate\":\"https:\/\/www.fiarebancaetica.coop\/eu\/?s={search_term_string}\"},\"query-input\":{\"@type\":\"PropertyValueSpecification\",\"valueRequired\":true,\"valueName\":\"search_term_string\"}}],\"inLanguage\":\"eu\"},{\"@type\":\"Person\",\"@id\":\"https:\/\/www.fiarebancaetica.coop\/eu\/#\/schema\/person\/579841e89c804b5db05d9141bd9b8272\",\"name\":\"crispyadmin0\",\"image\":{\"@type\":\"ImageObject\",\"inLanguage\":\"eu\",\"@id\":\"https:\/\/www.fiarebancaetica.coop\/eu\/#\/schema\/person\/image\/5f3a6b7786f32f4c35bd2b1a5a4698ea\",\"url\":\"https:\/\/secure.gravatar.com\/avatar\/4d2cfb499d497b6d49da659fab7404b243a87fe8e40d2cf97a1cae48f677f5b2?s=96&d=mm&r=g\",\"contentUrl\":\"https:\/\/secure.gravatar.com\/avatar\/4d2cfb499d497b6d49da659fab7404b243a87fe8e40d2cf97a1cae48f677f5b2?s=96&d=mm&r=g\",\"caption\":\"crispyadmin0\"},\"sameAs\":[\"crispyadmin0\"]}]}<\/script>\n<!-- \/ Yoast SEO plugin. -->","yoast_head_json":{"title":"Comprometidos en la incertidumbre - Fiare Banca Etica","robots":{"index":"index","follow":"follow","max-snippet":"max-snippet:-1","max-image-preview":"max-image-preview:large","max-video-preview":"max-video-preview:-1"},"canonical":"https:\/\/www.fiarebancaetica.coop\/eu\/comprometidos-en-la-incertidumbre\/","og_locale":"eu_ES","og_type":"article","og_title":"Comprometidos en la incertidumbre - Fiare Banca Etica","og_description":"Seguramente, al finalizar 2020, no pens\u00e1bamos que continuar\u00edamos en situaci\u00f3n pand\u00e9mica un a\u00f1o despu\u00e9s y como es l\u00f3gica esta situaci\u00f3n ha condicionado el devenir del a\u00f1o 2021 por completo. A pesar de ello, continuamos creciendo por encima del 20% en el volumen de financiaci\u00f3n concedida, apoy\u00e1ndonos, por una parte en los acuerdos con l\u00edneas de apoyo p\u00fablico, como pueda ser la del Instituto de Cr\u00e9dito Oficial (ICO), vinculada a la pandemia, pero tambi\u00e9n la del Fondo Europeo de Inversiones (FEI) para peque\u00f1as y medianas empresas y, por otra, en la capacidad de resiliencia de la econom\u00eda social.","og_url":"https:\/\/www.fiarebancaetica.coop\/eu\/comprometidos-en-la-incertidumbre\/","og_site_name":"Fiare Banca Etica","article_published_time":"2022-01-10T23:00:00+00:00","article_modified_time":"2024-02-21T14:05:22+00:00","og_image":[{"width":540,"height":250,"url":"https:\/\/www.fiarebancaetica.coop\/app\/uploads\/sites\/2\/2023\/12\/comprometidos-en-incertidumbre.jpg","type":"image\/jpeg"}],"author":"crispyadmin0","twitter_card":"summary_large_image","schema":{"@context":"https:\/\/schema.org","@graph":[{"@type":"Article","@id":"https:\/\/www.fiarebancaetica.coop\/eu\/comprometidos-en-la-incertidumbre\/#article","isPartOf":{"@id":"https:\/\/www.fiarebancaetica.coop\/eu\/comprometidos-en-la-incertidumbre\/"},"author":{"name":"crispyadmin0","@id":"https:\/\/www.fiarebancaetica.coop\/eu\/#\/schema\/person\/579841e89c804b5db05d9141bd9b8272"},"headline":"Comprometidos en la incertidumbre","datePublished":"2022-01-10T23:00:00+00:00","dateModified":"2024-02-21T14:05:22+00:00","mainEntityOfPage":{"@id":"https:\/\/www.fiarebancaetica.coop\/eu\/comprometidos-en-la-incertidumbre\/"},"wordCount":3876,"commentCount":0,"image":{"@id":"https:\/\/www.fiarebancaetica.coop\/eu\/comprometidos-en-la-incertidumbre\/#primaryimage"},"thumbnailUrl":"https:\/\/www.fiarebancaetica.coop\/app\/uploads\/sites\/2\/2023\/12\/comprometidos-en-incertidumbre.jpg","articleSection":["Finantza etikoak"],"inLanguage":"eu","potentialAction":[{"@type":"CommentAction","name":"Comment","target":["https:\/\/www.fiarebancaetica.coop\/eu\/comprometidos-en-la-incertidumbre\/#respond"]}]},{"@type":"WebPage","@id":"https:\/\/www.fiarebancaetica.coop\/eu\/comprometidos-en-la-incertidumbre\/","url":"https:\/\/www.fiarebancaetica.coop\/eu\/comprometidos-en-la-incertidumbre\/","name":"Comprometidos en la incertidumbre - Fiare Banca Etica","isPartOf":{"@id":"https:\/\/www.fiarebancaetica.coop\/eu\/#website"},"primaryImageOfPage":{"@id":"https:\/\/www.fiarebancaetica.coop\/eu\/comprometidos-en-la-incertidumbre\/#primaryimage"},"image":{"@id":"https:\/\/www.fiarebancaetica.coop\/eu\/comprometidos-en-la-incertidumbre\/#primaryimage"},"thumbnailUrl":"https:\/\/www.fiarebancaetica.coop\/app\/uploads\/sites\/2\/2023\/12\/comprometidos-en-incertidumbre.jpg","datePublished":"2022-01-10T23:00:00+00:00","dateModified":"2024-02-21T14:05:22+00:00","author":{"@id":"https:\/\/www.fiarebancaetica.coop\/eu\/#\/schema\/person\/579841e89c804b5db05d9141bd9b8272"},"breadcrumb":{"@id":"https:\/\/www.fiarebancaetica.coop\/eu\/comprometidos-en-la-incertidumbre\/#breadcrumb"},"inLanguage":"eu","potentialAction":[{"@type":"ReadAction","target":["https:\/\/www.fiarebancaetica.coop\/eu\/comprometidos-en-la-incertidumbre\/"]}]},{"@type":"ImageObject","inLanguage":"eu","@id":"https:\/\/www.fiarebancaetica.coop\/eu\/comprometidos-en-la-incertidumbre\/#primaryimage","url":"https:\/\/www.fiarebancaetica.coop\/app\/uploads\/sites\/2\/2023\/12\/comprometidos-en-incertidumbre.jpg","contentUrl":"https:\/\/www.fiarebancaetica.coop\/app\/uploads\/sites\/2\/2023\/12\/comprometidos-en-incertidumbre.jpg","width":540,"height":250},{"@type":"BreadcrumbList","@id":"https:\/\/www.fiarebancaetica.coop\/eu\/comprometidos-en-la-incertidumbre\/#breadcrumb","itemListElement":[{"@type":"ListItem","position":1,"name":"Home","item":"https:\/\/www.fiarebancaetica.coop\/eu\/"},{"@type":"ListItem","position":2,"name":"Comprometidos en la incertidumbre"}]},{"@type":"WebSite","@id":"https:\/\/www.fiarebancaetica.coop\/eu\/#website","url":"https:\/\/www.fiarebancaetica.coop\/eu\/","name":"Fiare Banca Etica","description":"","potentialAction":[{"@type":"SearchAction","target":{"@type":"EntryPoint","urlTemplate":"https:\/\/www.fiarebancaetica.coop\/eu\/?s={search_term_string}"},"query-input":{"@type":"PropertyValueSpecification","valueRequired":true,"valueName":"search_term_string"}}],"inLanguage":"eu"},{"@type":"Person","@id":"https:\/\/www.fiarebancaetica.coop\/eu\/#\/schema\/person\/579841e89c804b5db05d9141bd9b8272","name":"crispyadmin0","image":{"@type":"ImageObject","inLanguage":"eu","@id":"https:\/\/www.fiarebancaetica.coop\/eu\/#\/schema\/person\/image\/5f3a6b7786f32f4c35bd2b1a5a4698ea","url":"https:\/\/secure.gravatar.com\/avatar\/4d2cfb499d497b6d49da659fab7404b243a87fe8e40d2cf97a1cae48f677f5b2?s=96&d=mm&r=g","contentUrl":"https:\/\/secure.gravatar.com\/avatar\/4d2cfb499d497b6d49da659fab7404b243a87fe8e40d2cf97a1cae48f677f5b2?s=96&d=mm&r=g","caption":"crispyadmin0"},"sameAs":["crispyadmin0"]}]}},"_links":{"self":[{"href":"https:\/\/www.fiarebancaetica.coop\/eu\/wp-json\/wp\/v2\/posts\/343620","targetHints":{"allow":["GET"]}}],"collection":[{"href":"https:\/\/www.fiarebancaetica.coop\/eu\/wp-json\/wp\/v2\/posts"}],"about":[{"href":"https:\/\/www.fiarebancaetica.coop\/eu\/wp-json\/wp\/v2\/types\/post"}],"author":[{"embeddable":true,"href":"https:\/\/www.fiarebancaetica.coop\/eu\/wp-json\/wp\/v2\/users\/2"}],"replies":[{"embeddable":true,"href":"https:\/\/www.fiarebancaetica.coop\/eu\/wp-json\/wp\/v2\/comments?post=343620"}],"version-history":[{"count":1,"href":"https:\/\/www.fiarebancaetica.coop\/eu\/wp-json\/wp\/v2\/posts\/343620\/revisions"}],"predecessor-version":[{"id":355064,"href":"https:\/\/www.fiarebancaetica.coop\/eu\/wp-json\/wp\/v2\/posts\/343620\/revisions\/355064"}],"wp:featuredmedia":[{"embeddable":true,"href":"https:\/\/www.fiarebancaetica.coop\/eu\/wp-json\/wp\/v2\/media\/329911"}],"wp:attachment":[{"href":"https:\/\/www.fiarebancaetica.coop\/eu\/wp-json\/wp\/v2\/media?parent=343620"}],"wp:term":[{"taxonomy":"category","embeddable":true,"href":"https:\/\/www.fiarebancaetica.coop\/eu\/wp-json\/wp\/v2\/categories?post=343620"},{"taxonomy":"post_tag","embeddable":true,"href":"https:\/\/www.fiarebancaetica.coop\/eu\/wp-json\/wp\/v2\/tags?post=343620"},{"taxonomy":"author","embeddable":true,"href":"https:\/\/www.fiarebancaetica.coop\/eu\/wp-json\/wp\/v2\/coauthors?post=343620"}],"curies":[{"name":"wp","href":"https:\/\/api.w.org\/{rel}","templated":true}]}}