{"id":343706,"date":"2021-11-22T00:00:00","date_gmt":"2021-11-21T23:00:00","guid":{"rendered":"https:\/\/www.fiarebancaetica.coop\/ahora-si-que-se-nos-ha-acabado-el-tiempo\/"},"modified":"2024-02-21T15:06:11","modified_gmt":"2024-02-21T14:06:11","slug":"ahora-si-que-se-nos-ha-acabado-el-tiempo","status":"publish","type":"post","link":"https:\/\/www.fiarebancaetica.coop\/eu\/ahora-si-que-se-nos-ha-acabado-el-tiempo\/","title":{"rendered":"Ahora s\u00ed que se nos ha acabado el tiempo"},"content":{"rendered":"\n\n<div class=\"wp-block-bancaetica-blocks-blocks-block-49\">\n    <div class=\"container-block-49\">\n\n        <div class=\"header-section \">\n                            <h1 class=\"section-title\"> Etica e cooperativa <\/h1>\n                                            <\/div>\n\n        \n        <div class=\"block-background\" style=\"background-image: url('https:\/\/www.fiarebancaetica.coop\/app\/uploads\/sites\/2\/2023\/12\/ahora-si-que-se-nos-ha-acabado-el-tiempo.png')\">\n                            <div class=\"tile\">\n                    <h1 class=\"image-title\"> Ahora s\u00ed que se nos ha acabado el tiempo <\/h1>\n                <\/div>             <!-- end .tile -->\n            <div class=\"bottom-content\">\n                            <\/div> <!-- end .button-content -->\n        <\/div> <!-- end .block-background -->\n    <\/div> <!-- end .container -->\n<\/div> <!-- end wp-block-bancaetica-blocks-blocks-block-06 -->\n\n\n<div class=\"wrapper-crispybacon-class wrapper-crispybacon-class-boxed \">\n    <p><em><strong>Andrea Barolini, de la redacci\u00f3n de Valori.it, analiza los resultados de la Cop26 que ha finalizado hace poco en Glasgow, relata el papel de las finanzas convencionales en las negociaciones y explica c\u00f3mo las grandilocuentes declaraciones esconden compromisos que a\u00fan son insuficientes.<\/strong><\/em><br \/>\n\t<br \/>\n\tLos 196 gobiernos que han participado en la Vigesimosexta Conferencia Mundial de las Naciones Unidas sobre el Clima, la<strong> Cop26 de Glasgow,<\/strong> han tenido el m\u00e9rito de indicar un camino. Pero lo han hecho manteniendo casi la misma postura y jugando, de hecho, a la <strong>defensiva<\/strong>. En vez de atacar la crisis clim\u00e1tica con medidas inmediatas y dr\u00e1sticas, como lo viene pidiendo la comunidad cient\u00edfica hace a\u00f1os, se han limitado a hacer pol\u00edtica <strong>a pasitos<\/strong>.<br \/>\n\t<br \/>\n\tEn el transcurso de las reuniones informales, as\u00ed como durante la \u00faltima asamblea plenaria, muchas delegaciones manifestaron una profunda desilusi\u00f3n. Empezando por la de los pa\u00edses m\u00e1s pobres y vulnerables que se enfrentan al impacto del cambio clim\u00e1tico (del que, por cierto, solo tienen una m\u00ednima parte de responsabilidad): si la batalla para nosotros\/as marca la diferencia entre una crisis y una cat\u00e1strofe clim\u00e1tica, para ellos es cuesti\u00f3n de vida o muerte. Algunos pa\u00edses, especialmente los peque\u00f1os estados insulares del Pac\u00edfico, sencillamente corren el riesgo de desaparecer del mapa.<br \/>\n\t<br \/>\n\tSobre todo dos cuestiones han dejado en Glasgow la sensaci\u00f3n clara de que <strong>se ha perdido una ocasi\u00f3n:<\/strong> la del <strong>carb\u00f3n<\/strong> y la de las <strong>subvenciones gubernamentales concedidas a las fuentes f\u00f3siles<\/strong>. Lo sucedido ya es notable: ante el primer borrador del texto, difundido a primera hora del mi\u00e9rcoles, 10 de noviembre, muchas personas pon\u00edan los ojos en blanco al leer la palabra phase-out (eliminaci\u00f3n gradual) junto a la de coal (carb\u00f3n). De igual manera, se hablaba de dejar de financiar con fondos p\u00fablicos no solo las fuentes de energ\u00eda m\u00e1s da\u00f1inas para el clima, sino tambi\u00e9n el petr\u00f3leo y el gas. No obstante, en los borradores sucesivos de la cover decision de la Cop26 se comenz\u00f3 a especificar que la eliminaci\u00f3n gradual se refer\u00eda solo al carb\u00f3n inalterado, es decir, a aquellas instalaciones que no hubieran a\u00f1adido un sistema de recuperaci\u00f3n del CO2 emitido. Y respecto a las subvenciones, se decidi\u00f3 limitar la eliminaci\u00f3n a aquellas fuentes de energ\u00eda definidas como \u00abineficaces\u00bb, t\u00e9rmino abierto a las m\u00e1s amplias interpretaciones.<br \/>\n\t<br \/>\n\tSin embargo, esto no bastaba para satisfacer a quienes defienden las fuentes f\u00f3siles, que desenvainaron la espada en el \u00faltimo minuto de la \u00faltima reuni\u00f3n. El golpe lo asest\u00f3 India, pero no se puede negar que Estados Unidos, China y Australia tambi\u00e9n apoyaron -o por lo menos, no obstaculizaron- el movimiento del delegado de India, que solicit\u00f3 cambiar phase-out (eliminaci\u00f3n gradual) por phase-down (reducci\u00f3n gradual). Una sola palabra que priva de significado a todo el p\u00e1rrafo. Adem\u00e1s, se trataba de un aut\u00e9ntico todo o nada, con las negociaciones ya en tiempo de descuento. Por otra parte, la Cop26 se vio literalmente invadida por la industria de los combustibles f\u00f3siles, que reuni\u00f3 a un grupo de presi\u00f3n de 503 miembros para abogar por la causa del carb\u00f3n, el petr\u00f3leo y el gas. Ning\u00fan pa\u00eds envi\u00f3 tantas personas a Glasgow. La segunda delegaci\u00f3n m\u00e1s nutrida fue la Brasil, con 497 personas.<br \/>\n\t<br \/>\n\tComo si esto no fuera suficiente, durante la Cop26<strong> se neg\u00f3 a los pa\u00edses m\u00e1s vulnerables la aprobaci\u00f3n de un mecanismo de indemnizaci\u00f3n por los da\u00f1os y perjuicios sufridos<\/strong>. Lo hab\u00eda propuesto el G77, China incluida, y el grupo m\u00e1s peque\u00f1o de estados insulares (Aosis). Y no fue suficiente que juntos representaran a 6.000 millones de personas.<br \/>\n\t<br \/>\n\tSigue siendo positivo el hecho de que se haya citado por primera vez la necesidad de superar gradualmente el carb\u00f3n en un documento final de una Cop. Tambi\u00e9n ha sido positiva la decisi\u00f3n de revisar ya en 2022 las CDN (Contribuciones Determinadas a nivel Nacional), las promesas de reducci\u00f3n de las emisiones que hizo cada gobierno. Y es que las que se han enviado por el momento llevar\u00edan el calentamiento global mucho m\u00e1s all\u00e1 de los objetivos fijados en el Acuerdo de Par\u00eds. As\u00ed, la esperanza de limitar el aumento de la temperatura media global a 1,5 grados cent\u00edgrados respecto de los niveles preindustriales para finales de siglo sigue viva, aunque es verdad que pende de un hilo. Y es ciertamente poco comparado con las expectativas.&nbsp; Pero, por lo menos, la Cop27 de Egipto y la Cop28 (probablemente en los Emiratos \u00c1rabes Unidos) no ser\u00e1n in\u00fatiles.<br \/>\n\t<br \/>\n\tEn este contexto, las finanzas tambi\u00e9n llegan con retraso. Sabemos que, seg\u00fan un estudio de Accenture, <strong>solo el 5% de las empresas que cotizan en los principales \u00edndices de bolsa europeos est\u00e1 haciendo lo necesario para conseguir el objetivo de la neutralidad del carbono<\/strong> (la consecuci\u00f3n de cero emisiones netas de CO2) para 2050. Tambi\u00e9n sabemos que solo una empresa cotizada de cada diez est\u00e1 alineada con el objetivo de los 1,5 grados. Sabemos adem\u00e1s que 60 grandes bancos han concedido a empresas de fuentes f\u00f3siles la estratosf\u00e9rica cifra de 3,8 billones de d\u00f3lares entre 2016 y 2020. Y seg\u00fan una encuestra realizada por la asociaci\u00f3n Alternative Investment Management Association sobre 100 fondos de alto riesgo (fondos especulativos), la mayor parte de los mismos saben que se impondr\u00e1n normas ASG m\u00e1s restrictivas que las est\u00e1ndar. Pero dos tercios de dichos fondos no tienen ni una sola persona en su equipo dedicadaa a afrontar la cuesti\u00f3n.<br \/>\n\t<br \/>\n\tA la vista de todo esto, \u00bfc\u00f3mo se ha presentado el sector en la Cop26? La imagen m\u00e1s clara la ha proporcionado la activista sueca Greta Thunberg, que abandon\u00f3 una mesa redonda organizada por las compa\u00f1\u00edas Shell y British Petroleum junto con el banco ingl\u00e9s Standard Chartered, lanzando la acusaci\u00f3n: <strong>\u00ab\u00a1Esto es solo blanqueo ecol\u00f3gico!\u00bb.<\/strong> O, como m\u00ednimo, una h\u00e1bil operaci\u00f3n de comunicaci\u00f3n. Como aquella de los \u00ab130 billones de d\u00f3lares dedicados a la neutralidad de carbono\u00bb, anunciados por m\u00e1s de 450 entidades de cr\u00e9dito y grandes inversores en el marco de la alianza financiera Glasgow Financial Alliance for Net Zero (GFANZ). Cosa que, si fuera verdad, habr\u00eda resuelto todos los problemas de un solo golpe.<br \/>\n\t<br \/>\n\tLa realidad es que, en contra de la lectura evidentemente demasiado r\u00e1pida que proporcion\u00f3 buena parte de la prensa internacional, la cifra expuesta no corresponde a los capitales listos para ser empleados en la transici\u00f3n ecol\u00f3gica, sino a los activos gestionados por los miembros de la GFANZ. A\u00fan m\u00e1s, como subraya el diario econ\u00f3mico franc\u00e9s Les Echos, el total est\u00e1 sobrestimado, porque incluye duplicados en los c\u00f3mputos, sumando entidades del mismo grupo m\u00e1s de una vez. De igual modo, la iniciativa Net Zero Asset Managers (NZAM) ha acogido 92 miembros nuevos, llegando a un total de 220 (y 57,400 billones de d\u00f3lares gestionados). Pero solo 43 han publicado objetivos intermedios en el marco de la reducci\u00f3n a cero de las emisiones netas para 2050. Y de estos, solo 11 han adoptado objetivos clim\u00e1ticos para el conjunto de sus negocios. Incluso un gestor adherido a la NZAM ha asignado solo el 1,26% de sus activos a la neutralidad de carbono.<br \/>\n\t<br \/>\n\t<strong>Nuestro planeta, en suma, es como un veh\u00edculo lanzado a 150 kil\u00f3metros por hora contra un muro que, en vez de frenar en seco, sigue aumentando la velocidad.<\/strong> En Glasgow nos hemos contentado con acelerar un poco menos r\u00e1pido.&nbsp; En las conferencias pr\u00f3ximas, <strong>o se decide finalmente liderar una revoluci\u00f3n <\/strong>\u2013y para hacerlo tambi\u00e9n ser\u00e1n necesarios los capitales del sector financiero\u2013 <strong>o nos condenaremos a asistir a una cat\u00e1strofe.<\/strong><\/p>\n<\/div>","protected":false},"excerpt":{"rendered":"<p>Andrea Barolini, de la redacci\u00f3n de Valori.it, analiza los resultados de la Cop26 que ha finalizado hace poco en Glasgow, relata el papel de las finanzas convencionales en las negociaciones y explica c\u00f3mo las grandilocuentes declaraciones esconden compromisos que a\u00fan son insuficientes.<\/p>\n","protected":false},"author":2,"featured_media":329857,"comment_status":"open","ping_status":"closed","sticky":false,"template":"","format":"standard","meta":{"_acf_changed":false,"footnotes":""},"categories":[11644],"tags":[],"coauthors":[],"class_list":["post-343706","post","type-post","status-publish","format-standard","has-post-thumbnail","hentry","category-finantza-etikoak"],"acf":[],"yoast_head":"<!-- This site is optimized with the Yoast SEO plugin v26.9 - https:\/\/yoast.com\/product\/yoast-seo-wordpress\/ -->\n<title>Ahora s\u00ed que se nos ha acabado el tiempo - Fiare Banca Etica<\/title>\n<meta name=\"robots\" content=\"index, follow, max-snippet:-1, max-image-preview:large, max-video-preview:-1\" \/>\n<link rel=\"canonical\" href=\"https:\/\/www.fiarebancaetica.coop\/eu\/ahora-si-que-se-nos-ha-acabado-el-tiempo\/\" \/>\n<meta property=\"og:locale\" content=\"eu_ES\" \/>\n<meta property=\"og:type\" content=\"article\" \/>\n<meta property=\"og:title\" content=\"Ahora s\u00ed que se nos ha acabado el tiempo - Fiare Banca Etica\" \/>\n<meta property=\"og:description\" content=\"Andrea Barolini, de la redacci\u00f3n de Valori.it, analiza los resultados de la Cop26 que ha finalizado hace poco en Glasgow, relata el papel de las finanzas convencionales en las negociaciones y explica c\u00f3mo las grandilocuentes declaraciones esconden compromisos que a\u00fan son insuficientes.\" \/>\n<meta property=\"og:url\" content=\"https:\/\/www.fiarebancaetica.coop\/eu\/ahora-si-que-se-nos-ha-acabado-el-tiempo\/\" \/>\n<meta property=\"og:site_name\" content=\"Fiare Banca Etica\" \/>\n<meta property=\"article:published_time\" content=\"2021-11-21T23:00:00+00:00\" \/>\n<meta property=\"article:modified_time\" content=\"2024-02-21T14:06:11+00:00\" \/>\n<meta property=\"og:image\" content=\"https:\/\/www.fiarebancaetica.coop\/app\/uploads\/sites\/2\/2023\/12\/ahora-si-que-se-nos-ha-acabado-el-tiempo.png\" \/>\n\t<meta property=\"og:image:width\" content=\"540\" \/>\n\t<meta property=\"og:image:height\" content=\"189\" \/>\n\t<meta property=\"og:image:type\" content=\"image\/png\" \/>\n<meta name=\"author\" content=\"crispyadmin0\" \/>\n<meta name=\"twitter:card\" content=\"summary_large_image\" \/>\n<script type=\"application\/ld+json\" class=\"yoast-schema-graph\">{\"@context\":\"https:\/\/schema.org\",\"@graph\":[{\"@type\":\"Article\",\"@id\":\"https:\/\/www.fiarebancaetica.coop\/eu\/ahora-si-que-se-nos-ha-acabado-el-tiempo\/#article\",\"isPartOf\":{\"@id\":\"https:\/\/www.fiarebancaetica.coop\/eu\/ahora-si-que-se-nos-ha-acabado-el-tiempo\/\"},\"author\":{\"name\":\"crispyadmin0\",\"@id\":\"https:\/\/www.fiarebancaetica.coop\/eu\/#\/schema\/person\/579841e89c804b5db05d9141bd9b8272\"},\"headline\":\"Ahora s\u00ed que se nos ha acabado el tiempo\",\"datePublished\":\"2021-11-21T23:00:00+00:00\",\"dateModified\":\"2024-02-21T14:06:11+00:00\",\"mainEntityOfPage\":{\"@id\":\"https:\/\/www.fiarebancaetica.coop\/eu\/ahora-si-que-se-nos-ha-acabado-el-tiempo\/\"},\"wordCount\":1340,\"commentCount\":0,\"image\":{\"@id\":\"https:\/\/www.fiarebancaetica.coop\/eu\/ahora-si-que-se-nos-ha-acabado-el-tiempo\/#primaryimage\"},\"thumbnailUrl\":\"https:\/\/www.fiarebancaetica.coop\/app\/uploads\/sites\/2\/2023\/12\/ahora-si-que-se-nos-ha-acabado-el-tiempo.png\",\"articleSection\":[\"Finantza etikoak\"],\"inLanguage\":\"eu\",\"potentialAction\":[{\"@type\":\"CommentAction\",\"name\":\"Comment\",\"target\":[\"https:\/\/www.fiarebancaetica.coop\/eu\/ahora-si-que-se-nos-ha-acabado-el-tiempo\/#respond\"]}]},{\"@type\":\"WebPage\",\"@id\":\"https:\/\/www.fiarebancaetica.coop\/eu\/ahora-si-que-se-nos-ha-acabado-el-tiempo\/\",\"url\":\"https:\/\/www.fiarebancaetica.coop\/eu\/ahora-si-que-se-nos-ha-acabado-el-tiempo\/\",\"name\":\"Ahora s\u00ed que se nos ha acabado el tiempo - Fiare Banca Etica\",\"isPartOf\":{\"@id\":\"https:\/\/www.fiarebancaetica.coop\/eu\/#website\"},\"primaryImageOfPage\":{\"@id\":\"https:\/\/www.fiarebancaetica.coop\/eu\/ahora-si-que-se-nos-ha-acabado-el-tiempo\/#primaryimage\"},\"image\":{\"@id\":\"https:\/\/www.fiarebancaetica.coop\/eu\/ahora-si-que-se-nos-ha-acabado-el-tiempo\/#primaryimage\"},\"thumbnailUrl\":\"https:\/\/www.fiarebancaetica.coop\/app\/uploads\/sites\/2\/2023\/12\/ahora-si-que-se-nos-ha-acabado-el-tiempo.png\",\"datePublished\":\"2021-11-21T23:00:00+00:00\",\"dateModified\":\"2024-02-21T14:06:11+00:00\",\"author\":{\"@id\":\"https:\/\/www.fiarebancaetica.coop\/eu\/#\/schema\/person\/579841e89c804b5db05d9141bd9b8272\"},\"breadcrumb\":{\"@id\":\"https:\/\/www.fiarebancaetica.coop\/eu\/ahora-si-que-se-nos-ha-acabado-el-tiempo\/#breadcrumb\"},\"inLanguage\":\"eu\",\"potentialAction\":[{\"@type\":\"ReadAction\",\"target\":[\"https:\/\/www.fiarebancaetica.coop\/eu\/ahora-si-que-se-nos-ha-acabado-el-tiempo\/\"]}]},{\"@type\":\"ImageObject\",\"inLanguage\":\"eu\",\"@id\":\"https:\/\/www.fiarebancaetica.coop\/eu\/ahora-si-que-se-nos-ha-acabado-el-tiempo\/#primaryimage\",\"url\":\"https:\/\/www.fiarebancaetica.coop\/app\/uploads\/sites\/2\/2023\/12\/ahora-si-que-se-nos-ha-acabado-el-tiempo.png\",\"contentUrl\":\"https:\/\/www.fiarebancaetica.coop\/app\/uploads\/sites\/2\/2023\/12\/ahora-si-que-se-nos-ha-acabado-el-tiempo.png\",\"width\":540,\"height\":189},{\"@type\":\"BreadcrumbList\",\"@id\":\"https:\/\/www.fiarebancaetica.coop\/eu\/ahora-si-que-se-nos-ha-acabado-el-tiempo\/#breadcrumb\",\"itemListElement\":[{\"@type\":\"ListItem\",\"position\":1,\"name\":\"Home\",\"item\":\"https:\/\/www.fiarebancaetica.coop\/eu\/\"},{\"@type\":\"ListItem\",\"position\":2,\"name\":\"Ahora s\u00ed que se nos ha acabado el tiempo\"}]},{\"@type\":\"WebSite\",\"@id\":\"https:\/\/www.fiarebancaetica.coop\/eu\/#website\",\"url\":\"https:\/\/www.fiarebancaetica.coop\/eu\/\",\"name\":\"Fiare Banca Etica\",\"description\":\"\",\"potentialAction\":[{\"@type\":\"SearchAction\",\"target\":{\"@type\":\"EntryPoint\",\"urlTemplate\":\"https:\/\/www.fiarebancaetica.coop\/eu\/?s={search_term_string}\"},\"query-input\":{\"@type\":\"PropertyValueSpecification\",\"valueRequired\":true,\"valueName\":\"search_term_string\"}}],\"inLanguage\":\"eu\"},{\"@type\":\"Person\",\"@id\":\"https:\/\/www.fiarebancaetica.coop\/eu\/#\/schema\/person\/579841e89c804b5db05d9141bd9b8272\",\"name\":\"crispyadmin0\",\"image\":{\"@type\":\"ImageObject\",\"inLanguage\":\"eu\",\"@id\":\"https:\/\/www.fiarebancaetica.coop\/eu\/#\/schema\/person\/image\/5f3a6b7786f32f4c35bd2b1a5a4698ea\",\"url\":\"https:\/\/secure.gravatar.com\/avatar\/4d2cfb499d497b6d49da659fab7404b243a87fe8e40d2cf97a1cae48f677f5b2?s=96&d=mm&r=g\",\"contentUrl\":\"https:\/\/secure.gravatar.com\/avatar\/4d2cfb499d497b6d49da659fab7404b243a87fe8e40d2cf97a1cae48f677f5b2?s=96&d=mm&r=g\",\"caption\":\"crispyadmin0\"},\"sameAs\":[\"crispyadmin0\"]}]}<\/script>\n<!-- \/ Yoast SEO plugin. -->","yoast_head_json":{"title":"Ahora s\u00ed que se nos ha acabado el tiempo - Fiare Banca Etica","robots":{"index":"index","follow":"follow","max-snippet":"max-snippet:-1","max-image-preview":"max-image-preview:large","max-video-preview":"max-video-preview:-1"},"canonical":"https:\/\/www.fiarebancaetica.coop\/eu\/ahora-si-que-se-nos-ha-acabado-el-tiempo\/","og_locale":"eu_ES","og_type":"article","og_title":"Ahora s\u00ed que se nos ha acabado el tiempo - Fiare Banca Etica","og_description":"Andrea Barolini, de la redacci\u00f3n de Valori.it, analiza los resultados de la Cop26 que ha finalizado hace poco en Glasgow, relata el papel de las finanzas convencionales en las negociaciones y explica c\u00f3mo las grandilocuentes declaraciones esconden compromisos que a\u00fan son insuficientes.","og_url":"https:\/\/www.fiarebancaetica.coop\/eu\/ahora-si-que-se-nos-ha-acabado-el-tiempo\/","og_site_name":"Fiare Banca Etica","article_published_time":"2021-11-21T23:00:00+00:00","article_modified_time":"2024-02-21T14:06:11+00:00","og_image":[{"width":540,"height":189,"url":"https:\/\/www.fiarebancaetica.coop\/app\/uploads\/sites\/2\/2023\/12\/ahora-si-que-se-nos-ha-acabado-el-tiempo.png","type":"image\/png"}],"author":"crispyadmin0","twitter_card":"summary_large_image","schema":{"@context":"https:\/\/schema.org","@graph":[{"@type":"Article","@id":"https:\/\/www.fiarebancaetica.coop\/eu\/ahora-si-que-se-nos-ha-acabado-el-tiempo\/#article","isPartOf":{"@id":"https:\/\/www.fiarebancaetica.coop\/eu\/ahora-si-que-se-nos-ha-acabado-el-tiempo\/"},"author":{"name":"crispyadmin0","@id":"https:\/\/www.fiarebancaetica.coop\/eu\/#\/schema\/person\/579841e89c804b5db05d9141bd9b8272"},"headline":"Ahora s\u00ed que se nos ha acabado el tiempo","datePublished":"2021-11-21T23:00:00+00:00","dateModified":"2024-02-21T14:06:11+00:00","mainEntityOfPage":{"@id":"https:\/\/www.fiarebancaetica.coop\/eu\/ahora-si-que-se-nos-ha-acabado-el-tiempo\/"},"wordCount":1340,"commentCount":0,"image":{"@id":"https:\/\/www.fiarebancaetica.coop\/eu\/ahora-si-que-se-nos-ha-acabado-el-tiempo\/#primaryimage"},"thumbnailUrl":"https:\/\/www.fiarebancaetica.coop\/app\/uploads\/sites\/2\/2023\/12\/ahora-si-que-se-nos-ha-acabado-el-tiempo.png","articleSection":["Finantza etikoak"],"inLanguage":"eu","potentialAction":[{"@type":"CommentAction","name":"Comment","target":["https:\/\/www.fiarebancaetica.coop\/eu\/ahora-si-que-se-nos-ha-acabado-el-tiempo\/#respond"]}]},{"@type":"WebPage","@id":"https:\/\/www.fiarebancaetica.coop\/eu\/ahora-si-que-se-nos-ha-acabado-el-tiempo\/","url":"https:\/\/www.fiarebancaetica.coop\/eu\/ahora-si-que-se-nos-ha-acabado-el-tiempo\/","name":"Ahora s\u00ed que se nos ha acabado el tiempo - Fiare Banca Etica","isPartOf":{"@id":"https:\/\/www.fiarebancaetica.coop\/eu\/#website"},"primaryImageOfPage":{"@id":"https:\/\/www.fiarebancaetica.coop\/eu\/ahora-si-que-se-nos-ha-acabado-el-tiempo\/#primaryimage"},"image":{"@id":"https:\/\/www.fiarebancaetica.coop\/eu\/ahora-si-que-se-nos-ha-acabado-el-tiempo\/#primaryimage"},"thumbnailUrl":"https:\/\/www.fiarebancaetica.coop\/app\/uploads\/sites\/2\/2023\/12\/ahora-si-que-se-nos-ha-acabado-el-tiempo.png","datePublished":"2021-11-21T23:00:00+00:00","dateModified":"2024-02-21T14:06:11+00:00","author":{"@id":"https:\/\/www.fiarebancaetica.coop\/eu\/#\/schema\/person\/579841e89c804b5db05d9141bd9b8272"},"breadcrumb":{"@id":"https:\/\/www.fiarebancaetica.coop\/eu\/ahora-si-que-se-nos-ha-acabado-el-tiempo\/#breadcrumb"},"inLanguage":"eu","potentialAction":[{"@type":"ReadAction","target":["https:\/\/www.fiarebancaetica.coop\/eu\/ahora-si-que-se-nos-ha-acabado-el-tiempo\/"]}]},{"@type":"ImageObject","inLanguage":"eu","@id":"https:\/\/www.fiarebancaetica.coop\/eu\/ahora-si-que-se-nos-ha-acabado-el-tiempo\/#primaryimage","url":"https:\/\/www.fiarebancaetica.coop\/app\/uploads\/sites\/2\/2023\/12\/ahora-si-que-se-nos-ha-acabado-el-tiempo.png","contentUrl":"https:\/\/www.fiarebancaetica.coop\/app\/uploads\/sites\/2\/2023\/12\/ahora-si-que-se-nos-ha-acabado-el-tiempo.png","width":540,"height":189},{"@type":"BreadcrumbList","@id":"https:\/\/www.fiarebancaetica.coop\/eu\/ahora-si-que-se-nos-ha-acabado-el-tiempo\/#breadcrumb","itemListElement":[{"@type":"ListItem","position":1,"name":"Home","item":"https:\/\/www.fiarebancaetica.coop\/eu\/"},{"@type":"ListItem","position":2,"name":"Ahora s\u00ed que se nos ha acabado el tiempo"}]},{"@type":"WebSite","@id":"https:\/\/www.fiarebancaetica.coop\/eu\/#website","url":"https:\/\/www.fiarebancaetica.coop\/eu\/","name":"Fiare Banca Etica","description":"","potentialAction":[{"@type":"SearchAction","target":{"@type":"EntryPoint","urlTemplate":"https:\/\/www.fiarebancaetica.coop\/eu\/?s={search_term_string}"},"query-input":{"@type":"PropertyValueSpecification","valueRequired":true,"valueName":"search_term_string"}}],"inLanguage":"eu"},{"@type":"Person","@id":"https:\/\/www.fiarebancaetica.coop\/eu\/#\/schema\/person\/579841e89c804b5db05d9141bd9b8272","name":"crispyadmin0","image":{"@type":"ImageObject","inLanguage":"eu","@id":"https:\/\/www.fiarebancaetica.coop\/eu\/#\/schema\/person\/image\/5f3a6b7786f32f4c35bd2b1a5a4698ea","url":"https:\/\/secure.gravatar.com\/avatar\/4d2cfb499d497b6d49da659fab7404b243a87fe8e40d2cf97a1cae48f677f5b2?s=96&d=mm&r=g","contentUrl":"https:\/\/secure.gravatar.com\/avatar\/4d2cfb499d497b6d49da659fab7404b243a87fe8e40d2cf97a1cae48f677f5b2?s=96&d=mm&r=g","caption":"crispyadmin0"},"sameAs":["crispyadmin0"]}]}},"_links":{"self":[{"href":"https:\/\/www.fiarebancaetica.coop\/eu\/wp-json\/wp\/v2\/posts\/343706","targetHints":{"allow":["GET"]}}],"collection":[{"href":"https:\/\/www.fiarebancaetica.coop\/eu\/wp-json\/wp\/v2\/posts"}],"about":[{"href":"https:\/\/www.fiarebancaetica.coop\/eu\/wp-json\/wp\/v2\/types\/post"}],"author":[{"embeddable":true,"href":"https:\/\/www.fiarebancaetica.coop\/eu\/wp-json\/wp\/v2\/users\/2"}],"replies":[{"embeddable":true,"href":"https:\/\/www.fiarebancaetica.coop\/eu\/wp-json\/wp\/v2\/comments?post=343706"}],"version-history":[{"count":2,"href":"https:\/\/www.fiarebancaetica.coop\/eu\/wp-json\/wp\/v2\/posts\/343706\/revisions"}],"predecessor-version":[{"id":355026,"href":"https:\/\/www.fiarebancaetica.coop\/eu\/wp-json\/wp\/v2\/posts\/343706\/revisions\/355026"}],"wp:featuredmedia":[{"embeddable":true,"href":"https:\/\/www.fiarebancaetica.coop\/eu\/wp-json\/wp\/v2\/media\/329857"}],"wp:attachment":[{"href":"https:\/\/www.fiarebancaetica.coop\/eu\/wp-json\/wp\/v2\/media?parent=343706"}],"wp:term":[{"taxonomy":"category","embeddable":true,"href":"https:\/\/www.fiarebancaetica.coop\/eu\/wp-json\/wp\/v2\/categories?post=343706"},{"taxonomy":"post_tag","embeddable":true,"href":"https:\/\/www.fiarebancaetica.coop\/eu\/wp-json\/wp\/v2\/tags?post=343706"},{"taxonomy":"author","embeddable":true,"href":"https:\/\/www.fiarebancaetica.coop\/eu\/wp-json\/wp\/v2\/coauthors?post=343706"}],"curies":[{"name":"wp","href":"https:\/\/api.w.org\/{rel}","templated":true}]}}