{"id":343842,"date":"2021-07-12T00:00:00","date_gmt":"2021-07-11T22:00:00","guid":{"rendered":"https:\/\/www.fiarebancaetica.coop\/la-residencia-cuna-del-mayo-en-pedro-munoz-abre-sus-puertas\/"},"modified":"2024-02-21T15:08:57","modified_gmt":"2024-02-21T14:08:57","slug":"la-residencia-cuna-del-mayo-en-pedro-munoz-abre-sus-puertas","status":"publish","type":"post","link":"https:\/\/www.fiarebancaetica.coop\/eu\/la-residencia-cuna-del-mayo-en-pedro-munoz-abre-sus-puertas\/","title":{"rendered":"La residencia Cuna del Mayo, en Pedro Mu\u00f1oz, abre sus puertas"},"content":{"rendered":"\n\n<div class=\"wp-block-bancaetica-blocks-blocks-block-49\">\n    <div class=\"container-block-49\">\n\n        <div class=\"header-section \">\n                            <h1 class=\"section-title\"> Etica e cooperativa <\/h1>\n                                            <\/div>\n\n        \n        <div class=\"block-background\" style=\"background-image: url('https:\/\/www.fiarebancaetica.coop\/app\/uploads\/sites\/2\/2023\/12\/residencia-cuna-del-mayo-en-pedro-munoz-abre-sus-puertas.jpg')\">\n                            <div class=\"tile\">\n                    <h1 class=\"image-title\"> La residencia Cuna del Mayo, en Pedro Mu\u00f1oz, abre sus puertas <\/h1>\n                <\/div>             <!-- end .tile -->\n            <div class=\"bottom-content\">\n                            <\/div> <!-- end .button-content -->\n        <\/div> <!-- end .block-background -->\n    <\/div> <!-- end .container -->\n<\/div> <!-- end wp-block-bancaetica-blocks-blocks-block-06 -->\n\n\n<div class=\"wrapper-crispybacon-class wrapper-crispybacon-class-boxed \">\n    <p>A partir de este lunes, el Centro de Mayores Cuna del Mayo en Pedro Mu\u00f1oz&nbsp;(Ciudad Real) ya es una realidad gracias a la<strong> colaboraci\u00f3n de fondos p\u00fablicos y el apoyo financiero de Fiare Banca Etica<\/strong>. El proyecto, tan esperado por los vecinos del municipio, contiene 45 plazas residenciales y 20 estancias diurnas.<\/p>\n<p>Desde el ayuntamiento se muestran satisfechos porque finalmente podemos ver esta obra acabada. Lo cuenta Carlos Ortiz, alcalde de la localidad: &#8220;Estamos muy contentos porque, al fin, podemos ver el proyecto realizado. El proyecto lleva fragu\u00e1ndose desde 2012, empez\u00f3 con la recuperaci\u00f3n del edificio de la antigua Escuela Taller&#8221;. Ha recordado que &#8220;Pedro Mu\u00f1oz era el \u00fanico municipio mayor de 7.000 habitantes que no ten\u00eda residencia&#8221;.<\/p>\n<h2>\n\tInnovaci\u00f3n y servicios para la gente mayor en zona rural&nbsp;<\/h2>\n<p>El centro de mayores contar\u00e1 con los <strong>servicios m\u00e1s innovadores<\/strong>. Tendr\u00e1 habitaciones dobles e individuales, con camas articuladas, ba\u00f1o adaptado y sistema de comunicaci\u00f3n por voz. Adem\u00e1s de los servicios con los que tambi\u00e9n contar\u00e1n los residentes diurnos.<br \/>\n\t<br \/>\n\tEl edificio cuenta con salas de fisioterapia, terapia ocupacional y servicios de podolog\u00eda y peluquer\u00eda con los que se alcanza una prestaci\u00f3n integral y accesible de calidad. Junto con la restauraci\u00f3n y un espacio de zonas exteriores, que busca la calidad de vida de los residentes.<\/p>\n<h2>\n\tCalidad de vida<\/h2>\n<p>En la Vivienda Tutelada Tercera Edad De Pedro Mu\u00f1oz se han propuesto proporcionar a los residentes y familiares cuidados de m\u00e1xima calidad. Para lograrlo, se apoyan en una <strong>atenci\u00f3n personalizada<\/strong> para cada caso, unos profesionales comprometidos con su causa y unas instalaciones bien equipadas y acogedoras donde los mayores puedan sentirse como en casa.<br \/>\n\tEl principal objetivo de la residencia se traduce en asegurar una \u00f3ptima calidad de vida para todos sus residentes. Tratando a todos sus mayores en situaci\u00f3n de dependencia desde el afecto y el respeto.<\/p>\n<h2>\n\t<span>Cercan\u00eda<\/span><\/h2>\n<p>A parte de proporcionar la calidad de vida a los residentes, se busca que los vecinos de la localidad<strong> no se tengan que desplazar a otros municipios<\/strong>, mejorando la calidad de vida de las personas mayores o dependientes y de sus familiares.<\/p>\n<\/div>","protected":false},"excerpt":{"rendered":"<p>A partir de este lunes, el Centro de Mayores Cuna del Mayo en Pedro Mu\u00f1oz (Ciudad Real) ya es una realidad. El proyecto, tan esperado por los vecinos del municipio, contiene 45 plazas residenciales y 20 estancias diurnas.<\/p>\n","protected":false},"author":2,"featured_media":329707,"comment_status":"open","ping_status":"closed","sticky":false,"template":"","format":"standard","meta":{"_acf_changed":false,"footnotes":""},"categories":[11663],"tags":[],"coauthors":[],"class_list":["post-343842","post","type-post","status-publish","format-standard","has-post-thumbnail","hentry","category-eragin-positiboa-duten-istorioak"],"acf":[],"yoast_head":"<!-- This site is optimized with the Yoast SEO plugin v26.9 - https:\/\/yoast.com\/product\/yoast-seo-wordpress\/ -->\n<title>La residencia Cuna del Mayo, en Pedro Mu\u00f1oz, abre sus puertas - Fiare Banca Etica<\/title>\n<meta name=\"robots\" content=\"index, follow, max-snippet:-1, max-image-preview:large, max-video-preview:-1\" \/>\n<link rel=\"canonical\" href=\"https:\/\/www.fiarebancaetica.coop\/eu\/la-residencia-cuna-del-mayo-en-pedro-munoz-abre-sus-puertas\/\" \/>\n<meta property=\"og:locale\" content=\"eu_ES\" \/>\n<meta property=\"og:type\" content=\"article\" \/>\n<meta property=\"og:title\" content=\"La residencia Cuna del Mayo, en Pedro Mu\u00f1oz, abre sus puertas - Fiare Banca Etica\" \/>\n<meta property=\"og:description\" content=\"A partir de este lunes, el Centro de Mayores Cuna del Mayo en Pedro Mu\u00f1oz (Ciudad Real) ya es una realidad. El proyecto, tan esperado por los vecinos del municipio, contiene 45 plazas residenciales y 20 estancias diurnas.\" \/>\n<meta property=\"og:url\" content=\"https:\/\/www.fiarebancaetica.coop\/eu\/la-residencia-cuna-del-mayo-en-pedro-munoz-abre-sus-puertas\/\" \/>\n<meta property=\"og:site_name\" content=\"Fiare Banca Etica\" \/>\n<meta property=\"article:published_time\" content=\"2021-07-11T22:00:00+00:00\" \/>\n<meta property=\"article:modified_time\" content=\"2024-02-21T14:08:57+00:00\" \/>\n<meta property=\"og:image\" content=\"https:\/\/www.fiarebancaetica.coop\/app\/uploads\/sites\/2\/2023\/12\/residencia-cuna-del-mayo-en-pedro-munoz-abre-sus-puertas.jpg\" \/>\n\t<meta property=\"og:image:width\" content=\"540\" \/>\n\t<meta property=\"og:image:height\" content=\"250\" \/>\n\t<meta property=\"og:image:type\" content=\"image\/jpeg\" \/>\n<meta name=\"author\" content=\"crispyadmin0\" \/>\n<meta name=\"twitter:card\" content=\"summary_large_image\" \/>\n<script type=\"application\/ld+json\" class=\"yoast-schema-graph\">{\"@context\":\"https:\/\/schema.org\",\"@graph\":[{\"@type\":\"Article\",\"@id\":\"https:\/\/www.fiarebancaetica.coop\/eu\/la-residencia-cuna-del-mayo-en-pedro-munoz-abre-sus-puertas\/#article\",\"isPartOf\":{\"@id\":\"https:\/\/www.fiarebancaetica.coop\/eu\/la-residencia-cuna-del-mayo-en-pedro-munoz-abre-sus-puertas\/\"},\"author\":{\"name\":\"crispyadmin0\",\"@id\":\"https:\/\/www.fiarebancaetica.coop\/eu\/#\/schema\/person\/579841e89c804b5db05d9141bd9b8272\"},\"headline\":\"La residencia Cuna del Mayo, en Pedro Mu\u00f1oz, abre sus puertas\",\"datePublished\":\"2021-07-11T22:00:00+00:00\",\"dateModified\":\"2024-02-21T14:08:57+00:00\",\"mainEntityOfPage\":{\"@id\":\"https:\/\/www.fiarebancaetica.coop\/eu\/la-residencia-cuna-del-mayo-en-pedro-munoz-abre-sus-puertas\/\"},\"wordCount\":380,\"commentCount\":0,\"image\":{\"@id\":\"https:\/\/www.fiarebancaetica.coop\/eu\/la-residencia-cuna-del-mayo-en-pedro-munoz-abre-sus-puertas\/#primaryimage\"},\"thumbnailUrl\":\"https:\/\/www.fiarebancaetica.coop\/app\/uploads\/sites\/2\/2023\/12\/residencia-cuna-del-mayo-en-pedro-munoz-abre-sus-puertas.jpg\",\"articleSection\":[\"Eragin positiboa duten istorioak\"],\"inLanguage\":\"eu\",\"potentialAction\":[{\"@type\":\"CommentAction\",\"name\":\"Comment\",\"target\":[\"https:\/\/www.fiarebancaetica.coop\/eu\/la-residencia-cuna-del-mayo-en-pedro-munoz-abre-sus-puertas\/#respond\"]}]},{\"@type\":\"WebPage\",\"@id\":\"https:\/\/www.fiarebancaetica.coop\/eu\/la-residencia-cuna-del-mayo-en-pedro-munoz-abre-sus-puertas\/\",\"url\":\"https:\/\/www.fiarebancaetica.coop\/eu\/la-residencia-cuna-del-mayo-en-pedro-munoz-abre-sus-puertas\/\",\"name\":\"La residencia Cuna del Mayo, en Pedro Mu\u00f1oz, abre sus puertas - Fiare Banca Etica\",\"isPartOf\":{\"@id\":\"https:\/\/www.fiarebancaetica.coop\/eu\/#website\"},\"primaryImageOfPage\":{\"@id\":\"https:\/\/www.fiarebancaetica.coop\/eu\/la-residencia-cuna-del-mayo-en-pedro-munoz-abre-sus-puertas\/#primaryimage\"},\"image\":{\"@id\":\"https:\/\/www.fiarebancaetica.coop\/eu\/la-residencia-cuna-del-mayo-en-pedro-munoz-abre-sus-puertas\/#primaryimage\"},\"thumbnailUrl\":\"https:\/\/www.fiarebancaetica.coop\/app\/uploads\/sites\/2\/2023\/12\/residencia-cuna-del-mayo-en-pedro-munoz-abre-sus-puertas.jpg\",\"datePublished\":\"2021-07-11T22:00:00+00:00\",\"dateModified\":\"2024-02-21T14:08:57+00:00\",\"author\":{\"@id\":\"https:\/\/www.fiarebancaetica.coop\/eu\/#\/schema\/person\/579841e89c804b5db05d9141bd9b8272\"},\"breadcrumb\":{\"@id\":\"https:\/\/www.fiarebancaetica.coop\/eu\/la-residencia-cuna-del-mayo-en-pedro-munoz-abre-sus-puertas\/#breadcrumb\"},\"inLanguage\":\"eu\",\"potentialAction\":[{\"@type\":\"ReadAction\",\"target\":[\"https:\/\/www.fiarebancaetica.coop\/eu\/la-residencia-cuna-del-mayo-en-pedro-munoz-abre-sus-puertas\/\"]}]},{\"@type\":\"ImageObject\",\"inLanguage\":\"eu\",\"@id\":\"https:\/\/www.fiarebancaetica.coop\/eu\/la-residencia-cuna-del-mayo-en-pedro-munoz-abre-sus-puertas\/#primaryimage\",\"url\":\"https:\/\/www.fiarebancaetica.coop\/app\/uploads\/sites\/2\/2023\/12\/residencia-cuna-del-mayo-en-pedro-munoz-abre-sus-puertas.jpg\",\"contentUrl\":\"https:\/\/www.fiarebancaetica.coop\/app\/uploads\/sites\/2\/2023\/12\/residencia-cuna-del-mayo-en-pedro-munoz-abre-sus-puertas.jpg\",\"width\":540,\"height\":250},{\"@type\":\"BreadcrumbList\",\"@id\":\"https:\/\/www.fiarebancaetica.coop\/eu\/la-residencia-cuna-del-mayo-en-pedro-munoz-abre-sus-puertas\/#breadcrumb\",\"itemListElement\":[{\"@type\":\"ListItem\",\"position\":1,\"name\":\"Home\",\"item\":\"https:\/\/www.fiarebancaetica.coop\/eu\/\"},{\"@type\":\"ListItem\",\"position\":2,\"name\":\"La residencia Cuna del Mayo, en Pedro Mu\u00f1oz, abre sus puertas\"}]},{\"@type\":\"WebSite\",\"@id\":\"https:\/\/www.fiarebancaetica.coop\/eu\/#website\",\"url\":\"https:\/\/www.fiarebancaetica.coop\/eu\/\",\"name\":\"Fiare Banca Etica\",\"description\":\"\",\"potentialAction\":[{\"@type\":\"SearchAction\",\"target\":{\"@type\":\"EntryPoint\",\"urlTemplate\":\"https:\/\/www.fiarebancaetica.coop\/eu\/?s={search_term_string}\"},\"query-input\":{\"@type\":\"PropertyValueSpecification\",\"valueRequired\":true,\"valueName\":\"search_term_string\"}}],\"inLanguage\":\"eu\"},{\"@type\":\"Person\",\"@id\":\"https:\/\/www.fiarebancaetica.coop\/eu\/#\/schema\/person\/579841e89c804b5db05d9141bd9b8272\",\"name\":\"crispyadmin0\",\"image\":{\"@type\":\"ImageObject\",\"inLanguage\":\"eu\",\"@id\":\"https:\/\/www.fiarebancaetica.coop\/eu\/#\/schema\/person\/image\/5f3a6b7786f32f4c35bd2b1a5a4698ea\",\"url\":\"https:\/\/secure.gravatar.com\/avatar\/4d2cfb499d497b6d49da659fab7404b243a87fe8e40d2cf97a1cae48f677f5b2?s=96&d=mm&r=g\",\"contentUrl\":\"https:\/\/secure.gravatar.com\/avatar\/4d2cfb499d497b6d49da659fab7404b243a87fe8e40d2cf97a1cae48f677f5b2?s=96&d=mm&r=g\",\"caption\":\"crispyadmin0\"},\"sameAs\":[\"crispyadmin0\"]}]}<\/script>\n<!-- \/ Yoast SEO plugin. -->","yoast_head_json":{"title":"La residencia Cuna del Mayo, en Pedro Mu\u00f1oz, abre sus puertas - Fiare Banca Etica","robots":{"index":"index","follow":"follow","max-snippet":"max-snippet:-1","max-image-preview":"max-image-preview:large","max-video-preview":"max-video-preview:-1"},"canonical":"https:\/\/www.fiarebancaetica.coop\/eu\/la-residencia-cuna-del-mayo-en-pedro-munoz-abre-sus-puertas\/","og_locale":"eu_ES","og_type":"article","og_title":"La residencia Cuna del Mayo, en Pedro Mu\u00f1oz, abre sus puertas - Fiare Banca Etica","og_description":"A partir de este lunes, el Centro de Mayores Cuna del Mayo en Pedro Mu\u00f1oz (Ciudad Real) ya es una realidad. El proyecto, tan esperado por los vecinos del municipio, contiene 45 plazas residenciales y 20 estancias diurnas.","og_url":"https:\/\/www.fiarebancaetica.coop\/eu\/la-residencia-cuna-del-mayo-en-pedro-munoz-abre-sus-puertas\/","og_site_name":"Fiare Banca Etica","article_published_time":"2021-07-11T22:00:00+00:00","article_modified_time":"2024-02-21T14:08:57+00:00","og_image":[{"width":540,"height":250,"url":"https:\/\/www.fiarebancaetica.coop\/app\/uploads\/sites\/2\/2023\/12\/residencia-cuna-del-mayo-en-pedro-munoz-abre-sus-puertas.jpg","type":"image\/jpeg"}],"author":"crispyadmin0","twitter_card":"summary_large_image","schema":{"@context":"https:\/\/schema.org","@graph":[{"@type":"Article","@id":"https:\/\/www.fiarebancaetica.coop\/eu\/la-residencia-cuna-del-mayo-en-pedro-munoz-abre-sus-puertas\/#article","isPartOf":{"@id":"https:\/\/www.fiarebancaetica.coop\/eu\/la-residencia-cuna-del-mayo-en-pedro-munoz-abre-sus-puertas\/"},"author":{"name":"crispyadmin0","@id":"https:\/\/www.fiarebancaetica.coop\/eu\/#\/schema\/person\/579841e89c804b5db05d9141bd9b8272"},"headline":"La residencia Cuna del Mayo, en Pedro Mu\u00f1oz, abre sus puertas","datePublished":"2021-07-11T22:00:00+00:00","dateModified":"2024-02-21T14:08:57+00:00","mainEntityOfPage":{"@id":"https:\/\/www.fiarebancaetica.coop\/eu\/la-residencia-cuna-del-mayo-en-pedro-munoz-abre-sus-puertas\/"},"wordCount":380,"commentCount":0,"image":{"@id":"https:\/\/www.fiarebancaetica.coop\/eu\/la-residencia-cuna-del-mayo-en-pedro-munoz-abre-sus-puertas\/#primaryimage"},"thumbnailUrl":"https:\/\/www.fiarebancaetica.coop\/app\/uploads\/sites\/2\/2023\/12\/residencia-cuna-del-mayo-en-pedro-munoz-abre-sus-puertas.jpg","articleSection":["Eragin positiboa duten istorioak"],"inLanguage":"eu","potentialAction":[{"@type":"CommentAction","name":"Comment","target":["https:\/\/www.fiarebancaetica.coop\/eu\/la-residencia-cuna-del-mayo-en-pedro-munoz-abre-sus-puertas\/#respond"]}]},{"@type":"WebPage","@id":"https:\/\/www.fiarebancaetica.coop\/eu\/la-residencia-cuna-del-mayo-en-pedro-munoz-abre-sus-puertas\/","url":"https:\/\/www.fiarebancaetica.coop\/eu\/la-residencia-cuna-del-mayo-en-pedro-munoz-abre-sus-puertas\/","name":"La residencia Cuna del Mayo, en Pedro Mu\u00f1oz, abre sus puertas - Fiare Banca Etica","isPartOf":{"@id":"https:\/\/www.fiarebancaetica.coop\/eu\/#website"},"primaryImageOfPage":{"@id":"https:\/\/www.fiarebancaetica.coop\/eu\/la-residencia-cuna-del-mayo-en-pedro-munoz-abre-sus-puertas\/#primaryimage"},"image":{"@id":"https:\/\/www.fiarebancaetica.coop\/eu\/la-residencia-cuna-del-mayo-en-pedro-munoz-abre-sus-puertas\/#primaryimage"},"thumbnailUrl":"https:\/\/www.fiarebancaetica.coop\/app\/uploads\/sites\/2\/2023\/12\/residencia-cuna-del-mayo-en-pedro-munoz-abre-sus-puertas.jpg","datePublished":"2021-07-11T22:00:00+00:00","dateModified":"2024-02-21T14:08:57+00:00","author":{"@id":"https:\/\/www.fiarebancaetica.coop\/eu\/#\/schema\/person\/579841e89c804b5db05d9141bd9b8272"},"breadcrumb":{"@id":"https:\/\/www.fiarebancaetica.coop\/eu\/la-residencia-cuna-del-mayo-en-pedro-munoz-abre-sus-puertas\/#breadcrumb"},"inLanguage":"eu","potentialAction":[{"@type":"ReadAction","target":["https:\/\/www.fiarebancaetica.coop\/eu\/la-residencia-cuna-del-mayo-en-pedro-munoz-abre-sus-puertas\/"]}]},{"@type":"ImageObject","inLanguage":"eu","@id":"https:\/\/www.fiarebancaetica.coop\/eu\/la-residencia-cuna-del-mayo-en-pedro-munoz-abre-sus-puertas\/#primaryimage","url":"https:\/\/www.fiarebancaetica.coop\/app\/uploads\/sites\/2\/2023\/12\/residencia-cuna-del-mayo-en-pedro-munoz-abre-sus-puertas.jpg","contentUrl":"https:\/\/www.fiarebancaetica.coop\/app\/uploads\/sites\/2\/2023\/12\/residencia-cuna-del-mayo-en-pedro-munoz-abre-sus-puertas.jpg","width":540,"height":250},{"@type":"BreadcrumbList","@id":"https:\/\/www.fiarebancaetica.coop\/eu\/la-residencia-cuna-del-mayo-en-pedro-munoz-abre-sus-puertas\/#breadcrumb","itemListElement":[{"@type":"ListItem","position":1,"name":"Home","item":"https:\/\/www.fiarebancaetica.coop\/eu\/"},{"@type":"ListItem","position":2,"name":"La residencia Cuna del Mayo, en Pedro Mu\u00f1oz, abre sus puertas"}]},{"@type":"WebSite","@id":"https:\/\/www.fiarebancaetica.coop\/eu\/#website","url":"https:\/\/www.fiarebancaetica.coop\/eu\/","name":"Fiare Banca Etica","description":"","potentialAction":[{"@type":"SearchAction","target":{"@type":"EntryPoint","urlTemplate":"https:\/\/www.fiarebancaetica.coop\/eu\/?s={search_term_string}"},"query-input":{"@type":"PropertyValueSpecification","valueRequired":true,"valueName":"search_term_string"}}],"inLanguage":"eu"},{"@type":"Person","@id":"https:\/\/www.fiarebancaetica.coop\/eu\/#\/schema\/person\/579841e89c804b5db05d9141bd9b8272","name":"crispyadmin0","image":{"@type":"ImageObject","inLanguage":"eu","@id":"https:\/\/www.fiarebancaetica.coop\/eu\/#\/schema\/person\/image\/5f3a6b7786f32f4c35bd2b1a5a4698ea","url":"https:\/\/secure.gravatar.com\/avatar\/4d2cfb499d497b6d49da659fab7404b243a87fe8e40d2cf97a1cae48f677f5b2?s=96&d=mm&r=g","contentUrl":"https:\/\/secure.gravatar.com\/avatar\/4d2cfb499d497b6d49da659fab7404b243a87fe8e40d2cf97a1cae48f677f5b2?s=96&d=mm&r=g","caption":"crispyadmin0"},"sameAs":["crispyadmin0"]}]}},"_links":{"self":[{"href":"https:\/\/www.fiarebancaetica.coop\/eu\/wp-json\/wp\/v2\/posts\/343842","targetHints":{"allow":["GET"]}}],"collection":[{"href":"https:\/\/www.fiarebancaetica.coop\/eu\/wp-json\/wp\/v2\/posts"}],"about":[{"href":"https:\/\/www.fiarebancaetica.coop\/eu\/wp-json\/wp\/v2\/types\/post"}],"author":[{"embeddable":true,"href":"https:\/\/www.fiarebancaetica.coop\/eu\/wp-json\/wp\/v2\/users\/2"}],"replies":[{"embeddable":true,"href":"https:\/\/www.fiarebancaetica.coop\/eu\/wp-json\/wp\/v2\/comments?post=343842"}],"version-history":[{"count":2,"href":"https:\/\/www.fiarebancaetica.coop\/eu\/wp-json\/wp\/v2\/posts\/343842\/revisions"}],"predecessor-version":[{"id":354927,"href":"https:\/\/www.fiarebancaetica.coop\/eu\/wp-json\/wp\/v2\/posts\/343842\/revisions\/354927"}],"wp:featuredmedia":[{"embeddable":true,"href":"https:\/\/www.fiarebancaetica.coop\/eu\/wp-json\/wp\/v2\/media\/329707"}],"wp:attachment":[{"href":"https:\/\/www.fiarebancaetica.coop\/eu\/wp-json\/wp\/v2\/media?parent=343842"}],"wp:term":[{"taxonomy":"category","embeddable":true,"href":"https:\/\/www.fiarebancaetica.coop\/eu\/wp-json\/wp\/v2\/categories?post=343842"},{"taxonomy":"post_tag","embeddable":true,"href":"https:\/\/www.fiarebancaetica.coop\/eu\/wp-json\/wp\/v2\/tags?post=343842"},{"taxonomy":"author","embeddable":true,"href":"https:\/\/www.fiarebancaetica.coop\/eu\/wp-json\/wp\/v2\/coauthors?post=343842"}],"curies":[{"name":"wp","href":"https:\/\/api.w.org\/{rel}","templated":true}]}}