{"id":343881,"date":"2021-06-09T00:00:00","date_gmt":"2021-06-08T22:00:00","guid":{"rendered":"https:\/\/www.fiarebancaetica.coop\/la-zona-un-mercat-digital-per-ser-un-eina-de-canvi-de-model-de-consum\/"},"modified":"2024-02-21T15:10:55","modified_gmt":"2024-02-21T14:10:55","slug":"la-zona-un-mercat-digital-per-ser-un-eina-de-canvi-de-model-de-consum","status":"publish","type":"post","link":"https:\/\/www.fiarebancaetica.coop\/eu\/la-zona-un-mercat-digital-per-ser-un-eina-de-canvi-de-model-de-consum\/","title":{"rendered":"La &#8220;Zona&#8221; un mercat digital per ser un eina de canvi de model de consum"},"content":{"rendered":"\n\n<div class=\"wp-block-bancaetica-blocks-blocks-block-49\">\n    <div class=\"container-block-49\">\n\n        <div class=\"header-section \">\n                            <h1 class=\"section-title\"> Finantza etikoak <\/h1>\n                                            <\/div>\n\n                    <hr style=\"height:1px\" \/>\n        \n        <div class=\"block-background\" style=\"background-image: url('')\">\n                        <!-- end .tile -->\n            <div class=\"bottom-content\">\n                            <\/div> <!-- end .button-content -->\n        <\/div> <!-- end .block-background -->\n    <\/div> <!-- end .container -->\n<\/div> <!-- end wp-block-bancaetica-blocks-blocks-block-06 -->\n\n\n<div class=\"wrapper-crispybacon-class wrapper-crispybacon-class-boxed \">\n    <p><a href=\"#cast\">Castellano<\/a><\/p>\n<p>Entrevistem a Jordi Rojas, president de la cooperativa <a href=\"https:\/\/opcions.org\/\">Opcions<\/a>, membre de la Junta directiva de la XES (Xarxa d\u2019economia social de Catalunya) i professor. Treballa per a la Transformaci\u00f3 social a trav\u00e9s de l&#8217;impuls del consum conscient i de l&#8217;economia basada en les persones i no en el capital.<\/p>\n<p>Des d\u2019Opcions juntament amb altres entitats s\u2019ha posat en marxa un <a href=\"https:\/\/ca.goteo.org\/project\/la-zona\">nou mercat online \u201cLa Zona\u201d,<\/a> que vol ser el primer mercat digital del consum conscient per consumir a Internet d&#8217;acord amb els nostres valors.<\/p>\n<h2>\n\tFa anys que treballes al m\u00f3n de l&#8217;economia social i solid\u00e0ria. Com veus el sector en el marc d&#8217;aquesta crisi pand\u00e8mica?<\/h2>\n<p>L\u2019economia social i solid\u00e0ria, com la resta de la societat, s\u2019ha vist i encara es veu fortament afectada per aquesta crisi pand\u00e8mica. Un informe elaborat per l\u2019AESCAT ens mostra quin ha estat l\u2019impacte en els diferents \u00e0mbits i creiem que, una de les coses que cal destacar \u00e9s la capacitat de resili\u00e8ncia que mostra aquest model econ\u00f2mic, aix\u00ed com la capacitat de resposta davant de situacions de crisi social i econ\u00f2mica de gran magnitud. Alhora, s\u2019han posat de manifest els profunds i estructurals d\u00e8ficits del sistema econ\u00f2mic i social hegem\u00f2nic enfront d\u2019una economia que&nbsp; promou sistemes de producci\u00f3 i de consum respectuosos amb les persones i amb el medi, que t\u00e9 en compte les tasques reproductives, que creu en la sostenibilitat i que promou la redistribuci\u00f3 equitativa dels recursos.<\/p>\n<h2>\n\tQuins reptes hi ha per endavant?<\/h2>\n<p>El principal repte de l\u2019economia social i solid\u00e0ria \u00e9s el creixement. Cal fer salts d\u2019escala que ens permetin ser, de forma molt m\u00e9s important que ara, la resposta a les necessitats d\u2019\u00e0mplies capes de la ciutadania. Nom\u00e9s si som capaces d\u2019escalar els projectes, de teixir estrat\u00e8gies d\u2019intercooperaci\u00f3 i d\u2019arribar a sectors socials m\u00e9s amplis serem un agent de transformaci\u00f3 social i tindrem el reconeixement d\u2019actor socio-pol\u00edtic rellevant.<\/p>\n<h2>\n\tQu\u00e8 proposa de nou un projecte com La Zona ?<\/h2>\n<p>La Zona proposa la digitalitzaci\u00f3 com una eina estrat\u00e8gica m\u00e9s en l\u2019impuls del consum conscient. El que pensem que t\u00e9 d\u2019innovador \u00e9s que va m\u00e9s enll\u00e0 del concepte de \u201cmercat digital\u201d per esdevenir una eina de canvi en el model de consum. Volem contribuir a la consolidaci\u00f3 de les entitats de b\u00e9ns i serveis de l\u2019ESS aportant un espai de mercat digital que millori la seva capacitat de venda. Alhora, volem oferir a la ciutadania un espai d\u2019oferta agregada en el que resoldre necessitats de consum (que no sempre vol dir comprar) i un espai d\u2019informaci\u00f3 sobre el consum i el seu impacte. En definitiva, un espai que contribueixi a la construcci\u00f3 de mercat social.<\/p>\n<h2>\n\tQui hi ha al darrera?<\/h2>\n<p>El concepte de \u201cal darrera\u201d potser no es correspon gaire a la nostra manera de fer. Ens estimem m\u00e9s dir que \u00e9s un projecte que impulsa la cooperativa Opcions (Ar\u00e7, Som Energia, Som Connexi\u00f3, Som Mobilitat, Som Confort Solar, COS Salut, Sostre C\u00edvic, Celobert), i que ho fa&nbsp; intercooperant amb un conjunt d\u2019entitats que constitueixen el grup fundacional i que s\u00f3n: Coopdevs, Koiki, Ag\u00e8ncia Talaia -i el suport de Dies d&#8217;Agost i La Pera Comunicaci\u00f3-, Fent Pa\u00eds, Federaci\u00f3 d&#8217;Ateneus de Catalunya&nbsp; i Goteo. I un gran equip t\u00e8cnic, sense el qual res de tot aix\u00f2 seria possible<\/p>\n<h2>\n\tPer qu\u00e8 la ciutadania i entitats li han de donar suport?<\/h2>\n<p>Si la ciutadania i les entitats volen promoure el consum de proximitat, amb valors, que ajudi les economies locals, que no cerqui el lucre sin\u00f3 el servei, si creuen que les grans plataformes de venda online o de repartiment no respecten els drets de les persones ni tenen en compte l\u2019impacte ambiental. Si la ciutadania i les entitats creuen que el planeta ja no pot suportar m\u00e9s la pressi\u00f3 d\u2019un model productiu i de consum basat en l\u2019explotaci\u00f3 sense l\u00edmits dels espais naturals. Si la ciutadania i les entitats creuen que cal transitar cap a un model de consum m\u00e9s \u00e8tic, mes sostenible i m\u00e9s respectu\u00f3s amb les persones i el medi ambient. Si creuen tot aix\u00f2, La Zona \u00e9s el projecte que esperen. Perqu\u00e8 aquests s\u00f3n els nostres fonaments. Si ens ajuden a fer-ho realitat estaran ajudant a construir un m\u00f3n una mica millor. Ho diem des del cor.<\/p>\n<p><strong><a href=\"http:\/\/www.goteo.org\/project\/la-zona\" id=\"cast\" name=\"cast\">www.goteo.org\/project\/la-zona<\/a><\/strong><\/p>\n<p>_______________________________________________<\/p>\n<h1>\n\tLa &#8220;Zona&#8221; un mercado digital para ser un herramienta de cambio de modelo de consumo<\/h1>\n<p>Entrevistamos a Jordi Rojas, presidente de la cooperativa <a href=\"https:\/\/opcions.org\/es\/\">Opcions,<\/a> miembro de la Junta directiva de la XES (Red de econom\u00eda social de Catalu\u00f1a) y profesor. Trabaja para la Transformaci\u00f3n social a trav\u00e9s del impulso del consumo consciente y de la econom\u00eda basada en las personas y no en el capital.<\/p>\n<p>Desde Opcions junto con otras entidades se ha puesto en marcha un nuevo <a href=\"https:\/\/www.goteo.org\/project\/la-zona\">mercado en l\u00ednea \u201cLa Zona\u201d,<\/a> que quiere ser el primer mercado digital del consumo consciente para consumir a Internet de acuerdo con nuestros valores.<\/p>\n<h2>\n\tHace a\u00f1os que trabajas en el mundo de la econom\u00eda social y solidaria. \u00bfC\u00f3mo ves el sector en el marco de esta crisis pand\u00e9mica?<\/h2>\n<p>La econom\u00eda social y solidaria, como el resto de la sociedad, se ha visto y a\u00fan se ve fuertemente afectada por esta crisis pand\u00e9mica. Un informe elaborado por el AESCAT nos muestra c\u00f3mo ha sido el impacto en los diferentes \u00e1mbitos y creemos que, una de las cosas que hay que destacar es la capacidad de resiliencia que muestra este modelo econ\u00f3mico, as\u00ed como la capacidad de respuesta ante situaciones de crisis social y econ\u00f3mica de gran magnitud. A la vez, se han puesto de manifiesto los profundos y estructurales d\u00e9ficits del sistema econ\u00f3mico y social hegem\u00f3nico frente a una econom\u00eda que promueve sistemas de producci\u00f3n y de consumo respetuosos con las personas y con el medio, que tiene en cuenta las tareas reproductivas, que cree en la sostenibilidad y que promueve la redistribuci\u00f3n equitativa de los recursos.<\/p>\n<h2>\n\t\u00bfQu\u00e9 retos hay por delante?<\/h2>\n<p>El principal reto de la econom\u00eda social y solidaria es el crecimiento. Hay que hacer saltos de escala que nos permitan ser, de forma mucho m\u00e1s importante que ahora, la respuesta a las necesidades de amplias capas de la ciudadan\u00eda. Solo si somos capaces de escalar los proyectos, de tejer estrategias de intercooperaci\u00f3 y de llegar a sectores sociales m\u00e1s amplios seremos un agente de transformaci\u00f3n social y tendremos el reconocimiento de actor socio-pol\u00edtico relevante.<\/p>\n<h2>\n\t\u00bfQu\u00e9 propone de nuevo un proyecto como La Zona ?<\/h2>\n<p>La Zona propone la digitalizaci\u00f3n como una herramienta estrat\u00e9gica m\u00e1s en el impulso del consumo consciente. El que pensamos que tiene de innovador es que va m\u00e1s all\u00e1 del concepto de \u201cmercado digital\u201d por devenir una herramienta de cambio en el modelo de consumo. Queremos contribuir a la consolidaci\u00f3n de las entidades de bienes y servicios del ESS aportando un espacio de mercado digital que mejore su capacidad de venta. A la vez, queremos ofrecer a la ciudadan\u00eda un espacio de oferta agregada en el que resolver necesidades de consumo (que no siempre quiere decir comprar) y un espacio de informaci\u00f3n sobre el consumo y su impacto. En definitiva, un espacio que contribuya a la construcci\u00f3n de mercado social.<\/p>\n<h2>\n\t\u00bfQui\u00e9n est\u00e1 detr\u00e1s?<\/h2>\n<p>El concepto de \u201cdetr\u00e1s\u201d quiz\u00e1s no se corresponde mucho a nuestra manera de hacer. Nos gusta m\u00e1s decir que es un proyecto que impulsa la cooperativa Opciones (Ar\u00e7, Som Energia, Som Connexi\u00f3, Som Mobilitat, Som Confort Solar, COS Salut, Sostre C\u00edvic, Celobert) y que lo hace intercooperando con un conjunto de entidades que constituyen el grupo fundacional y que son: Coopdevs, Koiki, Ag\u00e8ncia Talaia -i el suport de Dies d&#8217;Agost i La Pera Comunicaci\u00f3-, Fent Pa\u00eds, Federaci\u00f3 d&#8217;Ateneus de Catalunya y Goteo. Y un gran equipo t\u00e9cnico, sin el cual nada de todo esto ser\u00eda posible<\/p>\n<h2>\n\t\u00bfPor qu\u00e9 la ciudadan\u00eda y entidades lo tienen que apoyar?<\/h2>\n<p>Si la ciudadan\u00eda y las entidades quieren promover el consumo de proximidad, con valores, que ayude las econom\u00edas locales, que no busque el lucro sino el servicio, si creen que las grandes plataformas de venta en l\u00ednea o de reparto no respetan los derechos de las personas ni tienen en cuenta el impacto ambiental. Si la ciudadan\u00eda y las entidades creen que el planeta ya no puede soportar m\u00e1s la presi\u00f3n de un modelo productivo y de consumo basado en la explotaci\u00f3n sin l\u00edmites de los espacios naturales. Si la ciudadan\u00eda y las entidades creen que hay que transitar hacia un modelo de consumo m\u00e1s \u00e9tico, mes sostenible y m\u00e1s respetuoso con las personas y el medio ambiente. Si creen todo esto, La Zona es el proyecto que esperan. Porque estos son nuestros cimientos. Si nos ayudan a hacerlo realidad estar\u00e1n ayudando a construir un mundo algo mejor. Lo decimos desde el coraz\u00f3n.<\/p>\n<p><a href=\"http:\/\/www.goteo.org\/project\/la-zona\">www.goteo.org\/project\/la-zona<\/a><\/p>\n<\/div>","protected":false},"excerpt":{"rendered":"<p>Entrevistem a Jordi Rojas, president de la cooperativa M\u00e9s Opcions, membre de la Junta directiva de la XES (Xarxa d\u2019economia social de Catalunya) i professor. Treballa per a la Transformaci\u00f3 social a trav\u00e9s de l&#8217;impuls del consum conscient i de l&#8217;economia basada en les persones i no en el capital.<\/p>\n","protected":false},"author":2,"featured_media":329665,"comment_status":"open","ping_status":"closed","sticky":false,"template":"","format":"standard","meta":{"_acf_changed":false,"footnotes":""},"categories":[11644],"tags":[11856],"coauthors":[2891],"class_list":["post-343881","post","type-post","status-publish","format-standard","has-post-thumbnail","hentry","category-finantza-etikoak","tag-iritzia"],"acf":[],"yoast_head":"<!-- This site is optimized with the Yoast SEO plugin v26.9 - https:\/\/yoast.com\/product\/yoast-seo-wordpress\/ -->\n<title>La &quot;Zona&quot; un mercat digital per ser un eina de canvi de model de consum - Fiare Banca Etica<\/title>\n<meta name=\"robots\" content=\"index, follow, max-snippet:-1, max-image-preview:large, max-video-preview:-1\" \/>\n<link rel=\"canonical\" href=\"https:\/\/www.fiarebancaetica.coop\/eu\/la-zona-un-mercat-digital-per-ser-un-eina-de-canvi-de-model-de-consum\/\" \/>\n<meta property=\"og:locale\" content=\"eu_ES\" \/>\n<meta property=\"og:type\" content=\"article\" \/>\n<meta property=\"og:title\" content=\"La &quot;Zona&quot; un mercat digital per ser un eina de canvi de model de consum - Fiare Banca Etica\" \/>\n<meta property=\"og:description\" content=\"Entrevistem a Jordi Rojas, president de la cooperativa M\u00e9s Opcions, membre de la Junta directiva de la XES (Xarxa d\u2019economia social de Catalunya) i professor. Treballa per a la Transformaci\u00f3 social a trav\u00e9s de l&#039;impuls del consum conscient i de l&#039;economia basada en les persones i no en el capital.\" \/>\n<meta property=\"og:url\" content=\"https:\/\/www.fiarebancaetica.coop\/eu\/la-zona-un-mercat-digital-per-ser-un-eina-de-canvi-de-model-de-consum\/\" \/>\n<meta property=\"og:site_name\" content=\"Fiare Banca Etica\" \/>\n<meta property=\"article:published_time\" content=\"2021-06-08T22:00:00+00:00\" \/>\n<meta property=\"article:modified_time\" content=\"2024-02-21T14:10:55+00:00\" \/>\n<meta property=\"og:image\" content=\"https:\/\/www.fiarebancaetica.coop\/app\/uploads\/sites\/2\/2023\/12\/zona-una-mercat-digital-per-ser-un-eina-de-canvi-de-model-de-consum.jpg\" \/>\n\t<meta property=\"og:image:width\" content=\"540\" \/>\n\t<meta property=\"og:image:height\" content=\"250\" \/>\n\t<meta property=\"og:image:type\" content=\"image\/jpeg\" \/>\n<meta name=\"author\" content=\"crispyadmin0\" \/>\n<meta name=\"twitter:card\" content=\"summary_large_image\" \/>\n<script type=\"application\/ld+json\" class=\"yoast-schema-graph\">{\"@context\":\"https:\/\/schema.org\",\"@graph\":[{\"@type\":\"Article\",\"@id\":\"https:\/\/www.fiarebancaetica.coop\/eu\/la-zona-un-mercat-digital-per-ser-un-eina-de-canvi-de-model-de-consum\/#article\",\"isPartOf\":{\"@id\":\"https:\/\/www.fiarebancaetica.coop\/eu\/la-zona-un-mercat-digital-per-ser-un-eina-de-canvi-de-model-de-consum\/\"},\"author\":{\"name\":\"crispyadmin0\",\"@id\":\"https:\/\/www.fiarebancaetica.coop\/eu\/#\/schema\/person\/579841e89c804b5db05d9141bd9b8272\"},\"headline\":\"La &#8220;Zona&#8221; un mercat digital per ser un eina de canvi de model de consum\",\"datePublished\":\"2021-06-08T22:00:00+00:00\",\"dateModified\":\"2024-02-21T14:10:55+00:00\",\"mainEntityOfPage\":{\"@id\":\"https:\/\/www.fiarebancaetica.coop\/eu\/la-zona-un-mercat-digital-per-ser-un-eina-de-canvi-de-model-de-consum\/\"},\"wordCount\":1588,\"commentCount\":0,\"image\":{\"@id\":\"https:\/\/www.fiarebancaetica.coop\/eu\/la-zona-un-mercat-digital-per-ser-un-eina-de-canvi-de-model-de-consum\/#primaryimage\"},\"thumbnailUrl\":\"https:\/\/www.fiarebancaetica.coop\/app\/uploads\/sites\/2\/2023\/12\/zona-una-mercat-digital-per-ser-un-eina-de-canvi-de-model-de-consum.jpg\",\"keywords\":[\"Iritzia\"],\"articleSection\":[\"Finantza etikoak\"],\"inLanguage\":\"eu\",\"potentialAction\":[{\"@type\":\"CommentAction\",\"name\":\"Comment\",\"target\":[\"https:\/\/www.fiarebancaetica.coop\/eu\/la-zona-un-mercat-digital-per-ser-un-eina-de-canvi-de-model-de-consum\/#respond\"]}]},{\"@type\":\"WebPage\",\"@id\":\"https:\/\/www.fiarebancaetica.coop\/eu\/la-zona-un-mercat-digital-per-ser-un-eina-de-canvi-de-model-de-consum\/\",\"url\":\"https:\/\/www.fiarebancaetica.coop\/eu\/la-zona-un-mercat-digital-per-ser-un-eina-de-canvi-de-model-de-consum\/\",\"name\":\"La \\\"Zona\\\" un mercat digital per ser un eina de canvi de model de consum - Fiare Banca Etica\",\"isPartOf\":{\"@id\":\"https:\/\/www.fiarebancaetica.coop\/eu\/#website\"},\"primaryImageOfPage\":{\"@id\":\"https:\/\/www.fiarebancaetica.coop\/eu\/la-zona-un-mercat-digital-per-ser-un-eina-de-canvi-de-model-de-consum\/#primaryimage\"},\"image\":{\"@id\":\"https:\/\/www.fiarebancaetica.coop\/eu\/la-zona-un-mercat-digital-per-ser-un-eina-de-canvi-de-model-de-consum\/#primaryimage\"},\"thumbnailUrl\":\"https:\/\/www.fiarebancaetica.coop\/app\/uploads\/sites\/2\/2023\/12\/zona-una-mercat-digital-per-ser-un-eina-de-canvi-de-model-de-consum.jpg\",\"datePublished\":\"2021-06-08T22:00:00+00:00\",\"dateModified\":\"2024-02-21T14:10:55+00:00\",\"author\":{\"@id\":\"https:\/\/www.fiarebancaetica.coop\/eu\/#\/schema\/person\/579841e89c804b5db05d9141bd9b8272\"},\"breadcrumb\":{\"@id\":\"https:\/\/www.fiarebancaetica.coop\/eu\/la-zona-un-mercat-digital-per-ser-un-eina-de-canvi-de-model-de-consum\/#breadcrumb\"},\"inLanguage\":\"eu\",\"potentialAction\":[{\"@type\":\"ReadAction\",\"target\":[\"https:\/\/www.fiarebancaetica.coop\/eu\/la-zona-un-mercat-digital-per-ser-un-eina-de-canvi-de-model-de-consum\/\"]}]},{\"@type\":\"ImageObject\",\"inLanguage\":\"eu\",\"@id\":\"https:\/\/www.fiarebancaetica.coop\/eu\/la-zona-un-mercat-digital-per-ser-un-eina-de-canvi-de-model-de-consum\/#primaryimage\",\"url\":\"https:\/\/www.fiarebancaetica.coop\/app\/uploads\/sites\/2\/2023\/12\/zona-una-mercat-digital-per-ser-un-eina-de-canvi-de-model-de-consum.jpg\",\"contentUrl\":\"https:\/\/www.fiarebancaetica.coop\/app\/uploads\/sites\/2\/2023\/12\/zona-una-mercat-digital-per-ser-un-eina-de-canvi-de-model-de-consum.jpg\",\"width\":540,\"height\":250},{\"@type\":\"BreadcrumbList\",\"@id\":\"https:\/\/www.fiarebancaetica.coop\/eu\/la-zona-un-mercat-digital-per-ser-un-eina-de-canvi-de-model-de-consum\/#breadcrumb\",\"itemListElement\":[{\"@type\":\"ListItem\",\"position\":1,\"name\":\"Home\",\"item\":\"https:\/\/www.fiarebancaetica.coop\/eu\/\"},{\"@type\":\"ListItem\",\"position\":2,\"name\":\"La &#8220;Zona&#8221; un mercat digital per ser un eina de canvi de model de consum\"}]},{\"@type\":\"WebSite\",\"@id\":\"https:\/\/www.fiarebancaetica.coop\/eu\/#website\",\"url\":\"https:\/\/www.fiarebancaetica.coop\/eu\/\",\"name\":\"Fiare Banca Etica\",\"description\":\"\",\"potentialAction\":[{\"@type\":\"SearchAction\",\"target\":{\"@type\":\"EntryPoint\",\"urlTemplate\":\"https:\/\/www.fiarebancaetica.coop\/eu\/?s={search_term_string}\"},\"query-input\":{\"@type\":\"PropertyValueSpecification\",\"valueRequired\":true,\"valueName\":\"search_term_string\"}}],\"inLanguage\":\"eu\"},{\"@type\":\"Person\",\"@id\":\"https:\/\/www.fiarebancaetica.coop\/eu\/#\/schema\/person\/579841e89c804b5db05d9141bd9b8272\",\"name\":\"crispyadmin0\",\"image\":{\"@type\":\"ImageObject\",\"inLanguage\":\"eu\",\"@id\":\"https:\/\/www.fiarebancaetica.coop\/eu\/#\/schema\/person\/image\/5f3a6b7786f32f4c35bd2b1a5a4698ea\",\"url\":\"https:\/\/secure.gravatar.com\/avatar\/4d2cfb499d497b6d49da659fab7404b243a87fe8e40d2cf97a1cae48f677f5b2?s=96&d=mm&r=g\",\"contentUrl\":\"https:\/\/secure.gravatar.com\/avatar\/4d2cfb499d497b6d49da659fab7404b243a87fe8e40d2cf97a1cae48f677f5b2?s=96&d=mm&r=g\",\"caption\":\"crispyadmin0\"},\"sameAs\":[\"crispyadmin0\"]}]}<\/script>\n<!-- \/ Yoast SEO plugin. -->","yoast_head_json":{"title":"La \"Zona\" un mercat digital per ser un eina de canvi de model de consum - Fiare Banca Etica","robots":{"index":"index","follow":"follow","max-snippet":"max-snippet:-1","max-image-preview":"max-image-preview:large","max-video-preview":"max-video-preview:-1"},"canonical":"https:\/\/www.fiarebancaetica.coop\/eu\/la-zona-un-mercat-digital-per-ser-un-eina-de-canvi-de-model-de-consum\/","og_locale":"eu_ES","og_type":"article","og_title":"La \"Zona\" un mercat digital per ser un eina de canvi de model de consum - Fiare Banca Etica","og_description":"Entrevistem a Jordi Rojas, president de la cooperativa M\u00e9s Opcions, membre de la Junta directiva de la XES (Xarxa d\u2019economia social de Catalunya) i professor. Treballa per a la Transformaci\u00f3 social a trav\u00e9s de l'impuls del consum conscient i de l'economia basada en les persones i no en el capital.","og_url":"https:\/\/www.fiarebancaetica.coop\/eu\/la-zona-un-mercat-digital-per-ser-un-eina-de-canvi-de-model-de-consum\/","og_site_name":"Fiare Banca Etica","article_published_time":"2021-06-08T22:00:00+00:00","article_modified_time":"2024-02-21T14:10:55+00:00","og_image":[{"width":540,"height":250,"url":"https:\/\/www.fiarebancaetica.coop\/app\/uploads\/sites\/2\/2023\/12\/zona-una-mercat-digital-per-ser-un-eina-de-canvi-de-model-de-consum.jpg","type":"image\/jpeg"}],"author":"crispyadmin0","twitter_card":"summary_large_image","schema":{"@context":"https:\/\/schema.org","@graph":[{"@type":"Article","@id":"https:\/\/www.fiarebancaetica.coop\/eu\/la-zona-un-mercat-digital-per-ser-un-eina-de-canvi-de-model-de-consum\/#article","isPartOf":{"@id":"https:\/\/www.fiarebancaetica.coop\/eu\/la-zona-un-mercat-digital-per-ser-un-eina-de-canvi-de-model-de-consum\/"},"author":{"name":"crispyadmin0","@id":"https:\/\/www.fiarebancaetica.coop\/eu\/#\/schema\/person\/579841e89c804b5db05d9141bd9b8272"},"headline":"La &#8220;Zona&#8221; un mercat digital per ser un eina de canvi de model de consum","datePublished":"2021-06-08T22:00:00+00:00","dateModified":"2024-02-21T14:10:55+00:00","mainEntityOfPage":{"@id":"https:\/\/www.fiarebancaetica.coop\/eu\/la-zona-un-mercat-digital-per-ser-un-eina-de-canvi-de-model-de-consum\/"},"wordCount":1588,"commentCount":0,"image":{"@id":"https:\/\/www.fiarebancaetica.coop\/eu\/la-zona-un-mercat-digital-per-ser-un-eina-de-canvi-de-model-de-consum\/#primaryimage"},"thumbnailUrl":"https:\/\/www.fiarebancaetica.coop\/app\/uploads\/sites\/2\/2023\/12\/zona-una-mercat-digital-per-ser-un-eina-de-canvi-de-model-de-consum.jpg","keywords":["Iritzia"],"articleSection":["Finantza etikoak"],"inLanguage":"eu","potentialAction":[{"@type":"CommentAction","name":"Comment","target":["https:\/\/www.fiarebancaetica.coop\/eu\/la-zona-un-mercat-digital-per-ser-un-eina-de-canvi-de-model-de-consum\/#respond"]}]},{"@type":"WebPage","@id":"https:\/\/www.fiarebancaetica.coop\/eu\/la-zona-un-mercat-digital-per-ser-un-eina-de-canvi-de-model-de-consum\/","url":"https:\/\/www.fiarebancaetica.coop\/eu\/la-zona-un-mercat-digital-per-ser-un-eina-de-canvi-de-model-de-consum\/","name":"La \"Zona\" un mercat digital per ser un eina de canvi de model de consum - Fiare Banca Etica","isPartOf":{"@id":"https:\/\/www.fiarebancaetica.coop\/eu\/#website"},"primaryImageOfPage":{"@id":"https:\/\/www.fiarebancaetica.coop\/eu\/la-zona-un-mercat-digital-per-ser-un-eina-de-canvi-de-model-de-consum\/#primaryimage"},"image":{"@id":"https:\/\/www.fiarebancaetica.coop\/eu\/la-zona-un-mercat-digital-per-ser-un-eina-de-canvi-de-model-de-consum\/#primaryimage"},"thumbnailUrl":"https:\/\/www.fiarebancaetica.coop\/app\/uploads\/sites\/2\/2023\/12\/zona-una-mercat-digital-per-ser-un-eina-de-canvi-de-model-de-consum.jpg","datePublished":"2021-06-08T22:00:00+00:00","dateModified":"2024-02-21T14:10:55+00:00","author":{"@id":"https:\/\/www.fiarebancaetica.coop\/eu\/#\/schema\/person\/579841e89c804b5db05d9141bd9b8272"},"breadcrumb":{"@id":"https:\/\/www.fiarebancaetica.coop\/eu\/la-zona-un-mercat-digital-per-ser-un-eina-de-canvi-de-model-de-consum\/#breadcrumb"},"inLanguage":"eu","potentialAction":[{"@type":"ReadAction","target":["https:\/\/www.fiarebancaetica.coop\/eu\/la-zona-un-mercat-digital-per-ser-un-eina-de-canvi-de-model-de-consum\/"]}]},{"@type":"ImageObject","inLanguage":"eu","@id":"https:\/\/www.fiarebancaetica.coop\/eu\/la-zona-un-mercat-digital-per-ser-un-eina-de-canvi-de-model-de-consum\/#primaryimage","url":"https:\/\/www.fiarebancaetica.coop\/app\/uploads\/sites\/2\/2023\/12\/zona-una-mercat-digital-per-ser-un-eina-de-canvi-de-model-de-consum.jpg","contentUrl":"https:\/\/www.fiarebancaetica.coop\/app\/uploads\/sites\/2\/2023\/12\/zona-una-mercat-digital-per-ser-un-eina-de-canvi-de-model-de-consum.jpg","width":540,"height":250},{"@type":"BreadcrumbList","@id":"https:\/\/www.fiarebancaetica.coop\/eu\/la-zona-un-mercat-digital-per-ser-un-eina-de-canvi-de-model-de-consum\/#breadcrumb","itemListElement":[{"@type":"ListItem","position":1,"name":"Home","item":"https:\/\/www.fiarebancaetica.coop\/eu\/"},{"@type":"ListItem","position":2,"name":"La &#8220;Zona&#8221; un mercat digital per ser un eina de canvi de model de consum"}]},{"@type":"WebSite","@id":"https:\/\/www.fiarebancaetica.coop\/eu\/#website","url":"https:\/\/www.fiarebancaetica.coop\/eu\/","name":"Fiare Banca Etica","description":"","potentialAction":[{"@type":"SearchAction","target":{"@type":"EntryPoint","urlTemplate":"https:\/\/www.fiarebancaetica.coop\/eu\/?s={search_term_string}"},"query-input":{"@type":"PropertyValueSpecification","valueRequired":true,"valueName":"search_term_string"}}],"inLanguage":"eu"},{"@type":"Person","@id":"https:\/\/www.fiarebancaetica.coop\/eu\/#\/schema\/person\/579841e89c804b5db05d9141bd9b8272","name":"crispyadmin0","image":{"@type":"ImageObject","inLanguage":"eu","@id":"https:\/\/www.fiarebancaetica.coop\/eu\/#\/schema\/person\/image\/5f3a6b7786f32f4c35bd2b1a5a4698ea","url":"https:\/\/secure.gravatar.com\/avatar\/4d2cfb499d497b6d49da659fab7404b243a87fe8e40d2cf97a1cae48f677f5b2?s=96&d=mm&r=g","contentUrl":"https:\/\/secure.gravatar.com\/avatar\/4d2cfb499d497b6d49da659fab7404b243a87fe8e40d2cf97a1cae48f677f5b2?s=96&d=mm&r=g","caption":"crispyadmin0"},"sameAs":["crispyadmin0"]}]}},"_links":{"self":[{"href":"https:\/\/www.fiarebancaetica.coop\/eu\/wp-json\/wp\/v2\/posts\/343881","targetHints":{"allow":["GET"]}}],"collection":[{"href":"https:\/\/www.fiarebancaetica.coop\/eu\/wp-json\/wp\/v2\/posts"}],"about":[{"href":"https:\/\/www.fiarebancaetica.coop\/eu\/wp-json\/wp\/v2\/types\/post"}],"author":[{"embeddable":true,"href":"https:\/\/www.fiarebancaetica.coop\/eu\/wp-json\/wp\/v2\/users\/2"}],"replies":[{"embeddable":true,"href":"https:\/\/www.fiarebancaetica.coop\/eu\/wp-json\/wp\/v2\/comments?post=343881"}],"version-history":[{"count":1,"href":"https:\/\/www.fiarebancaetica.coop\/eu\/wp-json\/wp\/v2\/posts\/343881\/revisions"}],"predecessor-version":[{"id":354899,"href":"https:\/\/www.fiarebancaetica.coop\/eu\/wp-json\/wp\/v2\/posts\/343881\/revisions\/354899"}],"wp:featuredmedia":[{"embeddable":true,"href":"https:\/\/www.fiarebancaetica.coop\/eu\/wp-json\/wp\/v2\/media\/329665"}],"wp:attachment":[{"href":"https:\/\/www.fiarebancaetica.coop\/eu\/wp-json\/wp\/v2\/media?parent=343881"}],"wp:term":[{"taxonomy":"category","embeddable":true,"href":"https:\/\/www.fiarebancaetica.coop\/eu\/wp-json\/wp\/v2\/categories?post=343881"},{"taxonomy":"post_tag","embeddable":true,"href":"https:\/\/www.fiarebancaetica.coop\/eu\/wp-json\/wp\/v2\/tags?post=343881"},{"taxonomy":"author","embeddable":true,"href":"https:\/\/www.fiarebancaetica.coop\/eu\/wp-json\/wp\/v2\/coauthors?post=343881"}],"curies":[{"name":"wp","href":"https:\/\/api.w.org\/{rel}","templated":true}]}}