{"id":343923,"date":"2021-05-11T00:00:00","date_gmt":"2021-05-10T22:00:00","guid":{"rendered":"https:\/\/www.fiarebancaetica.coop\/sumando-esfuerzos-con-caritas-para-facilitar-el-acceso-a-servicios-financieros-eticos-a-las-personas-mas-vulnerables\/"},"modified":"2024-02-21T15:11:33","modified_gmt":"2024-02-21T14:11:33","slug":"sumando-esfuerzos-con-caritas-para-facilitar-el-acceso-a-servicios-financieros-eticos-a-las-personas-mas-vulnerables","status":"publish","type":"post","link":"https:\/\/www.fiarebancaetica.coop\/eu\/sumando-esfuerzos-con-caritas-para-facilitar-el-acceso-a-servicios-financieros-eticos-a-las-personas-mas-vulnerables\/","title":{"rendered":"Sumando esfuerzos  con C\u00e1ritas para facilitar el acceso a servicios financieros \u00e9ticos  a las personas m\u00e1s vulnerables"},"content":{"rendered":"\n\n<div class=\"wp-block-bancaetica-blocks-blocks-block-49\">\n    <div class=\"container-block-49\">\n\n        <div class=\"header-section \">\n                            <h1 class=\"section-title\"> Etica e cooperativa <\/h1>\n                                            <\/div>\n\n        \n        <div class=\"block-background\" style=\"background-image: url('https:\/\/www.fiarebancaetica.coop\/app\/uploads\/sites\/2\/2023\/12\/sumando-esfuerzos-caritas-para-facilitar-el-acceso-servicios-financieros-eticos-las-personas-mas.jpg')\">\n                            <div class=\"tile\">\n                    <h1 class=\"image-title\"> Sumando esfuerzos  con C\u00e1ritas para facilitar el acceso a servicios financieros \u00e9ticos  a las personas m\u00e1s vulnerables <\/h1>\n                <\/div>             <!-- end .tile -->\n            <div class=\"bottom-content\">\n                            <\/div> <!-- end .button-content -->\n        <\/div> <!-- end .block-background -->\n    <\/div> <!-- end .container -->\n<\/div> <!-- end wp-block-bancaetica-blocks-blocks-block-06 -->\n\n\n<div class=\"wrapper-crispybacon-class wrapper-crispybacon-class-boxed \">\n    <p>Fiare Banca Etica y C\u00e1ritas Espa\u00f1ola han firmado un convenio de colaboraci\u00f3n con el fin de formalizar el actual marco de relaci\u00f3n entre ambas organizaciones y fortalecer la oferta de servicios de finanzas \u00e9ticas al conjunto de las 70 C\u00e1ritas Diocesanas que integran la Confederaci\u00f3n C\u00e1ritas en Espa\u00f1a.<\/p>\n<p>El acuerdo, dirigido a facilitar el acceso a los productos y servicios financieros de Fiare Banca Etica, servir\u00e1 para fortalecer la relaci\u00f3n entre ambas entidades y avanzar en la defensa de valores comunes, como la inclusi\u00f3n financiera, la cooperaci\u00f3n y la solidaridad, en los que llevan a\u00f1os trabajando juntas.<\/p>\n<h2>\n\tLa extensi\u00f3n de las tarjetas solidarias para la inclusi\u00f3n social<\/h2>\n<p>Este convenio va a permitir gestionar servicios vinculados a la financiaci\u00f3n de acuerdo a criterios \u00e9ticos al conjunto de las C\u00e1ritas del pa\u00eds y, de manera especial, al apoyo de un elemento tan \u00fatil e importante en estos momentos como pueden ser las tarjetas para la inclusi\u00f3n social o \u201ctarjetas solidarias\u201d.<\/p>\n<p>A fecha de hoy, numerosas C\u00e1ritas Diocesanas vienen utilizando este instrumento en sus itinerarios de acompa\u00f1amiento a las personas y familias vulnerables para garantizar de una manera digna su acceso a bienes b\u00e1sicos, como es el caso de los solicitantes de ayuda alimentaria en los diferentes territorios. Esta colaboraci\u00f3n har\u00e1 posible a corto plazo la progresiva incorporaci\u00f3n de nuevas C\u00e1ritas Diocesanas a esta modalidad de respuesta a las situaciones de gran precariedad, que se inspira en la dignificaci\u00f3n de la ayuda y el respeto a la autonom\u00eda de los participantes.<\/p>\n<h2>\n\tLa apuesta por las finanzas \u00e9ticas y la econom\u00eda social de C\u00e1ritas<\/h2>\n<p>Como ha se\u00f1alado la secretaria general de C\u00e1ritas Espa\u00f1ola, Natalia Peiro, en el acto de la firma de este convenio, \u201cesta colaboraci\u00f3n con Fiare Banca \u00c9tica parte de nuestra apuesta por un modelo de entidades financieras en el que valores como el respeto a los derechos humanos y el cuidado de la creaci\u00f3n marquen sus inversiones\u201d. \u201cC\u00e1ritas lleva a\u00f1os defendiendo un modelo de gesti\u00f3n financiera comprometido con la construcci\u00f3n de un mundo m\u00e1s justo en el que se prime a las personas por encima del beneficio econ\u00f3mico y este acuerdo va a reforzar ese objetivo\u201d, a\u00f1adi\u00f3.<\/p>\n<p>\u201cFiare Banca Etica agradece la complicidad que ha tenido C\u00e1ritas desde sus inicios,&nbsp; con el desarrollo del banco en el pa\u00eds, y con el compromiso de muchas C\u00e1ritas Diocesanas a la hora de querer trabajar con un banco \u00e9tico\u201d, ha remarcado Juan Garibi, responsable de desarrollo y estrategia de Fiare Banca Etica.&nbsp; Para el banco la firma de este convenio y trabajar con C\u00e1ritas significa apoyar la Confederaci\u00f3n de C\u00e1ritas que apoyan en el d\u00eda a d\u00eda a personas con diferentes vulnerabilidades, y desde nuestro prop\u00f3sito como banco, fomentar la inclusi\u00f3n financiera es uno de nuestros retos\u201d, se\u00f1ala Juan Garibi.<\/p>\n<p>La apuesta de C\u00e1ritas por la Econom\u00eda Social, a la que el a\u00f1o pasado se destinaron 57.095.035 euros, demuestra que existe otro modo de hacer econom\u00eda y de hacer empresa, de que s\u00ed es posible una econom\u00eda al servicio de las personas donde estas sean la prioridad por encima del beneficio econ\u00f3mico.<\/p>\n<\/div>","protected":false},"excerpt":{"rendered":"<p>Fiare Banca Etica y C\u00e1ritas Espa\u00f1ola han firmado un convenio de colaboraci\u00f3n con el fin de formalizar el actual marco de relaci\u00f3n entre ambas organizaciones y fortalecer la oferta de servicios de finanzas \u00e9ticas al conjunto de las 70 C\u00e1ritas Diocesanas que integran la Confederaci\u00f3n C\u00e1ritas en Espa\u00f1a.<\/p>\n","protected":false},"author":2,"featured_media":329635,"comment_status":"open","ping_status":"closed","sticky":false,"template":"","format":"standard","meta":{"_acf_changed":false,"footnotes":""},"categories":[11644],"tags":[],"coauthors":[],"class_list":["post-343923","post","type-post","status-publish","format-standard","has-post-thumbnail","hentry","category-finantza-etikoak"],"acf":[],"yoast_head":"<!-- This site is optimized with the Yoast SEO plugin v26.9 - https:\/\/yoast.com\/product\/yoast-seo-wordpress\/ -->\n<title>Sumando esfuerzos con C\u00e1ritas para facilitar el acceso a servicios financieros \u00e9ticos a las personas m\u00e1s vulnerables - Fiare Banca Etica<\/title>\n<meta name=\"robots\" content=\"index, follow, max-snippet:-1, max-image-preview:large, max-video-preview:-1\" \/>\n<link rel=\"canonical\" href=\"https:\/\/www.fiarebancaetica.coop\/eu\/sumando-esfuerzos-con-caritas-para-facilitar-el-acceso-a-servicios-financieros-eticos-a-las-personas-mas-vulnerables\/\" \/>\n<meta property=\"og:locale\" content=\"eu_ES\" \/>\n<meta property=\"og:type\" content=\"article\" \/>\n<meta property=\"og:title\" content=\"Sumando esfuerzos con C\u00e1ritas para facilitar el acceso a servicios financieros \u00e9ticos a las personas m\u00e1s vulnerables - Fiare Banca Etica\" \/>\n<meta property=\"og:description\" content=\"Fiare Banca Etica y C\u00e1ritas Espa\u00f1ola han firmado un convenio de colaboraci\u00f3n con el fin de formalizar el actual marco de relaci\u00f3n entre ambas organizaciones y fortalecer la oferta de servicios de finanzas \u00e9ticas al conjunto de las 70 C\u00e1ritas Diocesanas que integran la Confederaci\u00f3n C\u00e1ritas en Espa\u00f1a.\" \/>\n<meta property=\"og:url\" content=\"https:\/\/www.fiarebancaetica.coop\/eu\/sumando-esfuerzos-con-caritas-para-facilitar-el-acceso-a-servicios-financieros-eticos-a-las-personas-mas-vulnerables\/\" \/>\n<meta property=\"og:site_name\" content=\"Fiare Banca Etica\" \/>\n<meta property=\"article:published_time\" content=\"2021-05-10T22:00:00+00:00\" \/>\n<meta property=\"article:modified_time\" content=\"2024-02-21T14:11:33+00:00\" \/>\n<meta property=\"og:image\" content=\"https:\/\/www.fiarebancaetica.coop\/app\/uploads\/sites\/2\/2023\/12\/sumando-esfuerzos-caritas-para-facilitar-el-acceso-servicios-financieros-eticos-las-personas-mas.jpg\" \/>\n\t<meta property=\"og:image:width\" content=\"540\" \/>\n\t<meta property=\"og:image:height\" content=\"250\" \/>\n\t<meta property=\"og:image:type\" content=\"image\/jpeg\" \/>\n<meta name=\"author\" content=\"crispyadmin0\" \/>\n<meta name=\"twitter:card\" content=\"summary_large_image\" \/>\n<script type=\"application\/ld+json\" class=\"yoast-schema-graph\">{\"@context\":\"https:\/\/schema.org\",\"@graph\":[{\"@type\":\"Article\",\"@id\":\"https:\/\/www.fiarebancaetica.coop\/eu\/sumando-esfuerzos-con-caritas-para-facilitar-el-acceso-a-servicios-financieros-eticos-a-las-personas-mas-vulnerables\/#article\",\"isPartOf\":{\"@id\":\"https:\/\/www.fiarebancaetica.coop\/eu\/sumando-esfuerzos-con-caritas-para-facilitar-el-acceso-a-servicios-financieros-eticos-a-las-personas-mas-vulnerables\/\"},\"author\":{\"name\":\"crispyadmin0\",\"@id\":\"https:\/\/www.fiarebancaetica.coop\/eu\/#\/schema\/person\/579841e89c804b5db05d9141bd9b8272\"},\"headline\":\"Sumando esfuerzos con C\u00e1ritas para facilitar el acceso a servicios financieros \u00e9ticos a las personas m\u00e1s vulnerables\",\"datePublished\":\"2021-05-10T22:00:00+00:00\",\"dateModified\":\"2024-02-21T14:11:33+00:00\",\"mainEntityOfPage\":{\"@id\":\"https:\/\/www.fiarebancaetica.coop\/eu\/sumando-esfuerzos-con-caritas-para-facilitar-el-acceso-a-servicios-financieros-eticos-a-las-personas-mas-vulnerables\/\"},\"wordCount\":584,\"commentCount\":0,\"image\":{\"@id\":\"https:\/\/www.fiarebancaetica.coop\/eu\/sumando-esfuerzos-con-caritas-para-facilitar-el-acceso-a-servicios-financieros-eticos-a-las-personas-mas-vulnerables\/#primaryimage\"},\"thumbnailUrl\":\"https:\/\/www.fiarebancaetica.coop\/app\/uploads\/sites\/2\/2023\/12\/sumando-esfuerzos-caritas-para-facilitar-el-acceso-servicios-financieros-eticos-las-personas-mas.jpg\",\"articleSection\":[\"Finantza etikoak\"],\"inLanguage\":\"eu\",\"potentialAction\":[{\"@type\":\"CommentAction\",\"name\":\"Comment\",\"target\":[\"https:\/\/www.fiarebancaetica.coop\/eu\/sumando-esfuerzos-con-caritas-para-facilitar-el-acceso-a-servicios-financieros-eticos-a-las-personas-mas-vulnerables\/#respond\"]}]},{\"@type\":\"WebPage\",\"@id\":\"https:\/\/www.fiarebancaetica.coop\/eu\/sumando-esfuerzos-con-caritas-para-facilitar-el-acceso-a-servicios-financieros-eticos-a-las-personas-mas-vulnerables\/\",\"url\":\"https:\/\/www.fiarebancaetica.coop\/eu\/sumando-esfuerzos-con-caritas-para-facilitar-el-acceso-a-servicios-financieros-eticos-a-las-personas-mas-vulnerables\/\",\"name\":\"Sumando esfuerzos con C\u00e1ritas para facilitar el acceso a servicios financieros \u00e9ticos a las personas m\u00e1s vulnerables - Fiare Banca Etica\",\"isPartOf\":{\"@id\":\"https:\/\/www.fiarebancaetica.coop\/eu\/#website\"},\"primaryImageOfPage\":{\"@id\":\"https:\/\/www.fiarebancaetica.coop\/eu\/sumando-esfuerzos-con-caritas-para-facilitar-el-acceso-a-servicios-financieros-eticos-a-las-personas-mas-vulnerables\/#primaryimage\"},\"image\":{\"@id\":\"https:\/\/www.fiarebancaetica.coop\/eu\/sumando-esfuerzos-con-caritas-para-facilitar-el-acceso-a-servicios-financieros-eticos-a-las-personas-mas-vulnerables\/#primaryimage\"},\"thumbnailUrl\":\"https:\/\/www.fiarebancaetica.coop\/app\/uploads\/sites\/2\/2023\/12\/sumando-esfuerzos-caritas-para-facilitar-el-acceso-servicios-financieros-eticos-las-personas-mas.jpg\",\"datePublished\":\"2021-05-10T22:00:00+00:00\",\"dateModified\":\"2024-02-21T14:11:33+00:00\",\"author\":{\"@id\":\"https:\/\/www.fiarebancaetica.coop\/eu\/#\/schema\/person\/579841e89c804b5db05d9141bd9b8272\"},\"breadcrumb\":{\"@id\":\"https:\/\/www.fiarebancaetica.coop\/eu\/sumando-esfuerzos-con-caritas-para-facilitar-el-acceso-a-servicios-financieros-eticos-a-las-personas-mas-vulnerables\/#breadcrumb\"},\"inLanguage\":\"eu\",\"potentialAction\":[{\"@type\":\"ReadAction\",\"target\":[\"https:\/\/www.fiarebancaetica.coop\/eu\/sumando-esfuerzos-con-caritas-para-facilitar-el-acceso-a-servicios-financieros-eticos-a-las-personas-mas-vulnerables\/\"]}]},{\"@type\":\"ImageObject\",\"inLanguage\":\"eu\",\"@id\":\"https:\/\/www.fiarebancaetica.coop\/eu\/sumando-esfuerzos-con-caritas-para-facilitar-el-acceso-a-servicios-financieros-eticos-a-las-personas-mas-vulnerables\/#primaryimage\",\"url\":\"https:\/\/www.fiarebancaetica.coop\/app\/uploads\/sites\/2\/2023\/12\/sumando-esfuerzos-caritas-para-facilitar-el-acceso-servicios-financieros-eticos-las-personas-mas.jpg\",\"contentUrl\":\"https:\/\/www.fiarebancaetica.coop\/app\/uploads\/sites\/2\/2023\/12\/sumando-esfuerzos-caritas-para-facilitar-el-acceso-servicios-financieros-eticos-las-personas-mas.jpg\",\"width\":540,\"height\":250},{\"@type\":\"BreadcrumbList\",\"@id\":\"https:\/\/www.fiarebancaetica.coop\/eu\/sumando-esfuerzos-con-caritas-para-facilitar-el-acceso-a-servicios-financieros-eticos-a-las-personas-mas-vulnerables\/#breadcrumb\",\"itemListElement\":[{\"@type\":\"ListItem\",\"position\":1,\"name\":\"Home\",\"item\":\"https:\/\/www.fiarebancaetica.coop\/eu\/\"},{\"@type\":\"ListItem\",\"position\":2,\"name\":\"Sumando esfuerzos con C\u00e1ritas para facilitar el acceso a servicios financieros \u00e9ticos a las personas m\u00e1s vulnerables\"}]},{\"@type\":\"WebSite\",\"@id\":\"https:\/\/www.fiarebancaetica.coop\/eu\/#website\",\"url\":\"https:\/\/www.fiarebancaetica.coop\/eu\/\",\"name\":\"Fiare Banca Etica\",\"description\":\"\",\"potentialAction\":[{\"@type\":\"SearchAction\",\"target\":{\"@type\":\"EntryPoint\",\"urlTemplate\":\"https:\/\/www.fiarebancaetica.coop\/eu\/?s={search_term_string}\"},\"query-input\":{\"@type\":\"PropertyValueSpecification\",\"valueRequired\":true,\"valueName\":\"search_term_string\"}}],\"inLanguage\":\"eu\"},{\"@type\":\"Person\",\"@id\":\"https:\/\/www.fiarebancaetica.coop\/eu\/#\/schema\/person\/579841e89c804b5db05d9141bd9b8272\",\"name\":\"crispyadmin0\",\"image\":{\"@type\":\"ImageObject\",\"inLanguage\":\"eu\",\"@id\":\"https:\/\/www.fiarebancaetica.coop\/eu\/#\/schema\/person\/image\/5f3a6b7786f32f4c35bd2b1a5a4698ea\",\"url\":\"https:\/\/secure.gravatar.com\/avatar\/4d2cfb499d497b6d49da659fab7404b243a87fe8e40d2cf97a1cae48f677f5b2?s=96&d=mm&r=g\",\"contentUrl\":\"https:\/\/secure.gravatar.com\/avatar\/4d2cfb499d497b6d49da659fab7404b243a87fe8e40d2cf97a1cae48f677f5b2?s=96&d=mm&r=g\",\"caption\":\"crispyadmin0\"},\"sameAs\":[\"crispyadmin0\"]}]}<\/script>\n<!-- \/ Yoast SEO plugin. -->","yoast_head_json":{"title":"Sumando esfuerzos con C\u00e1ritas para facilitar el acceso a servicios financieros \u00e9ticos a las personas m\u00e1s vulnerables - Fiare Banca Etica","robots":{"index":"index","follow":"follow","max-snippet":"max-snippet:-1","max-image-preview":"max-image-preview:large","max-video-preview":"max-video-preview:-1"},"canonical":"https:\/\/www.fiarebancaetica.coop\/eu\/sumando-esfuerzos-con-caritas-para-facilitar-el-acceso-a-servicios-financieros-eticos-a-las-personas-mas-vulnerables\/","og_locale":"eu_ES","og_type":"article","og_title":"Sumando esfuerzos con C\u00e1ritas para facilitar el acceso a servicios financieros \u00e9ticos a las personas m\u00e1s vulnerables - Fiare Banca Etica","og_description":"Fiare Banca Etica y C\u00e1ritas Espa\u00f1ola han firmado un convenio de colaboraci\u00f3n con el fin de formalizar el actual marco de relaci\u00f3n entre ambas organizaciones y fortalecer la oferta de servicios de finanzas \u00e9ticas al conjunto de las 70 C\u00e1ritas Diocesanas que integran la Confederaci\u00f3n C\u00e1ritas en Espa\u00f1a.","og_url":"https:\/\/www.fiarebancaetica.coop\/eu\/sumando-esfuerzos-con-caritas-para-facilitar-el-acceso-a-servicios-financieros-eticos-a-las-personas-mas-vulnerables\/","og_site_name":"Fiare Banca Etica","article_published_time":"2021-05-10T22:00:00+00:00","article_modified_time":"2024-02-21T14:11:33+00:00","og_image":[{"width":540,"height":250,"url":"https:\/\/www.fiarebancaetica.coop\/app\/uploads\/sites\/2\/2023\/12\/sumando-esfuerzos-caritas-para-facilitar-el-acceso-servicios-financieros-eticos-las-personas-mas.jpg","type":"image\/jpeg"}],"author":"crispyadmin0","twitter_card":"summary_large_image","schema":{"@context":"https:\/\/schema.org","@graph":[{"@type":"Article","@id":"https:\/\/www.fiarebancaetica.coop\/eu\/sumando-esfuerzos-con-caritas-para-facilitar-el-acceso-a-servicios-financieros-eticos-a-las-personas-mas-vulnerables\/#article","isPartOf":{"@id":"https:\/\/www.fiarebancaetica.coop\/eu\/sumando-esfuerzos-con-caritas-para-facilitar-el-acceso-a-servicios-financieros-eticos-a-las-personas-mas-vulnerables\/"},"author":{"name":"crispyadmin0","@id":"https:\/\/www.fiarebancaetica.coop\/eu\/#\/schema\/person\/579841e89c804b5db05d9141bd9b8272"},"headline":"Sumando esfuerzos con C\u00e1ritas para facilitar el acceso a servicios financieros \u00e9ticos a las personas m\u00e1s vulnerables","datePublished":"2021-05-10T22:00:00+00:00","dateModified":"2024-02-21T14:11:33+00:00","mainEntityOfPage":{"@id":"https:\/\/www.fiarebancaetica.coop\/eu\/sumando-esfuerzos-con-caritas-para-facilitar-el-acceso-a-servicios-financieros-eticos-a-las-personas-mas-vulnerables\/"},"wordCount":584,"commentCount":0,"image":{"@id":"https:\/\/www.fiarebancaetica.coop\/eu\/sumando-esfuerzos-con-caritas-para-facilitar-el-acceso-a-servicios-financieros-eticos-a-las-personas-mas-vulnerables\/#primaryimage"},"thumbnailUrl":"https:\/\/www.fiarebancaetica.coop\/app\/uploads\/sites\/2\/2023\/12\/sumando-esfuerzos-caritas-para-facilitar-el-acceso-servicios-financieros-eticos-las-personas-mas.jpg","articleSection":["Finantza etikoak"],"inLanguage":"eu","potentialAction":[{"@type":"CommentAction","name":"Comment","target":["https:\/\/www.fiarebancaetica.coop\/eu\/sumando-esfuerzos-con-caritas-para-facilitar-el-acceso-a-servicios-financieros-eticos-a-las-personas-mas-vulnerables\/#respond"]}]},{"@type":"WebPage","@id":"https:\/\/www.fiarebancaetica.coop\/eu\/sumando-esfuerzos-con-caritas-para-facilitar-el-acceso-a-servicios-financieros-eticos-a-las-personas-mas-vulnerables\/","url":"https:\/\/www.fiarebancaetica.coop\/eu\/sumando-esfuerzos-con-caritas-para-facilitar-el-acceso-a-servicios-financieros-eticos-a-las-personas-mas-vulnerables\/","name":"Sumando esfuerzos con C\u00e1ritas para facilitar el acceso a servicios financieros \u00e9ticos a las personas m\u00e1s vulnerables - Fiare Banca Etica","isPartOf":{"@id":"https:\/\/www.fiarebancaetica.coop\/eu\/#website"},"primaryImageOfPage":{"@id":"https:\/\/www.fiarebancaetica.coop\/eu\/sumando-esfuerzos-con-caritas-para-facilitar-el-acceso-a-servicios-financieros-eticos-a-las-personas-mas-vulnerables\/#primaryimage"},"image":{"@id":"https:\/\/www.fiarebancaetica.coop\/eu\/sumando-esfuerzos-con-caritas-para-facilitar-el-acceso-a-servicios-financieros-eticos-a-las-personas-mas-vulnerables\/#primaryimage"},"thumbnailUrl":"https:\/\/www.fiarebancaetica.coop\/app\/uploads\/sites\/2\/2023\/12\/sumando-esfuerzos-caritas-para-facilitar-el-acceso-servicios-financieros-eticos-las-personas-mas.jpg","datePublished":"2021-05-10T22:00:00+00:00","dateModified":"2024-02-21T14:11:33+00:00","author":{"@id":"https:\/\/www.fiarebancaetica.coop\/eu\/#\/schema\/person\/579841e89c804b5db05d9141bd9b8272"},"breadcrumb":{"@id":"https:\/\/www.fiarebancaetica.coop\/eu\/sumando-esfuerzos-con-caritas-para-facilitar-el-acceso-a-servicios-financieros-eticos-a-las-personas-mas-vulnerables\/#breadcrumb"},"inLanguage":"eu","potentialAction":[{"@type":"ReadAction","target":["https:\/\/www.fiarebancaetica.coop\/eu\/sumando-esfuerzos-con-caritas-para-facilitar-el-acceso-a-servicios-financieros-eticos-a-las-personas-mas-vulnerables\/"]}]},{"@type":"ImageObject","inLanguage":"eu","@id":"https:\/\/www.fiarebancaetica.coop\/eu\/sumando-esfuerzos-con-caritas-para-facilitar-el-acceso-a-servicios-financieros-eticos-a-las-personas-mas-vulnerables\/#primaryimage","url":"https:\/\/www.fiarebancaetica.coop\/app\/uploads\/sites\/2\/2023\/12\/sumando-esfuerzos-caritas-para-facilitar-el-acceso-servicios-financieros-eticos-las-personas-mas.jpg","contentUrl":"https:\/\/www.fiarebancaetica.coop\/app\/uploads\/sites\/2\/2023\/12\/sumando-esfuerzos-caritas-para-facilitar-el-acceso-servicios-financieros-eticos-las-personas-mas.jpg","width":540,"height":250},{"@type":"BreadcrumbList","@id":"https:\/\/www.fiarebancaetica.coop\/eu\/sumando-esfuerzos-con-caritas-para-facilitar-el-acceso-a-servicios-financieros-eticos-a-las-personas-mas-vulnerables\/#breadcrumb","itemListElement":[{"@type":"ListItem","position":1,"name":"Home","item":"https:\/\/www.fiarebancaetica.coop\/eu\/"},{"@type":"ListItem","position":2,"name":"Sumando esfuerzos con C\u00e1ritas para facilitar el acceso a servicios financieros \u00e9ticos a las personas m\u00e1s vulnerables"}]},{"@type":"WebSite","@id":"https:\/\/www.fiarebancaetica.coop\/eu\/#website","url":"https:\/\/www.fiarebancaetica.coop\/eu\/","name":"Fiare Banca Etica","description":"","potentialAction":[{"@type":"SearchAction","target":{"@type":"EntryPoint","urlTemplate":"https:\/\/www.fiarebancaetica.coop\/eu\/?s={search_term_string}"},"query-input":{"@type":"PropertyValueSpecification","valueRequired":true,"valueName":"search_term_string"}}],"inLanguage":"eu"},{"@type":"Person","@id":"https:\/\/www.fiarebancaetica.coop\/eu\/#\/schema\/person\/579841e89c804b5db05d9141bd9b8272","name":"crispyadmin0","image":{"@type":"ImageObject","inLanguage":"eu","@id":"https:\/\/www.fiarebancaetica.coop\/eu\/#\/schema\/person\/image\/5f3a6b7786f32f4c35bd2b1a5a4698ea","url":"https:\/\/secure.gravatar.com\/avatar\/4d2cfb499d497b6d49da659fab7404b243a87fe8e40d2cf97a1cae48f677f5b2?s=96&d=mm&r=g","contentUrl":"https:\/\/secure.gravatar.com\/avatar\/4d2cfb499d497b6d49da659fab7404b243a87fe8e40d2cf97a1cae48f677f5b2?s=96&d=mm&r=g","caption":"crispyadmin0"},"sameAs":["crispyadmin0"]}]}},"_links":{"self":[{"href":"https:\/\/www.fiarebancaetica.coop\/eu\/wp-json\/wp\/v2\/posts\/343923","targetHints":{"allow":["GET"]}}],"collection":[{"href":"https:\/\/www.fiarebancaetica.coop\/eu\/wp-json\/wp\/v2\/posts"}],"about":[{"href":"https:\/\/www.fiarebancaetica.coop\/eu\/wp-json\/wp\/v2\/types\/post"}],"author":[{"embeddable":true,"href":"https:\/\/www.fiarebancaetica.coop\/eu\/wp-json\/wp\/v2\/users\/2"}],"replies":[{"embeddable":true,"href":"https:\/\/www.fiarebancaetica.coop\/eu\/wp-json\/wp\/v2\/comments?post=343923"}],"version-history":[{"count":1,"href":"https:\/\/www.fiarebancaetica.coop\/eu\/wp-json\/wp\/v2\/posts\/343923\/revisions"}],"predecessor-version":[{"id":354879,"href":"https:\/\/www.fiarebancaetica.coop\/eu\/wp-json\/wp\/v2\/posts\/343923\/revisions\/354879"}],"wp:featuredmedia":[{"embeddable":true,"href":"https:\/\/www.fiarebancaetica.coop\/eu\/wp-json\/wp\/v2\/media\/329635"}],"wp:attachment":[{"href":"https:\/\/www.fiarebancaetica.coop\/eu\/wp-json\/wp\/v2\/media?parent=343923"}],"wp:term":[{"taxonomy":"category","embeddable":true,"href":"https:\/\/www.fiarebancaetica.coop\/eu\/wp-json\/wp\/v2\/categories?post=343923"},{"taxonomy":"post_tag","embeddable":true,"href":"https:\/\/www.fiarebancaetica.coop\/eu\/wp-json\/wp\/v2\/tags?post=343923"},{"taxonomy":"author","embeddable":true,"href":"https:\/\/www.fiarebancaetica.coop\/eu\/wp-json\/wp\/v2\/coauthors?post=343923"}],"curies":[{"name":"wp","href":"https:\/\/api.w.org\/{rel}","templated":true}]}}