{"id":343996,"date":"2021-02-10T00:00:00","date_gmt":"2021-02-09T23:00:00","guid":{"rendered":"https:\/\/www.fiarebancaetica.coop\/20-anos-de-microfinanzas-al-servicio-del-sur-del-mundo\/"},"modified":"2024-02-21T15:13:23","modified_gmt":"2024-02-21T14:13:23","slug":"20-anos-de-microfinanzas-al-servicio-del-sur-del-mundo","status":"publish","type":"post","link":"https:\/\/www.fiarebancaetica.coop\/eu\/20-anos-de-microfinanzas-al-servicio-del-sur-del-mundo\/","title":{"rendered":"20 a\u00f1os de microfinanzas al servicio del sur del mundo"},"content":{"rendered":"\n\n<div class=\"wp-block-bancaetica-blocks-blocks-block-49\">\n    <div class=\"container-block-49\">\n\n        <div class=\"header-section \">\n                            <h1 class=\"section-title\"> Etica e cooperativa <\/h1>\n                                            <\/div>\n\n        \n        <div class=\"block-background\" style=\"background-image: url('https:\/\/www.fiarebancaetica.coop\/app\/uploads\/sites\/2\/2023\/12\/20-anos-de-microfinanzas-servicio-del-sur-del-mundo.jpg')\">\n                            <div class=\"tile\">\n                    <h1 class=\"image-title\"> 20 a\u00f1os de microfinanzas al servicio del sur del mundo <\/h1>\n                <\/div>             <!-- end .tile -->\n            <div class=\"bottom-content\">\n                            <\/div> <!-- end .button-content -->\n        <\/div> <!-- end .block-background -->\n    <\/div> <!-- end .container -->\n<\/div> <!-- end wp-block-bancaetica-blocks-blocks-block-06 -->\n\n\n<div class=\"wrapper-crispybacon-class wrapper-crispybacon-class-boxed \">\n    <p><em><strong>Art\u00edculo de Valori.it<\/strong><\/em><\/p>\n<p>Fue en 1999 cuando <strong>Andrea Berrini, pionera de las finanzas \u00e9ticas en Italia,<\/strong> concibi\u00f3 la idea de dar vida a <a href=\"https:\/\/www.bancaetica.it\/cresud\">CreSud<\/a>. Particip\u00f3 en la primera conferencia mundial sobre microcr\u00e9dito en los Estados Unidos en 1997 y comprendi\u00f3 que en muchos pa\u00edses del Sur global hay una falta de acceso a la financiaci\u00f3n para millones de personas. S\u00ed, hab\u00eda muchos bancos comerciales al servicio de las empresas y los asalariados, pero estos ignoraban totalmente las necesidades de los m\u00e1s pobres y los que no ten\u00edan garant\u00edas. Por otro lado, se estaban desarrollando numerosas organizaciones y proyectos de cooperaci\u00f3n internacional.<\/p>\n<p>Fueron los a\u00f1os en los que tambi\u00e9n se iniciaba el proyecto Banca Etica y Berrini, a partir de esa conciencia, gracias a una red de socias que a\u00fan incluye a personas, cooperativas y asociaciones que operan en los sectores del desarrollo sostenible y el comercio justo, <strong>desarroll\u00f3 su empresa. dedicada al microcr\u00e9dito<\/strong>. Desde entonces CreSud ha proporcionado recursos y servicios financieros a organizaciones de microfinanzas, productores de comercio justo, cooperativas, redes, asociaciones y ONG en Am\u00e9rica Latina, \u00c1frica y Asia. Y en 2019, reuniendo dos experiencias realizadas en paralelo durante m\u00e1s de veinte a\u00f1os, se incorpor\u00f3 formalmente al mundo de Banca Etica, que se ha convertido en el socio mayoritario.<\/p>\n<p><img decoding=\"async\" alt=\"\" src=\"http:\/\/www.fiarebancaetica.coop\/app\/uploads\/sites\/2\/2023\/12\/tecnico_in_assistenza_a_lidia_ballesteros_castro_bolivia_-_fonte_sembrar_sartawi_-_foto_3.jpg\" style=\"width: 540px; height: 189px;\" \/><\/p>\n<p>\u00abCreSud &#8211; recuerda Pier Carlo Barioli, en CreSud desde 2002 &#8211; siempre ha operado recolectando recursos en Italia, a trav\u00e9s de capital social, bonos o pr\u00e9stamos. Estos recursos se ofrecen a organizaciones asociadas en el Sur global que, a su vez, realizan operaciones de microcr\u00e9dito a clientes finales. Entidades socias que hace veinte a\u00f1os eran ONGs o proyectos de cooperaci\u00f3n internacional ahora se han convertido en empresas, financieras o peque\u00f1os bancos \u00e9ticos que operan seg\u00fan principios compatibles con los nuestros, manteniendo en muchas ocasiones los valores de las ONG de las que derivan \u201d.<\/p>\n<p>Por lo tanto, se ha desarrollado un modelo de negocio econ\u00f3micamente sostenible a partir de la visi\u00f3n de Berrini, porque las personas m\u00e1s pobres han mostrado un comportamiento de pago menos riesgoso. El objetivo, adem\u00e1s, sigue siendo<strong> &#8220;hacer todo lo posible para satisfacer a los clientes finales, con la m\u00e1xima transparencia&#8221;<\/strong> y las organizaciones intermediarias financieras locales se examinan en el nivel \u00e9tico, la gobernanza, los financiadores y los presupuestos, y tambi\u00e9n se supervisan con visitas in situ. Pero no solo. Porque CreSud ofrece formaci\u00f3n y, con especial atenci\u00f3n a las empresas sociales, aprovecha su dilatada experiencia en contextos operativos de riesgo ofreciendo asistencia t\u00e9cnica en la formulaci\u00f3n y gesti\u00f3n de proyectos de cooperaci\u00f3n. En lo que respecta al microcr\u00e9dito, funciona en peque\u00f1a medida en \u00c1frica y la regi\u00f3n Asia-Pac\u00edfico, mientras que entre Bolivia, Ecuador, Honduras, M\u00e9xico, Nicaragua, Per\u00fa, Chile, El Salvador, Guatemala y Paraguay, tiene colaboraciones con una veintena de realidades de microcr\u00e9dito y una decena de productores de comercio justo.<\/p>\n<p><img decoding=\"async\" alt=\"\" src=\"http:\/\/www.fiarebancaetica.coop\/app\/uploads\/sites\/2\/2023\/12\/schermata_2020-05-14_alle_13.04.29.png\" style=\"width: 540px; height: 189px;\" \/><\/p>\n<p>\u00abSus clientes &#8211; concluye Barioli &#8211;<strong> son en gran parte mujeres, personas que necesitan este apoyo econ\u00f3mico para mantenerse en la vida diaria.<\/strong> Hablamos de microempresas familiares, la tienda del pueblo, el gasto en herramientas agr\u00edcolas o para la escuela de los ni\u00f1os &#8230; Indagamos para saber c\u00f3mo los trata la organizaci\u00f3n con la que deber\u00edamos iniciar una colaboraci\u00f3n, y c\u00f3mo son. tratados si pierden una cuota en el pago de la deuda. Nos preocupamos de que nuestros clientes trabajen bien con los suyos, porque la sostenibilidad econ\u00f3mica del modelo CreSud est\u00e1 garantizada gracias a los usuarios finales. Y cuando voy a visitarlos, siempre encuentro personas que, a pesar de la extrema dificultad, intentan tomar las riendas de su vida y seguir adelante. De alguna manera no creo que ellos sean los verdaderos beneficiarios, al final yo soy el beneficiario final &#8220;.<\/p>\n<p><a href=\"http:\/\/www.bancaetica.it\/cresud\">www.bancaetica.it\/cresud<\/a><\/p>\n<p><img decoding=\"async\" alt=\"\" src=\"http:\/\/www.fiarebancaetica.coop\/app\/uploads\/sites\/2\/2023\/12\/1400zoila_bermello_cliente_di_microfinanza_in_ecuador_con_fundacion_espoir.jpg\" style=\"width: 540px; height: 189px;\" \/><\/p>\n<p>____________________________________________________________________________________<\/p>\n<h1>\n\t&nbsp;<\/h1>\n<\/div>","protected":false},"excerpt":{"rendered":"<p>Fue en 1999 cuando Andrea Berrini, pionera de las finanzas \u00e9ticas en Italia, concibi\u00f3 la idea de dar vida a CreSud. Particip\u00f3 en la primera conferencia mundial sobre microcr\u00e9dito en los Estados Unidos en 1997 y comprendi\u00f3 que en muchos pa\u00edses del Sur global hay una falta de acceso a la financiaci\u00f3n para millones de personas. S\u00ed, hab\u00eda muchos bancos comerciales al servicio de las empresas y los asalariados, pero estos ignoraban totalmente las necesidades de los m\u00e1s pobres y los que no ten\u00edan garant\u00edas. Por otro lado, se estaban desarrollando numerosas organizaciones y proyectos de cooperaci\u00f3n internacional.<a href=\"http:\/\/www.bancaetica.it\/cresud\">http:\/\/www.bancaetica.it\/cresud<\/a><\/p>\n","protected":false},"author":2,"featured_media":329563,"comment_status":"open","ping_status":"closed","sticky":false,"template":"","format":"standard","meta":{"_acf_changed":false,"footnotes":""},"categories":[11644],"tags":[],"coauthors":[],"class_list":["post-343996","post","type-post","status-publish","format-standard","has-post-thumbnail","hentry","category-finantza-etikoak"],"acf":[],"yoast_head":"<!-- This site is optimized with the Yoast SEO plugin v26.9 - https:\/\/yoast.com\/product\/yoast-seo-wordpress\/ -->\n<title>20 a\u00f1os de microfinanzas al servicio del sur del mundo - Fiare Banca Etica<\/title>\n<meta name=\"robots\" content=\"index, follow, max-snippet:-1, max-image-preview:large, max-video-preview:-1\" \/>\n<link rel=\"canonical\" href=\"https:\/\/www.fiarebancaetica.coop\/eu\/20-anos-de-microfinanzas-al-servicio-del-sur-del-mundo\/\" \/>\n<meta property=\"og:locale\" content=\"eu_ES\" \/>\n<meta property=\"og:type\" content=\"article\" \/>\n<meta property=\"og:title\" content=\"20 a\u00f1os de microfinanzas al servicio del sur del mundo - Fiare Banca Etica\" \/>\n<meta property=\"og:description\" content=\"Fue en 1999 cuando Andrea Berrini, pionera de las finanzas \u00e9ticas en Italia, concibi\u00f3 la idea de dar vida a CreSud. Particip\u00f3 en la primera conferencia mundial sobre microcr\u00e9dito en los Estados Unidos en 1997 y comprendi\u00f3 que en muchos pa\u00edses del Sur global hay una falta de acceso a la financiaci\u00f3n para millones de personas. S\u00ed, hab\u00eda muchos bancos comerciales al servicio de las empresas y los asalariados, pero estos ignoraban totalmente las necesidades de los m\u00e1s pobres y los que no ten\u00edan garant\u00edas. Por otro lado, se estaban desarrollando numerosas organizaciones y proyectos de cooperaci\u00f3n internacional.http:\/\/www.bancaetica.it\/cresud\" \/>\n<meta property=\"og:url\" content=\"https:\/\/www.fiarebancaetica.coop\/eu\/20-anos-de-microfinanzas-al-servicio-del-sur-del-mundo\/\" \/>\n<meta property=\"og:site_name\" content=\"Fiare Banca Etica\" \/>\n<meta property=\"article:published_time\" content=\"2021-02-09T23:00:00+00:00\" \/>\n<meta property=\"article:modified_time\" content=\"2024-02-21T14:13:23+00:00\" \/>\n<meta property=\"og:image\" content=\"https:\/\/www.fiarebancaetica.coop\/app\/uploads\/sites\/2\/2023\/12\/20-anos-de-microfinanzas-servicio-del-sur-del-mundo.jpg\" \/>\n\t<meta property=\"og:image:width\" content=\"590\" \/>\n\t<meta property=\"og:image:height\" content=\"252\" \/>\n\t<meta property=\"og:image:type\" content=\"image\/jpeg\" \/>\n<meta name=\"author\" content=\"crispyadmin0\" \/>\n<meta name=\"twitter:card\" content=\"summary_large_image\" \/>\n<script type=\"application\/ld+json\" class=\"yoast-schema-graph\">{\"@context\":\"https:\/\/schema.org\",\"@graph\":[{\"@type\":\"Article\",\"@id\":\"https:\/\/www.fiarebancaetica.coop\/eu\/20-anos-de-microfinanzas-al-servicio-del-sur-del-mundo\/#article\",\"isPartOf\":{\"@id\":\"https:\/\/www.fiarebancaetica.coop\/eu\/20-anos-de-microfinanzas-al-servicio-del-sur-del-mundo\/\"},\"author\":{\"name\":\"crispyadmin0\",\"@id\":\"https:\/\/www.fiarebancaetica.coop\/eu\/#\/schema\/person\/579841e89c804b5db05d9141bd9b8272\"},\"headline\":\"20 a\u00f1os de microfinanzas al servicio del sur del mundo\",\"datePublished\":\"2021-02-09T23:00:00+00:00\",\"dateModified\":\"2024-02-21T14:13:23+00:00\",\"mainEntityOfPage\":{\"@id\":\"https:\/\/www.fiarebancaetica.coop\/eu\/20-anos-de-microfinanzas-al-servicio-del-sur-del-mundo\/\"},\"wordCount\":668,\"commentCount\":0,\"image\":{\"@id\":\"https:\/\/www.fiarebancaetica.coop\/eu\/20-anos-de-microfinanzas-al-servicio-del-sur-del-mundo\/#primaryimage\"},\"thumbnailUrl\":\"https:\/\/www.fiarebancaetica.coop\/app\/uploads\/sites\/2\/2023\/12\/20-anos-de-microfinanzas-servicio-del-sur-del-mundo.jpg\",\"articleSection\":[\"Finantza etikoak\"],\"inLanguage\":\"eu\",\"potentialAction\":[{\"@type\":\"CommentAction\",\"name\":\"Comment\",\"target\":[\"https:\/\/www.fiarebancaetica.coop\/eu\/20-anos-de-microfinanzas-al-servicio-del-sur-del-mundo\/#respond\"]}]},{\"@type\":\"WebPage\",\"@id\":\"https:\/\/www.fiarebancaetica.coop\/eu\/20-anos-de-microfinanzas-al-servicio-del-sur-del-mundo\/\",\"url\":\"https:\/\/www.fiarebancaetica.coop\/eu\/20-anos-de-microfinanzas-al-servicio-del-sur-del-mundo\/\",\"name\":\"20 a\u00f1os de microfinanzas al servicio del sur del mundo - Fiare Banca Etica\",\"isPartOf\":{\"@id\":\"https:\/\/www.fiarebancaetica.coop\/eu\/#website\"},\"primaryImageOfPage\":{\"@id\":\"https:\/\/www.fiarebancaetica.coop\/eu\/20-anos-de-microfinanzas-al-servicio-del-sur-del-mundo\/#primaryimage\"},\"image\":{\"@id\":\"https:\/\/www.fiarebancaetica.coop\/eu\/20-anos-de-microfinanzas-al-servicio-del-sur-del-mundo\/#primaryimage\"},\"thumbnailUrl\":\"https:\/\/www.fiarebancaetica.coop\/app\/uploads\/sites\/2\/2023\/12\/20-anos-de-microfinanzas-servicio-del-sur-del-mundo.jpg\",\"datePublished\":\"2021-02-09T23:00:00+00:00\",\"dateModified\":\"2024-02-21T14:13:23+00:00\",\"author\":{\"@id\":\"https:\/\/www.fiarebancaetica.coop\/eu\/#\/schema\/person\/579841e89c804b5db05d9141bd9b8272\"},\"breadcrumb\":{\"@id\":\"https:\/\/www.fiarebancaetica.coop\/eu\/20-anos-de-microfinanzas-al-servicio-del-sur-del-mundo\/#breadcrumb\"},\"inLanguage\":\"eu\",\"potentialAction\":[{\"@type\":\"ReadAction\",\"target\":[\"https:\/\/www.fiarebancaetica.coop\/eu\/20-anos-de-microfinanzas-al-servicio-del-sur-del-mundo\/\"]}]},{\"@type\":\"ImageObject\",\"inLanguage\":\"eu\",\"@id\":\"https:\/\/www.fiarebancaetica.coop\/eu\/20-anos-de-microfinanzas-al-servicio-del-sur-del-mundo\/#primaryimage\",\"url\":\"https:\/\/www.fiarebancaetica.coop\/app\/uploads\/sites\/2\/2023\/12\/20-anos-de-microfinanzas-servicio-del-sur-del-mundo.jpg\",\"contentUrl\":\"https:\/\/www.fiarebancaetica.coop\/app\/uploads\/sites\/2\/2023\/12\/20-anos-de-microfinanzas-servicio-del-sur-del-mundo.jpg\",\"width\":590,\"height\":252},{\"@type\":\"BreadcrumbList\",\"@id\":\"https:\/\/www.fiarebancaetica.coop\/eu\/20-anos-de-microfinanzas-al-servicio-del-sur-del-mundo\/#breadcrumb\",\"itemListElement\":[{\"@type\":\"ListItem\",\"position\":1,\"name\":\"Home\",\"item\":\"https:\/\/www.fiarebancaetica.coop\/eu\/\"},{\"@type\":\"ListItem\",\"position\":2,\"name\":\"20 a\u00f1os de microfinanzas al servicio del sur del mundo\"}]},{\"@type\":\"WebSite\",\"@id\":\"https:\/\/www.fiarebancaetica.coop\/eu\/#website\",\"url\":\"https:\/\/www.fiarebancaetica.coop\/eu\/\",\"name\":\"Fiare Banca Etica\",\"description\":\"\",\"potentialAction\":[{\"@type\":\"SearchAction\",\"target\":{\"@type\":\"EntryPoint\",\"urlTemplate\":\"https:\/\/www.fiarebancaetica.coop\/eu\/?s={search_term_string}\"},\"query-input\":{\"@type\":\"PropertyValueSpecification\",\"valueRequired\":true,\"valueName\":\"search_term_string\"}}],\"inLanguage\":\"eu\"},{\"@type\":\"Person\",\"@id\":\"https:\/\/www.fiarebancaetica.coop\/eu\/#\/schema\/person\/579841e89c804b5db05d9141bd9b8272\",\"name\":\"crispyadmin0\",\"image\":{\"@type\":\"ImageObject\",\"inLanguage\":\"eu\",\"@id\":\"https:\/\/www.fiarebancaetica.coop\/eu\/#\/schema\/person\/image\/5f3a6b7786f32f4c35bd2b1a5a4698ea\",\"url\":\"https:\/\/secure.gravatar.com\/avatar\/4d2cfb499d497b6d49da659fab7404b243a87fe8e40d2cf97a1cae48f677f5b2?s=96&d=mm&r=g\",\"contentUrl\":\"https:\/\/secure.gravatar.com\/avatar\/4d2cfb499d497b6d49da659fab7404b243a87fe8e40d2cf97a1cae48f677f5b2?s=96&d=mm&r=g\",\"caption\":\"crispyadmin0\"},\"sameAs\":[\"crispyadmin0\"]}]}<\/script>\n<!-- \/ Yoast SEO plugin. -->","yoast_head_json":{"title":"20 a\u00f1os de microfinanzas al servicio del sur del mundo - Fiare Banca Etica","robots":{"index":"index","follow":"follow","max-snippet":"max-snippet:-1","max-image-preview":"max-image-preview:large","max-video-preview":"max-video-preview:-1"},"canonical":"https:\/\/www.fiarebancaetica.coop\/eu\/20-anos-de-microfinanzas-al-servicio-del-sur-del-mundo\/","og_locale":"eu_ES","og_type":"article","og_title":"20 a\u00f1os de microfinanzas al servicio del sur del mundo - Fiare Banca Etica","og_description":"Fue en 1999 cuando Andrea Berrini, pionera de las finanzas \u00e9ticas en Italia, concibi\u00f3 la idea de dar vida a CreSud. Particip\u00f3 en la primera conferencia mundial sobre microcr\u00e9dito en los Estados Unidos en 1997 y comprendi\u00f3 que en muchos pa\u00edses del Sur global hay una falta de acceso a la financiaci\u00f3n para millones de personas. S\u00ed, hab\u00eda muchos bancos comerciales al servicio de las empresas y los asalariados, pero estos ignoraban totalmente las necesidades de los m\u00e1s pobres y los que no ten\u00edan garant\u00edas. Por otro lado, se estaban desarrollando numerosas organizaciones y proyectos de cooperaci\u00f3n internacional.http:\/\/www.bancaetica.it\/cresud","og_url":"https:\/\/www.fiarebancaetica.coop\/eu\/20-anos-de-microfinanzas-al-servicio-del-sur-del-mundo\/","og_site_name":"Fiare Banca Etica","article_published_time":"2021-02-09T23:00:00+00:00","article_modified_time":"2024-02-21T14:13:23+00:00","og_image":[{"width":590,"height":252,"url":"https:\/\/www.fiarebancaetica.coop\/app\/uploads\/sites\/2\/2023\/12\/20-anos-de-microfinanzas-servicio-del-sur-del-mundo.jpg","type":"image\/jpeg"}],"author":"crispyadmin0","twitter_card":"summary_large_image","schema":{"@context":"https:\/\/schema.org","@graph":[{"@type":"Article","@id":"https:\/\/www.fiarebancaetica.coop\/eu\/20-anos-de-microfinanzas-al-servicio-del-sur-del-mundo\/#article","isPartOf":{"@id":"https:\/\/www.fiarebancaetica.coop\/eu\/20-anos-de-microfinanzas-al-servicio-del-sur-del-mundo\/"},"author":{"name":"crispyadmin0","@id":"https:\/\/www.fiarebancaetica.coop\/eu\/#\/schema\/person\/579841e89c804b5db05d9141bd9b8272"},"headline":"20 a\u00f1os de microfinanzas al servicio del sur del mundo","datePublished":"2021-02-09T23:00:00+00:00","dateModified":"2024-02-21T14:13:23+00:00","mainEntityOfPage":{"@id":"https:\/\/www.fiarebancaetica.coop\/eu\/20-anos-de-microfinanzas-al-servicio-del-sur-del-mundo\/"},"wordCount":668,"commentCount":0,"image":{"@id":"https:\/\/www.fiarebancaetica.coop\/eu\/20-anos-de-microfinanzas-al-servicio-del-sur-del-mundo\/#primaryimage"},"thumbnailUrl":"https:\/\/www.fiarebancaetica.coop\/app\/uploads\/sites\/2\/2023\/12\/20-anos-de-microfinanzas-servicio-del-sur-del-mundo.jpg","articleSection":["Finantza etikoak"],"inLanguage":"eu","potentialAction":[{"@type":"CommentAction","name":"Comment","target":["https:\/\/www.fiarebancaetica.coop\/eu\/20-anos-de-microfinanzas-al-servicio-del-sur-del-mundo\/#respond"]}]},{"@type":"WebPage","@id":"https:\/\/www.fiarebancaetica.coop\/eu\/20-anos-de-microfinanzas-al-servicio-del-sur-del-mundo\/","url":"https:\/\/www.fiarebancaetica.coop\/eu\/20-anos-de-microfinanzas-al-servicio-del-sur-del-mundo\/","name":"20 a\u00f1os de microfinanzas al servicio del sur del mundo - Fiare Banca Etica","isPartOf":{"@id":"https:\/\/www.fiarebancaetica.coop\/eu\/#website"},"primaryImageOfPage":{"@id":"https:\/\/www.fiarebancaetica.coop\/eu\/20-anos-de-microfinanzas-al-servicio-del-sur-del-mundo\/#primaryimage"},"image":{"@id":"https:\/\/www.fiarebancaetica.coop\/eu\/20-anos-de-microfinanzas-al-servicio-del-sur-del-mundo\/#primaryimage"},"thumbnailUrl":"https:\/\/www.fiarebancaetica.coop\/app\/uploads\/sites\/2\/2023\/12\/20-anos-de-microfinanzas-servicio-del-sur-del-mundo.jpg","datePublished":"2021-02-09T23:00:00+00:00","dateModified":"2024-02-21T14:13:23+00:00","author":{"@id":"https:\/\/www.fiarebancaetica.coop\/eu\/#\/schema\/person\/579841e89c804b5db05d9141bd9b8272"},"breadcrumb":{"@id":"https:\/\/www.fiarebancaetica.coop\/eu\/20-anos-de-microfinanzas-al-servicio-del-sur-del-mundo\/#breadcrumb"},"inLanguage":"eu","potentialAction":[{"@type":"ReadAction","target":["https:\/\/www.fiarebancaetica.coop\/eu\/20-anos-de-microfinanzas-al-servicio-del-sur-del-mundo\/"]}]},{"@type":"ImageObject","inLanguage":"eu","@id":"https:\/\/www.fiarebancaetica.coop\/eu\/20-anos-de-microfinanzas-al-servicio-del-sur-del-mundo\/#primaryimage","url":"https:\/\/www.fiarebancaetica.coop\/app\/uploads\/sites\/2\/2023\/12\/20-anos-de-microfinanzas-servicio-del-sur-del-mundo.jpg","contentUrl":"https:\/\/www.fiarebancaetica.coop\/app\/uploads\/sites\/2\/2023\/12\/20-anos-de-microfinanzas-servicio-del-sur-del-mundo.jpg","width":590,"height":252},{"@type":"BreadcrumbList","@id":"https:\/\/www.fiarebancaetica.coop\/eu\/20-anos-de-microfinanzas-al-servicio-del-sur-del-mundo\/#breadcrumb","itemListElement":[{"@type":"ListItem","position":1,"name":"Home","item":"https:\/\/www.fiarebancaetica.coop\/eu\/"},{"@type":"ListItem","position":2,"name":"20 a\u00f1os de microfinanzas al servicio del sur del mundo"}]},{"@type":"WebSite","@id":"https:\/\/www.fiarebancaetica.coop\/eu\/#website","url":"https:\/\/www.fiarebancaetica.coop\/eu\/","name":"Fiare Banca Etica","description":"","potentialAction":[{"@type":"SearchAction","target":{"@type":"EntryPoint","urlTemplate":"https:\/\/www.fiarebancaetica.coop\/eu\/?s={search_term_string}"},"query-input":{"@type":"PropertyValueSpecification","valueRequired":true,"valueName":"search_term_string"}}],"inLanguage":"eu"},{"@type":"Person","@id":"https:\/\/www.fiarebancaetica.coop\/eu\/#\/schema\/person\/579841e89c804b5db05d9141bd9b8272","name":"crispyadmin0","image":{"@type":"ImageObject","inLanguage":"eu","@id":"https:\/\/www.fiarebancaetica.coop\/eu\/#\/schema\/person\/image\/5f3a6b7786f32f4c35bd2b1a5a4698ea","url":"https:\/\/secure.gravatar.com\/avatar\/4d2cfb499d497b6d49da659fab7404b243a87fe8e40d2cf97a1cae48f677f5b2?s=96&d=mm&r=g","contentUrl":"https:\/\/secure.gravatar.com\/avatar\/4d2cfb499d497b6d49da659fab7404b243a87fe8e40d2cf97a1cae48f677f5b2?s=96&d=mm&r=g","caption":"crispyadmin0"},"sameAs":["crispyadmin0"]}]}},"_links":{"self":[{"href":"https:\/\/www.fiarebancaetica.coop\/eu\/wp-json\/wp\/v2\/posts\/343996","targetHints":{"allow":["GET"]}}],"collection":[{"href":"https:\/\/www.fiarebancaetica.coop\/eu\/wp-json\/wp\/v2\/posts"}],"about":[{"href":"https:\/\/www.fiarebancaetica.coop\/eu\/wp-json\/wp\/v2\/types\/post"}],"author":[{"embeddable":true,"href":"https:\/\/www.fiarebancaetica.coop\/eu\/wp-json\/wp\/v2\/users\/2"}],"replies":[{"embeddable":true,"href":"https:\/\/www.fiarebancaetica.coop\/eu\/wp-json\/wp\/v2\/comments?post=343996"}],"version-history":[{"count":1,"href":"https:\/\/www.fiarebancaetica.coop\/eu\/wp-json\/wp\/v2\/posts\/343996\/revisions"}],"predecessor-version":[{"id":354832,"href":"https:\/\/www.fiarebancaetica.coop\/eu\/wp-json\/wp\/v2\/posts\/343996\/revisions\/354832"}],"wp:featuredmedia":[{"embeddable":true,"href":"https:\/\/www.fiarebancaetica.coop\/eu\/wp-json\/wp\/v2\/media\/329563"}],"wp:attachment":[{"href":"https:\/\/www.fiarebancaetica.coop\/eu\/wp-json\/wp\/v2\/media?parent=343996"}],"wp:term":[{"taxonomy":"category","embeddable":true,"href":"https:\/\/www.fiarebancaetica.coop\/eu\/wp-json\/wp\/v2\/categories?post=343996"},{"taxonomy":"post_tag","embeddable":true,"href":"https:\/\/www.fiarebancaetica.coop\/eu\/wp-json\/wp\/v2\/tags?post=343996"},{"taxonomy":"author","embeddable":true,"href":"https:\/\/www.fiarebancaetica.coop\/eu\/wp-json\/wp\/v2\/coauthors?post=343996"}],"curies":[{"name":"wp","href":"https:\/\/api.w.org\/{rel}","templated":true}]}}