{"id":343997,"date":"2021-02-08T00:00:00","date_gmt":"2021-02-07T23:00:00","guid":{"rendered":"https:\/\/www.fiarebancaetica.coop\/lo-que-me-gusto-de-fiare-fue-la-cercania-al-territorio-el-espiritu-cooperativo-y-las-posibilidades-de-participacion\/"},"modified":"2024-02-21T15:13:25","modified_gmt":"2024-02-21T14:13:25","slug":"lo-que-me-gusto-de-fiare-fue-la-cercania-al-territorio-el-espiritu-cooperativo-y-las-posibilidades-de-participacion","status":"publish","type":"post","link":"https:\/\/www.fiarebancaetica.coop\/eu\/lo-que-me-gusto-de-fiare-fue-la-cercania-al-territorio-el-espiritu-cooperativo-y-las-posibilidades-de-participacion\/","title":{"rendered":"Lo que me gust\u00f3 de Fiare fue la cercan\u00eda al territorio, el esp\u00edritu cooperativo y las posibilidades de participaci\u00f3n"},"content":{"rendered":"\n\n<div class=\"wp-block-bancaetica-blocks-blocks-block-49\">\n    <div class=\"container-block-49\">\n\n        <div class=\"header-section \">\n                            <h1 class=\"section-title\"> Etica e cooperativa <\/h1>\n                                            <\/div>\n\n        \n        <div class=\"block-background\" style=\"background-image: url('https:\/\/www.fiarebancaetica.coop\/app\/uploads\/sites\/2\/2023\/12\/que-me-gusto-de-fiare-fue-cercania-territorio-el-espiritu-cooperativo-y-las-posibilidades-de.jpg')\">\n                            <div class=\"tile\">\n                    <h1 class=\"image-title\"> Lo que me gust\u00f3 de Fiare fue la cercan\u00eda al territorio, el esp\u00edritu cooperativo y las posibilidades de participaci\u00f3n <\/h1>\n                <\/div>             <!-- end .tile -->\n            <div class=\"bottom-content\">\n                            <\/div> <!-- end .button-content -->\n        <\/div> <!-- end .block-background -->\n    <\/div> <!-- end .container -->\n<\/div> <!-- end wp-block-bancaetica-blocks-blocks-block-06 -->\n\n\n<div class=\"wrapper-crispybacon-class wrapper-crispybacon-class-boxed \">\n    <p><a href=\"#ca\">Catal\u00e0<\/a><\/p>\n<p><em>Entrevistamos a David D\u00edaz de Quijano i Barbero, licenciado en Administraci\u00f3n y Direcci\u00f3n de Empresas y M\u00e1ster en Comunicaci\u00f3n empresarial, ha colaborado con varias ONG y cooperativas, y actualmente combina su trabajo en la oficina de <strong><a href=\"https:\/\/www.oikocredit.es\/es\/\">Oikocredit<\/a>&nbsp;<\/strong>en Barcelona con la docencia en temas de emprendedur\u00eda social y gesti\u00f3n de entidades no lucrativas.<\/em><\/p>\n<h2>\n\t\u00bfQu\u00e9 te impuls\u00f3 a cambiar de banco y elegir Fiare Banca Etica?<\/h2>\n<p>Hace ya como 20 a\u00f1os que empec\u00e9 a colaborar con una ONG y gracias a ella <strong>me enter\u00e9 que mi banco invert\u00eda en empresas de armamento<\/strong>. <strong>De ah\u00ed comenc\u00e9 a interesarme por las Finanzas \u00c9ticas<\/strong>, y cuando Fiare Banca Etica empez\u00f3 a operar en nuestro pa\u00eds me asoci\u00e9 y en cuanto pude abr\u00ed una cuenta, y luego lleg\u00f3 la tarjeta. Lo que me gust\u00f3 de Fiare fue la cercan\u00eda al territorio, el esp\u00edritu cooperativo y las posibilidades de participaci\u00f3n que ofrece, que est\u00e1n a a\u00f1os luz de la banca convencional (por m\u00e1s publicidad y Greenwashing que nos intente colar la gran banca privada).<\/p>\n<h2>\n\tHay muchas personas que no entienden que la cuenta corriente tenga un coste, \u00bfqu\u00e9 piensas al respecto?<\/h2>\n<p>Debo reconocer que siempre me ha hecho mucha rabia pagar comisiones, pero entiendo que con los baj\u00edsimos tipos de inter\u00e9s que hay ahora en la econom\u00eda, los bancos deben buscar formas alternativas de cubrir sus costes. Y cuando <strong>cambi\u00e9 el \u00abchip\u00bb y pas\u00e9 a considerar que estaba pagando por un servicio<\/strong>, que adem\u00e1s me lo ofrec\u00eda una cooperativa social, y a un coste justo, dej\u00f3 de saberme mal. Y es que cuando un producto es &#8220;gratuito&#8221; deber\u00edamos plantearnos siempre qui\u00e9n lo paga. En ese caso puede ser que las personas usuarias pasemos a ser &#8220;el producto&#8221;, o que el coste lo terminen pagando el medio ambiente o la sociedad en general.<\/p>\n<h2>\n\t\u00bfQu\u00e9 opinas del sistema bancario en general?<\/h2>\n<p><strong>Me indignan terriblemente las atrocidades e impactos negativos que genera<\/strong>, el lobby que ejerce, y la especulaci\u00f3n y la maximizaci\u00f3n de beneficios como casi \u00fanicos objetivos. Me ilusiona ver la irrupci\u00f3n de nuevas tecnolog\u00edas Fintech que empiezan a desestabilizar el orden tradicional del sector (aunque habr\u00e1 que ver si es para bien o para mal). Me ilusiona ver cambios hacia una mayor sensibilidad por temas socio-ambientales, pero a la vez me generan cierta desconfianza, y me asusta que la banca convencional termine apropi\u00e1ndose de conceptos como \u00abfinanzas sostenibles\u00bb para lavar su imagen sin un cambio profundo de paradigma (recordemos que tienen much\u00edsimos recursos para comunicaci\u00f3n y marketing!).<\/p>\n<h2>\n\t\u00bfQu\u00e9 importancia tiene para ti que tu banco tenga los mismos valores que t\u00fa?<\/h2>\n<p>Much\u00edsima! Siempre digo que <strong>nuestro dinero est\u00e1 invertido y \u00abfuncionando\u00bb 24h al d\u00eda, 7 d\u00edas a la semana<\/strong>, as\u00ed que si no es con criterios \u00e9ticos, puede hacer mucho da\u00f1o a nuestro planeta!<\/p>\n<h2>\n\t\u00bfEs importante para ti saber qu\u00e9 financia tu dinero? \u00bfQu\u00e9 sector te gustar\u00eda que financiaran?<\/h2>\n<p>\u00a1Muy importante saberlo! <strong>\u00a1Sin transparencia no puede haber banca \u00e9tica!<\/strong> Creo que ahora mismo, entre las m\u00faltiples iniciativas de Finanzas \u00c9ticas que existen se cubren bastante bien todos los sectores econ\u00f3micos que pueden tener un impacto positivo en nuestro mundo. Aunque quiz\u00e1s echo un poco en falta cr\u00e9ditos al consumo (responsable) para personas socias, ya que nuestras decisiones de compra tienen un gran poder de cambiar las cosas!<\/p>\n<p><a id=\"ca\" name=\"ca\"><\/a>______________________________________________________________________<\/p>\n<h1>\n\tEl que em va agradar de Fiare va ser la proximitat al territori, l&#8217;esperit cooperatiu i les possibilitats de participaci\u00f3<\/h1>\n<p><em><strong>Entrevistem a David D\u00edaz de Quijano i Barber, llicenciat en Administraci\u00f3 i Direcci\u00f3 d&#8217;Empreses i M\u00e0ster en Comunicaci\u00f3 empresarial, ha col\u00b7laborat amb diverses ONG i cooperatives, i actualment combina el seu treball en l&#8217;oficina d&#8217;Oikocredit a Barcelona amb la doc\u00e8ncia en temes d&#8217;emprenedoria social i gesti\u00f3 d&#8217;entitats no lucratives.<\/strong><\/em><\/p>\n<h2>\n\tQu\u00e8 et va impulsar a canviar de banc i triar Fiare Banca Etica?<\/h2>\n<p>Ara fa 20 anys que vaig comen\u00e7ar a col\u00b7laborar amb una ONG i gr\u00e0cies amb ella em vaig assabentar que el meu banc invertia en empreses d&#8217;armament. D&#8217;aqu\u00ed vaig comen\u00e7ar a interessar-me per les Finances \u00c8tiques, i quan Fiare Banca Etica va comen\u00e7ar a operar al nostre pa\u00eds em vaig associar i quan vaig poder vaig obrir un compte, i despr\u00e9s va arribar la targeta. El que em va agradar de Fiare va ser la proximitat al territori, l&#8217;esperit cooperatiu i les possibilitats de participaci\u00f3 que ofereix, que estan a anys llum de la banca convencional (per m\u00e9s publicitat i &#8220;greenwashing&#8221; que ens intenti colar la gran banca privada).<\/p>\n<h2>\n\tHi ha moltes persones que no entenen que el compte corrent tingui un cost, qu\u00e8 penses sobre aquest tema?<\/h2>\n<p>He de recon\u00e8ixer que sempre m&#8217;ha fet molta r\u00e0bia pagar comissions, per\u00f2 entenc que amb els baix\u00edssims tipus d&#8217;inter\u00e8s que hi ha ara en l&#8217;economia, els bancs han de buscar formes alternatives per cobrir els seus costos. I quan vaig canviar el \u00abxip\u00bb i vaig passar a considerar que estava pagant per un servei, que a m\u00e9s me l&#8217;oferia una cooperativa social, i a un cost just, va deixar de saber-me greu. I \u00e9s que quan un producte \u00e9s &#8220;gratu\u00eft&#8221; haur\u00edem de plantejar-nos sempre qui el paga. En aquest cas pot ser que les persones usu\u00e0ries passem a ser &#8220;el producte&#8221;, o que el cost l&#8217;acabin pagant el medi ambient o la societat en general.<\/p>\n<h2>\n\tQu\u00e8 opines del sistema bancari en general?<\/h2>\n<p>M&#8217;indignen terriblement les atrocitats i impactes negatius que genera, el lobby que exerceix, i l&#8217;especulaci\u00f3 i la maximitzaci\u00f3 de beneficis com gaireb\u00e9 \u00fanics objectius. M&#8217;il\u00b7lusiona veure la irrupci\u00f3 de noves tecnologies Fintech que comencen a desestabilitzar l&#8217;ordre tradicional del sector (encara que caldr\u00e0 veure si \u00e9s per a b\u00e9 o per a mal). M&#8217;il\u00b7lusiona veure canvis cap a una major sensibilitat per temes sociambientals, per\u00f2 alhora em generen una certa desconfian\u00e7a, i m&#8217;espanta que la banca convencional acabi apropiant-se de conceptes com a \u00abfinances sostenibles\u00bb per a rentar la seva imatge sense un canvi profund de paradigma (recordem que tenen molt\u00edssims recursos per a comunicaci\u00f3 i m\u00e0rqueting!).<\/p>\n<h2>\n\tQuina import\u00e0ncia t\u00e9 per a tu que el teu banc tingui els mateixos valors que tu?<\/h2>\n<p>Molt\u00edssima! Sempre dic que els nostres diners estan invertits i \u00abfuncionant\u00bb 24h al dia, 7 dies a la setmana, aix\u00ed que si no \u00e9s amb criteris \u00e8tics, pot fer molt de mal al nostre planeta!<\/p>\n<h2>\n\t\u00c9s important per a tu saber qu\u00e8 finan\u00e7a els teus diners? Quin sector t&#8217;agradaria que financessin?<\/h2>\n<p>Molt important saber-ho! Sense transpar\u00e8ncia no pot haver-hi banca \u00e8tica! Crec que ara mateix, entre les m\u00faltiples iniciatives de Finances \u00c8tiques que existeixen es cobreixen bastant b\u00e9 tots els sectors econ\u00f2mics que poden tenir un impacte positiu en el nostre m\u00f3n. Encara que potser trobo una mica en falta cr\u00e8dits al consum (responsable) per a persones s\u00f2cies, ja que les nostres decisions de compra tenen un gran poder de canviar les coses!<\/p>\n<\/div>","protected":false},"excerpt":{"rendered":"<p>Entrevistamos a David D\u00edaz de Quijano i Barbero, licenciado en Administraci\u00f3n y Direcci\u00f3n de Empresas y M\u00e1ster en Comunicaci\u00f3n empresarial, ha colaborado con varias ONG y cooperativas, y actualmente combina su trabajo en la oficina de Oikocredit en Barcelona con la docencia en temas de emprendedur\u00eda social y gesti\u00f3n de entidades no lucrativas.<\/p>\n","protected":false},"author":2,"featured_media":329557,"comment_status":"open","ping_status":"closed","sticky":false,"template":"","format":"standard","meta":{"_acf_changed":false,"footnotes":""},"categories":[11644],"tags":[],"coauthors":[],"class_list":["post-343997","post","type-post","status-publish","format-standard","has-post-thumbnail","hentry","category-finantza-etikoak"],"acf":[],"yoast_head":"<!-- This site is optimized with the Yoast SEO plugin v26.9 - https:\/\/yoast.com\/product\/yoast-seo-wordpress\/ -->\n<title>Lo que me gust\u00f3 de Fiare fue la cercan\u00eda al territorio, el esp\u00edritu cooperativo y las posibilidades de participaci\u00f3n - Fiare Banca Etica<\/title>\n<meta name=\"robots\" content=\"index, follow, max-snippet:-1, max-image-preview:large, max-video-preview:-1\" \/>\n<link rel=\"canonical\" href=\"https:\/\/www.fiarebancaetica.coop\/eu\/lo-que-me-gusto-de-fiare-fue-la-cercania-al-territorio-el-espiritu-cooperativo-y-las-posibilidades-de-participacion\/\" \/>\n<meta property=\"og:locale\" content=\"eu_ES\" \/>\n<meta property=\"og:type\" content=\"article\" \/>\n<meta property=\"og:title\" content=\"Lo que me gust\u00f3 de Fiare fue la cercan\u00eda al territorio, el esp\u00edritu cooperativo y las posibilidades de participaci\u00f3n - Fiare Banca Etica\" \/>\n<meta property=\"og:description\" content=\"Entrevistamos a David D\u00edaz de Quijano i Barbero, licenciado en Administraci\u00f3n y Direcci\u00f3n de Empresas y M\u00e1ster en Comunicaci\u00f3n empresarial, ha colaborado con varias ONG y cooperativas, y actualmente combina su trabajo en la oficina de Oikocredit en Barcelona con la docencia en temas de emprendedur\u00eda social y gesti\u00f3n de entidades no lucrativas.\" \/>\n<meta property=\"og:url\" content=\"https:\/\/www.fiarebancaetica.coop\/eu\/lo-que-me-gusto-de-fiare-fue-la-cercania-al-territorio-el-espiritu-cooperativo-y-las-posibilidades-de-participacion\/\" \/>\n<meta property=\"og:site_name\" content=\"Fiare Banca Etica\" \/>\n<meta property=\"article:published_time\" content=\"2021-02-07T23:00:00+00:00\" \/>\n<meta property=\"article:modified_time\" content=\"2024-02-21T14:13:25+00:00\" \/>\n<meta property=\"og:image\" content=\"https:\/\/www.fiarebancaetica.coop\/app\/uploads\/sites\/2\/2023\/12\/que-me-gusto-de-fiare-fue-cercania-territorio-el-espiritu-cooperativo-y-las-posibilidades-de.jpg\" \/>\n\t<meta property=\"og:image:width\" content=\"540\" \/>\n\t<meta property=\"og:image:height\" content=\"238\" \/>\n\t<meta property=\"og:image:type\" content=\"image\/jpeg\" \/>\n<meta name=\"author\" content=\"crispyadmin0\" \/>\n<meta name=\"twitter:card\" content=\"summary_large_image\" \/>\n<script type=\"application\/ld+json\" class=\"yoast-schema-graph\">{\"@context\":\"https:\/\/schema.org\",\"@graph\":[{\"@type\":\"Article\",\"@id\":\"https:\/\/www.fiarebancaetica.coop\/eu\/lo-que-me-gusto-de-fiare-fue-la-cercania-al-territorio-el-espiritu-cooperativo-y-las-posibilidades-de-participacion\/#article\",\"isPartOf\":{\"@id\":\"https:\/\/www.fiarebancaetica.coop\/eu\/lo-que-me-gusto-de-fiare-fue-la-cercania-al-territorio-el-espiritu-cooperativo-y-las-posibilidades-de-participacion\/\"},\"author\":{\"name\":\"crispyadmin0\",\"@id\":\"https:\/\/www.fiarebancaetica.coop\/eu\/#\/schema\/person\/579841e89c804b5db05d9141bd9b8272\"},\"headline\":\"Lo que me gust\u00f3 de Fiare fue la cercan\u00eda al territorio, el esp\u00edritu cooperativo y las posibilidades de participaci\u00f3n\",\"datePublished\":\"2021-02-07T23:00:00+00:00\",\"dateModified\":\"2024-02-21T14:13:25+00:00\",\"mainEntityOfPage\":{\"@id\":\"https:\/\/www.fiarebancaetica.coop\/eu\/lo-que-me-gusto-de-fiare-fue-la-cercania-al-territorio-el-espiritu-cooperativo-y-las-posibilidades-de-participacion\/\"},\"wordCount\":1232,\"commentCount\":0,\"image\":{\"@id\":\"https:\/\/www.fiarebancaetica.coop\/eu\/lo-que-me-gusto-de-fiare-fue-la-cercania-al-territorio-el-espiritu-cooperativo-y-las-posibilidades-de-participacion\/#primaryimage\"},\"thumbnailUrl\":\"https:\/\/www.fiarebancaetica.coop\/app\/uploads\/sites\/2\/2023\/12\/que-me-gusto-de-fiare-fue-cercania-territorio-el-espiritu-cooperativo-y-las-posibilidades-de.jpg\",\"articleSection\":[\"Finantza etikoak\"],\"inLanguage\":\"eu\",\"potentialAction\":[{\"@type\":\"CommentAction\",\"name\":\"Comment\",\"target\":[\"https:\/\/www.fiarebancaetica.coop\/eu\/lo-que-me-gusto-de-fiare-fue-la-cercania-al-territorio-el-espiritu-cooperativo-y-las-posibilidades-de-participacion\/#respond\"]}]},{\"@type\":\"WebPage\",\"@id\":\"https:\/\/www.fiarebancaetica.coop\/eu\/lo-que-me-gusto-de-fiare-fue-la-cercania-al-territorio-el-espiritu-cooperativo-y-las-posibilidades-de-participacion\/\",\"url\":\"https:\/\/www.fiarebancaetica.coop\/eu\/lo-que-me-gusto-de-fiare-fue-la-cercania-al-territorio-el-espiritu-cooperativo-y-las-posibilidades-de-participacion\/\",\"name\":\"Lo que me gust\u00f3 de Fiare fue la cercan\u00eda al territorio, el esp\u00edritu cooperativo y las posibilidades de participaci\u00f3n - Fiare Banca Etica\",\"isPartOf\":{\"@id\":\"https:\/\/www.fiarebancaetica.coop\/eu\/#website\"},\"primaryImageOfPage\":{\"@id\":\"https:\/\/www.fiarebancaetica.coop\/eu\/lo-que-me-gusto-de-fiare-fue-la-cercania-al-territorio-el-espiritu-cooperativo-y-las-posibilidades-de-participacion\/#primaryimage\"},\"image\":{\"@id\":\"https:\/\/www.fiarebancaetica.coop\/eu\/lo-que-me-gusto-de-fiare-fue-la-cercania-al-territorio-el-espiritu-cooperativo-y-las-posibilidades-de-participacion\/#primaryimage\"},\"thumbnailUrl\":\"https:\/\/www.fiarebancaetica.coop\/app\/uploads\/sites\/2\/2023\/12\/que-me-gusto-de-fiare-fue-cercania-territorio-el-espiritu-cooperativo-y-las-posibilidades-de.jpg\",\"datePublished\":\"2021-02-07T23:00:00+00:00\",\"dateModified\":\"2024-02-21T14:13:25+00:00\",\"author\":{\"@id\":\"https:\/\/www.fiarebancaetica.coop\/eu\/#\/schema\/person\/579841e89c804b5db05d9141bd9b8272\"},\"breadcrumb\":{\"@id\":\"https:\/\/www.fiarebancaetica.coop\/eu\/lo-que-me-gusto-de-fiare-fue-la-cercania-al-territorio-el-espiritu-cooperativo-y-las-posibilidades-de-participacion\/#breadcrumb\"},\"inLanguage\":\"eu\",\"potentialAction\":[{\"@type\":\"ReadAction\",\"target\":[\"https:\/\/www.fiarebancaetica.coop\/eu\/lo-que-me-gusto-de-fiare-fue-la-cercania-al-territorio-el-espiritu-cooperativo-y-las-posibilidades-de-participacion\/\"]}]},{\"@type\":\"ImageObject\",\"inLanguage\":\"eu\",\"@id\":\"https:\/\/www.fiarebancaetica.coop\/eu\/lo-que-me-gusto-de-fiare-fue-la-cercania-al-territorio-el-espiritu-cooperativo-y-las-posibilidades-de-participacion\/#primaryimage\",\"url\":\"https:\/\/www.fiarebancaetica.coop\/app\/uploads\/sites\/2\/2023\/12\/que-me-gusto-de-fiare-fue-cercania-territorio-el-espiritu-cooperativo-y-las-posibilidades-de.jpg\",\"contentUrl\":\"https:\/\/www.fiarebancaetica.coop\/app\/uploads\/sites\/2\/2023\/12\/que-me-gusto-de-fiare-fue-cercania-territorio-el-espiritu-cooperativo-y-las-posibilidades-de.jpg\",\"width\":540,\"height\":238},{\"@type\":\"BreadcrumbList\",\"@id\":\"https:\/\/www.fiarebancaetica.coop\/eu\/lo-que-me-gusto-de-fiare-fue-la-cercania-al-territorio-el-espiritu-cooperativo-y-las-posibilidades-de-participacion\/#breadcrumb\",\"itemListElement\":[{\"@type\":\"ListItem\",\"position\":1,\"name\":\"Home\",\"item\":\"https:\/\/www.fiarebancaetica.coop\/eu\/\"},{\"@type\":\"ListItem\",\"position\":2,\"name\":\"Lo que me gust\u00f3 de Fiare fue la cercan\u00eda al territorio, el esp\u00edritu cooperativo y las posibilidades de participaci\u00f3n\"}]},{\"@type\":\"WebSite\",\"@id\":\"https:\/\/www.fiarebancaetica.coop\/eu\/#website\",\"url\":\"https:\/\/www.fiarebancaetica.coop\/eu\/\",\"name\":\"Fiare Banca Etica\",\"description\":\"\",\"potentialAction\":[{\"@type\":\"SearchAction\",\"target\":{\"@type\":\"EntryPoint\",\"urlTemplate\":\"https:\/\/www.fiarebancaetica.coop\/eu\/?s={search_term_string}\"},\"query-input\":{\"@type\":\"PropertyValueSpecification\",\"valueRequired\":true,\"valueName\":\"search_term_string\"}}],\"inLanguage\":\"eu\"},{\"@type\":\"Person\",\"@id\":\"https:\/\/www.fiarebancaetica.coop\/eu\/#\/schema\/person\/579841e89c804b5db05d9141bd9b8272\",\"name\":\"crispyadmin0\",\"image\":{\"@type\":\"ImageObject\",\"inLanguage\":\"eu\",\"@id\":\"https:\/\/www.fiarebancaetica.coop\/eu\/#\/schema\/person\/image\/5f3a6b7786f32f4c35bd2b1a5a4698ea\",\"url\":\"https:\/\/secure.gravatar.com\/avatar\/4d2cfb499d497b6d49da659fab7404b243a87fe8e40d2cf97a1cae48f677f5b2?s=96&d=mm&r=g\",\"contentUrl\":\"https:\/\/secure.gravatar.com\/avatar\/4d2cfb499d497b6d49da659fab7404b243a87fe8e40d2cf97a1cae48f677f5b2?s=96&d=mm&r=g\",\"caption\":\"crispyadmin0\"},\"sameAs\":[\"crispyadmin0\"]}]}<\/script>\n<!-- \/ Yoast SEO plugin. -->","yoast_head_json":{"title":"Lo que me gust\u00f3 de Fiare fue la cercan\u00eda al territorio, el esp\u00edritu cooperativo y las posibilidades de participaci\u00f3n - Fiare Banca Etica","robots":{"index":"index","follow":"follow","max-snippet":"max-snippet:-1","max-image-preview":"max-image-preview:large","max-video-preview":"max-video-preview:-1"},"canonical":"https:\/\/www.fiarebancaetica.coop\/eu\/lo-que-me-gusto-de-fiare-fue-la-cercania-al-territorio-el-espiritu-cooperativo-y-las-posibilidades-de-participacion\/","og_locale":"eu_ES","og_type":"article","og_title":"Lo que me gust\u00f3 de Fiare fue la cercan\u00eda al territorio, el esp\u00edritu cooperativo y las posibilidades de participaci\u00f3n - Fiare Banca Etica","og_description":"Entrevistamos a David D\u00edaz de Quijano i Barbero, licenciado en Administraci\u00f3n y Direcci\u00f3n de Empresas y M\u00e1ster en Comunicaci\u00f3n empresarial, ha colaborado con varias ONG y cooperativas, y actualmente combina su trabajo en la oficina de Oikocredit en Barcelona con la docencia en temas de emprendedur\u00eda social y gesti\u00f3n de entidades no lucrativas.","og_url":"https:\/\/www.fiarebancaetica.coop\/eu\/lo-que-me-gusto-de-fiare-fue-la-cercania-al-territorio-el-espiritu-cooperativo-y-las-posibilidades-de-participacion\/","og_site_name":"Fiare Banca Etica","article_published_time":"2021-02-07T23:00:00+00:00","article_modified_time":"2024-02-21T14:13:25+00:00","og_image":[{"width":540,"height":238,"url":"https:\/\/www.fiarebancaetica.coop\/app\/uploads\/sites\/2\/2023\/12\/que-me-gusto-de-fiare-fue-cercania-territorio-el-espiritu-cooperativo-y-las-posibilidades-de.jpg","type":"image\/jpeg"}],"author":"crispyadmin0","twitter_card":"summary_large_image","schema":{"@context":"https:\/\/schema.org","@graph":[{"@type":"Article","@id":"https:\/\/www.fiarebancaetica.coop\/eu\/lo-que-me-gusto-de-fiare-fue-la-cercania-al-territorio-el-espiritu-cooperativo-y-las-posibilidades-de-participacion\/#article","isPartOf":{"@id":"https:\/\/www.fiarebancaetica.coop\/eu\/lo-que-me-gusto-de-fiare-fue-la-cercania-al-territorio-el-espiritu-cooperativo-y-las-posibilidades-de-participacion\/"},"author":{"name":"crispyadmin0","@id":"https:\/\/www.fiarebancaetica.coop\/eu\/#\/schema\/person\/579841e89c804b5db05d9141bd9b8272"},"headline":"Lo que me gust\u00f3 de Fiare fue la cercan\u00eda al territorio, el esp\u00edritu cooperativo y las posibilidades de participaci\u00f3n","datePublished":"2021-02-07T23:00:00+00:00","dateModified":"2024-02-21T14:13:25+00:00","mainEntityOfPage":{"@id":"https:\/\/www.fiarebancaetica.coop\/eu\/lo-que-me-gusto-de-fiare-fue-la-cercania-al-territorio-el-espiritu-cooperativo-y-las-posibilidades-de-participacion\/"},"wordCount":1232,"commentCount":0,"image":{"@id":"https:\/\/www.fiarebancaetica.coop\/eu\/lo-que-me-gusto-de-fiare-fue-la-cercania-al-territorio-el-espiritu-cooperativo-y-las-posibilidades-de-participacion\/#primaryimage"},"thumbnailUrl":"https:\/\/www.fiarebancaetica.coop\/app\/uploads\/sites\/2\/2023\/12\/que-me-gusto-de-fiare-fue-cercania-territorio-el-espiritu-cooperativo-y-las-posibilidades-de.jpg","articleSection":["Finantza etikoak"],"inLanguage":"eu","potentialAction":[{"@type":"CommentAction","name":"Comment","target":["https:\/\/www.fiarebancaetica.coop\/eu\/lo-que-me-gusto-de-fiare-fue-la-cercania-al-territorio-el-espiritu-cooperativo-y-las-posibilidades-de-participacion\/#respond"]}]},{"@type":"WebPage","@id":"https:\/\/www.fiarebancaetica.coop\/eu\/lo-que-me-gusto-de-fiare-fue-la-cercania-al-territorio-el-espiritu-cooperativo-y-las-posibilidades-de-participacion\/","url":"https:\/\/www.fiarebancaetica.coop\/eu\/lo-que-me-gusto-de-fiare-fue-la-cercania-al-territorio-el-espiritu-cooperativo-y-las-posibilidades-de-participacion\/","name":"Lo que me gust\u00f3 de Fiare fue la cercan\u00eda al territorio, el esp\u00edritu cooperativo y las posibilidades de participaci\u00f3n - Fiare Banca Etica","isPartOf":{"@id":"https:\/\/www.fiarebancaetica.coop\/eu\/#website"},"primaryImageOfPage":{"@id":"https:\/\/www.fiarebancaetica.coop\/eu\/lo-que-me-gusto-de-fiare-fue-la-cercania-al-territorio-el-espiritu-cooperativo-y-las-posibilidades-de-participacion\/#primaryimage"},"image":{"@id":"https:\/\/www.fiarebancaetica.coop\/eu\/lo-que-me-gusto-de-fiare-fue-la-cercania-al-territorio-el-espiritu-cooperativo-y-las-posibilidades-de-participacion\/#primaryimage"},"thumbnailUrl":"https:\/\/www.fiarebancaetica.coop\/app\/uploads\/sites\/2\/2023\/12\/que-me-gusto-de-fiare-fue-cercania-territorio-el-espiritu-cooperativo-y-las-posibilidades-de.jpg","datePublished":"2021-02-07T23:00:00+00:00","dateModified":"2024-02-21T14:13:25+00:00","author":{"@id":"https:\/\/www.fiarebancaetica.coop\/eu\/#\/schema\/person\/579841e89c804b5db05d9141bd9b8272"},"breadcrumb":{"@id":"https:\/\/www.fiarebancaetica.coop\/eu\/lo-que-me-gusto-de-fiare-fue-la-cercania-al-territorio-el-espiritu-cooperativo-y-las-posibilidades-de-participacion\/#breadcrumb"},"inLanguage":"eu","potentialAction":[{"@type":"ReadAction","target":["https:\/\/www.fiarebancaetica.coop\/eu\/lo-que-me-gusto-de-fiare-fue-la-cercania-al-territorio-el-espiritu-cooperativo-y-las-posibilidades-de-participacion\/"]}]},{"@type":"ImageObject","inLanguage":"eu","@id":"https:\/\/www.fiarebancaetica.coop\/eu\/lo-que-me-gusto-de-fiare-fue-la-cercania-al-territorio-el-espiritu-cooperativo-y-las-posibilidades-de-participacion\/#primaryimage","url":"https:\/\/www.fiarebancaetica.coop\/app\/uploads\/sites\/2\/2023\/12\/que-me-gusto-de-fiare-fue-cercania-territorio-el-espiritu-cooperativo-y-las-posibilidades-de.jpg","contentUrl":"https:\/\/www.fiarebancaetica.coop\/app\/uploads\/sites\/2\/2023\/12\/que-me-gusto-de-fiare-fue-cercania-territorio-el-espiritu-cooperativo-y-las-posibilidades-de.jpg","width":540,"height":238},{"@type":"BreadcrumbList","@id":"https:\/\/www.fiarebancaetica.coop\/eu\/lo-que-me-gusto-de-fiare-fue-la-cercania-al-territorio-el-espiritu-cooperativo-y-las-posibilidades-de-participacion\/#breadcrumb","itemListElement":[{"@type":"ListItem","position":1,"name":"Home","item":"https:\/\/www.fiarebancaetica.coop\/eu\/"},{"@type":"ListItem","position":2,"name":"Lo que me gust\u00f3 de Fiare fue la cercan\u00eda al territorio, el esp\u00edritu cooperativo y las posibilidades de participaci\u00f3n"}]},{"@type":"WebSite","@id":"https:\/\/www.fiarebancaetica.coop\/eu\/#website","url":"https:\/\/www.fiarebancaetica.coop\/eu\/","name":"Fiare Banca Etica","description":"","potentialAction":[{"@type":"SearchAction","target":{"@type":"EntryPoint","urlTemplate":"https:\/\/www.fiarebancaetica.coop\/eu\/?s={search_term_string}"},"query-input":{"@type":"PropertyValueSpecification","valueRequired":true,"valueName":"search_term_string"}}],"inLanguage":"eu"},{"@type":"Person","@id":"https:\/\/www.fiarebancaetica.coop\/eu\/#\/schema\/person\/579841e89c804b5db05d9141bd9b8272","name":"crispyadmin0","image":{"@type":"ImageObject","inLanguage":"eu","@id":"https:\/\/www.fiarebancaetica.coop\/eu\/#\/schema\/person\/image\/5f3a6b7786f32f4c35bd2b1a5a4698ea","url":"https:\/\/secure.gravatar.com\/avatar\/4d2cfb499d497b6d49da659fab7404b243a87fe8e40d2cf97a1cae48f677f5b2?s=96&d=mm&r=g","contentUrl":"https:\/\/secure.gravatar.com\/avatar\/4d2cfb499d497b6d49da659fab7404b243a87fe8e40d2cf97a1cae48f677f5b2?s=96&d=mm&r=g","caption":"crispyadmin0"},"sameAs":["crispyadmin0"]}]}},"_links":{"self":[{"href":"https:\/\/www.fiarebancaetica.coop\/eu\/wp-json\/wp\/v2\/posts\/343997","targetHints":{"allow":["GET"]}}],"collection":[{"href":"https:\/\/www.fiarebancaetica.coop\/eu\/wp-json\/wp\/v2\/posts"}],"about":[{"href":"https:\/\/www.fiarebancaetica.coop\/eu\/wp-json\/wp\/v2\/types\/post"}],"author":[{"embeddable":true,"href":"https:\/\/www.fiarebancaetica.coop\/eu\/wp-json\/wp\/v2\/users\/2"}],"replies":[{"embeddable":true,"href":"https:\/\/www.fiarebancaetica.coop\/eu\/wp-json\/wp\/v2\/comments?post=343997"}],"version-history":[{"count":1,"href":"https:\/\/www.fiarebancaetica.coop\/eu\/wp-json\/wp\/v2\/posts\/343997\/revisions"}],"predecessor-version":[{"id":354826,"href":"https:\/\/www.fiarebancaetica.coop\/eu\/wp-json\/wp\/v2\/posts\/343997\/revisions\/354826"}],"wp:featuredmedia":[{"embeddable":true,"href":"https:\/\/www.fiarebancaetica.coop\/eu\/wp-json\/wp\/v2\/media\/329557"}],"wp:attachment":[{"href":"https:\/\/www.fiarebancaetica.coop\/eu\/wp-json\/wp\/v2\/media?parent=343997"}],"wp:term":[{"taxonomy":"category","embeddable":true,"href":"https:\/\/www.fiarebancaetica.coop\/eu\/wp-json\/wp\/v2\/categories?post=343997"},{"taxonomy":"post_tag","embeddable":true,"href":"https:\/\/www.fiarebancaetica.coop\/eu\/wp-json\/wp\/v2\/tags?post=343997"},{"taxonomy":"author","embeddable":true,"href":"https:\/\/www.fiarebancaetica.coop\/eu\/wp-json\/wp\/v2\/coauthors?post=343997"}],"curies":[{"name":"wp","href":"https:\/\/api.w.org\/{rel}","templated":true}]}}