{"id":344017,"date":"2021-01-25T00:00:00","date_gmt":"2021-01-24T23:00:00","guid":{"rendered":"https:\/\/www.fiarebancaetica.coop\/un-ano-anormal\/"},"modified":"2024-02-21T15:13:40","modified_gmt":"2024-02-21T14:13:40","slug":"un-ano-anormal","status":"publish","type":"post","link":"https:\/\/www.fiarebancaetica.coop\/eu\/un-ano-anormal\/","title":{"rendered":"Un a\u00f1o anormal"},"content":{"rendered":"\n\n<div class=\"wp-block-bancaetica-blocks-blocks-block-49\">\n    <div class=\"container-block-49\">\n\n        <div class=\"header-section \">\n                            <h1 class=\"section-title\"> Etica e cooperativa <\/h1>\n                                            <\/div>\n\n        \n        <div class=\"block-background\" style=\"background-image: url('https:\/\/www.fiarebancaetica.coop\/app\/uploads\/sites\/2\/2023\/12\/un-ano-anormal.jpg')\">\n                            <div class=\"tile\">\n                    <h1 class=\"image-title\"> Un a\u00f1o anormal <\/h1>\n                <\/div>             <!-- end .tile -->\n            <div class=\"bottom-content\">\n                            <\/div> <!-- end .button-content -->\n        <\/div> <!-- end .block-background -->\n    <\/div> <!-- end .container -->\n<\/div> <!-- end wp-block-bancaetica-blocks-blocks-block-06 -->\n\n\n<div class=\"wrapper-crispybacon-class wrapper-crispybacon-class-boxed \">\n    <p><em><strong>Un art\u00edculo de Relaciones Asociativas.<\/strong><\/em><\/p>\n<p><strong>No es necesario repetir que este no ha sido un a\u00f1o normal.<\/strong> Pero a\u00fan y as\u00ed, ello no ha impedido incrementar las actividades socioculturales en Fiare Banca Etica.<\/p>\n<p>Empezamos el 2020 con un hecho in\u00e9dito hasta el momento. <strong><a href=\"https:\/\/www.fiarebancaetica.coop\/blog\/jovenes-por-las-finanzas-eticas\">7 j\u00f3venes de Fiare<\/a> <\/strong>viajaron a <strong><a href=\"https:\/\/www.fiarebancaetica.coop\/eu\/node\/30003\">Ecuador&nbsp;<\/a><\/strong> y a <strong><a href=\"https:\/\/www.fiarebancaetica.coop\/eu\/node\/30018\">Honduras<\/a>&nbsp;<\/strong>para conocer realidades financiadas por el banco a trav\u00e9s de Microfides. Esta era la primera vez que personas socias visitaban proyectos financiados en el extranjero en nombre de Fiare. La expedici\u00f3n fue el n\u00facleo para la generaci\u00f3n de J\u00f3venesxFiare, un grupo de ya 24 personas que se consolida cada d\u00eda m\u00e1s y que continuar\u00e1 sus actividades de formaci\u00f3n y promoci\u00f3n de Fiare Banca Etica entre los j\u00f3venes los pr\u00f3ximos 2 a\u00f1os.<\/p>\n<p><img decoding=\"async\" alt=\"\" src=\"http:\/\/www.fiarebancaetica.coop\/app\/uploads\/sites\/2\/2023\/12\/jovenesxfiare-en-ecuador-importancia-del-acceso-credito-1.jpg\" style=\"width: 540px; height: 189px;\" \/><\/p>\n<h2>\n\tFormaci\u00f3n, crowdfundings, reuniones&#8230; la actividad no par\u00f3<\/h2>\n<p>A principios de a\u00f1o fue el momento en que nos reunimos las distintas zonas con diversos consejeros del banco (Marina Galati, Andrea Barannes, Rafaele Izzo, adem\u00e1s de los &#8220;nuestros&#8221; Peru y Arola), para presentar los planes del a\u00f1o y en donde empezamos a mencionar la cuesti\u00f3n del Pacto Asociativo, que se har\u00e1 presente en los pr\u00f3ximos meses.<\/p>\n<p>Durante este primer trimestre, realizamos la segunda edici\u00f3n del <strong><a href=\"https:\/\/www.finanzaseticas.info\/login\/index.php?lang=es\">Curso online para personas socias de Fiare Banca Etica<\/a><\/strong>, que dicho sea de paso, mejor\u00f3 ostensiblemente sus valoraciones respecto al primero, y con 24 participantes que finalizaron el curso.<\/p>\n<p>La pandemia supuso un shock, pero no par\u00f3 la actividad de nuestro diagrama asociativo. Solo nos oblig\u00f3 a reinventarnos un poco. En ese contexto <strong>naci\u00f3 el <a href=\"http:\/\/www.fiarebancaetica.coop\/eu\/node\/30109\">Soci in casa<\/a><\/strong>, un ciclo de conferencias webinar para que las socias de Fiare tuvieran un espacio a distancia para compartir conocimientos <strong>Lejos pero cerca.<\/strong>&nbsp;Han participado 201 personas en 7 conferencias online, una cada mes, con una media de 27 participantes por encuentro. Hay campo que recorrer y mejorar, pero el Soci in casa lleg\u00f3 para quedarse. Ese fue sin duda un buen inicio.<\/p>\n<p><img decoding=\"async\" alt=\"\" src=\"http:\/\/www.fiarebancaetica.coop\/app\/uploads\/sites\/2\/2023\/12\/nueva-iniciativa-socias-en-casa-1.jpg\" style=\"width: 540px; height: 189px;\" \/><\/p>\n<p>Cerramos este primer semestre con un <strong><a href=\"https:\/\/ca.goteo.org\/project\/cocina-cotidiana-para-microfides\">crowdfunding para Microfides en el canal Fiare<\/a><\/strong>, que rebas\u00f3 claramente el m\u00ednimo, y que supuso un buen impulso para nuestras amigas.<\/p>\n<p>Tambi\u00e9n en este primer semestre, aunque el proceso ha durado todo el a\u00f1o, se ha realizado un intens\u00edsimo trabajo sobre la Evaluaci\u00f3n socioambiental de los cr\u00e9ditos, asimil\u00e1ndola de esta manera al modelo ya implantado hace un par de a\u00f1os en Italia, e instaurando un nuevo sistema de evaluaci\u00f3n que a trav\u00e9s de diversos indicadores nos permitir\u00e1 medir el impacto de nuestras financiaciones. Con ello podremos elaborar cada a\u00f1o un <a href=\"http:\/\/www.fiarebancaetica.coop\/informe-impacto-2020\/\"><strong>informe de impacto<\/strong><\/a> con el que ya no solo diremos de ahora en adelante que nuestra actividad impacta positivamente en la sociedad, sino que podremos justificar el c\u00f3mo y porqu\u00e9. Un avance m\u00e1s que notable.<\/p>\n<p>Los confinamientos del primer semestre, aunque no hicimos pocas cosas, nos llevaron a pensar la segunda parte del a\u00f1o iba a ser explosiva en acontecimientos. Nos quedamos cortos en las previsiones.<\/p>\n<p>Y ya finalizando el primer semestre, en la asamblea de Personas socias del banco las personas socias de Fiare Banca Etica alcanzaron m\u00e1s de un 20 % de participaci\u00f3n. Son ya varias las asambleas en las que la participaci\u00f3n de la base social de Fiare supera esta cifra, lo que demuestra la solidez de nuestros Portadores de Valor y del conjunto de nuestras persona socias.&#8221;<\/p>\n<h2>\n\tR\u00e9cord de actividades<\/h2>\n<p>Una de las cosas m\u00e1s importantes como Banco cooperativo, es aumentar nuestro capital social y base social. Por ello a partir de septiembre se han realizado un par de encuentros con los GITs para trabajar c\u00f3mo fortalecer el capital social desde los <a href=\"http:\/\/fiarebancaetica.coop\/git\/\"><strong>GITs,<\/strong><\/a> y hemos tenido otros momentos en los que compartir pr\u00e1cticas y resultados. Ha sido otro \u00e9xito gracias al trabajo incre\u00edble de los GITS, que en circunstancias dif\u00edciles han respondido una vez m\u00e1s, aumentado las aportaciones de capital social, y promoviendo nuevas adhesiones con el consecuente crecimiento de nuestra base social.<br \/>\n\t<br \/>\n\tTambi\u00e9n merece la pena recordar la intensa <a href=\"https:\/\/www.fiarebancaetica.coop\/blog\/el-lucrativo-negocio-de-inmigracion\"><strong>campa\u00f1a con la Fundaci\u00f3n PorCausa<\/strong>,<\/a> que permiti\u00f3 recoger<strong> m\u00e1s de 16.000 euros para seguir investigando sobre el negocio de la seguridad en la migraci\u00f3n.<\/strong><br \/>\n\t<br \/>\n\tLos \u00faltimos meses del a\u00f1o y en especial el de noviembre, fueron quiz\u00e1s meses r\u00e9cord en eventos de la historia de Fiare. Partiendo del proceso de construcci\u00f3n colectiva del <strong>pr\u00f3ximo Plan Estrat\u00e9gico (2021-24)<\/strong> que supuso <strong>11 encuentros con los GITS, adem\u00e1s de 2 coordinaciones de \u00e1rea <\/strong>\u2013 de inicio y cierre-, y 2 Mesas de Socias de Referencia, tuvimos tambi\u00e9n, por si a alguien le quedaba tiempo, la presentaci\u00f3n del <strong><a href=\"http:\/\/finanzaseticas.site\/\">Fondo la Colmena<\/a><\/strong>, con diversas presentaciones en los distintos territorios, adem\u00e1s de 2 webinars dedicadas al tema en el espacio Soci in Casa.<\/p>\n<p>Pero no solo, tambi\u00e9n se organizaron en el mismo noviembre presentaciones con la Fundaci\u00f3n y con Greenpeace para presentar el mapa de energ\u00edas renovables que supone este proyecto conjunto y sin olvidar la segunda <strong>formaci\u00f3n a las personas evaluadoras sociales<\/strong> de Fiare en noviembre &#8211; la primera formaci\u00f3n fue en mayo &#8211; y para rematar ese mes el <strong>Encuentro de Red,<\/strong> donde dimos el pistoletazo de salida al tema de la Governance Cooperativa.<\/p>\n<p>Y todo sin olvidar lo de siempre: casi <strong>200 reuniones y 114 actividades culturales de los GITS<\/strong> (dentro de las cu\u00e1les tenemos 12 asambleas de Gits), 158 evaluaciones socioambientales (que casi duplica las del a\u00f1o anterior), 4 F\u00f3rums de \u00c1rea, 5 Mesas de Socias de Referencia \u2013 nunca se hab\u00edan celebrado tantas Mesas de Socias de Referencia -, y&nbsp; 4 coordinaciones de \u00c1rea (otro r\u00e9cord)<\/p>\n<p><strong>Un a\u00f1o incre\u00edble en todos los sentidos.<\/strong> No solo porque parece imposible lo que ha ocurrido, sino porque tambi\u00e9n es incre\u00edble que en estas circunstancias tengamos un diagrama asociativo que sea capaz de incluso batir r\u00e9cords de actividades.<\/p>\n<\/div>","protected":false},"excerpt":{"rendered":"<p>No es necesario repetir que este no ha sido un a\u00f1o normal. Pero a\u00fan y as\u00ed, ello no ha impedido incrementar las actividades socioculturales en Fiare Banca Etica.<\/p>\n","protected":false},"author":2,"featured_media":329533,"comment_status":"open","ping_status":"closed","sticky":false,"template":"","format":"standard","meta":{"_acf_changed":false,"footnotes":""},"categories":[11644],"tags":[],"coauthors":[],"class_list":["post-344017","post","type-post","status-publish","format-standard","has-post-thumbnail","hentry","category-finantza-etikoak"],"acf":[],"yoast_head":"<!-- This site is optimized with the Yoast SEO plugin v26.9 - https:\/\/yoast.com\/product\/yoast-seo-wordpress\/ -->\n<title>Un a\u00f1o anormal - Fiare Banca Etica<\/title>\n<meta name=\"robots\" content=\"index, follow, max-snippet:-1, max-image-preview:large, max-video-preview:-1\" \/>\n<link rel=\"canonical\" href=\"https:\/\/www.fiarebancaetica.coop\/eu\/un-ano-anormal\/\" \/>\n<meta property=\"og:locale\" content=\"eu_ES\" \/>\n<meta property=\"og:type\" content=\"article\" \/>\n<meta property=\"og:title\" content=\"Un a\u00f1o anormal - Fiare Banca Etica\" \/>\n<meta property=\"og:description\" content=\"No es necesario repetir que este no ha sido un a\u00f1o normal. Pero a\u00fan y as\u00ed, ello no ha impedido incrementar las actividades socioculturales en Fiare Banca Etica.\" \/>\n<meta property=\"og:url\" content=\"https:\/\/www.fiarebancaetica.coop\/eu\/un-ano-anormal\/\" \/>\n<meta property=\"og:site_name\" content=\"Fiare Banca Etica\" \/>\n<meta property=\"article:published_time\" content=\"2021-01-24T23:00:00+00:00\" \/>\n<meta property=\"article:modified_time\" content=\"2024-02-21T14:13:40+00:00\" \/>\n<meta property=\"og:image\" content=\"https:\/\/www.fiarebancaetica.coop\/app\/uploads\/sites\/2\/2023\/12\/un-ano-anormal.jpg\" \/>\n\t<meta property=\"og:image:width\" content=\"540\" \/>\n\t<meta property=\"og:image:height\" content=\"250\" \/>\n\t<meta property=\"og:image:type\" content=\"image\/jpeg\" \/>\n<meta name=\"author\" content=\"crispyadmin0\" \/>\n<meta name=\"twitter:card\" content=\"summary_large_image\" \/>\n<script type=\"application\/ld+json\" class=\"yoast-schema-graph\">{\"@context\":\"https:\/\/schema.org\",\"@graph\":[{\"@type\":\"Article\",\"@id\":\"https:\/\/www.fiarebancaetica.coop\/eu\/un-ano-anormal\/#article\",\"isPartOf\":{\"@id\":\"https:\/\/www.fiarebancaetica.coop\/eu\/un-ano-anormal\/\"},\"author\":{\"name\":\"crispyadmin0\",\"@id\":\"https:\/\/www.fiarebancaetica.coop\/eu\/#\/schema\/person\/579841e89c804b5db05d9141bd9b8272\"},\"headline\":\"Un a\u00f1o anormal\",\"datePublished\":\"2021-01-24T23:00:00+00:00\",\"dateModified\":\"2024-02-21T14:13:40+00:00\",\"mainEntityOfPage\":{\"@id\":\"https:\/\/www.fiarebancaetica.coop\/eu\/un-ano-anormal\/\"},\"wordCount\":1002,\"commentCount\":0,\"image\":{\"@id\":\"https:\/\/www.fiarebancaetica.coop\/eu\/un-ano-anormal\/#primaryimage\"},\"thumbnailUrl\":\"https:\/\/www.fiarebancaetica.coop\/app\/uploads\/sites\/2\/2023\/12\/un-ano-anormal.jpg\",\"articleSection\":[\"Finantza etikoak\"],\"inLanguage\":\"eu\",\"potentialAction\":[{\"@type\":\"CommentAction\",\"name\":\"Comment\",\"target\":[\"https:\/\/www.fiarebancaetica.coop\/eu\/un-ano-anormal\/#respond\"]}]},{\"@type\":\"WebPage\",\"@id\":\"https:\/\/www.fiarebancaetica.coop\/eu\/un-ano-anormal\/\",\"url\":\"https:\/\/www.fiarebancaetica.coop\/eu\/un-ano-anormal\/\",\"name\":\"Un a\u00f1o anormal - Fiare Banca Etica\",\"isPartOf\":{\"@id\":\"https:\/\/www.fiarebancaetica.coop\/eu\/#website\"},\"primaryImageOfPage\":{\"@id\":\"https:\/\/www.fiarebancaetica.coop\/eu\/un-ano-anormal\/#primaryimage\"},\"image\":{\"@id\":\"https:\/\/www.fiarebancaetica.coop\/eu\/un-ano-anormal\/#primaryimage\"},\"thumbnailUrl\":\"https:\/\/www.fiarebancaetica.coop\/app\/uploads\/sites\/2\/2023\/12\/un-ano-anormal.jpg\",\"datePublished\":\"2021-01-24T23:00:00+00:00\",\"dateModified\":\"2024-02-21T14:13:40+00:00\",\"author\":{\"@id\":\"https:\/\/www.fiarebancaetica.coop\/eu\/#\/schema\/person\/579841e89c804b5db05d9141bd9b8272\"},\"breadcrumb\":{\"@id\":\"https:\/\/www.fiarebancaetica.coop\/eu\/un-ano-anormal\/#breadcrumb\"},\"inLanguage\":\"eu\",\"potentialAction\":[{\"@type\":\"ReadAction\",\"target\":[\"https:\/\/www.fiarebancaetica.coop\/eu\/un-ano-anormal\/\"]}]},{\"@type\":\"ImageObject\",\"inLanguage\":\"eu\",\"@id\":\"https:\/\/www.fiarebancaetica.coop\/eu\/un-ano-anormal\/#primaryimage\",\"url\":\"https:\/\/www.fiarebancaetica.coop\/app\/uploads\/sites\/2\/2023\/12\/un-ano-anormal.jpg\",\"contentUrl\":\"https:\/\/www.fiarebancaetica.coop\/app\/uploads\/sites\/2\/2023\/12\/un-ano-anormal.jpg\",\"width\":540,\"height\":250},{\"@type\":\"BreadcrumbList\",\"@id\":\"https:\/\/www.fiarebancaetica.coop\/eu\/un-ano-anormal\/#breadcrumb\",\"itemListElement\":[{\"@type\":\"ListItem\",\"position\":1,\"name\":\"Home\",\"item\":\"https:\/\/www.fiarebancaetica.coop\/eu\/\"},{\"@type\":\"ListItem\",\"position\":2,\"name\":\"Un a\u00f1o anormal\"}]},{\"@type\":\"WebSite\",\"@id\":\"https:\/\/www.fiarebancaetica.coop\/eu\/#website\",\"url\":\"https:\/\/www.fiarebancaetica.coop\/eu\/\",\"name\":\"Fiare Banca Etica\",\"description\":\"\",\"potentialAction\":[{\"@type\":\"SearchAction\",\"target\":{\"@type\":\"EntryPoint\",\"urlTemplate\":\"https:\/\/www.fiarebancaetica.coop\/eu\/?s={search_term_string}\"},\"query-input\":{\"@type\":\"PropertyValueSpecification\",\"valueRequired\":true,\"valueName\":\"search_term_string\"}}],\"inLanguage\":\"eu\"},{\"@type\":\"Person\",\"@id\":\"https:\/\/www.fiarebancaetica.coop\/eu\/#\/schema\/person\/579841e89c804b5db05d9141bd9b8272\",\"name\":\"crispyadmin0\",\"image\":{\"@type\":\"ImageObject\",\"inLanguage\":\"eu\",\"@id\":\"https:\/\/www.fiarebancaetica.coop\/eu\/#\/schema\/person\/image\/5f3a6b7786f32f4c35bd2b1a5a4698ea\",\"url\":\"https:\/\/secure.gravatar.com\/avatar\/4d2cfb499d497b6d49da659fab7404b243a87fe8e40d2cf97a1cae48f677f5b2?s=96&d=mm&r=g\",\"contentUrl\":\"https:\/\/secure.gravatar.com\/avatar\/4d2cfb499d497b6d49da659fab7404b243a87fe8e40d2cf97a1cae48f677f5b2?s=96&d=mm&r=g\",\"caption\":\"crispyadmin0\"},\"sameAs\":[\"crispyadmin0\"]}]}<\/script>\n<!-- \/ Yoast SEO plugin. -->","yoast_head_json":{"title":"Un a\u00f1o anormal - Fiare Banca Etica","robots":{"index":"index","follow":"follow","max-snippet":"max-snippet:-1","max-image-preview":"max-image-preview:large","max-video-preview":"max-video-preview:-1"},"canonical":"https:\/\/www.fiarebancaetica.coop\/eu\/un-ano-anormal\/","og_locale":"eu_ES","og_type":"article","og_title":"Un a\u00f1o anormal - Fiare Banca Etica","og_description":"No es necesario repetir que este no ha sido un a\u00f1o normal. Pero a\u00fan y as\u00ed, ello no ha impedido incrementar las actividades socioculturales en Fiare Banca Etica.","og_url":"https:\/\/www.fiarebancaetica.coop\/eu\/un-ano-anormal\/","og_site_name":"Fiare Banca Etica","article_published_time":"2021-01-24T23:00:00+00:00","article_modified_time":"2024-02-21T14:13:40+00:00","og_image":[{"width":540,"height":250,"url":"https:\/\/www.fiarebancaetica.coop\/app\/uploads\/sites\/2\/2023\/12\/un-ano-anormal.jpg","type":"image\/jpeg"}],"author":"crispyadmin0","twitter_card":"summary_large_image","schema":{"@context":"https:\/\/schema.org","@graph":[{"@type":"Article","@id":"https:\/\/www.fiarebancaetica.coop\/eu\/un-ano-anormal\/#article","isPartOf":{"@id":"https:\/\/www.fiarebancaetica.coop\/eu\/un-ano-anormal\/"},"author":{"name":"crispyadmin0","@id":"https:\/\/www.fiarebancaetica.coop\/eu\/#\/schema\/person\/579841e89c804b5db05d9141bd9b8272"},"headline":"Un a\u00f1o anormal","datePublished":"2021-01-24T23:00:00+00:00","dateModified":"2024-02-21T14:13:40+00:00","mainEntityOfPage":{"@id":"https:\/\/www.fiarebancaetica.coop\/eu\/un-ano-anormal\/"},"wordCount":1002,"commentCount":0,"image":{"@id":"https:\/\/www.fiarebancaetica.coop\/eu\/un-ano-anormal\/#primaryimage"},"thumbnailUrl":"https:\/\/www.fiarebancaetica.coop\/app\/uploads\/sites\/2\/2023\/12\/un-ano-anormal.jpg","articleSection":["Finantza etikoak"],"inLanguage":"eu","potentialAction":[{"@type":"CommentAction","name":"Comment","target":["https:\/\/www.fiarebancaetica.coop\/eu\/un-ano-anormal\/#respond"]}]},{"@type":"WebPage","@id":"https:\/\/www.fiarebancaetica.coop\/eu\/un-ano-anormal\/","url":"https:\/\/www.fiarebancaetica.coop\/eu\/un-ano-anormal\/","name":"Un a\u00f1o anormal - Fiare Banca Etica","isPartOf":{"@id":"https:\/\/www.fiarebancaetica.coop\/eu\/#website"},"primaryImageOfPage":{"@id":"https:\/\/www.fiarebancaetica.coop\/eu\/un-ano-anormal\/#primaryimage"},"image":{"@id":"https:\/\/www.fiarebancaetica.coop\/eu\/un-ano-anormal\/#primaryimage"},"thumbnailUrl":"https:\/\/www.fiarebancaetica.coop\/app\/uploads\/sites\/2\/2023\/12\/un-ano-anormal.jpg","datePublished":"2021-01-24T23:00:00+00:00","dateModified":"2024-02-21T14:13:40+00:00","author":{"@id":"https:\/\/www.fiarebancaetica.coop\/eu\/#\/schema\/person\/579841e89c804b5db05d9141bd9b8272"},"breadcrumb":{"@id":"https:\/\/www.fiarebancaetica.coop\/eu\/un-ano-anormal\/#breadcrumb"},"inLanguage":"eu","potentialAction":[{"@type":"ReadAction","target":["https:\/\/www.fiarebancaetica.coop\/eu\/un-ano-anormal\/"]}]},{"@type":"ImageObject","inLanguage":"eu","@id":"https:\/\/www.fiarebancaetica.coop\/eu\/un-ano-anormal\/#primaryimage","url":"https:\/\/www.fiarebancaetica.coop\/app\/uploads\/sites\/2\/2023\/12\/un-ano-anormal.jpg","contentUrl":"https:\/\/www.fiarebancaetica.coop\/app\/uploads\/sites\/2\/2023\/12\/un-ano-anormal.jpg","width":540,"height":250},{"@type":"BreadcrumbList","@id":"https:\/\/www.fiarebancaetica.coop\/eu\/un-ano-anormal\/#breadcrumb","itemListElement":[{"@type":"ListItem","position":1,"name":"Home","item":"https:\/\/www.fiarebancaetica.coop\/eu\/"},{"@type":"ListItem","position":2,"name":"Un a\u00f1o anormal"}]},{"@type":"WebSite","@id":"https:\/\/www.fiarebancaetica.coop\/eu\/#website","url":"https:\/\/www.fiarebancaetica.coop\/eu\/","name":"Fiare Banca Etica","description":"","potentialAction":[{"@type":"SearchAction","target":{"@type":"EntryPoint","urlTemplate":"https:\/\/www.fiarebancaetica.coop\/eu\/?s={search_term_string}"},"query-input":{"@type":"PropertyValueSpecification","valueRequired":true,"valueName":"search_term_string"}}],"inLanguage":"eu"},{"@type":"Person","@id":"https:\/\/www.fiarebancaetica.coop\/eu\/#\/schema\/person\/579841e89c804b5db05d9141bd9b8272","name":"crispyadmin0","image":{"@type":"ImageObject","inLanguage":"eu","@id":"https:\/\/www.fiarebancaetica.coop\/eu\/#\/schema\/person\/image\/5f3a6b7786f32f4c35bd2b1a5a4698ea","url":"https:\/\/secure.gravatar.com\/avatar\/4d2cfb499d497b6d49da659fab7404b243a87fe8e40d2cf97a1cae48f677f5b2?s=96&d=mm&r=g","contentUrl":"https:\/\/secure.gravatar.com\/avatar\/4d2cfb499d497b6d49da659fab7404b243a87fe8e40d2cf97a1cae48f677f5b2?s=96&d=mm&r=g","caption":"crispyadmin0"},"sameAs":["crispyadmin0"]}]}},"_links":{"self":[{"href":"https:\/\/www.fiarebancaetica.coop\/eu\/wp-json\/wp\/v2\/posts\/344017","targetHints":{"allow":["GET"]}}],"collection":[{"href":"https:\/\/www.fiarebancaetica.coop\/eu\/wp-json\/wp\/v2\/posts"}],"about":[{"href":"https:\/\/www.fiarebancaetica.coop\/eu\/wp-json\/wp\/v2\/types\/post"}],"author":[{"embeddable":true,"href":"https:\/\/www.fiarebancaetica.coop\/eu\/wp-json\/wp\/v2\/users\/2"}],"replies":[{"embeddable":true,"href":"https:\/\/www.fiarebancaetica.coop\/eu\/wp-json\/wp\/v2\/comments?post=344017"}],"version-history":[{"count":1,"href":"https:\/\/www.fiarebancaetica.coop\/eu\/wp-json\/wp\/v2\/posts\/344017\/revisions"}],"predecessor-version":[{"id":354812,"href":"https:\/\/www.fiarebancaetica.coop\/eu\/wp-json\/wp\/v2\/posts\/344017\/revisions\/354812"}],"wp:featuredmedia":[{"embeddable":true,"href":"https:\/\/www.fiarebancaetica.coop\/eu\/wp-json\/wp\/v2\/media\/329533"}],"wp:attachment":[{"href":"https:\/\/www.fiarebancaetica.coop\/eu\/wp-json\/wp\/v2\/media?parent=344017"}],"wp:term":[{"taxonomy":"category","embeddable":true,"href":"https:\/\/www.fiarebancaetica.coop\/eu\/wp-json\/wp\/v2\/categories?post=344017"},{"taxonomy":"post_tag","embeddable":true,"href":"https:\/\/www.fiarebancaetica.coop\/eu\/wp-json\/wp\/v2\/tags?post=344017"},{"taxonomy":"author","embeddable":true,"href":"https:\/\/www.fiarebancaetica.coop\/eu\/wp-json\/wp\/v2\/coauthors?post=344017"}],"curies":[{"name":"wp","href":"https:\/\/api.w.org\/{rel}","templated":true}]}}