{"id":344112,"date":"2020-11-04T00:00:00","date_gmt":"2020-11-03T23:00:00","guid":{"rendered":"https:\/\/www.fiarebancaetica.coop\/por-fin-un-banco-con-otros-valores-poniendo-a-las-personas-en-el-centro\/"},"modified":"2024-02-21T15:16:09","modified_gmt":"2024-02-21T14:16:09","slug":"por-fin-un-banco-con-otros-valores-poniendo-a-las-personas-en-el-centro","status":"publish","type":"post","link":"https:\/\/www.fiarebancaetica.coop\/eu\/por-fin-un-banco-con-otros-valores-poniendo-a-las-personas-en-el-centro\/","title":{"rendered":"Por fin un banco con otros valores, poniendo a las personas en el centro"},"content":{"rendered":"\n\n<div class=\"wp-block-bancaetica-blocks-blocks-block-49\">\n    <div class=\"container-block-49\">\n\n        <div class=\"header-section \">\n                            <h1 class=\"section-title\"> Etica e cooperativa <\/h1>\n                                            <\/div>\n\n        \n        <div class=\"block-background\" style=\"background-image: url('https:\/\/www.fiarebancaetica.coop\/app\/uploads\/sites\/2\/2023\/12\/agroturismo-casa-maricruz.jpg')\">\n                            <div class=\"tile\">\n                    <h1 class=\"image-title\"> Por fin un banco con otros valores, poniendo a las personas en el centro <\/h1>\n                <\/div>             <!-- end .tile -->\n            <div class=\"bottom-content\">\n                            <\/div> <!-- end .button-content -->\n        <\/div> <!-- end .block-background -->\n    <\/div> <!-- end .container -->\n<\/div> <!-- end wp-block-bancaetica-blocks-blocks-block-06 -->\n\n\n<div class=\"wrapper-crispybacon-class wrapper-crispybacon-class-boxed \">\n    <p><strong><a href=\"https:\/\/www.casaruralennavarra.com\/casasrurales\/home.html\">Casa Mari Cruz<\/a>&nbsp;<\/strong>es un ejemplo de agroturismo, <strong>turismo rural ecol\u00f3gico<\/strong>, rodeado de belleza en el Pirineo Navarro.<strong> <\/strong>Es una <strong>entidad socia hist\u00f3rica de Fiare Banca Etica, <\/strong>desde siempre vinculada a&nbsp; la econom\u00eda social y solidaria. <strong>Descubramos el porqu\u00e9.<\/strong><\/p>\n<h2>\n\t\u00bfDe d\u00f3nde surge la idea de montar un agroturismo?<\/h2>\n<p>Llev\u00e1bamos muchos a\u00f1os queriendo montar un negocio relacionado con el tiempo libre, la naturaleza, tipo granja escuela\u2026Nuestra infancia, estudios y aficiones nos llevaban hacia eso. Ten\u00edamos claro que quer\u00edamos desarrollar nuestro proyecto y crear una familia en el medio rural. Dejamos los trabajos que ten\u00edamos y nos lanzamos a buscar casas de pueblo donde vivir\u2026..Y lleg\u00f3 la oportunidad de llevar una casa rural que ya estaba en marcha. No nos lo pensamos ni un segundo, quer\u00edamos probar qu\u00e9 era esto y sobre todo empezar a vivir en el medio rural, en un pueblecito perdido, muy peque\u00f1o\u2026.<\/p>\n<p>Nos vinimos con las gallinas debajo del brazo y ese mismo verano empezamos con la huerta\u2026. Y empezamos a llevar a los clientes todas las ma\u00f1anas a coger los huevos y a darles de comer a las gallinas, a la huerta, a recoger moras y hacer mermeladas, a comprar leche y hacer queso&#8230; Quer\u00edamos aprender de todo y compartirlo con la gente que se alojaba en nuestra casa. Era lo que a nosotros como clientes de turismo rural nos gustaba encontrar: m\u00e1s contacto con los due\u00f1os, aprender sobre sus artesan\u00edas, degustar productos caseros y m\u00e1s experiencias\u2026<\/p>\n<h2>\n\t<span>\u00bfQu\u00e9 sinergias ten\u00e9is con la Econom\u00eda Social y Solidaria?<\/span><\/h2>\n<p>Estamos en <strong><a href=\"https:\/\/www.economiasolidaria.org\/\">Reas<\/a><\/strong>, como red de apoyo, aunque no participamos activamente s\u00ed trabajamos difundiendo su labor all\u00ed donde tenemos ocasi\u00f3n. En su d\u00eda fue un descubrimiento en el que encajaba a la perfecci\u00f3n nuestra filosof\u00eda.<\/p>\n<h2>\n\t\u00bfPor qu\u00e9 decid\u00eds trabajar con Fiare Banca Etica y haceros socios?&nbsp;<\/h2>\n<p>Descubrimos Fiare a trav\u00e9s de Reas cuando est\u00e1bamos buscando financiaci\u00f3n para la construcci\u00f3n de la nueva casa. Por fin,<strong> un banco con otros valores, poniendo a las personas en el centro y apoyando proyectos de cambio social.<\/strong> Nuestro gran y casi \u00fanica fuerza es nuestro consumo y el manejo del dinero y debemos aprovecharlo.<br \/>\n\t<br \/>\n\tFue el \u00fanico banco que crey\u00f3 en nuestro proyecto y que antes de ver la viabilidad y hacer n\u00fameros, consult\u00f3 a la comisi\u00f3n \u00e9tica. Hicieron lo imposible por conseguir sacarlo adelante. Y luego vino la crisis, y tambi\u00e9n nos consiguieron mejorar las condiciones. Nos dieron cr\u00e9dito para hacer una caba\u00f1a, y <strong>ahora en la pandemia se han preocupado por nuestra situaci\u00f3n y han estado peleando porque la situaci\u00f3n econ\u00f3mica no nos asfixiara.<\/strong> Queremos participar en esta banca que vela realmente por las personas y que apoya proyectos que buscan hacer un mundo m\u00e1s igualitario y mejor.<\/p>\n<p><img decoding=\"async\" alt=\"\" src=\"http:\/\/www.fiarebancaetica.coop\/app\/uploads\/sites\/2\/2023\/12\/imagen.jpg\" style=\"width: 550px; height: 412px;\" \/><\/p>\n<h2>\n\t\u00bfC\u00f3mo ha afectado a Agroturismo Mari Cruz la pandemia?<\/h2>\n<p>Nos ha dejado un agujero en los ingresos de dos meses y medio que ya no se puede recuperar, m\u00e1s lo que falta por terminar el a\u00f1o\u2026De momento con el cierre de Navarra hemos perdido 32 noches de 34 que ten\u00edamos contratadas para estas dos semanas.<\/p>\n<p>El alojamiento de habitaciones que tenemos en nuestra casa lo hemos cerrado, con lo que reducimos el n\u00famero de familias que pueden venir y sus ingresos correspondientes. Hemos invertido tiempo y dinero en protocolos de limpieza, desinfectantes, ropa de cama\u2026una aut\u00e9ntica locura, a la que luego nos hemos ido adaptando.<br \/>\n\t<br \/>\n\tPor otro lado, <strong>la pandemia ha devuelto la mirada al mundo rural y a un tipo de turismo sin aglomeraciones<\/strong>, m\u00e1s familiar, de pareja, se empiezan a buscar lugares peque\u00f1os perdidos, con poca gente, donde desconectar por unos d\u00edas, y ah\u00ed estamos nosotros\u2026y aunque ofrecemos una misma experiencia de agroturismo, independiente del alojamiento que se elija, notamos mucho m\u00e1s inter\u00e9s y m\u00e1s ocupaci\u00f3n de las caba\u00f1as en los \u00e1rboles, y una reducci\u00f3n dr\u00e1stica en las casas enteras, que antes funcionaban muy bien.<br \/>\n\tLa organizaci\u00f3n del trabajo ha sido complicado, porque hab\u00eda que desaprender y volver a aprender a trabajar de otra manera, con otras medidas.<\/p>\n<h2>\n\t\u00bfCu\u00e1les son vuestras ideas para superar la crisis actual?<\/h2>\n<p>Vamos a <strong>potenciar la comunicaci\u00f3n de nuestro proyecto <\/strong>que en estos momentos es compatible con una escapada en familia o pareja segura, y sirve para desconectar y cargar pilas.<br \/>\n\t<br \/>\n\tEstamos trabajando en cambiar el sistema de reservas para <strong>mejorar la comunicaci\u00f3n con nuestros clientes <\/strong>y conseguir reservas que se ajusten a nuestras necesidades. Seguimos trabajando a nivel asociativo con la asociaci\u00f3n de turismo <strong><a href=\"https:\/\/turismoselvadeirati.com\/\">Irati Orreaga<\/a><\/strong> para dar visibilidad a nuestros negocios como pirineo, creando productos tur\u00edsticos atractivos y creando una red que sirva de apoyo en temas formativos e informativos.<br \/>\n\tTambi\u00e9n trabajamos codo a codo con la red de ecoagroturismos a nivel estatal <a href=\"https:\/\/www.ecotur.es\/turismo-ecologico-responsable\"><strong>Ecotur<\/strong><\/a>. Siempre compartiendo energ\u00edas e ilusi\u00f3n.<br \/>\n\t<br \/>\n\tY sobre todo tenemos claro que tenemos que cuidarnos y estar m\u00e1s que nunca en contacto con esta naturaleza que nos rodea y de la que tenemos tanto que aprender, y cultivar no solo hortalizas sino unas relaciones m\u00e1s sanas.<\/p>\n<p><img decoding=\"async\" alt=\"\" src=\"http:\/\/www.fiarebancaetica.coop\/app\/uploads\/sites\/2\/2023\/12\/13729_casa-mari-cruz_1444731450_o.jpg\" style=\"width: 550px; height: 412px;\" \/><\/p>\n<\/div>","protected":false},"excerpt":{"rendered":"<p>Llev\u00e1bamos muchos a\u00f1os queriendo montar un negocio relacionado con el tiempo libre, la naturaleza, tipo granja escuela\u2026nuestra infancia, estudios y aficiones nos llevaban hacia eso&#8230;<\/p>\n","protected":false},"author":2,"featured_media":329419,"comment_status":"open","ping_status":"closed","sticky":false,"template":"","format":"standard","meta":{"_acf_changed":false,"footnotes":""},"categories":[11663],"tags":[],"coauthors":[],"class_list":["post-344112","post","type-post","status-publish","format-standard","has-post-thumbnail","hentry","category-eragin-positiboa-duten-istorioak"],"acf":[],"yoast_head":"<!-- This site is optimized with the Yoast SEO plugin v26.9 - https:\/\/yoast.com\/product\/yoast-seo-wordpress\/ -->\n<title>Por fin un banco con otros valores, poniendo a las personas en el centro - Fiare Banca Etica<\/title>\n<meta name=\"robots\" content=\"index, follow, max-snippet:-1, max-image-preview:large, max-video-preview:-1\" \/>\n<link rel=\"canonical\" href=\"https:\/\/www.fiarebancaetica.coop\/eu\/por-fin-un-banco-con-otros-valores-poniendo-a-las-personas-en-el-centro\/\" \/>\n<meta property=\"og:locale\" content=\"eu_ES\" \/>\n<meta property=\"og:type\" content=\"article\" \/>\n<meta property=\"og:title\" content=\"Por fin un banco con otros valores, poniendo a las personas en el centro - Fiare Banca Etica\" \/>\n<meta property=\"og:description\" content=\"Llev\u00e1bamos muchos a\u00f1os queriendo montar un negocio relacionado con el tiempo libre, la naturaleza, tipo granja escuela\u2026nuestra infancia, estudios y aficiones nos llevaban hacia eso...\" \/>\n<meta property=\"og:url\" content=\"https:\/\/www.fiarebancaetica.coop\/eu\/por-fin-un-banco-con-otros-valores-poniendo-a-las-personas-en-el-centro\/\" \/>\n<meta property=\"og:site_name\" content=\"Fiare Banca Etica\" \/>\n<meta property=\"article:published_time\" content=\"2020-11-03T23:00:00+00:00\" \/>\n<meta property=\"article:modified_time\" content=\"2024-02-21T14:16:09+00:00\" \/>\n<meta property=\"og:image\" content=\"https:\/\/www.fiarebancaetica.coop\/app\/uploads\/sites\/2\/2023\/12\/agroturismo-casa-maricruz.jpg\" \/>\n\t<meta property=\"og:image:width\" content=\"540\" \/>\n\t<meta property=\"og:image:height\" content=\"250\" \/>\n\t<meta property=\"og:image:type\" content=\"image\/jpeg\" \/>\n<meta name=\"author\" content=\"crispyadmin0\" \/>\n<meta name=\"twitter:card\" content=\"summary_large_image\" \/>\n<script type=\"application\/ld+json\" class=\"yoast-schema-graph\">{\"@context\":\"https:\/\/schema.org\",\"@graph\":[{\"@type\":\"Article\",\"@id\":\"https:\/\/www.fiarebancaetica.coop\/eu\/por-fin-un-banco-con-otros-valores-poniendo-a-las-personas-en-el-centro\/#article\",\"isPartOf\":{\"@id\":\"https:\/\/www.fiarebancaetica.coop\/eu\/por-fin-un-banco-con-otros-valores-poniendo-a-las-personas-en-el-centro\/\"},\"author\":{\"name\":\"crispyadmin0\",\"@id\":\"https:\/\/www.fiarebancaetica.coop\/eu\/#\/schema\/person\/579841e89c804b5db05d9141bd9b8272\"},\"headline\":\"Por fin un banco con otros valores, poniendo a las personas en el centro\",\"datePublished\":\"2020-11-03T23:00:00+00:00\",\"dateModified\":\"2024-02-21T14:16:09+00:00\",\"mainEntityOfPage\":{\"@id\":\"https:\/\/www.fiarebancaetica.coop\/eu\/por-fin-un-banco-con-otros-valores-poniendo-a-las-personas-en-el-centro\/\"},\"wordCount\":898,\"commentCount\":0,\"image\":{\"@id\":\"https:\/\/www.fiarebancaetica.coop\/eu\/por-fin-un-banco-con-otros-valores-poniendo-a-las-personas-en-el-centro\/#primaryimage\"},\"thumbnailUrl\":\"https:\/\/www.fiarebancaetica.coop\/app\/uploads\/sites\/2\/2023\/12\/agroturismo-casa-maricruz.jpg\",\"articleSection\":[\"Eragin positiboa duten istorioak\"],\"inLanguage\":\"eu\",\"potentialAction\":[{\"@type\":\"CommentAction\",\"name\":\"Comment\",\"target\":[\"https:\/\/www.fiarebancaetica.coop\/eu\/por-fin-un-banco-con-otros-valores-poniendo-a-las-personas-en-el-centro\/#respond\"]}]},{\"@type\":\"WebPage\",\"@id\":\"https:\/\/www.fiarebancaetica.coop\/eu\/por-fin-un-banco-con-otros-valores-poniendo-a-las-personas-en-el-centro\/\",\"url\":\"https:\/\/www.fiarebancaetica.coop\/eu\/por-fin-un-banco-con-otros-valores-poniendo-a-las-personas-en-el-centro\/\",\"name\":\"Por fin un banco con otros valores, poniendo a las personas en el centro - Fiare Banca Etica\",\"isPartOf\":{\"@id\":\"https:\/\/www.fiarebancaetica.coop\/eu\/#website\"},\"primaryImageOfPage\":{\"@id\":\"https:\/\/www.fiarebancaetica.coop\/eu\/por-fin-un-banco-con-otros-valores-poniendo-a-las-personas-en-el-centro\/#primaryimage\"},\"image\":{\"@id\":\"https:\/\/www.fiarebancaetica.coop\/eu\/por-fin-un-banco-con-otros-valores-poniendo-a-las-personas-en-el-centro\/#primaryimage\"},\"thumbnailUrl\":\"https:\/\/www.fiarebancaetica.coop\/app\/uploads\/sites\/2\/2023\/12\/agroturismo-casa-maricruz.jpg\",\"datePublished\":\"2020-11-03T23:00:00+00:00\",\"dateModified\":\"2024-02-21T14:16:09+00:00\",\"author\":{\"@id\":\"https:\/\/www.fiarebancaetica.coop\/eu\/#\/schema\/person\/579841e89c804b5db05d9141bd9b8272\"},\"breadcrumb\":{\"@id\":\"https:\/\/www.fiarebancaetica.coop\/eu\/por-fin-un-banco-con-otros-valores-poniendo-a-las-personas-en-el-centro\/#breadcrumb\"},\"inLanguage\":\"eu\",\"potentialAction\":[{\"@type\":\"ReadAction\",\"target\":[\"https:\/\/www.fiarebancaetica.coop\/eu\/por-fin-un-banco-con-otros-valores-poniendo-a-las-personas-en-el-centro\/\"]}]},{\"@type\":\"ImageObject\",\"inLanguage\":\"eu\",\"@id\":\"https:\/\/www.fiarebancaetica.coop\/eu\/por-fin-un-banco-con-otros-valores-poniendo-a-las-personas-en-el-centro\/#primaryimage\",\"url\":\"https:\/\/www.fiarebancaetica.coop\/app\/uploads\/sites\/2\/2023\/12\/agroturismo-casa-maricruz.jpg\",\"contentUrl\":\"https:\/\/www.fiarebancaetica.coop\/app\/uploads\/sites\/2\/2023\/12\/agroturismo-casa-maricruz.jpg\",\"width\":540,\"height\":250},{\"@type\":\"BreadcrumbList\",\"@id\":\"https:\/\/www.fiarebancaetica.coop\/eu\/por-fin-un-banco-con-otros-valores-poniendo-a-las-personas-en-el-centro\/#breadcrumb\",\"itemListElement\":[{\"@type\":\"ListItem\",\"position\":1,\"name\":\"Home\",\"item\":\"https:\/\/www.fiarebancaetica.coop\/eu\/\"},{\"@type\":\"ListItem\",\"position\":2,\"name\":\"Por fin un banco con otros valores, poniendo a las personas en el centro\"}]},{\"@type\":\"WebSite\",\"@id\":\"https:\/\/www.fiarebancaetica.coop\/eu\/#website\",\"url\":\"https:\/\/www.fiarebancaetica.coop\/eu\/\",\"name\":\"Fiare Banca Etica\",\"description\":\"\",\"potentialAction\":[{\"@type\":\"SearchAction\",\"target\":{\"@type\":\"EntryPoint\",\"urlTemplate\":\"https:\/\/www.fiarebancaetica.coop\/eu\/?s={search_term_string}\"},\"query-input\":{\"@type\":\"PropertyValueSpecification\",\"valueRequired\":true,\"valueName\":\"search_term_string\"}}],\"inLanguage\":\"eu\"},{\"@type\":\"Person\",\"@id\":\"https:\/\/www.fiarebancaetica.coop\/eu\/#\/schema\/person\/579841e89c804b5db05d9141bd9b8272\",\"name\":\"crispyadmin0\",\"image\":{\"@type\":\"ImageObject\",\"inLanguage\":\"eu\",\"@id\":\"https:\/\/www.fiarebancaetica.coop\/eu\/#\/schema\/person\/image\/5f3a6b7786f32f4c35bd2b1a5a4698ea\",\"url\":\"https:\/\/secure.gravatar.com\/avatar\/4d2cfb499d497b6d49da659fab7404b243a87fe8e40d2cf97a1cae48f677f5b2?s=96&d=mm&r=g\",\"contentUrl\":\"https:\/\/secure.gravatar.com\/avatar\/4d2cfb499d497b6d49da659fab7404b243a87fe8e40d2cf97a1cae48f677f5b2?s=96&d=mm&r=g\",\"caption\":\"crispyadmin0\"},\"sameAs\":[\"crispyadmin0\"]}]}<\/script>\n<!-- \/ Yoast SEO plugin. -->","yoast_head_json":{"title":"Por fin un banco con otros valores, poniendo a las personas en el centro - Fiare Banca Etica","robots":{"index":"index","follow":"follow","max-snippet":"max-snippet:-1","max-image-preview":"max-image-preview:large","max-video-preview":"max-video-preview:-1"},"canonical":"https:\/\/www.fiarebancaetica.coop\/eu\/por-fin-un-banco-con-otros-valores-poniendo-a-las-personas-en-el-centro\/","og_locale":"eu_ES","og_type":"article","og_title":"Por fin un banco con otros valores, poniendo a las personas en el centro - Fiare Banca Etica","og_description":"Llev\u00e1bamos muchos a\u00f1os queriendo montar un negocio relacionado con el tiempo libre, la naturaleza, tipo granja escuela\u2026nuestra infancia, estudios y aficiones nos llevaban hacia eso...","og_url":"https:\/\/www.fiarebancaetica.coop\/eu\/por-fin-un-banco-con-otros-valores-poniendo-a-las-personas-en-el-centro\/","og_site_name":"Fiare Banca Etica","article_published_time":"2020-11-03T23:00:00+00:00","article_modified_time":"2024-02-21T14:16:09+00:00","og_image":[{"width":540,"height":250,"url":"https:\/\/www.fiarebancaetica.coop\/app\/uploads\/sites\/2\/2023\/12\/agroturismo-casa-maricruz.jpg","type":"image\/jpeg"}],"author":"crispyadmin0","twitter_card":"summary_large_image","schema":{"@context":"https:\/\/schema.org","@graph":[{"@type":"Article","@id":"https:\/\/www.fiarebancaetica.coop\/eu\/por-fin-un-banco-con-otros-valores-poniendo-a-las-personas-en-el-centro\/#article","isPartOf":{"@id":"https:\/\/www.fiarebancaetica.coop\/eu\/por-fin-un-banco-con-otros-valores-poniendo-a-las-personas-en-el-centro\/"},"author":{"name":"crispyadmin0","@id":"https:\/\/www.fiarebancaetica.coop\/eu\/#\/schema\/person\/579841e89c804b5db05d9141bd9b8272"},"headline":"Por fin un banco con otros valores, poniendo a las personas en el centro","datePublished":"2020-11-03T23:00:00+00:00","dateModified":"2024-02-21T14:16:09+00:00","mainEntityOfPage":{"@id":"https:\/\/www.fiarebancaetica.coop\/eu\/por-fin-un-banco-con-otros-valores-poniendo-a-las-personas-en-el-centro\/"},"wordCount":898,"commentCount":0,"image":{"@id":"https:\/\/www.fiarebancaetica.coop\/eu\/por-fin-un-banco-con-otros-valores-poniendo-a-las-personas-en-el-centro\/#primaryimage"},"thumbnailUrl":"https:\/\/www.fiarebancaetica.coop\/app\/uploads\/sites\/2\/2023\/12\/agroturismo-casa-maricruz.jpg","articleSection":["Eragin positiboa duten istorioak"],"inLanguage":"eu","potentialAction":[{"@type":"CommentAction","name":"Comment","target":["https:\/\/www.fiarebancaetica.coop\/eu\/por-fin-un-banco-con-otros-valores-poniendo-a-las-personas-en-el-centro\/#respond"]}]},{"@type":"WebPage","@id":"https:\/\/www.fiarebancaetica.coop\/eu\/por-fin-un-banco-con-otros-valores-poniendo-a-las-personas-en-el-centro\/","url":"https:\/\/www.fiarebancaetica.coop\/eu\/por-fin-un-banco-con-otros-valores-poniendo-a-las-personas-en-el-centro\/","name":"Por fin un banco con otros valores, poniendo a las personas en el centro - Fiare Banca Etica","isPartOf":{"@id":"https:\/\/www.fiarebancaetica.coop\/eu\/#website"},"primaryImageOfPage":{"@id":"https:\/\/www.fiarebancaetica.coop\/eu\/por-fin-un-banco-con-otros-valores-poniendo-a-las-personas-en-el-centro\/#primaryimage"},"image":{"@id":"https:\/\/www.fiarebancaetica.coop\/eu\/por-fin-un-banco-con-otros-valores-poniendo-a-las-personas-en-el-centro\/#primaryimage"},"thumbnailUrl":"https:\/\/www.fiarebancaetica.coop\/app\/uploads\/sites\/2\/2023\/12\/agroturismo-casa-maricruz.jpg","datePublished":"2020-11-03T23:00:00+00:00","dateModified":"2024-02-21T14:16:09+00:00","author":{"@id":"https:\/\/www.fiarebancaetica.coop\/eu\/#\/schema\/person\/579841e89c804b5db05d9141bd9b8272"},"breadcrumb":{"@id":"https:\/\/www.fiarebancaetica.coop\/eu\/por-fin-un-banco-con-otros-valores-poniendo-a-las-personas-en-el-centro\/#breadcrumb"},"inLanguage":"eu","potentialAction":[{"@type":"ReadAction","target":["https:\/\/www.fiarebancaetica.coop\/eu\/por-fin-un-banco-con-otros-valores-poniendo-a-las-personas-en-el-centro\/"]}]},{"@type":"ImageObject","inLanguage":"eu","@id":"https:\/\/www.fiarebancaetica.coop\/eu\/por-fin-un-banco-con-otros-valores-poniendo-a-las-personas-en-el-centro\/#primaryimage","url":"https:\/\/www.fiarebancaetica.coop\/app\/uploads\/sites\/2\/2023\/12\/agroturismo-casa-maricruz.jpg","contentUrl":"https:\/\/www.fiarebancaetica.coop\/app\/uploads\/sites\/2\/2023\/12\/agroturismo-casa-maricruz.jpg","width":540,"height":250},{"@type":"BreadcrumbList","@id":"https:\/\/www.fiarebancaetica.coop\/eu\/por-fin-un-banco-con-otros-valores-poniendo-a-las-personas-en-el-centro\/#breadcrumb","itemListElement":[{"@type":"ListItem","position":1,"name":"Home","item":"https:\/\/www.fiarebancaetica.coop\/eu\/"},{"@type":"ListItem","position":2,"name":"Por fin un banco con otros valores, poniendo a las personas en el centro"}]},{"@type":"WebSite","@id":"https:\/\/www.fiarebancaetica.coop\/eu\/#website","url":"https:\/\/www.fiarebancaetica.coop\/eu\/","name":"Fiare Banca Etica","description":"","potentialAction":[{"@type":"SearchAction","target":{"@type":"EntryPoint","urlTemplate":"https:\/\/www.fiarebancaetica.coop\/eu\/?s={search_term_string}"},"query-input":{"@type":"PropertyValueSpecification","valueRequired":true,"valueName":"search_term_string"}}],"inLanguage":"eu"},{"@type":"Person","@id":"https:\/\/www.fiarebancaetica.coop\/eu\/#\/schema\/person\/579841e89c804b5db05d9141bd9b8272","name":"crispyadmin0","image":{"@type":"ImageObject","inLanguage":"eu","@id":"https:\/\/www.fiarebancaetica.coop\/eu\/#\/schema\/person\/image\/5f3a6b7786f32f4c35bd2b1a5a4698ea","url":"https:\/\/secure.gravatar.com\/avatar\/4d2cfb499d497b6d49da659fab7404b243a87fe8e40d2cf97a1cae48f677f5b2?s=96&d=mm&r=g","contentUrl":"https:\/\/secure.gravatar.com\/avatar\/4d2cfb499d497b6d49da659fab7404b243a87fe8e40d2cf97a1cae48f677f5b2?s=96&d=mm&r=g","caption":"crispyadmin0"},"sameAs":["crispyadmin0"]}]}},"_links":{"self":[{"href":"https:\/\/www.fiarebancaetica.coop\/eu\/wp-json\/wp\/v2\/posts\/344112","targetHints":{"allow":["GET"]}}],"collection":[{"href":"https:\/\/www.fiarebancaetica.coop\/eu\/wp-json\/wp\/v2\/posts"}],"about":[{"href":"https:\/\/www.fiarebancaetica.coop\/eu\/wp-json\/wp\/v2\/types\/post"}],"author":[{"embeddable":true,"href":"https:\/\/www.fiarebancaetica.coop\/eu\/wp-json\/wp\/v2\/users\/2"}],"replies":[{"embeddable":true,"href":"https:\/\/www.fiarebancaetica.coop\/eu\/wp-json\/wp\/v2\/comments?post=344112"}],"version-history":[{"count":1,"href":"https:\/\/www.fiarebancaetica.coop\/eu\/wp-json\/wp\/v2\/posts\/344112\/revisions"}],"predecessor-version":[{"id":354735,"href":"https:\/\/www.fiarebancaetica.coop\/eu\/wp-json\/wp\/v2\/posts\/344112\/revisions\/354735"}],"wp:featuredmedia":[{"embeddable":true,"href":"https:\/\/www.fiarebancaetica.coop\/eu\/wp-json\/wp\/v2\/media\/329419"}],"wp:attachment":[{"href":"https:\/\/www.fiarebancaetica.coop\/eu\/wp-json\/wp\/v2\/media?parent=344112"}],"wp:term":[{"taxonomy":"category","embeddable":true,"href":"https:\/\/www.fiarebancaetica.coop\/eu\/wp-json\/wp\/v2\/categories?post=344112"},{"taxonomy":"post_tag","embeddable":true,"href":"https:\/\/www.fiarebancaetica.coop\/eu\/wp-json\/wp\/v2\/tags?post=344112"},{"taxonomy":"author","embeddable":true,"href":"https:\/\/www.fiarebancaetica.coop\/eu\/wp-json\/wp\/v2\/coauthors?post=344112"}],"curies":[{"name":"wp","href":"https:\/\/api.w.org\/{rel}","templated":true}]}}