{"id":344228,"date":"2020-07-07T00:00:00","date_gmt":"2020-07-06T22:00:00","guid":{"rendered":"https:\/\/www.fiarebancaetica.coop\/el-trabajo-del-nuevo-comite-de-etica-ha-comenzado\/"},"modified":"2024-02-21T15:21:09","modified_gmt":"2024-02-21T14:21:09","slug":"el-trabajo-del-nuevo-comite-de-etica-ha-comenzado","status":"publish","type":"post","link":"https:\/\/www.fiarebancaetica.coop\/eu\/el-trabajo-del-nuevo-comite-de-etica-ha-comenzado\/","title":{"rendered":"El trabajo del nuevo Comit\u00e9 de \u00c9tica ha comenzado"},"content":{"rendered":"\n\n<div class=\"wp-block-bancaetica-blocks-blocks-block-49\">\n    <div class=\"container-block-49\">\n\n        <div class=\"header-section \">\n                            <h1 class=\"section-title\"> Etica e cooperativa <\/h1>\n                                            <\/div>\n\n        \n        <div class=\"block-background\" style=\"background-image: url('https:\/\/www.fiarebancaetica.coop\/app\/uploads\/sites\/2\/2023\/12\/el-trabajo-del-nuevo-comite-de-etica-ha-comenzado.jpg')\">\n                            <div class=\"tile\">\n                    <h1 class=\"image-title\"> El trabajo del nuevo Comit\u00e9 de \u00c9tica ha comenzado <\/h1>\n                <\/div>             <!-- end .tile -->\n            <div class=\"bottom-content\">\n                            <\/div> <!-- end .button-content -->\n        <\/div> <!-- end .block-background -->\n    <\/div> <!-- end .container -->\n<\/div> <!-- end wp-block-bancaetica-blocks-blocks-block-06 -->\n\n\n<div class=\"wrapper-crispybacon-class wrapper-crispybacon-class-boxed \">\n    <p>Los dilemas operativos y \u00e9ticos que Banca Etica debe afrontar en este 2020 son muy&nbsp; importantes, teniendo en cuenta que <strong>la <a href=\"https:\/\/www.oecd.org\/acerca\/\">OCDE<\/a> ha considerado Espa\u00f1a e Italia entre los 4 pa\u00edses m\u00e1s golpeados del mundo por la pandemia <\/strong>en t\u00e9rminos de crisis econ\u00f3mica. Deb\u00eda ser este el a\u00f1o de reelaboraci\u00f3n de la estrategia general del banco, pero el proceso se ha visto ralentizado, porque no tiene sentido programar ante tanta incertidumbre, y sin poder ni tan solo encontrarse para realizar debates presenciales. Sabemos que la econom\u00eda global est\u00e1 viviendo la recesi\u00f3n m\u00e1s profunda desde la Gran Depresi\u00f3n de los a\u00f1os 30 y que, en estas condiciones, <strong>mutualidad, sostenibilidad y solidaridad<\/strong> son ingredientes necesarios para sobrevivir.<\/p>\n<p>Tambi\u00e9n el nuevo Comit\u00e9 de \u00c9tica de nuestro banco ha debido iniciar sus trabajos sin un encuentro presencial, entre los elegidos por las personas socias, siendo un Comit\u00e9 con una composici\u00f3n totalmente nueva. Son personas que no se conoc\u00edan entre ellas pero que han podido constatar su heterogeneidad de intereses, la armon\u00eda del grupo y la sinton\u00eda respecto a los valores b\u00e1sicos de las finanzas \u00e9ticas. Despu\u00e9s de la renuncia al cargo por motivos personales de Riccardo Milano, para cumplir con el principio de la diversidad de g\u00e9nero, el Comit\u00e9 ha convocado al primer hombre no elegido: <strong>Piero D\u2019Argento, candidato de la Mesa de Socias de Referencia <\/strong>y apoyado tambi\u00e9n por las personas socias trabajadoras.<\/p>\n<p>En su composici\u00f3n definitiva el Comit\u00e9 ha decidido adoptar el <strong>m\u00e9todo del consenso para tomar sus&nbsp; decisiones<\/strong>, y ha realizado la definici\u00f3n de los distintos roles, optando por restituir colectivamente a los socios y socias este primer mes de trabajo.<\/p>\n<p><strong>Martina Pignatti Morano <\/strong>ha sido elegida <strong>Presidenta del Comit\u00e9 de \u00c9tica<\/strong> y ha comenzado a asistir al CdA del banco, el cual ha elegido a <strong>Marina Galati<\/strong> como miembro encargada de las relaciones entre los dos \u00f3rganos. Martina dar\u00e1 prioridad a la comunicaci\u00f3n&nbsp; y a las relaciones entre el Comit\u00e9 de \u00c9tica y los representantes de las personas socias y de los distintos departamentos de Banca Etica, d\u00e1ndose como primer objetivo la promoci\u00f3n de la transparencia hacia los socios y las socias, y no solo sobre las actividades y resultados del banco, sino tambi\u00e9n sobre los procesos de decisi\u00f3n. Mantiene asimismo un fuerte inter\u00e9s personal hacia las actividades internacionales del banco, el desarme y la reconversi\u00f3n de la industria b\u00e9lica para usos civiles, que necesita un apuntalamiento por parte de las instituciones financieras. No basta en ser una \u201cbanca desarmada\u201d es posible y necesario ser una \u201cbanca desarmante\u201d, dando apoyo a las empresas que renuncien a trabajar en cuestiones b\u00e9licas por motivos \u00e9ticos.<\/p>\n<p><strong>Renato Camarda<\/strong> ha sido elegido <strong>Vicepresidente del Comit\u00e9<\/strong> y trabajar\u00e1 en equipo con Martina para la coordinaci\u00f3n del mismo. Dar\u00e1 apoyo en particular a los miembros designados para hacer seguimiento del Organismo di Vigilanza e l\u2019Osservatorio Banche e Assicurazioni, por cuanto tiene como inter\u00e9s principal la relaci\u00f3n de Banca Etica con la legalidad. Legalidad en este caso entendida sobretodo como lucha contra la criminalidad organizada presente en todos los pa\u00edses y capaz de controlar \u00e1reas muy extensas. Banca Etica es ya muy activa apoyando iniciativas econ\u00f3micas que se enfrentan a la mafia. Ahora se trata de estudiar el impacto de estas iniciativas, especialmente en el per\u00edodo post Covid, teniendo en cuenta que&nbsp; la inmensa liquidez de la que disfrutan las mafias representa una grave amenaza para peque\u00f1as y grandes empresas. El Comit\u00e9 \u00c9tico puede recoger an\u00e1lisis y propuestas dentro y fuera de la comunidad del banco, y presentarlas al CdA.<\/p>\n<p><strong>\u00c1ngela Santos S\u00e1nchez<\/strong> participar\u00e1 en las reuniones del <strong>Organismo de Vigilancia<\/strong>, que tiene el encargo de<strong> vigilar el respeto al C\u00f3digo \u00c9tico<\/strong> del banco. \u00c1ngela sigue con preocupaci\u00f3n las pr\u00e1cticas de manipulaci\u00f3n de la opini\u00f3n p\u00fablica por parte de grandes empresas o Sociedades Benefit a trav\u00e9s del social-washing o green-washing, marketing o simplemente con la b\u00fasqueda de ventajas fiscales, y pretende trabajar para apoyar pr\u00e1cticas de resistencia y colaboraci\u00f3n con las redes sociales que trabajan en estos temas. Se interesa tambi\u00e9n por los modelos de propiedad p\u00fablica o comunitaria que estimulan formas alternativas de producci\u00f3n, trabajo y consumo en diversos \u00e1mbitos. En t\u00e9rminos metodol\u00f3gicos, ha expresado la intenci\u00f3n de reforzar las dimensi\u00f3n democr\u00e1tica y participativa de nuestra cooperativa bancaria, prestando atenci\u00f3n al lenguaje, para que no sea excesivamente t\u00e9cnico y excluyente.<\/p>\n<p><strong>Nora Rodr\u00edguez <\/strong>se sentar\u00e1 en el <strong>Osservatorio Banche e Assicurazioni<\/strong>, coherentemente con su compromiso personal y pol\u00edtico demostrado desde el 2007 en Vicenza, cuando supo de la inminente construcci\u00f3n de una nueva base militar estadounidense con el apoyo de la Banca Popolare Vicentina. Desde aquel momento Nora se esforz\u00f3 para investigar la relaci\u00f3n entre los programas y proyectos militares, banca armada, y seguros.<br \/>\n\t<br \/>\n\tAportar\u00e1 tambi\u00e9n su trabajo basado en el&nbsp; inter\u00e9s por el mundo de las finanzas \u00e9ticas que tiene ra\u00edces lejanas, concretamente en la Argentina de la crisis econ\u00f3mica y de la auto-organizaci\u00f3n de trabajadores y desheredados,&nbsp; m\u00e1s tarde desarrollado en Italia a partir de su trabajo en el mundo del asociacionismo y concretamente en el sector del Servicio Civi. Nora ha podido profundizar sus conocimientos sobre la no-violencia, conociendo diversas realidades que componen el panorama del pacifismo italiano y europeo.<\/p>\n<p><strong>Javier Mendoza Jim\u00e9nez <\/strong>colaborar\u00e1 con Nora siguiendo los trabajos del Osservatorio Banche e Assicurazioni, tambi\u00e9n en base a sus estudios sobre la <strong>Responsabilidad Social Corporativa<\/strong>. En el Comit\u00e9 traer\u00e1 su experiencia de economista interesado en conocer bien el funcionamiento de una organizaci\u00f3n como Banca Etica, que se basa en principios alternativos respecto al sistema econ\u00f3mico y financiero dominante. Pretende contribuir en particular en indagar c\u00f3mo las instituciones financieras pueden contribuir a una distribuci\u00f3n m\u00e1s justa de la riqueza y a la elaboraci\u00f3n e implementaci\u00f3n de pol\u00edticas econ\u00f3micas como el Ingreso M\u00ednimo Vital, apenas establecido en Espa\u00f1a<\/p>\n<p><strong>Maria Francesca De Tullio<\/strong> representar\u00e1 al Comit\u00e9 de Etica en el Consejo Directivo de la <strong>Fondazione Finanza Etica<\/strong>. Su compromiso parte de la idea de unas finanzas p\u00fablicas y privadas orientadas a los derechos sociales, que superen la l\u00f3gica de la austeridad y den prioridad a los derechos sociales, y partiendo del rechazo de la deuda p\u00fablica ileg\u00edtima, que no tiene en cuenta los intereses de la ciudadan\u00eda. Es activa en el movimiento de bienes comunes emergentes y para uso c\u00edvico, y analiza c\u00f3mo las pr\u00e1cticas mutualistas y solidarias &#8211; desencadenadas por la reapropiaci\u00f3n colectiva de espacios horizontales y abiertos- pueden inspirar nuevas instituciones financieras, basadas en la redistribuci\u00f3n seg\u00fan principios de no exclusi\u00f3n, y principalmente de antirracismo, antifascismo y antisexismo. Est\u00e1 interesada en el rol de las finanzas \u00e9ticas por su capacidad de poner en valor la \u201crentabilidad c\u00edvica\u201d de las experiencias sociales y por ello tambi\u00e9n en la b\u00fasqueda de formas de valorizaci\u00f3n inmobiliaria diversas de la privatizaci\u00f3n o la especulaci\u00f3n, que crean barreras y expulsiones del espacio p\u00fablico.<\/p>\n<p><strong>Pietro D\u2019Argento<\/strong> colaborar\u00e1 con Maria Francesca en la preparaci\u00f3n de propuestas para la Fondazione Finanza Etica y por ello pretende trabajar el tema de la<strong> educaci\u00f3n cr\u00edtica a las finanzas<\/strong>, con una atenci\u00f3n particular a las generaciones m\u00e1s j\u00f3venes, al mundo de la escuela, y a las organizaciones el tercer sector entendidas de manera amplia. Considera que los m\u00e1rgenes de desarrollo de actividades culturales (y por ello pol\u00edticas) en esta direcci\u00f3n son amplias y pueden producir resultados interesantes en el tiempo. Al mismo tiempo est\u00e1 muy interesado en las experiencias de asset building para las personas en condiciones de pobreza, entendi\u00e9ndolo como instrumento de educaci\u00f3n para el ahorro y la gesti\u00f3n del patrimonio.<\/p>\n<\/div>","protected":false},"excerpt":{"rendered":"<p>Los dilemas operativos y \u00e9ticos que Banca Etica debe afrontar en este 2020 son muy&nbsp; importantes, teniendo en cuenta que la OCSE ha considerado Italia entre los 4 pa\u00edses m\u00e1s golpeados del mundo por la pandemia en t\u00e9rminos de crisis econ\u00f3mica.<\/p>\n","protected":false},"author":2,"featured_media":329281,"comment_status":"open","ping_status":"closed","sticky":false,"template":"","format":"standard","meta":{"_acf_changed":false,"footnotes":""},"categories":[11644],"tags":[],"coauthors":[],"class_list":["post-344228","post","type-post","status-publish","format-standard","has-post-thumbnail","hentry","category-finantza-etikoak"],"acf":[],"yoast_head":"<!-- This site is optimized with the Yoast SEO plugin v26.9 - https:\/\/yoast.com\/product\/yoast-seo-wordpress\/ -->\n<title>El trabajo del nuevo Comit\u00e9 de \u00c9tica ha comenzado - Fiare Banca Etica<\/title>\n<meta name=\"robots\" content=\"index, follow, max-snippet:-1, max-image-preview:large, max-video-preview:-1\" \/>\n<link rel=\"canonical\" href=\"https:\/\/www.fiarebancaetica.coop\/eu\/el-trabajo-del-nuevo-comite-de-etica-ha-comenzado\/\" \/>\n<meta property=\"og:locale\" content=\"eu_ES\" \/>\n<meta property=\"og:type\" content=\"article\" \/>\n<meta property=\"og:title\" content=\"El trabajo del nuevo Comit\u00e9 de \u00c9tica ha comenzado - Fiare Banca Etica\" \/>\n<meta property=\"og:description\" content=\"Los dilemas operativos y \u00e9ticos que Banca Etica debe afrontar en este 2020 son muy&nbsp; importantes, teniendo en cuenta que la OCSE ha considerado Italia entre los 4 pa\u00edses m\u00e1s golpeados del mundo por la pandemia en t\u00e9rminos de crisis econ\u00f3mica.\" \/>\n<meta property=\"og:url\" content=\"https:\/\/www.fiarebancaetica.coop\/eu\/el-trabajo-del-nuevo-comite-de-etica-ha-comenzado\/\" \/>\n<meta property=\"og:site_name\" content=\"Fiare Banca Etica\" \/>\n<meta property=\"article:published_time\" content=\"2020-07-06T22:00:00+00:00\" \/>\n<meta property=\"article:modified_time\" content=\"2024-02-21T14:21:09+00:00\" \/>\n<meta property=\"og:image\" content=\"https:\/\/www.fiarebancaetica.coop\/app\/uploads\/sites\/2\/2023\/12\/el-trabajo-del-nuevo-comite-de-etica-ha-comenzado.jpg\" \/>\n\t<meta property=\"og:image:width\" content=\"540\" \/>\n\t<meta property=\"og:image:height\" content=\"250\" \/>\n\t<meta property=\"og:image:type\" content=\"image\/jpeg\" \/>\n<meta name=\"author\" content=\"crispyadmin0\" \/>\n<meta name=\"twitter:card\" content=\"summary_large_image\" \/>\n<script type=\"application\/ld+json\" class=\"yoast-schema-graph\">{\"@context\":\"https:\/\/schema.org\",\"@graph\":[{\"@type\":\"Article\",\"@id\":\"https:\/\/www.fiarebancaetica.coop\/eu\/el-trabajo-del-nuevo-comite-de-etica-ha-comenzado\/#article\",\"isPartOf\":{\"@id\":\"https:\/\/www.fiarebancaetica.coop\/eu\/el-trabajo-del-nuevo-comite-de-etica-ha-comenzado\/\"},\"author\":{\"name\":\"crispyadmin0\",\"@id\":\"https:\/\/www.fiarebancaetica.coop\/eu\/#\/schema\/person\/579841e89c804b5db05d9141bd9b8272\"},\"headline\":\"El trabajo del nuevo Comit\u00e9 de \u00c9tica ha comenzado\",\"datePublished\":\"2020-07-06T22:00:00+00:00\",\"dateModified\":\"2024-02-21T14:21:09+00:00\",\"mainEntityOfPage\":{\"@id\":\"https:\/\/www.fiarebancaetica.coop\/eu\/el-trabajo-del-nuevo-comite-de-etica-ha-comenzado\/\"},\"wordCount\":1367,\"commentCount\":0,\"image\":{\"@id\":\"https:\/\/www.fiarebancaetica.coop\/eu\/el-trabajo-del-nuevo-comite-de-etica-ha-comenzado\/#primaryimage\"},\"thumbnailUrl\":\"https:\/\/www.fiarebancaetica.coop\/app\/uploads\/sites\/2\/2023\/12\/el-trabajo-del-nuevo-comite-de-etica-ha-comenzado.jpg\",\"articleSection\":[\"Finantza etikoak\"],\"inLanguage\":\"eu\",\"potentialAction\":[{\"@type\":\"CommentAction\",\"name\":\"Comment\",\"target\":[\"https:\/\/www.fiarebancaetica.coop\/eu\/el-trabajo-del-nuevo-comite-de-etica-ha-comenzado\/#respond\"]}]},{\"@type\":\"WebPage\",\"@id\":\"https:\/\/www.fiarebancaetica.coop\/eu\/el-trabajo-del-nuevo-comite-de-etica-ha-comenzado\/\",\"url\":\"https:\/\/www.fiarebancaetica.coop\/eu\/el-trabajo-del-nuevo-comite-de-etica-ha-comenzado\/\",\"name\":\"El trabajo del nuevo Comit\u00e9 de \u00c9tica ha comenzado - Fiare Banca Etica\",\"isPartOf\":{\"@id\":\"https:\/\/www.fiarebancaetica.coop\/eu\/#website\"},\"primaryImageOfPage\":{\"@id\":\"https:\/\/www.fiarebancaetica.coop\/eu\/el-trabajo-del-nuevo-comite-de-etica-ha-comenzado\/#primaryimage\"},\"image\":{\"@id\":\"https:\/\/www.fiarebancaetica.coop\/eu\/el-trabajo-del-nuevo-comite-de-etica-ha-comenzado\/#primaryimage\"},\"thumbnailUrl\":\"https:\/\/www.fiarebancaetica.coop\/app\/uploads\/sites\/2\/2023\/12\/el-trabajo-del-nuevo-comite-de-etica-ha-comenzado.jpg\",\"datePublished\":\"2020-07-06T22:00:00+00:00\",\"dateModified\":\"2024-02-21T14:21:09+00:00\",\"author\":{\"@id\":\"https:\/\/www.fiarebancaetica.coop\/eu\/#\/schema\/person\/579841e89c804b5db05d9141bd9b8272\"},\"breadcrumb\":{\"@id\":\"https:\/\/www.fiarebancaetica.coop\/eu\/el-trabajo-del-nuevo-comite-de-etica-ha-comenzado\/#breadcrumb\"},\"inLanguage\":\"eu\",\"potentialAction\":[{\"@type\":\"ReadAction\",\"target\":[\"https:\/\/www.fiarebancaetica.coop\/eu\/el-trabajo-del-nuevo-comite-de-etica-ha-comenzado\/\"]}]},{\"@type\":\"ImageObject\",\"inLanguage\":\"eu\",\"@id\":\"https:\/\/www.fiarebancaetica.coop\/eu\/el-trabajo-del-nuevo-comite-de-etica-ha-comenzado\/#primaryimage\",\"url\":\"https:\/\/www.fiarebancaetica.coop\/app\/uploads\/sites\/2\/2023\/12\/el-trabajo-del-nuevo-comite-de-etica-ha-comenzado.jpg\",\"contentUrl\":\"https:\/\/www.fiarebancaetica.coop\/app\/uploads\/sites\/2\/2023\/12\/el-trabajo-del-nuevo-comite-de-etica-ha-comenzado.jpg\",\"width\":540,\"height\":250},{\"@type\":\"BreadcrumbList\",\"@id\":\"https:\/\/www.fiarebancaetica.coop\/eu\/el-trabajo-del-nuevo-comite-de-etica-ha-comenzado\/#breadcrumb\",\"itemListElement\":[{\"@type\":\"ListItem\",\"position\":1,\"name\":\"Home\",\"item\":\"https:\/\/www.fiarebancaetica.coop\/eu\/\"},{\"@type\":\"ListItem\",\"position\":2,\"name\":\"El trabajo del nuevo Comit\u00e9 de \u00c9tica ha comenzado\"}]},{\"@type\":\"WebSite\",\"@id\":\"https:\/\/www.fiarebancaetica.coop\/eu\/#website\",\"url\":\"https:\/\/www.fiarebancaetica.coop\/eu\/\",\"name\":\"Fiare Banca Etica\",\"description\":\"\",\"potentialAction\":[{\"@type\":\"SearchAction\",\"target\":{\"@type\":\"EntryPoint\",\"urlTemplate\":\"https:\/\/www.fiarebancaetica.coop\/eu\/?s={search_term_string}\"},\"query-input\":{\"@type\":\"PropertyValueSpecification\",\"valueRequired\":true,\"valueName\":\"search_term_string\"}}],\"inLanguage\":\"eu\"},{\"@type\":\"Person\",\"@id\":\"https:\/\/www.fiarebancaetica.coop\/eu\/#\/schema\/person\/579841e89c804b5db05d9141bd9b8272\",\"name\":\"crispyadmin0\",\"image\":{\"@type\":\"ImageObject\",\"inLanguage\":\"eu\",\"@id\":\"https:\/\/www.fiarebancaetica.coop\/eu\/#\/schema\/person\/image\/5f3a6b7786f32f4c35bd2b1a5a4698ea\",\"url\":\"https:\/\/secure.gravatar.com\/avatar\/4d2cfb499d497b6d49da659fab7404b243a87fe8e40d2cf97a1cae48f677f5b2?s=96&d=mm&r=g\",\"contentUrl\":\"https:\/\/secure.gravatar.com\/avatar\/4d2cfb499d497b6d49da659fab7404b243a87fe8e40d2cf97a1cae48f677f5b2?s=96&d=mm&r=g\",\"caption\":\"crispyadmin0\"},\"sameAs\":[\"crispyadmin0\"]}]}<\/script>\n<!-- \/ Yoast SEO plugin. -->","yoast_head_json":{"title":"El trabajo del nuevo Comit\u00e9 de \u00c9tica ha comenzado - Fiare Banca Etica","robots":{"index":"index","follow":"follow","max-snippet":"max-snippet:-1","max-image-preview":"max-image-preview:large","max-video-preview":"max-video-preview:-1"},"canonical":"https:\/\/www.fiarebancaetica.coop\/eu\/el-trabajo-del-nuevo-comite-de-etica-ha-comenzado\/","og_locale":"eu_ES","og_type":"article","og_title":"El trabajo del nuevo Comit\u00e9 de \u00c9tica ha comenzado - Fiare Banca Etica","og_description":"Los dilemas operativos y \u00e9ticos que Banca Etica debe afrontar en este 2020 son muy&nbsp; importantes, teniendo en cuenta que la OCSE ha considerado Italia entre los 4 pa\u00edses m\u00e1s golpeados del mundo por la pandemia en t\u00e9rminos de crisis econ\u00f3mica.","og_url":"https:\/\/www.fiarebancaetica.coop\/eu\/el-trabajo-del-nuevo-comite-de-etica-ha-comenzado\/","og_site_name":"Fiare Banca Etica","article_published_time":"2020-07-06T22:00:00+00:00","article_modified_time":"2024-02-21T14:21:09+00:00","og_image":[{"width":540,"height":250,"url":"https:\/\/www.fiarebancaetica.coop\/app\/uploads\/sites\/2\/2023\/12\/el-trabajo-del-nuevo-comite-de-etica-ha-comenzado.jpg","type":"image\/jpeg"}],"author":"crispyadmin0","twitter_card":"summary_large_image","schema":{"@context":"https:\/\/schema.org","@graph":[{"@type":"Article","@id":"https:\/\/www.fiarebancaetica.coop\/eu\/el-trabajo-del-nuevo-comite-de-etica-ha-comenzado\/#article","isPartOf":{"@id":"https:\/\/www.fiarebancaetica.coop\/eu\/el-trabajo-del-nuevo-comite-de-etica-ha-comenzado\/"},"author":{"name":"crispyadmin0","@id":"https:\/\/www.fiarebancaetica.coop\/eu\/#\/schema\/person\/579841e89c804b5db05d9141bd9b8272"},"headline":"El trabajo del nuevo Comit\u00e9 de \u00c9tica ha comenzado","datePublished":"2020-07-06T22:00:00+00:00","dateModified":"2024-02-21T14:21:09+00:00","mainEntityOfPage":{"@id":"https:\/\/www.fiarebancaetica.coop\/eu\/el-trabajo-del-nuevo-comite-de-etica-ha-comenzado\/"},"wordCount":1367,"commentCount":0,"image":{"@id":"https:\/\/www.fiarebancaetica.coop\/eu\/el-trabajo-del-nuevo-comite-de-etica-ha-comenzado\/#primaryimage"},"thumbnailUrl":"https:\/\/www.fiarebancaetica.coop\/app\/uploads\/sites\/2\/2023\/12\/el-trabajo-del-nuevo-comite-de-etica-ha-comenzado.jpg","articleSection":["Finantza etikoak"],"inLanguage":"eu","potentialAction":[{"@type":"CommentAction","name":"Comment","target":["https:\/\/www.fiarebancaetica.coop\/eu\/el-trabajo-del-nuevo-comite-de-etica-ha-comenzado\/#respond"]}]},{"@type":"WebPage","@id":"https:\/\/www.fiarebancaetica.coop\/eu\/el-trabajo-del-nuevo-comite-de-etica-ha-comenzado\/","url":"https:\/\/www.fiarebancaetica.coop\/eu\/el-trabajo-del-nuevo-comite-de-etica-ha-comenzado\/","name":"El trabajo del nuevo Comit\u00e9 de \u00c9tica ha comenzado - Fiare Banca Etica","isPartOf":{"@id":"https:\/\/www.fiarebancaetica.coop\/eu\/#website"},"primaryImageOfPage":{"@id":"https:\/\/www.fiarebancaetica.coop\/eu\/el-trabajo-del-nuevo-comite-de-etica-ha-comenzado\/#primaryimage"},"image":{"@id":"https:\/\/www.fiarebancaetica.coop\/eu\/el-trabajo-del-nuevo-comite-de-etica-ha-comenzado\/#primaryimage"},"thumbnailUrl":"https:\/\/www.fiarebancaetica.coop\/app\/uploads\/sites\/2\/2023\/12\/el-trabajo-del-nuevo-comite-de-etica-ha-comenzado.jpg","datePublished":"2020-07-06T22:00:00+00:00","dateModified":"2024-02-21T14:21:09+00:00","author":{"@id":"https:\/\/www.fiarebancaetica.coop\/eu\/#\/schema\/person\/579841e89c804b5db05d9141bd9b8272"},"breadcrumb":{"@id":"https:\/\/www.fiarebancaetica.coop\/eu\/el-trabajo-del-nuevo-comite-de-etica-ha-comenzado\/#breadcrumb"},"inLanguage":"eu","potentialAction":[{"@type":"ReadAction","target":["https:\/\/www.fiarebancaetica.coop\/eu\/el-trabajo-del-nuevo-comite-de-etica-ha-comenzado\/"]}]},{"@type":"ImageObject","inLanguage":"eu","@id":"https:\/\/www.fiarebancaetica.coop\/eu\/el-trabajo-del-nuevo-comite-de-etica-ha-comenzado\/#primaryimage","url":"https:\/\/www.fiarebancaetica.coop\/app\/uploads\/sites\/2\/2023\/12\/el-trabajo-del-nuevo-comite-de-etica-ha-comenzado.jpg","contentUrl":"https:\/\/www.fiarebancaetica.coop\/app\/uploads\/sites\/2\/2023\/12\/el-trabajo-del-nuevo-comite-de-etica-ha-comenzado.jpg","width":540,"height":250},{"@type":"BreadcrumbList","@id":"https:\/\/www.fiarebancaetica.coop\/eu\/el-trabajo-del-nuevo-comite-de-etica-ha-comenzado\/#breadcrumb","itemListElement":[{"@type":"ListItem","position":1,"name":"Home","item":"https:\/\/www.fiarebancaetica.coop\/eu\/"},{"@type":"ListItem","position":2,"name":"El trabajo del nuevo Comit\u00e9 de \u00c9tica ha comenzado"}]},{"@type":"WebSite","@id":"https:\/\/www.fiarebancaetica.coop\/eu\/#website","url":"https:\/\/www.fiarebancaetica.coop\/eu\/","name":"Fiare Banca Etica","description":"","potentialAction":[{"@type":"SearchAction","target":{"@type":"EntryPoint","urlTemplate":"https:\/\/www.fiarebancaetica.coop\/eu\/?s={search_term_string}"},"query-input":{"@type":"PropertyValueSpecification","valueRequired":true,"valueName":"search_term_string"}}],"inLanguage":"eu"},{"@type":"Person","@id":"https:\/\/www.fiarebancaetica.coop\/eu\/#\/schema\/person\/579841e89c804b5db05d9141bd9b8272","name":"crispyadmin0","image":{"@type":"ImageObject","inLanguage":"eu","@id":"https:\/\/www.fiarebancaetica.coop\/eu\/#\/schema\/person\/image\/5f3a6b7786f32f4c35bd2b1a5a4698ea","url":"https:\/\/secure.gravatar.com\/avatar\/4d2cfb499d497b6d49da659fab7404b243a87fe8e40d2cf97a1cae48f677f5b2?s=96&d=mm&r=g","contentUrl":"https:\/\/secure.gravatar.com\/avatar\/4d2cfb499d497b6d49da659fab7404b243a87fe8e40d2cf97a1cae48f677f5b2?s=96&d=mm&r=g","caption":"crispyadmin0"},"sameAs":["crispyadmin0"]}]}},"_links":{"self":[{"href":"https:\/\/www.fiarebancaetica.coop\/eu\/wp-json\/wp\/v2\/posts\/344228","targetHints":{"allow":["GET"]}}],"collection":[{"href":"https:\/\/www.fiarebancaetica.coop\/eu\/wp-json\/wp\/v2\/posts"}],"about":[{"href":"https:\/\/www.fiarebancaetica.coop\/eu\/wp-json\/wp\/v2\/types\/post"}],"author":[{"embeddable":true,"href":"https:\/\/www.fiarebancaetica.coop\/eu\/wp-json\/wp\/v2\/users\/2"}],"replies":[{"embeddable":true,"href":"https:\/\/www.fiarebancaetica.coop\/eu\/wp-json\/wp\/v2\/comments?post=344228"}],"version-history":[{"count":1,"href":"https:\/\/www.fiarebancaetica.coop\/eu\/wp-json\/wp\/v2\/posts\/344228\/revisions"}],"predecessor-version":[{"id":354642,"href":"https:\/\/www.fiarebancaetica.coop\/eu\/wp-json\/wp\/v2\/posts\/344228\/revisions\/354642"}],"wp:featuredmedia":[{"embeddable":true,"href":"https:\/\/www.fiarebancaetica.coop\/eu\/wp-json\/wp\/v2\/media\/329281"}],"wp:attachment":[{"href":"https:\/\/www.fiarebancaetica.coop\/eu\/wp-json\/wp\/v2\/media?parent=344228"}],"wp:term":[{"taxonomy":"category","embeddable":true,"href":"https:\/\/www.fiarebancaetica.coop\/eu\/wp-json\/wp\/v2\/categories?post=344228"},{"taxonomy":"post_tag","embeddable":true,"href":"https:\/\/www.fiarebancaetica.coop\/eu\/wp-json\/wp\/v2\/tags?post=344228"},{"taxonomy":"author","embeddable":true,"href":"https:\/\/www.fiarebancaetica.coop\/eu\/wp-json\/wp\/v2\/coauthors?post=344228"}],"curies":[{"name":"wp","href":"https:\/\/api.w.org\/{rel}","templated":true}]}}